{"id":21804,"date":"2020-01-02T09:30:14","date_gmt":"2020-01-02T09:30:14","guid":{"rendered":"https:\/\/www.emballagedigest.fr\/?p=21804"},"modified":"2020-01-02T09:30:39","modified_gmt":"2020-01-02T09:30:39","slug":"flacons-plastiques-gerresheimer-annonce-de-nouveaux-investissements","status":"publish","type":"post","link":"https:\/\/www.emballagedigest.fr\/en\/flacons-plastiques-gerresheimer-annonce-de-nouveaux-investissements\/","title":{"rendered":"Flacons plastiques : Gerresheimer annonce de nouveaux investissements"},"content":{"rendered":"<p>D\u00e9j\u00e0 implant\u00e9 en Inde avec Triveni Polymers \u00e0 Kundli rachet\u00e9 en 2012, le groupe Gerresheimer annonce l\u2019ouverture d\u2019un nouveau site de production \u00e0 Kosamba pour accompagner la demande croissante en contenants plastiques \u00e0 destination des produits pharmaceutiques et de sant\u00e9.<\/p>\n<p>Cette usine permettra, selon le fabricant, de gagner \u00e9galement en r\u00e9activit\u00e9 avec des temps de livraison raccourcis et une meilleure couverture du march\u00e9.<\/p>\n<p>En parall\u00e8le, le groupe annonce lancer la production de flacons plastiques ronds de classe 8 et 9 produits en salle blanche sur le site de Triveni. Dans cette m\u00eame usine, Gerresheimer Pharmaceutical Packaging Mumbai d\u00e9butera la fabrication de flacons en verre tubulaire pour applications pharmaceutiques et diagnostics, ainsi que des ampoules.<\/p>\n<p>Une autre usine devrait bient\u00f4t voir le jour sur ce parc industriel pour compl\u00e9ter la production du groupe.<\/p>\n<p><em>Reproduction interdite sauf accord \u00e9crit d&rsquo;Emballage Digest ou mention du support<\/em><\/p>","protected":false},"excerpt":{"rendered":"<p>D\u00e9j\u00e0 implant\u00e9 en Inde avec Triveni Polymers \u00e0 Kundli rachet\u00e9 en 2012, le groupe Gerresheimer annonce l\u2019ouverture d\u2019un nouveau site de production \u00e0 Kosamba pour accompagner la demande croissante en contenants plastiques \u00e0 destination des produits pharmaceutiques et de sant\u00e9.<\/p>","protected":false},"author":1,"featured_media":31804,"comment_status":"closed","ping_status":"closed","sticky":false,"template":"","format":"standard","meta":{"_acf_changed":false,"inline_featured_image":false,"iawp_total_views":1,"footnotes":""},"categories":[28],"tags":[],"class_list":["post-21804","post","type-post","status-publish","format-standard","has-post-thumbnail","hentry","category-article-entier"],"acf":[],"yoast_head":"<!-- This site is optimized with the Yoast SEO plugin v24.4 - https:\/\/yoast.com\/wordpress\/plugins\/seo\/ -->\n<title>Flacons plastiques : Gerresheimer annonce de nouveaux investissements - Emballage Digest<\/title>\n<meta name=\"robots\" content=\"index, follow, max-snippet:-1, max-image-preview:large, max-video-preview:-1\" \/>\n<link rel=\"canonical\" href=\"https:\/\/www.emballagedigest.fr\/en\/flacons-plastiques-gerresheimer-annonce-de-nouveaux-investissements\/\" \/>\n<meta property=\"og:locale\" content=\"en_GB\" \/>\n<meta property=\"og:type\" content=\"article\" \/>\n<meta property=\"og:title\" content=\"Flacons plastiques : Gerresheimer annonce de nouveaux investissements - Emballage Digest\" \/>\n<meta property=\"og:description\" content=\"D\u00e9j\u00e0 implant\u00e9 en Inde avec Triveni Polymers \u00e0 Kundli rachet\u00e9 en 2012, le groupe Gerresheimer annonce l\u2019ouverture d\u2019un nouveau site de production \u00e0 Kosamba pour accompagner la demande croissante en contenants plastiques \u00e0 destination des produits pharmaceutiques et de sant\u00e9.\" \/>\n<meta property=\"og:url\" content=\"https:\/\/www.emballagedigest.fr\/en\/flacons-plastiques-gerresheimer-annonce-de-nouveaux-investissements\/\" \/>\n<meta property=\"og:site_name\" content=\"Emballage Digest\" \/>\n<meta property=\"article:published_time\" content=\"2020-01-02T09:30:14+00:00\" \/>\n<meta property=\"article:modified_time\" content=\"2020-01-02T09:30:39+00:00\" \/>\n<meta name=\"author\" content=\"admin_thopel\" \/>\n<meta name=\"twitter:card\" content=\"summary_large_image\" \/>\n<meta name=\"twitter:label1\" content=\"Written by\" \/>\n\t<meta name=\"twitter:data1\" content=\"admin_thopel\" \/>\n\t<meta name=\"twitter:label2\" content=\"Estimated reading time\" \/>\n\t<meta name=\"twitter:data2\" content=\"1 minute\" \/>\n<script type=\"application\/ld+json\" class=\"yoast-schema-graph\">{\"@context\":\"https:\/\/schema.org\",\"@graph\":[{\"@type\":\"Article\",\"@id\":\"https:\/\/www.emballagedigest.fr\/flacons-plastiques-gerresheimer-annonce-de-nouveaux-investissements\/#article\",\"isPartOf\":{\"@id\":\"https:\/\/www.emballagedigest.fr\/flacons-plastiques-gerresheimer-annonce-de-nouveaux-investissements\/\"},\"author\":{\"name\":\"admin_thopel\",\"@id\":\"https:\/\/www.emballagedigest.fr\/#\/schema\/person\/d01fbac1f378e2f5e4096082cdf68ae5\"},\"headline\":\"Flacons plastiques : Gerresheimer annonce de nouveaux investissements\",\"datePublished\":\"2020-01-02T09:30:14+00:00\",\"dateModified\":\"2020-01-02T09:30:39+00:00\",\"mainEntityOfPage\":{\"@id\":\"https:\/\/www.emballagedigest.fr\/flacons-plastiques-gerresheimer-annonce-de-nouveaux-investissements\/\"},\"wordCount\":154,\"publisher\":{\"@id\":\"https:\/\/www.emballagedigest.fr\/#organization\"},\"image\":{\"@id\":\"https:\/\/www.emballagedigest.fr\/flacons-plastiques-gerresheimer-annonce-de-nouveaux-investissements\/#primaryimage\"},\"thumbnailUrl\":\"https:\/\/www.emballagedigest.fr\/wp-content\/uploads\/dotclear\/images\/2020\/BONUS\/janv\/gerreisheimer_article.jpg\",\"articleSection\":[\"Article entier\"],\"inLanguage\":\"en-GB\"},{\"@type\":\"WebPage\",\"@id\":\"https:\/\/www.emballagedigest.fr\/flacons-plastiques-gerresheimer-annonce-de-nouveaux-investissements\/\",\"url\":\"https:\/\/www.emballagedigest.fr\/flacons-plastiques-gerresheimer-annonce-de-nouveaux-investissements\/\",\"name\":\"Flacons plastiques : Gerresheimer annonce de nouveaux investissements - Emballage Digest\",\"isPartOf\":{\"@id\":\"https:\/\/www.emballagedigest.fr\/#website\"},\"primaryImageOfPage\":{\"@id\":\"https:\/\/www.emballagedigest.fr\/flacons-plastiques-gerresheimer-annonce-de-nouveaux-investissements\/#primaryimage\"},\"image\":{\"@id\":\"https:\/\/www.emballagedigest.fr\/flacons-plastiques-gerresheimer-annonce-de-nouveaux-investissements\/#primaryimage\"},\"thumbnailUrl\":\"https:\/\/www.emballagedigest.fr\/wp-content\/uploads\/dotclear\/images\/2020\/BONUS\/janv\/gerreisheimer_article.jpg\",\"datePublished\":\"2020-01-02T09:30:14+00:00\",\"dateModified\":\"2020-01-02T09:30:39+00:00\",\"breadcrumb\":{\"@id\":\"https:\/\/www.emballagedigest.fr\/flacons-plastiques-gerresheimer-annonce-de-nouveaux-investissements\/#breadcrumb\"},\"inLanguage\":\"en-GB\",\"potentialAction\":[{\"@type\":\"ReadAction\",\"target\":[\"https:\/\/www.emballagedigest.fr\/flacons-plastiques-gerresheimer-annonce-de-nouveaux-investissements\/\"]}]},{\"@type\":\"ImageObject\",\"inLanguage\":\"en-GB\",\"@id\":\"https:\/\/www.emballagedigest.fr\/flacons-plastiques-gerresheimer-annonce-de-nouveaux-investissements\/#primaryimage\",\"url\":\"https:\/\/www.emballagedigest.fr\/wp-content\/uploads\/dotclear\/images\/2020\/BONUS\/janv\/gerreisheimer_article.jpg\",\"contentUrl\":\"https:\/\/www.emballagedigest.fr\/wp-content\/uploads\/dotclear\/images\/2020\/BONUS\/janv\/gerreisheimer_article.jpg\"},{\"@type\":\"BreadcrumbList\",\"@id\":\"https:\/\/www.emballagedigest.fr\/flacons-plastiques-gerresheimer-annonce-de-nouveaux-investissements\/#breadcrumb\",\"itemListElement\":[{\"@type\":\"ListItem\",\"position\":1,\"name\":\"Accueil\",\"item\":\"https:\/\/www.emballagedigest.fr\/\"},{\"@type\":\"ListItem\",\"position\":2,\"name\":\"Flacons plastiques : Gerresheimer annonce de nouveaux investissements\"}]},{\"@type\":\"WebSite\",\"@id\":\"https:\/\/www.emballagedigest.fr\/#website\",\"url\":\"https:\/\/www.emballagedigest.fr\/\",\"name\":\"Emballage Digest\",\"description\":\"Revue professionnelle sur les emballages\",\"publisher\":{\"@id\":\"https:\/\/www.emballagedigest.fr\/#organization\"},\"potentialAction\":[{\"@type\":\"SearchAction\",\"target\":{\"@type\":\"EntryPoint\",\"urlTemplate\":\"https:\/\/www.emballagedigest.fr\/?s={search_term_string}\"},\"query-input\":{\"@type\":\"PropertyValueSpecification\",\"valueRequired\":true,\"valueName\":\"search_term_string\"}}],\"inLanguage\":\"en-GB\"},{\"@type\":\"Organization\",\"@id\":\"https:\/\/www.emballagedigest.fr\/#organization\",\"name\":\"Emballage Digest\",\"url\":\"https:\/\/www.emballagedigest.fr\/\",\"logo\":{\"@type\":\"ImageObject\",\"inLanguage\":\"en-GB\",\"@id\":\"https:\/\/www.emballagedigest.fr\/#\/schema\/logo\/image\/\",\"url\":\"https:\/\/www.emballagedigest.fr\/wp-content\/uploads\/2022\/07\/logo-ed.png\",\"contentUrl\":\"https:\/\/www.emballagedigest.fr\/wp-content\/uploads\/2022\/07\/logo-ed.png\",\"width\":379,\"height\":75,\"caption\":\"Emballage Digest\"},\"image\":{\"@id\":\"https:\/\/www.emballagedigest.fr\/#\/schema\/logo\/image\/\"}},{\"@type\":\"Person\",\"@id\":\"https:\/\/www.emballagedigest.fr\/#\/schema\/person\/d01fbac1f378e2f5e4096082cdf68ae5\",\"name\":\"admin_thopel\",\"image\":{\"@type\":\"ImageObject\",\"inLanguage\":\"en-GB\",\"@id\":\"https:\/\/www.emballagedigest.fr\/#\/schema\/person\/image\/\",\"url\":\"https:\/\/secure.gravatar.com\/avatar\/6cf644f6475359b596b81b10a64f989df38f1238649f7e33f97f69519e42dfbf?s=96&d=mm&r=g\",\"contentUrl\":\"https:\/\/secure.gravatar.com\/avatar\/6cf644f6475359b596b81b10a64f989df38f1238649f7e33f97f69519e42dfbf?s=96&d=mm&r=g\",\"caption\":\"admin_thopel\"},\"sameAs\":[\"http:\/\/localhost:8787\/emballage_digest\"],\"url\":\"https:\/\/www.emballagedigest.fr\/en\/author\/admin_thopel\/\"}]}<\/script>\n<!-- \/ Yoast SEO plugin. -->","yoast_head_json":{"title":"Flacons plastiques : Gerresheimer annonce de nouveaux investissements - Emballage Digest","robots":{"index":"index","follow":"follow","max-snippet":"max-snippet:-1","max-image-preview":"max-image-preview:large","max-video-preview":"max-video-preview:-1"},"canonical":"https:\/\/www.emballagedigest.fr\/en\/flacons-plastiques-gerresheimer-annonce-de-nouveaux-investissements\/","og_locale":"en_GB","og_type":"article","og_title":"Flacons plastiques : Gerresheimer annonce de nouveaux investissements - Emballage Digest","og_description":"D\u00e9j\u00e0 implant\u00e9 en Inde avec Triveni Polymers \u00e0 Kundli rachet\u00e9 en 2012, le groupe Gerresheimer annonce l\u2019ouverture d\u2019un nouveau site de production \u00e0 Kosamba pour accompagner la demande croissante en contenants plastiques \u00e0 destination des produits pharmaceutiques et de sant\u00e9.","og_url":"https:\/\/www.emballagedigest.fr\/en\/flacons-plastiques-gerresheimer-annonce-de-nouveaux-investissements\/","og_site_name":"Emballage Digest","article_published_time":"2020-01-02T09:30:14+00:00","article_modified_time":"2020-01-02T09:30:39+00:00","author":"admin_thopel","twitter_card":"summary_large_image","twitter_misc":{"Written by":"admin_thopel","Estimated reading time":"1 minute"},"schema":{"@context":"https:\/\/schema.org","@graph":[{"@type":"Article","@id":"https:\/\/www.emballagedigest.fr\/flacons-plastiques-gerresheimer-annonce-de-nouveaux-investissements\/#article","isPartOf":{"@id":"https:\/\/www.emballagedigest.fr\/flacons-plastiques-gerresheimer-annonce-de-nouveaux-investissements\/"},"author":{"name":"admin_thopel","@id":"https:\/\/www.emballagedigest.fr\/#\/schema\/person\/d01fbac1f378e2f5e4096082cdf68ae5"},"headline":"Flacons plastiques : Gerresheimer annonce de nouveaux investissements","datePublished":"2020-01-02T09:30:14+00:00","dateModified":"2020-01-02T09:30:39+00:00","mainEntityOfPage":{"@id":"https:\/\/www.emballagedigest.fr\/flacons-plastiques-gerresheimer-annonce-de-nouveaux-investissements\/"},"wordCount":154,"publisher":{"@id":"https:\/\/www.emballagedigest.fr\/#organization"},"image":{"@id":"https:\/\/www.emballagedigest.fr\/flacons-plastiques-gerresheimer-annonce-de-nouveaux-investissements\/#primaryimage"},"thumbnailUrl":"https:\/\/www.emballagedigest.fr\/wp-content\/uploads\/dotclear\/images\/2020\/BONUS\/janv\/gerreisheimer_article.jpg","articleSection":["Article entier"],"inLanguage":"en-GB"},{"@type":"WebPage","@id":"https:\/\/www.emballagedigest.fr\/flacons-plastiques-gerresheimer-annonce-de-nouveaux-investissements\/","url":"https:\/\/www.emballagedigest.fr\/flacons-plastiques-gerresheimer-annonce-de-nouveaux-investissements\/","name":"Flacons plastiques : Gerresheimer annonce de nouveaux investissements - Emballage Digest","isPartOf":{"@id":"https:\/\/www.emballagedigest.fr\/#website"},"primaryImageOfPage":{"@id":"https:\/\/www.emballagedigest.fr\/flacons-plastiques-gerresheimer-annonce-de-nouveaux-investissements\/#primaryimage"},"image":{"@id":"https:\/\/www.emballagedigest.fr\/flacons-plastiques-gerresheimer-annonce-de-nouveaux-investissements\/#primaryimage"},"thumbnailUrl":"https:\/\/www.emballagedigest.fr\/wp-content\/uploads\/dotclear\/images\/2020\/BONUS\/janv\/gerreisheimer_article.jpg","datePublished":"2020-01-02T09:30:14+00:00","dateModified":"2020-01-02T09:30:39+00:00","breadcrumb":{"@id":"https:\/\/www.emballagedigest.fr\/flacons-plastiques-gerresheimer-annonce-de-nouveaux-investissements\/#breadcrumb"},"inLanguage":"en-GB","potentialAction":[{"@type":"ReadAction","target":["https:\/\/www.emballagedigest.fr\/flacons-plastiques-gerresheimer-annonce-de-nouveaux-investissements\/"]}]},{"@type":"ImageObject","inLanguage":"en-GB","@id":"https:\/\/www.emballagedigest.fr\/flacons-plastiques-gerresheimer-annonce-de-nouveaux-investissements\/#primaryimage","url":"https:\/\/www.emballagedigest.fr\/wp-content\/uploads\/dotclear\/images\/2020\/BONUS\/janv\/gerreisheimer_article.jpg","contentUrl":"https:\/\/www.emballagedigest.fr\/wp-content\/uploads\/dotclear\/images\/2020\/BONUS\/janv\/gerreisheimer_article.jpg"},{"@type":"BreadcrumbList","@id":"https:\/\/www.emballagedigest.fr\/flacons-plastiques-gerresheimer-annonce-de-nouveaux-investissements\/#breadcrumb","itemListElement":[{"@type":"ListItem","position":1,"name":"Accueil","item":"https:\/\/www.emballagedigest.fr\/"},{"@type":"ListItem","position":2,"name":"Flacons plastiques : Gerresheimer annonce de nouveaux investissements"}]},{"@type":"WebSite","@id":"https:\/\/www.emballagedigest.fr\/#website","url":"https:\/\/www.emballagedigest.fr\/","name":"Emballage Digest","description":"Revue professionnelle sur les emballages","publisher":{"@id":"https:\/\/www.emballagedigest.fr\/#organization"},"potentialAction":[{"@type":"SearchAction","target":{"@type":"EntryPoint","urlTemplate":"https:\/\/www.emballagedigest.fr\/?s={search_term_string}"},"query-input":{"@type":"PropertyValueSpecification","valueRequired":true,"valueName":"search_term_string"}}],"inLanguage":"en-GB"},{"@type":"Organization","@id":"https:\/\/www.emballagedigest.fr\/#organization","name":"Emballage Digest","url":"https:\/\/www.emballagedigest.fr\/","logo":{"@type":"ImageObject","inLanguage":"en-GB","@id":"https:\/\/www.emballagedigest.fr\/#\/schema\/logo\/image\/","url":"https:\/\/www.emballagedigest.fr\/wp-content\/uploads\/2022\/07\/logo-ed.png","contentUrl":"https:\/\/www.emballagedigest.fr\/wp-content\/uploads\/2022\/07\/logo-ed.png","width":379,"height":75,"caption":"Emballage Digest"},"image":{"@id":"https:\/\/www.emballagedigest.fr\/#\/schema\/logo\/image\/"}},{"@type":"Person","@id":"https:\/\/www.emballagedigest.fr\/#\/schema\/person\/d01fbac1f378e2f5e4096082cdf68ae5","name":"admin_thopel","image":{"@type":"ImageObject","inLanguage":"en-GB","@id":"https:\/\/www.emballagedigest.fr\/#\/schema\/person\/image\/","url":"https:\/\/secure.gravatar.com\/avatar\/6cf644f6475359b596b81b10a64f989df38f1238649f7e33f97f69519e42dfbf?s=96&d=mm&r=g","contentUrl":"https:\/\/secure.gravatar.com\/avatar\/6cf644f6475359b596b81b10a64f989df38f1238649f7e33f97f69519e42dfbf?s=96&d=mm&r=g","caption":"admin_thopel"},"sameAs":["http:\/\/localhost:8787\/emballage_digest"],"url":"https:\/\/www.emballagedigest.fr\/en\/author\/admin_thopel\/"}]}},"_links":{"self":[{"href":"https:\/\/www.emballagedigest.fr\/en\/wp-json\/wp\/v2\/posts\/21804","targetHints":{"allow":["GET"]}}],"collection":[{"href":"https:\/\/www.emballagedigest.fr\/en\/wp-json\/wp\/v2\/posts"}],"about":[{"href":"https:\/\/www.emballagedigest.fr\/en\/wp-json\/wp\/v2\/types\/post"}],"author":[{"embeddable":true,"href":"https:\/\/www.emballagedigest.fr\/en\/wp-json\/wp\/v2\/users\/1"}],"replies":[{"embeddable":true,"href":"https:\/\/www.emballagedigest.fr\/en\/wp-json\/wp\/v2\/comments?post=21804"}],"version-history":[{"count":0,"href":"https:\/\/www.emballagedigest.fr\/en\/wp-json\/wp\/v2\/posts\/21804\/revisions"}],"wp:featuredmedia":[{"embeddable":true,"href":"https:\/\/www.emballagedigest.fr\/en\/wp-json\/wp\/v2\/media\/31804"}],"wp:attachment":[{"href":"https:\/\/www.emballagedigest.fr\/en\/wp-json\/wp\/v2\/media?parent=21804"}],"wp:term":[{"taxonomy":"category","embeddable":true,"href":"https:\/\/www.emballagedigest.fr\/en\/wp-json\/wp\/v2\/categories?post=21804"},{"taxonomy":"post_tag","embeddable":true,"href":"https:\/\/www.emballagedigest.fr\/en\/wp-json\/wp\/v2\/tags?post=21804"}],"curies":[{"name":"wp","href":"https:\/\/api.w.org\/{rel}","templated":true}]}}