{"id":21807,"date":"2020-01-06T09:18:04","date_gmt":"2020-01-06T09:18:04","guid":{"rendered":"https:\/\/www.emballagedigest.fr\/?p=21807"},"modified":"2020-01-06T09:18:44","modified_gmt":"2020-01-06T09:18:44","slug":"saica-pack-beaune-prime-aux-flexostars-2019","status":"publish","type":"post","link":"https:\/\/www.emballagedigest.fr\/en\/saica-pack-beaune-prime-aux-flexostars-2019\/","title":{"rendered":"Saica Pack Beaune prim\u00e9 aux Flexostars 2019"},"content":{"rendered":"<p>Lors de la c\u00e9r\u00e9monie de remise des prix, qui s\u2019est tenue le 13 d\u00e9cembre au Pavillon Dauphine \u00e0 Paris, Saica Pack Beaune a \u00e9t\u00e9 prim\u00e9 pour la 6\u00e8 ann\u00e9e cons\u00e9cutive par les Flexostars qui r\u00e9compensent les meilleures impressions flexographies nationales.<\/p>\n<p>Cette ann\u00e9e, l\u2019usine remporte une m\u00e9daille d\u2019Or dans la cat\u00e9gorie \u00abCarton post-impression sur non couch\u00e9\u00bb avec le box 50 kg de son client Folliet.<\/p>\n<p>Pour rappel, la soci\u00e9t\u00e9 est reconnue dans l\u2019impression des emballages carton ondul\u00e9 en flexographie, gr\u00e2ce \u00e0 un parc machines qui lui permet d\u2019imprimer jusqu\u2019\u00e0 6 couleurs sur papier mat, semi-couch\u00e9 ou couch\u00e9.<\/p>\n<p><em>Reproduction interdite sauf accord \u00e9crit d&rsquo;Emballage Digest ou mention du support<\/em><\/p>","protected":false},"excerpt":{"rendered":"<p>Lors de la c\u00e9r\u00e9monie de remise des prix, qui s\u2019est tenue le 13 d\u00e9cembre au Pavillon Dauphine \u00e0 Paris, Saica Pack Beaune a \u00e9t\u00e9 prim\u00e9 pour la 6\u00e8 ann\u00e9e cons\u00e9cutive par les Flexostars qui r\u00e9compensent les meilleures impressions flexographies nationales.<\/p>","protected":false},"author":1,"featured_media":31807,"comment_status":"closed","ping_status":"closed","sticky":false,"template":"","format":"standard","meta":{"_acf_changed":false,"inline_featured_image":false,"iawp_total_views":2,"footnotes":""},"categories":[28],"tags":[],"class_list":["post-21807","post","type-post","status-publish","format-standard","has-post-thumbnail","hentry","category-article-entier"],"acf":[],"yoast_head":"<!-- This site is optimized with the Yoast SEO plugin v24.4 - https:\/\/yoast.com\/wordpress\/plugins\/seo\/ -->\n<title>Saica Pack Beaune prim\u00e9 aux Flexostars 2019 - Emballage Digest<\/title>\n<meta name=\"robots\" content=\"index, follow, max-snippet:-1, max-image-preview:large, max-video-preview:-1\" \/>\n<link rel=\"canonical\" href=\"https:\/\/www.emballagedigest.fr\/en\/saica-pack-beaune-prime-aux-flexostars-2019\/\" \/>\n<meta property=\"og:locale\" content=\"en_GB\" \/>\n<meta property=\"og:type\" content=\"article\" \/>\n<meta property=\"og:title\" content=\"Saica Pack Beaune prim\u00e9 aux Flexostars 2019 - Emballage Digest\" \/>\n<meta property=\"og:description\" content=\"Lors de la c\u00e9r\u00e9monie de remise des prix, qui s\u2019est tenue le 13 d\u00e9cembre au Pavillon Dauphine \u00e0 Paris, Saica Pack Beaune a \u00e9t\u00e9 prim\u00e9 pour la 6\u00e8 ann\u00e9e cons\u00e9cutive par les Flexostars qui r\u00e9compensent les meilleures impressions flexographies nationales.\" \/>\n<meta property=\"og:url\" content=\"https:\/\/www.emballagedigest.fr\/en\/saica-pack-beaune-prime-aux-flexostars-2019\/\" \/>\n<meta property=\"og:site_name\" content=\"Emballage Digest\" \/>\n<meta property=\"article:published_time\" content=\"2020-01-06T09:18:04+00:00\" \/>\n<meta property=\"article:modified_time\" content=\"2020-01-06T09:18:44+00:00\" \/>\n<meta name=\"author\" content=\"admin_thopel\" \/>\n<meta name=\"twitter:card\" content=\"summary_large_image\" \/>\n<meta name=\"twitter:label1\" content=\"Written by\" \/>\n\t<meta name=\"twitter:data1\" content=\"admin_thopel\" \/>\n\t<meta name=\"twitter:label2\" content=\"Estimated reading time\" \/>\n\t<meta name=\"twitter:data2\" content=\"1 minute\" \/>\n<script type=\"application\/ld+json\" class=\"yoast-schema-graph\">{\"@context\":\"https:\/\/schema.org\",\"@graph\":[{\"@type\":\"Article\",\"@id\":\"https:\/\/www.emballagedigest.fr\/saica-pack-beaune-prime-aux-flexostars-2019\/#article\",\"isPartOf\":{\"@id\":\"https:\/\/www.emballagedigest.fr\/saica-pack-beaune-prime-aux-flexostars-2019\/\"},\"author\":{\"name\":\"admin_thopel\",\"@id\":\"https:\/\/www.emballagedigest.fr\/#\/schema\/person\/d01fbac1f378e2f5e4096082cdf68ae5\"},\"headline\":\"Saica Pack Beaune prim\u00e9 aux Flexostars 2019\",\"datePublished\":\"2020-01-06T09:18:04+00:00\",\"dateModified\":\"2020-01-06T09:18:44+00:00\",\"mainEntityOfPage\":{\"@id\":\"https:\/\/www.emballagedigest.fr\/saica-pack-beaune-prime-aux-flexostars-2019\/\"},\"wordCount\":124,\"publisher\":{\"@id\":\"https:\/\/www.emballagedigest.fr\/#organization\"},\"image\":{\"@id\":\"https:\/\/www.emballagedigest.fr\/saica-pack-beaune-prime-aux-flexostars-2019\/#primaryimage\"},\"thumbnailUrl\":\"https:\/\/www.emballagedigest.fr\/wp-content\/uploads\/dotclear\/images\/2020\/BONUS\/janv\/saica_article.jpg\",\"articleSection\":[\"Article entier\"],\"inLanguage\":\"en-GB\"},{\"@type\":\"WebPage\",\"@id\":\"https:\/\/www.emballagedigest.fr\/saica-pack-beaune-prime-aux-flexostars-2019\/\",\"url\":\"https:\/\/www.emballagedigest.fr\/saica-pack-beaune-prime-aux-flexostars-2019\/\",\"name\":\"Saica Pack Beaune prim\u00e9 aux Flexostars 2019 - Emballage Digest\",\"isPartOf\":{\"@id\":\"https:\/\/www.emballagedigest.fr\/#website\"},\"primaryImageOfPage\":{\"@id\":\"https:\/\/www.emballagedigest.fr\/saica-pack-beaune-prime-aux-flexostars-2019\/#primaryimage\"},\"image\":{\"@id\":\"https:\/\/www.emballagedigest.fr\/saica-pack-beaune-prime-aux-flexostars-2019\/#primaryimage\"},\"thumbnailUrl\":\"https:\/\/www.emballagedigest.fr\/wp-content\/uploads\/dotclear\/images\/2020\/BONUS\/janv\/saica_article.jpg\",\"datePublished\":\"2020-01-06T09:18:04+00:00\",\"dateModified\":\"2020-01-06T09:18:44+00:00\",\"breadcrumb\":{\"@id\":\"https:\/\/www.emballagedigest.fr\/saica-pack-beaune-prime-aux-flexostars-2019\/#breadcrumb\"},\"inLanguage\":\"en-GB\",\"potentialAction\":[{\"@type\":\"ReadAction\",\"target\":[\"https:\/\/www.emballagedigest.fr\/saica-pack-beaune-prime-aux-flexostars-2019\/\"]}]},{\"@type\":\"ImageObject\",\"inLanguage\":\"en-GB\",\"@id\":\"https:\/\/www.emballagedigest.fr\/saica-pack-beaune-prime-aux-flexostars-2019\/#primaryimage\",\"url\":\"https:\/\/www.emballagedigest.fr\/wp-content\/uploads\/dotclear\/images\/2020\/BONUS\/janv\/saica_article.jpg\",\"contentUrl\":\"https:\/\/www.emballagedigest.fr\/wp-content\/uploads\/dotclear\/images\/2020\/BONUS\/janv\/saica_article.jpg\"},{\"@type\":\"BreadcrumbList\",\"@id\":\"https:\/\/www.emballagedigest.fr\/saica-pack-beaune-prime-aux-flexostars-2019\/#breadcrumb\",\"itemListElement\":[{\"@type\":\"ListItem\",\"position\":1,\"name\":\"Accueil\",\"item\":\"https:\/\/www.emballagedigest.fr\/\"},{\"@type\":\"ListItem\",\"position\":2,\"name\":\"Saica Pack Beaune prim\u00e9 aux Flexostars 2019\"}]},{\"@type\":\"WebSite\",\"@id\":\"https:\/\/www.emballagedigest.fr\/#website\",\"url\":\"https:\/\/www.emballagedigest.fr\/\",\"name\":\"Emballage Digest\",\"description\":\"Revue professionnelle sur les emballages\",\"publisher\":{\"@id\":\"https:\/\/www.emballagedigest.fr\/#organization\"},\"potentialAction\":[{\"@type\":\"SearchAction\",\"target\":{\"@type\":\"EntryPoint\",\"urlTemplate\":\"https:\/\/www.emballagedigest.fr\/?s={search_term_string}\"},\"query-input\":{\"@type\":\"PropertyValueSpecification\",\"valueRequired\":true,\"valueName\":\"search_term_string\"}}],\"inLanguage\":\"en-GB\"},{\"@type\":\"Organization\",\"@id\":\"https:\/\/www.emballagedigest.fr\/#organization\",\"name\":\"Emballage Digest\",\"url\":\"https:\/\/www.emballagedigest.fr\/\",\"logo\":{\"@type\":\"ImageObject\",\"inLanguage\":\"en-GB\",\"@id\":\"https:\/\/www.emballagedigest.fr\/#\/schema\/logo\/image\/\",\"url\":\"https:\/\/www.emballagedigest.fr\/wp-content\/uploads\/2022\/07\/logo-ed.png\",\"contentUrl\":\"https:\/\/www.emballagedigest.fr\/wp-content\/uploads\/2022\/07\/logo-ed.png\",\"width\":379,\"height\":75,\"caption\":\"Emballage Digest\"},\"image\":{\"@id\":\"https:\/\/www.emballagedigest.fr\/#\/schema\/logo\/image\/\"}},{\"@type\":\"Person\",\"@id\":\"https:\/\/www.emballagedigest.fr\/#\/schema\/person\/d01fbac1f378e2f5e4096082cdf68ae5\",\"name\":\"admin_thopel\",\"image\":{\"@type\":\"ImageObject\",\"inLanguage\":\"en-GB\",\"@id\":\"https:\/\/www.emballagedigest.fr\/#\/schema\/person\/image\/\",\"url\":\"https:\/\/secure.gravatar.com\/avatar\/6cf644f6475359b596b81b10a64f989df38f1238649f7e33f97f69519e42dfbf?s=96&d=mm&r=g\",\"contentUrl\":\"https:\/\/secure.gravatar.com\/avatar\/6cf644f6475359b596b81b10a64f989df38f1238649f7e33f97f69519e42dfbf?s=96&d=mm&r=g\",\"caption\":\"admin_thopel\"},\"sameAs\":[\"http:\/\/localhost:8787\/emballage_digest\"],\"url\":\"https:\/\/www.emballagedigest.fr\/en\/author\/admin_thopel\/\"}]}<\/script>\n<!-- \/ Yoast SEO plugin. -->","yoast_head_json":{"title":"Saica Pack Beaune prim\u00e9 aux Flexostars 2019 - Emballage Digest","robots":{"index":"index","follow":"follow","max-snippet":"max-snippet:-1","max-image-preview":"max-image-preview:large","max-video-preview":"max-video-preview:-1"},"canonical":"https:\/\/www.emballagedigest.fr\/en\/saica-pack-beaune-prime-aux-flexostars-2019\/","og_locale":"en_GB","og_type":"article","og_title":"Saica Pack Beaune prim\u00e9 aux Flexostars 2019 - Emballage Digest","og_description":"Lors de la c\u00e9r\u00e9monie de remise des prix, qui s\u2019est tenue le 13 d\u00e9cembre au Pavillon Dauphine \u00e0 Paris, Saica Pack Beaune a \u00e9t\u00e9 prim\u00e9 pour la 6\u00e8 ann\u00e9e cons\u00e9cutive par les Flexostars qui r\u00e9compensent les meilleures impressions flexographies nationales.","og_url":"https:\/\/www.emballagedigest.fr\/en\/saica-pack-beaune-prime-aux-flexostars-2019\/","og_site_name":"Emballage Digest","article_published_time":"2020-01-06T09:18:04+00:00","article_modified_time":"2020-01-06T09:18:44+00:00","author":"admin_thopel","twitter_card":"summary_large_image","twitter_misc":{"Written by":"admin_thopel","Estimated reading time":"1 minute"},"schema":{"@context":"https:\/\/schema.org","@graph":[{"@type":"Article","@id":"https:\/\/www.emballagedigest.fr\/saica-pack-beaune-prime-aux-flexostars-2019\/#article","isPartOf":{"@id":"https:\/\/www.emballagedigest.fr\/saica-pack-beaune-prime-aux-flexostars-2019\/"},"author":{"name":"admin_thopel","@id":"https:\/\/www.emballagedigest.fr\/#\/schema\/person\/d01fbac1f378e2f5e4096082cdf68ae5"},"headline":"Saica Pack Beaune prim\u00e9 aux Flexostars 2019","datePublished":"2020-01-06T09:18:04+00:00","dateModified":"2020-01-06T09:18:44+00:00","mainEntityOfPage":{"@id":"https:\/\/www.emballagedigest.fr\/saica-pack-beaune-prime-aux-flexostars-2019\/"},"wordCount":124,"publisher":{"@id":"https:\/\/www.emballagedigest.fr\/#organization"},"image":{"@id":"https:\/\/www.emballagedigest.fr\/saica-pack-beaune-prime-aux-flexostars-2019\/#primaryimage"},"thumbnailUrl":"https:\/\/www.emballagedigest.fr\/wp-content\/uploads\/dotclear\/images\/2020\/BONUS\/janv\/saica_article.jpg","articleSection":["Article entier"],"inLanguage":"en-GB"},{"@type":"WebPage","@id":"https:\/\/www.emballagedigest.fr\/saica-pack-beaune-prime-aux-flexostars-2019\/","url":"https:\/\/www.emballagedigest.fr\/saica-pack-beaune-prime-aux-flexostars-2019\/","name":"Saica Pack Beaune prim\u00e9 aux Flexostars 2019 - Emballage Digest","isPartOf":{"@id":"https:\/\/www.emballagedigest.fr\/#website"},"primaryImageOfPage":{"@id":"https:\/\/www.emballagedigest.fr\/saica-pack-beaune-prime-aux-flexostars-2019\/#primaryimage"},"image":{"@id":"https:\/\/www.emballagedigest.fr\/saica-pack-beaune-prime-aux-flexostars-2019\/#primaryimage"},"thumbnailUrl":"https:\/\/www.emballagedigest.fr\/wp-content\/uploads\/dotclear\/images\/2020\/BONUS\/janv\/saica_article.jpg","datePublished":"2020-01-06T09:18:04+00:00","dateModified":"2020-01-06T09:18:44+00:00","breadcrumb":{"@id":"https:\/\/www.emballagedigest.fr\/saica-pack-beaune-prime-aux-flexostars-2019\/#breadcrumb"},"inLanguage":"en-GB","potentialAction":[{"@type":"ReadAction","target":["https:\/\/www.emballagedigest.fr\/saica-pack-beaune-prime-aux-flexostars-2019\/"]}]},{"@type":"ImageObject","inLanguage":"en-GB","@id":"https:\/\/www.emballagedigest.fr\/saica-pack-beaune-prime-aux-flexostars-2019\/#primaryimage","url":"https:\/\/www.emballagedigest.fr\/wp-content\/uploads\/dotclear\/images\/2020\/BONUS\/janv\/saica_article.jpg","contentUrl":"https:\/\/www.emballagedigest.fr\/wp-content\/uploads\/dotclear\/images\/2020\/BONUS\/janv\/saica_article.jpg"},{"@type":"BreadcrumbList","@id":"https:\/\/www.emballagedigest.fr\/saica-pack-beaune-prime-aux-flexostars-2019\/#breadcrumb","itemListElement":[{"@type":"ListItem","position":1,"name":"Accueil","item":"https:\/\/www.emballagedigest.fr\/"},{"@type":"ListItem","position":2,"name":"Saica Pack Beaune prim\u00e9 aux Flexostars 2019"}]},{"@type":"WebSite","@id":"https:\/\/www.emballagedigest.fr\/#website","url":"https:\/\/www.emballagedigest.fr\/","name":"Emballage Digest","description":"Revue professionnelle sur les emballages","publisher":{"@id":"https:\/\/www.emballagedigest.fr\/#organization"},"potentialAction":[{"@type":"SearchAction","target":{"@type":"EntryPoint","urlTemplate":"https:\/\/www.emballagedigest.fr\/?s={search_term_string}"},"query-input":{"@type":"PropertyValueSpecification","valueRequired":true,"valueName":"search_term_string"}}],"inLanguage":"en-GB"},{"@type":"Organization","@id":"https:\/\/www.emballagedigest.fr\/#organization","name":"Emballage Digest","url":"https:\/\/www.emballagedigest.fr\/","logo":{"@type":"ImageObject","inLanguage":"en-GB","@id":"https:\/\/www.emballagedigest.fr\/#\/schema\/logo\/image\/","url":"https:\/\/www.emballagedigest.fr\/wp-content\/uploads\/2022\/07\/logo-ed.png","contentUrl":"https:\/\/www.emballagedigest.fr\/wp-content\/uploads\/2022\/07\/logo-ed.png","width":379,"height":75,"caption":"Emballage Digest"},"image":{"@id":"https:\/\/www.emballagedigest.fr\/#\/schema\/logo\/image\/"}},{"@type":"Person","@id":"https:\/\/www.emballagedigest.fr\/#\/schema\/person\/d01fbac1f378e2f5e4096082cdf68ae5","name":"admin_thopel","image":{"@type":"ImageObject","inLanguage":"en-GB","@id":"https:\/\/www.emballagedigest.fr\/#\/schema\/person\/image\/","url":"https:\/\/secure.gravatar.com\/avatar\/6cf644f6475359b596b81b10a64f989df38f1238649f7e33f97f69519e42dfbf?s=96&d=mm&r=g","contentUrl":"https:\/\/secure.gravatar.com\/avatar\/6cf644f6475359b596b81b10a64f989df38f1238649f7e33f97f69519e42dfbf?s=96&d=mm&r=g","caption":"admin_thopel"},"sameAs":["http:\/\/localhost:8787\/emballage_digest"],"url":"https:\/\/www.emballagedigest.fr\/en\/author\/admin_thopel\/"}]}},"_links":{"self":[{"href":"https:\/\/www.emballagedigest.fr\/en\/wp-json\/wp\/v2\/posts\/21807","targetHints":{"allow":["GET"]}}],"collection":[{"href":"https:\/\/www.emballagedigest.fr\/en\/wp-json\/wp\/v2\/posts"}],"about":[{"href":"https:\/\/www.emballagedigest.fr\/en\/wp-json\/wp\/v2\/types\/post"}],"author":[{"embeddable":true,"href":"https:\/\/www.emballagedigest.fr\/en\/wp-json\/wp\/v2\/users\/1"}],"replies":[{"embeddable":true,"href":"https:\/\/www.emballagedigest.fr\/en\/wp-json\/wp\/v2\/comments?post=21807"}],"version-history":[{"count":0,"href":"https:\/\/www.emballagedigest.fr\/en\/wp-json\/wp\/v2\/posts\/21807\/revisions"}],"wp:featuredmedia":[{"embeddable":true,"href":"https:\/\/www.emballagedigest.fr\/en\/wp-json\/wp\/v2\/media\/31807"}],"wp:attachment":[{"href":"https:\/\/www.emballagedigest.fr\/en\/wp-json\/wp\/v2\/media?parent=21807"}],"wp:term":[{"taxonomy":"category","embeddable":true,"href":"https:\/\/www.emballagedigest.fr\/en\/wp-json\/wp\/v2\/categories?post=21807"},{"taxonomy":"post_tag","embeddable":true,"href":"https:\/\/www.emballagedigest.fr\/en\/wp-json\/wp\/v2\/tags?post=21807"}],"curies":[{"name":"wp","href":"https:\/\/api.w.org\/{rel}","templated":true}]}}