{"id":21825,"date":"2020-01-17T08:30:51","date_gmt":"2020-01-17T08:30:51","guid":{"rendered":"https:\/\/www.emballagedigest.fr\/?p=21825"},"modified":"2020-01-17T08:30:51","modified_gmt":"2020-01-17T08:30:51","slug":"nestle-investit-2-milliards-de-francs-suisses-pour-passer-au-plastique-recycle","status":"publish","type":"post","link":"https:\/\/www.emballagedigest.fr\/en\/nestle-investit-2-milliards-de-francs-suisses-pour-passer-au-plastique-recycle\/","title":{"rendered":"Nestl\u00e9 investit 2 milliards de francs suisses pour passer au plastique recycl\u00e9"},"content":{"rendered":"<p>En 2018, le groupe avait annonc\u00e9 vouloir, d\u2019ici 2025, atteindre les 100% d\u2019emballages recyclables ou r\u00e9utilisables et r\u00e9duire d\u2019un tiers la quantit\u00e9 de plastique vierge utilis\u00e9e pour le remplacer par du plastique recycl\u00e9.<\/p>\n<p>Pour acc\u00e9l\u00e9rer cette transition, Nestl\u00e9 annonce investir 2 milliards de francs suisses. Une somme qui permettra \u00e0 l\u2019industriel d\u2019acheter jusqu\u2019\u00e0 2 millions de tonnes de plastiques recycl\u00e9s \u00e0 usage alimentaire. En parall\u00e8le, Nestl\u00e9 annonce le lancement d\u2019un fonds de 250 M CHF pour soutenir la recherche et les projets de start ups en solutions durables et alternatives (mat\u00e9riaux de substitution, syst\u00e8mes de recharge, nouvelles m\u00e9thodes de recyclage, etc.).<\/p>\n<p>\u00abNotre industrie fait face \u00e0 un nouveau d\u00e9fi&nbsp;: s\u2019assurer que les plastiques recycl\u00e9s soient aptes \u00e0 assurer la s\u00e9curit\u00e9 sanitaire des aliments. Pour y parvenir, il faut cr\u00e9er une boucle ferm\u00e9e&nbsp;: r\u00e9duire les quantit\u00e9s de plastique utilis\u00e9es, privil\u00e9gier les plastiques recyclables, mieux collecter les d\u00e9chets plastiques pour les transformer en plastiques recycl\u00e9s et r\u00e9utilisables\u00bb, a d\u00e9clar\u00e9 Mark Schneider, Administrateur d\u00e9l\u00e9gu\u00e9 de Nestl\u00e9. Une annonce salu\u00e9e par la Fondation Ellen MacArthur. <\/p>\n<p><em>Reproduction interdite sauf accord \u00e9crit d&rsquo;Emballage Digest ou mention du support<\/em><\/p>","protected":false},"excerpt":{"rendered":"<p>En 2018, le groupe avait annonc\u00e9 vouloir, d\u2019ici 2025, atteindre les 100% d\u2019emballages recyclables ou r\u00e9utilisables et r\u00e9duire d\u2019un tiers la quantit\u00e9 de plastique vierge utilis\u00e9e pour le remplacer par du plastique recycl\u00e9.<\/p>","protected":false},"author":1,"featured_media":31825,"comment_status":"closed","ping_status":"closed","sticky":false,"template":"","format":"standard","meta":{"_acf_changed":false,"inline_featured_image":false,"iawp_total_views":0,"footnotes":""},"categories":[5,28,11],"tags":[],"class_list":["post-21825","post","type-post","status-publish","format-standard","has-post-thumbnail","hentry","category-alimentaire","category-article-entier","category-emballages"],"acf":[],"yoast_head":"<!-- This site is optimized with the Yoast SEO plugin v24.4 - https:\/\/yoast.com\/wordpress\/plugins\/seo\/ -->\n<title>Nestl\u00e9 investit 2 milliards de francs suisses pour passer au plastique recycl\u00e9 - Emballage Digest<\/title>\n<meta name=\"robots\" content=\"index, follow, max-snippet:-1, max-image-preview:large, max-video-preview:-1\" \/>\n<link rel=\"canonical\" href=\"https:\/\/www.emballagedigest.fr\/en\/nestle-investit-2-milliards-de-francs-suisses-pour-passer-au-plastique-recycle\/\" \/>\n<meta property=\"og:locale\" content=\"en_GB\" \/>\n<meta property=\"og:type\" content=\"article\" \/>\n<meta property=\"og:title\" content=\"Nestl\u00e9 investit 2 milliards de francs suisses pour passer au plastique recycl\u00e9 - Emballage Digest\" \/>\n<meta property=\"og:description\" content=\"En 2018, le groupe avait annonc\u00e9 vouloir, d\u2019ici 2025, atteindre les 100% d\u2019emballages recyclables ou r\u00e9utilisables et r\u00e9duire d\u2019un tiers la quantit\u00e9 de plastique vierge utilis\u00e9e pour le remplacer par du plastique recycl\u00e9.\" \/>\n<meta property=\"og:url\" content=\"https:\/\/www.emballagedigest.fr\/en\/nestle-investit-2-milliards-de-francs-suisses-pour-passer-au-plastique-recycle\/\" \/>\n<meta property=\"og:site_name\" content=\"Emballage Digest\" \/>\n<meta property=\"article:published_time\" content=\"2020-01-17T08:30:51+00:00\" \/>\n<meta name=\"author\" content=\"admin_thopel\" \/>\n<meta name=\"twitter:card\" content=\"summary_large_image\" \/>\n<meta name=\"twitter:label1\" content=\"Written by\" \/>\n\t<meta name=\"twitter:data1\" content=\"admin_thopel\" \/>\n\t<meta name=\"twitter:label2\" content=\"Estimated reading time\" \/>\n\t<meta name=\"twitter:data2\" content=\"1 minute\" \/>\n<script type=\"application\/ld+json\" class=\"yoast-schema-graph\">{\"@context\":\"https:\/\/schema.org\",\"@graph\":[{\"@type\":\"Article\",\"@id\":\"https:\/\/www.emballagedigest.fr\/nestle-investit-2-milliards-de-francs-suisses-pour-passer-au-plastique-recycle\/#article\",\"isPartOf\":{\"@id\":\"https:\/\/www.emballagedigest.fr\/nestle-investit-2-milliards-de-francs-suisses-pour-passer-au-plastique-recycle\/\"},\"author\":{\"name\":\"admin_thopel\",\"@id\":\"https:\/\/www.emballagedigest.fr\/#\/schema\/person\/d01fbac1f378e2f5e4096082cdf68ae5\"},\"headline\":\"Nestl\u00e9 investit 2 milliards de francs suisses pour passer au plastique recycl\u00e9\",\"datePublished\":\"2020-01-17T08:30:51+00:00\",\"mainEntityOfPage\":{\"@id\":\"https:\/\/www.emballagedigest.fr\/nestle-investit-2-milliards-de-francs-suisses-pour-passer-au-plastique-recycle\/\"},\"wordCount\":219,\"publisher\":{\"@id\":\"https:\/\/www.emballagedigest.fr\/#organization\"},\"image\":{\"@id\":\"https:\/\/www.emballagedigest.fr\/nestle-investit-2-milliards-de-francs-suisses-pour-passer-au-plastique-recycle\/#primaryimage\"},\"thumbnailUrl\":\"https:\/\/www.emballagedigest.fr\/wp-content\/uploads\/dotclear\/images\/2020\/BONUS\/janv\/nestle_article.jpg\",\"articleSection\":[\"Alimentaire\",\"Article entier\",\"Emballages\"],\"inLanguage\":\"en-GB\"},{\"@type\":\"WebPage\",\"@id\":\"https:\/\/www.emballagedigest.fr\/nestle-investit-2-milliards-de-francs-suisses-pour-passer-au-plastique-recycle\/\",\"url\":\"https:\/\/www.emballagedigest.fr\/nestle-investit-2-milliards-de-francs-suisses-pour-passer-au-plastique-recycle\/\",\"name\":\"Nestl\u00e9 investit 2 milliards de francs suisses pour passer au plastique recycl\u00e9 - Emballage Digest\",\"isPartOf\":{\"@id\":\"https:\/\/www.emballagedigest.fr\/#website\"},\"primaryImageOfPage\":{\"@id\":\"https:\/\/www.emballagedigest.fr\/nestle-investit-2-milliards-de-francs-suisses-pour-passer-au-plastique-recycle\/#primaryimage\"},\"image\":{\"@id\":\"https:\/\/www.emballagedigest.fr\/nestle-investit-2-milliards-de-francs-suisses-pour-passer-au-plastique-recycle\/#primaryimage\"},\"thumbnailUrl\":\"https:\/\/www.emballagedigest.fr\/wp-content\/uploads\/dotclear\/images\/2020\/BONUS\/janv\/nestle_article.jpg\",\"datePublished\":\"2020-01-17T08:30:51+00:00\",\"breadcrumb\":{\"@id\":\"https:\/\/www.emballagedigest.fr\/nestle-investit-2-milliards-de-francs-suisses-pour-passer-au-plastique-recycle\/#breadcrumb\"},\"inLanguage\":\"en-GB\",\"potentialAction\":[{\"@type\":\"ReadAction\",\"target\":[\"https:\/\/www.emballagedigest.fr\/nestle-investit-2-milliards-de-francs-suisses-pour-passer-au-plastique-recycle\/\"]}]},{\"@type\":\"ImageObject\",\"inLanguage\":\"en-GB\",\"@id\":\"https:\/\/www.emballagedigest.fr\/nestle-investit-2-milliards-de-francs-suisses-pour-passer-au-plastique-recycle\/#primaryimage\",\"url\":\"https:\/\/www.emballagedigest.fr\/wp-content\/uploads\/dotclear\/images\/2020\/BONUS\/janv\/nestle_article.jpg\",\"contentUrl\":\"https:\/\/www.emballagedigest.fr\/wp-content\/uploads\/dotclear\/images\/2020\/BONUS\/janv\/nestle_article.jpg\"},{\"@type\":\"BreadcrumbList\",\"@id\":\"https:\/\/www.emballagedigest.fr\/nestle-investit-2-milliards-de-francs-suisses-pour-passer-au-plastique-recycle\/#breadcrumb\",\"itemListElement\":[{\"@type\":\"ListItem\",\"position\":1,\"name\":\"Accueil\",\"item\":\"https:\/\/www.emballagedigest.fr\/\"},{\"@type\":\"ListItem\",\"position\":2,\"name\":\"Nestl\u00e9 investit 2 milliards de francs suisses pour passer au plastique recycl\u00e9\"}]},{\"@type\":\"WebSite\",\"@id\":\"https:\/\/www.emballagedigest.fr\/#website\",\"url\":\"https:\/\/www.emballagedigest.fr\/\",\"name\":\"Emballage Digest\",\"description\":\"Revue professionnelle sur les emballages\",\"publisher\":{\"@id\":\"https:\/\/www.emballagedigest.fr\/#organization\"},\"potentialAction\":[{\"@type\":\"SearchAction\",\"target\":{\"@type\":\"EntryPoint\",\"urlTemplate\":\"https:\/\/www.emballagedigest.fr\/?s={search_term_string}\"},\"query-input\":{\"@type\":\"PropertyValueSpecification\",\"valueRequired\":true,\"valueName\":\"search_term_string\"}}],\"inLanguage\":\"en-GB\"},{\"@type\":\"Organization\",\"@id\":\"https:\/\/www.emballagedigest.fr\/#organization\",\"name\":\"Emballage Digest\",\"url\":\"https:\/\/www.emballagedigest.fr\/\",\"logo\":{\"@type\":\"ImageObject\",\"inLanguage\":\"en-GB\",\"@id\":\"https:\/\/www.emballagedigest.fr\/#\/schema\/logo\/image\/\",\"url\":\"https:\/\/www.emballagedigest.fr\/wp-content\/uploads\/2022\/07\/logo-ed.png\",\"contentUrl\":\"https:\/\/www.emballagedigest.fr\/wp-content\/uploads\/2022\/07\/logo-ed.png\",\"width\":379,\"height\":75,\"caption\":\"Emballage Digest\"},\"image\":{\"@id\":\"https:\/\/www.emballagedigest.fr\/#\/schema\/logo\/image\/\"}},{\"@type\":\"Person\",\"@id\":\"https:\/\/www.emballagedigest.fr\/#\/schema\/person\/d01fbac1f378e2f5e4096082cdf68ae5\",\"name\":\"admin_thopel\",\"image\":{\"@type\":\"ImageObject\",\"inLanguage\":\"en-GB\",\"@id\":\"https:\/\/www.emballagedigest.fr\/#\/schema\/person\/image\/\",\"url\":\"https:\/\/secure.gravatar.com\/avatar\/6cf644f6475359b596b81b10a64f989df38f1238649f7e33f97f69519e42dfbf?s=96&d=mm&r=g\",\"contentUrl\":\"https:\/\/secure.gravatar.com\/avatar\/6cf644f6475359b596b81b10a64f989df38f1238649f7e33f97f69519e42dfbf?s=96&d=mm&r=g\",\"caption\":\"admin_thopel\"},\"sameAs\":[\"http:\/\/localhost:8787\/emballage_digest\"],\"url\":\"https:\/\/www.emballagedigest.fr\/en\/author\/admin_thopel\/\"}]}<\/script>\n<!-- \/ Yoast SEO plugin. -->","yoast_head_json":{"title":"Nestl\u00e9 investit 2 milliards de francs suisses pour passer au plastique recycl\u00e9 - Emballage Digest","robots":{"index":"index","follow":"follow","max-snippet":"max-snippet:-1","max-image-preview":"max-image-preview:large","max-video-preview":"max-video-preview:-1"},"canonical":"https:\/\/www.emballagedigest.fr\/en\/nestle-investit-2-milliards-de-francs-suisses-pour-passer-au-plastique-recycle\/","og_locale":"en_GB","og_type":"article","og_title":"Nestl\u00e9 investit 2 milliards de francs suisses pour passer au plastique recycl\u00e9 - Emballage Digest","og_description":"En 2018, le groupe avait annonc\u00e9 vouloir, d\u2019ici 2025, atteindre les 100% d\u2019emballages recyclables ou r\u00e9utilisables et r\u00e9duire d\u2019un tiers la quantit\u00e9 de plastique vierge utilis\u00e9e pour le remplacer par du plastique recycl\u00e9.","og_url":"https:\/\/www.emballagedigest.fr\/en\/nestle-investit-2-milliards-de-francs-suisses-pour-passer-au-plastique-recycle\/","og_site_name":"Emballage Digest","article_published_time":"2020-01-17T08:30:51+00:00","author":"admin_thopel","twitter_card":"summary_large_image","twitter_misc":{"Written by":"admin_thopel","Estimated reading time":"1 minute"},"schema":{"@context":"https:\/\/schema.org","@graph":[{"@type":"Article","@id":"https:\/\/www.emballagedigest.fr\/nestle-investit-2-milliards-de-francs-suisses-pour-passer-au-plastique-recycle\/#article","isPartOf":{"@id":"https:\/\/www.emballagedigest.fr\/nestle-investit-2-milliards-de-francs-suisses-pour-passer-au-plastique-recycle\/"},"author":{"name":"admin_thopel","@id":"https:\/\/www.emballagedigest.fr\/#\/schema\/person\/d01fbac1f378e2f5e4096082cdf68ae5"},"headline":"Nestl\u00e9 investit 2 milliards de francs suisses pour passer au plastique recycl\u00e9","datePublished":"2020-01-17T08:30:51+00:00","mainEntityOfPage":{"@id":"https:\/\/www.emballagedigest.fr\/nestle-investit-2-milliards-de-francs-suisses-pour-passer-au-plastique-recycle\/"},"wordCount":219,"publisher":{"@id":"https:\/\/www.emballagedigest.fr\/#organization"},"image":{"@id":"https:\/\/www.emballagedigest.fr\/nestle-investit-2-milliards-de-francs-suisses-pour-passer-au-plastique-recycle\/#primaryimage"},"thumbnailUrl":"https:\/\/www.emballagedigest.fr\/wp-content\/uploads\/dotclear\/images\/2020\/BONUS\/janv\/nestle_article.jpg","articleSection":["Alimentaire","Article entier","Emballages"],"inLanguage":"en-GB"},{"@type":"WebPage","@id":"https:\/\/www.emballagedigest.fr\/nestle-investit-2-milliards-de-francs-suisses-pour-passer-au-plastique-recycle\/","url":"https:\/\/www.emballagedigest.fr\/nestle-investit-2-milliards-de-francs-suisses-pour-passer-au-plastique-recycle\/","name":"Nestl\u00e9 investit 2 milliards de francs suisses pour passer au plastique recycl\u00e9 - Emballage Digest","isPartOf":{"@id":"https:\/\/www.emballagedigest.fr\/#website"},"primaryImageOfPage":{"@id":"https:\/\/www.emballagedigest.fr\/nestle-investit-2-milliards-de-francs-suisses-pour-passer-au-plastique-recycle\/#primaryimage"},"image":{"@id":"https:\/\/www.emballagedigest.fr\/nestle-investit-2-milliards-de-francs-suisses-pour-passer-au-plastique-recycle\/#primaryimage"},"thumbnailUrl":"https:\/\/www.emballagedigest.fr\/wp-content\/uploads\/dotclear\/images\/2020\/BONUS\/janv\/nestle_article.jpg","datePublished":"2020-01-17T08:30:51+00:00","breadcrumb":{"@id":"https:\/\/www.emballagedigest.fr\/nestle-investit-2-milliards-de-francs-suisses-pour-passer-au-plastique-recycle\/#breadcrumb"},"inLanguage":"en-GB","potentialAction":[{"@type":"ReadAction","target":["https:\/\/www.emballagedigest.fr\/nestle-investit-2-milliards-de-francs-suisses-pour-passer-au-plastique-recycle\/"]}]},{"@type":"ImageObject","inLanguage":"en-GB","@id":"https:\/\/www.emballagedigest.fr\/nestle-investit-2-milliards-de-francs-suisses-pour-passer-au-plastique-recycle\/#primaryimage","url":"https:\/\/www.emballagedigest.fr\/wp-content\/uploads\/dotclear\/images\/2020\/BONUS\/janv\/nestle_article.jpg","contentUrl":"https:\/\/www.emballagedigest.fr\/wp-content\/uploads\/dotclear\/images\/2020\/BONUS\/janv\/nestle_article.jpg"},{"@type":"BreadcrumbList","@id":"https:\/\/www.emballagedigest.fr\/nestle-investit-2-milliards-de-francs-suisses-pour-passer-au-plastique-recycle\/#breadcrumb","itemListElement":[{"@type":"ListItem","position":1,"name":"Accueil","item":"https:\/\/www.emballagedigest.fr\/"},{"@type":"ListItem","position":2,"name":"Nestl\u00e9 investit 2 milliards de francs suisses pour passer au plastique recycl\u00e9"}]},{"@type":"WebSite","@id":"https:\/\/www.emballagedigest.fr\/#website","url":"https:\/\/www.emballagedigest.fr\/","name":"Emballage Digest","description":"Revue professionnelle sur les emballages","publisher":{"@id":"https:\/\/www.emballagedigest.fr\/#organization"},"potentialAction":[{"@type":"SearchAction","target":{"@type":"EntryPoint","urlTemplate":"https:\/\/www.emballagedigest.fr\/?s={search_term_string}"},"query-input":{"@type":"PropertyValueSpecification","valueRequired":true,"valueName":"search_term_string"}}],"inLanguage":"en-GB"},{"@type":"Organization","@id":"https:\/\/www.emballagedigest.fr\/#organization","name":"Emballage Digest","url":"https:\/\/www.emballagedigest.fr\/","logo":{"@type":"ImageObject","inLanguage":"en-GB","@id":"https:\/\/www.emballagedigest.fr\/#\/schema\/logo\/image\/","url":"https:\/\/www.emballagedigest.fr\/wp-content\/uploads\/2022\/07\/logo-ed.png","contentUrl":"https:\/\/www.emballagedigest.fr\/wp-content\/uploads\/2022\/07\/logo-ed.png","width":379,"height":75,"caption":"Emballage Digest"},"image":{"@id":"https:\/\/www.emballagedigest.fr\/#\/schema\/logo\/image\/"}},{"@type":"Person","@id":"https:\/\/www.emballagedigest.fr\/#\/schema\/person\/d01fbac1f378e2f5e4096082cdf68ae5","name":"admin_thopel","image":{"@type":"ImageObject","inLanguage":"en-GB","@id":"https:\/\/www.emballagedigest.fr\/#\/schema\/person\/image\/","url":"https:\/\/secure.gravatar.com\/avatar\/6cf644f6475359b596b81b10a64f989df38f1238649f7e33f97f69519e42dfbf?s=96&d=mm&r=g","contentUrl":"https:\/\/secure.gravatar.com\/avatar\/6cf644f6475359b596b81b10a64f989df38f1238649f7e33f97f69519e42dfbf?s=96&d=mm&r=g","caption":"admin_thopel"},"sameAs":["http:\/\/localhost:8787\/emballage_digest"],"url":"https:\/\/www.emballagedigest.fr\/en\/author\/admin_thopel\/"}]}},"_links":{"self":[{"href":"https:\/\/www.emballagedigest.fr\/en\/wp-json\/wp\/v2\/posts\/21825","targetHints":{"allow":["GET"]}}],"collection":[{"href":"https:\/\/www.emballagedigest.fr\/en\/wp-json\/wp\/v2\/posts"}],"about":[{"href":"https:\/\/www.emballagedigest.fr\/en\/wp-json\/wp\/v2\/types\/post"}],"author":[{"embeddable":true,"href":"https:\/\/www.emballagedigest.fr\/en\/wp-json\/wp\/v2\/users\/1"}],"replies":[{"embeddable":true,"href":"https:\/\/www.emballagedigest.fr\/en\/wp-json\/wp\/v2\/comments?post=21825"}],"version-history":[{"count":0,"href":"https:\/\/www.emballagedigest.fr\/en\/wp-json\/wp\/v2\/posts\/21825\/revisions"}],"wp:featuredmedia":[{"embeddable":true,"href":"https:\/\/www.emballagedigest.fr\/en\/wp-json\/wp\/v2\/media\/31825"}],"wp:attachment":[{"href":"https:\/\/www.emballagedigest.fr\/en\/wp-json\/wp\/v2\/media?parent=21825"}],"wp:term":[{"taxonomy":"category","embeddable":true,"href":"https:\/\/www.emballagedigest.fr\/en\/wp-json\/wp\/v2\/categories?post=21825"},{"taxonomy":"post_tag","embeddable":true,"href":"https:\/\/www.emballagedigest.fr\/en\/wp-json\/wp\/v2\/tags?post=21825"}],"curies":[{"name":"wp","href":"https:\/\/api.w.org\/{rel}","templated":true}]}}