{"id":21835,"date":"2020-01-31T00:00:00","date_gmt":"2020-01-31T00:00:00","guid":{"rendered":"https:\/\/www.emballagedigest.fr\/?p=21835"},"modified":"2020-01-23T08:58:34","modified_gmt":"2020-01-23T08:58:34","slug":"plastiques-et-economie-circulaire-attention-a-la-precipitation-par-agathe-cury-directrice-generale-de-boissons-rafraichissantes-de-france","status":"publish","type":"post","link":"https:\/\/www.emballagedigest.fr\/en\/plastiques-et-economie-circulaire-attention-a-la-precipitation-par-agathe-cury-directrice-generale-de-boissons-rafraichissantes-de-france\/","title":{"rendered":"Plastiques et \u00e9conomie circulaire : attention \u00e0 la pr\u00e9cipitation ! Par Agathe Cury, directrice g\u00e9n\u00e9rale de Boissons Rafra\u00eechissantes de France"},"content":{"rendered":"<p>L\u2019emballage de nos produits fait plus que jamais l\u2019objet de toutes les attentions. L\u2019emballage est \u00e0 pr\u00e9sent aussi important que \u00ab&nbsp;l\u2019emball\u00e9 \u00bb. Cette transformation s\u2019est d\u2019abord faite sous l\u2019angle de la s\u00e9curit\u00e9 du couple emballage\/produit puis s\u2019est acc\u00e9l\u00e9r\u00e9e avec l\u2019urgence \u00e9cologique.<\/p>\n<p>L\u2019opinion publique et les ONG ne sont pas les seules \u00e0 s\u2019\u00eatre empar\u00e9es du sujet&nbsp;; le l\u00e9gislateur a mis l\u2019emballage au c\u0153ur des d\u00e9cisions politiques.<\/p>\n<p>&#8211; Que ce soit au niveau europ\u00e9en, avec le paquet \u00e9conomie circulaire, la directive plastique \u00e0 usage unique et plus r\u00e9cemment, avec la communication autour du Green Deal de la nouvelle Commission europ\u00e9enne ;<br \/>\n&#8211; Ou au niveau national, avec les discussions du projet de loi relatif \u00e0 la lutte contre le gaspillage et \u00e0 l&rsquo;\u00e9conomie circulaire.<\/p>\n<p>Les objectifs fix\u00e9s s\u2019additionnent, se t\u00e9lescopent et se chevauchent&nbsp;: r\u00e9duction de 50% des \u00e9missions de gaz \u00e0 effet de serre en 2030, interdiction des emballages non recyclables en 2030, atteinte de taux de collecte allant jusqu\u2019\u00e0 90% pour les bouteilles plastiques en 2029 et incorporation de 30% de mati\u00e8re recycl\u00e9e en 2030, d\u00e9veloppement du r\u00e9emploi (5% des emballages en 2023 et 10% en 2027), r\u00e9duction de 50% des bouteilles plastiques mises sur le march\u00e9 en 2030, interdiction des emballages plastiques \u00e0 usage unique en 2040\u2026<\/p>\n<p>La course \u00e0 l\u2019\u00e9chalote est lanc\u00e9e&nbsp;! Si les discussions ont le m\u00e9rite de poser des questions pertinentes et de nous interpeller sur nos mod\u00e8les, il ne faut pas imaginer qu\u2019une transformation aussi profonde faite dans la pr\u00e9cipitation permettra une transition \u00e9cologique positive. Les images d\u2019Epinal sont rarement les meilleures solutions d\u2019un point de vue \u00e9conomique et surtout environnemental.<\/p>\n<p>Pour donner l\u2019exemple du secteur de la boisson \u2013 et plus sp\u00e9cifiquement celui de la bouteille en PET \u2013 les entreprises ont massivement investi dans le d\u00e9veloppement de solutions de recyclage (m\u00e9canique et chimique) et dans la production de bioplastique. Objectif clairement affich\u00e9&nbsp;: ne plus d\u00e9pendre des \u00e9nergies fossiles. Les efforts ont pay\u00e9 et les r\u00e9sultats sont l\u00e0. Depuis 2015, les membres de Boissons Rafra\u00eechissantes de France incorporent au minimum 25% de PET recycl\u00e9 dans leurs emballages. Aujourd\u2019hui, il est m\u00eame possible de fabriquer des bouteilles 100% en plastique recycl\u00e9. . En termes d\u2019\u00e9missions, cet emballage \u00e9met 6 fois moins de CO2 qu\u2019une bouteille en verre pour r\u00e9emploi. Un bel exemple d\u2019\u00e9conomie circulaire&nbsp;! Pourtant, ces avanc\u00e9es majeures sont dilu\u00e9es dans les d\u00e9bats sur le plastique et leurs promoteurs sont devenus compl\u00e8tement inaudibles. L\u2019amalgame entre le plastique et la pollution ne permet plus d\u2019avoir des \u00e9changes \u00e9clair\u00e9s. La direction qu\u2019est en train de prendre la France n\u2019est plus celle de l\u2019\u00e9conomie circulaire, c\u2019est celle du 0% plastique \u00e0 usage unique, quel qu\u2019il soit. Nos interlocuteurs nous parlent des solutions alternatives vues sur les r\u00e9seaux sociaux ou exp\u00e9riment\u00e9es dans leur \u00e2ge tendre&nbsp;: la bouteille en papier (quid de la d\u00e9forestation ?), la bouteille en verre pour r\u00e9emploi (quid de la consommation d\u2019eau pour le lavage et de l\u2019impact de la logistique retour ?), etc. Pour r\u00e9sumer, il ne fait nul doute que le projet de loi relatif \u00e0 la lutte contre le gaspillage et \u00e0 l\u2019\u00e9conomie circulaire sera l\u2019un des textes les plus structurants de ces 10 derni\u00e8res ann\u00e9es. Les discussions qui se tiennent vont avoir un impact majeur sur les mod\u00e8les \u00e9conomiques, vont entrainer des investissements colossaux et transformer en profondeur la fa\u00e7on dont les citoyens consomment. Pour autant, un travail consid\u00e9rable reste \u00e0 faire pour identifier et d\u00e9velopper les solutions les plus pertinentes d\u2019un point de vue environnemental et \u00e9conomique \u2013 sans \u00e9motion et de mani\u00e8re document\u00e9e et argument\u00e9e \u2013 et pour changer les habitudes des consommateurs.<\/p>\n<p>La pression des citoyens, des ONG et du l\u00e9gislateur est utile. Nos consommateurs sont en droit d\u2019exiger le meilleur, et nous nous attelons quotidiennement \u00e0 chercher les bonnes solutions pour limiter l\u2019impact de notre activit\u00e9. Dans cette \u00e9mulation, soyons toutefois vigilants&nbsp;: les \u00e9vidences ne sont pas toujours les bonnes r\u00e9ponses, la pr\u00e9cipitation n\u2019est pas toujours favorable et \u2026 attention aux r\u00e9veils difficiles\u2026<\/p>\n<p><em>Extrait de la revue n\u00b0 644 &#8211; D\u00e9cembre 2019\/Janvier 2020. Reproduction interdite sauf accord \u00e9crit d&rsquo;Emballage Digest ou mention du support<\/em><\/p>","protected":false},"excerpt":{"rendered":"<p>L\u2019emballage de nos produits fait plus que jamais l\u2019objet de toutes les attentions. L\u2019emballage est \u00e0 pr\u00e9sent aussi important que \u00ab&nbsp;l\u2019emball\u00e9 \u00bb. Cette transformation s\u2019est d\u2019abord faite sous l\u2019angle de la s\u00e9curit\u00e9 du couple emballage\/produit puis s\u2019est acc\u00e9l\u00e9r\u00e9e avec l\u2019urgence \u00e9cologique.<\/p>","protected":false},"author":1,"featured_media":0,"comment_status":"closed","ping_status":"closed","sticky":false,"template":"","format":"standard","meta":{"_acf_changed":false,"inline_featured_image":false,"iawp_total_views":0,"footnotes":""},"categories":[28,11],"tags":[],"class_list":["post-21835","post","type-post","status-publish","format-standard","hentry","category-article-entier","category-emballages"],"acf":[],"yoast_head":"<!-- This site is optimized with the Yoast SEO plugin v24.4 - https:\/\/yoast.com\/wordpress\/plugins\/seo\/ -->\n<title>Plastiques et \u00e9conomie circulaire : attention \u00e0 la pr\u00e9cipitation ! Par Agathe Cury, directrice g\u00e9n\u00e9rale de Boissons Rafra\u00eechissantes de France - Emballage Digest<\/title>\n<meta name=\"robots\" content=\"index, follow, max-snippet:-1, max-image-preview:large, max-video-preview:-1\" \/>\n<link rel=\"canonical\" href=\"https:\/\/www.emballagedigest.fr\/en\/plastiques-et-economie-circulaire-attention-a-la-precipitation-par-agathe-cury-directrice-generale-de-boissons-rafraichissantes-de-france\/\" \/>\n<meta property=\"og:locale\" content=\"en_GB\" \/>\n<meta property=\"og:type\" content=\"article\" \/>\n<meta property=\"og:title\" content=\"Plastiques et \u00e9conomie circulaire : attention \u00e0 la pr\u00e9cipitation ! Par Agathe Cury, directrice g\u00e9n\u00e9rale de Boissons Rafra\u00eechissantes de France - Emballage Digest\" \/>\n<meta property=\"og:description\" content=\"L\u2019emballage de nos produits fait plus que jamais l\u2019objet de toutes les attentions. L\u2019emballage est \u00e0 pr\u00e9sent aussi important que \u00ab&nbsp;l\u2019emball\u00e9 \u00bb. Cette transformation s\u2019est d\u2019abord faite sous l\u2019angle de la s\u00e9curit\u00e9 du couple emballage\/produit puis s\u2019est acc\u00e9l\u00e9r\u00e9e avec l\u2019urgence \u00e9cologique.\" \/>\n<meta property=\"og:url\" content=\"https:\/\/www.emballagedigest.fr\/en\/plastiques-et-economie-circulaire-attention-a-la-precipitation-par-agathe-cury-directrice-generale-de-boissons-rafraichissantes-de-france\/\" \/>\n<meta property=\"og:site_name\" content=\"Emballage Digest\" \/>\n<meta property=\"article:published_time\" content=\"2020-01-31T00:00:00+00:00\" \/>\n<meta name=\"author\" content=\"admin_thopel\" \/>\n<meta name=\"twitter:card\" content=\"summary_large_image\" \/>\n<meta name=\"twitter:label1\" content=\"Written by\" \/>\n\t<meta name=\"twitter:data1\" content=\"admin_thopel\" \/>\n\t<meta name=\"twitter:label2\" content=\"Estimated reading time\" \/>\n\t<meta name=\"twitter:data2\" content=\"4 minutes\" \/>\n<script type=\"application\/ld+json\" class=\"yoast-schema-graph\">{\"@context\":\"https:\/\/schema.org\",\"@graph\":[{\"@type\":\"Article\",\"@id\":\"https:\/\/www.emballagedigest.fr\/plastiques-et-economie-circulaire-attention-a-la-precipitation-par-agathe-cury-directrice-generale-de-boissons-rafraichissantes-de-france\/#article\",\"isPartOf\":{\"@id\":\"https:\/\/www.emballagedigest.fr\/plastiques-et-economie-circulaire-attention-a-la-precipitation-par-agathe-cury-directrice-generale-de-boissons-rafraichissantes-de-france\/\"},\"author\":{\"name\":\"admin_thopel\",\"@id\":\"https:\/\/www.emballagedigest.fr\/#\/schema\/person\/d01fbac1f378e2f5e4096082cdf68ae5\"},\"headline\":\"Plastiques et \u00e9conomie circulaire : attention \u00e0 la pr\u00e9cipitation ! Par Agathe Cury, directrice g\u00e9n\u00e9rale de Boissons Rafra\u00eechissantes de France\",\"datePublished\":\"2020-01-31T00:00:00+00:00\",\"mainEntityOfPage\":{\"@id\":\"https:\/\/www.emballagedigest.fr\/plastiques-et-economie-circulaire-attention-a-la-precipitation-par-agathe-cury-directrice-generale-de-boissons-rafraichissantes-de-france\/\"},\"wordCount\":757,\"publisher\":{\"@id\":\"https:\/\/www.emballagedigest.fr\/#organization\"},\"articleSection\":[\"Article entier\",\"Emballages\"],\"inLanguage\":\"en-GB\"},{\"@type\":\"WebPage\",\"@id\":\"https:\/\/www.emballagedigest.fr\/plastiques-et-economie-circulaire-attention-a-la-precipitation-par-agathe-cury-directrice-generale-de-boissons-rafraichissantes-de-france\/\",\"url\":\"https:\/\/www.emballagedigest.fr\/plastiques-et-economie-circulaire-attention-a-la-precipitation-par-agathe-cury-directrice-generale-de-boissons-rafraichissantes-de-france\/\",\"name\":\"Plastiques et \u00e9conomie circulaire : attention \u00e0 la pr\u00e9cipitation ! Par Agathe Cury, directrice g\u00e9n\u00e9rale de Boissons Rafra\u00eechissantes de France - Emballage Digest\",\"isPartOf\":{\"@id\":\"https:\/\/www.emballagedigest.fr\/#website\"},\"datePublished\":\"2020-01-31T00:00:00+00:00\",\"breadcrumb\":{\"@id\":\"https:\/\/www.emballagedigest.fr\/plastiques-et-economie-circulaire-attention-a-la-precipitation-par-agathe-cury-directrice-generale-de-boissons-rafraichissantes-de-france\/#breadcrumb\"},\"inLanguage\":\"en-GB\",\"potentialAction\":[{\"@type\":\"ReadAction\",\"target\":[\"https:\/\/www.emballagedigest.fr\/plastiques-et-economie-circulaire-attention-a-la-precipitation-par-agathe-cury-directrice-generale-de-boissons-rafraichissantes-de-france\/\"]}]},{\"@type\":\"BreadcrumbList\",\"@id\":\"https:\/\/www.emballagedigest.fr\/plastiques-et-economie-circulaire-attention-a-la-precipitation-par-agathe-cury-directrice-generale-de-boissons-rafraichissantes-de-france\/#breadcrumb\",\"itemListElement\":[{\"@type\":\"ListItem\",\"position\":1,\"name\":\"Accueil\",\"item\":\"https:\/\/www.emballagedigest.fr\/\"},{\"@type\":\"ListItem\",\"position\":2,\"name\":\"Plastiques et \u00e9conomie circulaire : attention \u00e0 la pr\u00e9cipitation ! Par Agathe Cury, directrice g\u00e9n\u00e9rale de Boissons Rafra\u00eechissantes de France\"}]},{\"@type\":\"WebSite\",\"@id\":\"https:\/\/www.emballagedigest.fr\/#website\",\"url\":\"https:\/\/www.emballagedigest.fr\/\",\"name\":\"Emballage Digest\",\"description\":\"Revue professionnelle sur les emballages\",\"publisher\":{\"@id\":\"https:\/\/www.emballagedigest.fr\/#organization\"},\"potentialAction\":[{\"@type\":\"SearchAction\",\"target\":{\"@type\":\"EntryPoint\",\"urlTemplate\":\"https:\/\/www.emballagedigest.fr\/?s={search_term_string}\"},\"query-input\":{\"@type\":\"PropertyValueSpecification\",\"valueRequired\":true,\"valueName\":\"search_term_string\"}}],\"inLanguage\":\"en-GB\"},{\"@type\":\"Organization\",\"@id\":\"https:\/\/www.emballagedigest.fr\/#organization\",\"name\":\"Emballage Digest\",\"url\":\"https:\/\/www.emballagedigest.fr\/\",\"logo\":{\"@type\":\"ImageObject\",\"inLanguage\":\"en-GB\",\"@id\":\"https:\/\/www.emballagedigest.fr\/#\/schema\/logo\/image\/\",\"url\":\"https:\/\/www.emballagedigest.fr\/wp-content\/uploads\/2022\/07\/logo-ed.png\",\"contentUrl\":\"https:\/\/www.emballagedigest.fr\/wp-content\/uploads\/2022\/07\/logo-ed.png\",\"width\":379,\"height\":75,\"caption\":\"Emballage Digest\"},\"image\":{\"@id\":\"https:\/\/www.emballagedigest.fr\/#\/schema\/logo\/image\/\"}},{\"@type\":\"Person\",\"@id\":\"https:\/\/www.emballagedigest.fr\/#\/schema\/person\/d01fbac1f378e2f5e4096082cdf68ae5\",\"name\":\"admin_thopel\",\"image\":{\"@type\":\"ImageObject\",\"inLanguage\":\"en-GB\",\"@id\":\"https:\/\/www.emballagedigest.fr\/#\/schema\/person\/image\/\",\"url\":\"https:\/\/secure.gravatar.com\/avatar\/6cf644f6475359b596b81b10a64f989df38f1238649f7e33f97f69519e42dfbf?s=96&d=mm&r=g\",\"contentUrl\":\"https:\/\/secure.gravatar.com\/avatar\/6cf644f6475359b596b81b10a64f989df38f1238649f7e33f97f69519e42dfbf?s=96&d=mm&r=g\",\"caption\":\"admin_thopel\"},\"sameAs\":[\"http:\/\/localhost:8787\/emballage_digest\"],\"url\":\"https:\/\/www.emballagedigest.fr\/en\/author\/admin_thopel\/\"}]}<\/script>\n<!-- \/ Yoast SEO plugin. -->","yoast_head_json":{"title":"Plastiques et \u00e9conomie circulaire : attention \u00e0 la pr\u00e9cipitation ! Par Agathe Cury, directrice g\u00e9n\u00e9rale de Boissons Rafra\u00eechissantes de France - Emballage Digest","robots":{"index":"index","follow":"follow","max-snippet":"max-snippet:-1","max-image-preview":"max-image-preview:large","max-video-preview":"max-video-preview:-1"},"canonical":"https:\/\/www.emballagedigest.fr\/en\/plastiques-et-economie-circulaire-attention-a-la-precipitation-par-agathe-cury-directrice-generale-de-boissons-rafraichissantes-de-france\/","og_locale":"en_GB","og_type":"article","og_title":"Plastiques et \u00e9conomie circulaire : attention \u00e0 la pr\u00e9cipitation ! Par Agathe Cury, directrice g\u00e9n\u00e9rale de Boissons Rafra\u00eechissantes de France - Emballage Digest","og_description":"L\u2019emballage de nos produits fait plus que jamais l\u2019objet de toutes les attentions. L\u2019emballage est \u00e0 pr\u00e9sent aussi important que \u00ab&nbsp;l\u2019emball\u00e9 \u00bb. Cette transformation s\u2019est d\u2019abord faite sous l\u2019angle de la s\u00e9curit\u00e9 du couple emballage\/produit puis s\u2019est acc\u00e9l\u00e9r\u00e9e avec l\u2019urgence \u00e9cologique.","og_url":"https:\/\/www.emballagedigest.fr\/en\/plastiques-et-economie-circulaire-attention-a-la-precipitation-par-agathe-cury-directrice-generale-de-boissons-rafraichissantes-de-france\/","og_site_name":"Emballage Digest","article_published_time":"2020-01-31T00:00:00+00:00","author":"admin_thopel","twitter_card":"summary_large_image","twitter_misc":{"Written by":"admin_thopel","Estimated reading time":"4 minutes"},"schema":{"@context":"https:\/\/schema.org","@graph":[{"@type":"Article","@id":"https:\/\/www.emballagedigest.fr\/plastiques-et-economie-circulaire-attention-a-la-precipitation-par-agathe-cury-directrice-generale-de-boissons-rafraichissantes-de-france\/#article","isPartOf":{"@id":"https:\/\/www.emballagedigest.fr\/plastiques-et-economie-circulaire-attention-a-la-precipitation-par-agathe-cury-directrice-generale-de-boissons-rafraichissantes-de-france\/"},"author":{"name":"admin_thopel","@id":"https:\/\/www.emballagedigest.fr\/#\/schema\/person\/d01fbac1f378e2f5e4096082cdf68ae5"},"headline":"Plastiques et \u00e9conomie circulaire : attention \u00e0 la pr\u00e9cipitation ! Par Agathe Cury, directrice g\u00e9n\u00e9rale de Boissons Rafra\u00eechissantes de France","datePublished":"2020-01-31T00:00:00+00:00","mainEntityOfPage":{"@id":"https:\/\/www.emballagedigest.fr\/plastiques-et-economie-circulaire-attention-a-la-precipitation-par-agathe-cury-directrice-generale-de-boissons-rafraichissantes-de-france\/"},"wordCount":757,"publisher":{"@id":"https:\/\/www.emballagedigest.fr\/#organization"},"articleSection":["Article entier","Emballages"],"inLanguage":"en-GB"},{"@type":"WebPage","@id":"https:\/\/www.emballagedigest.fr\/plastiques-et-economie-circulaire-attention-a-la-precipitation-par-agathe-cury-directrice-generale-de-boissons-rafraichissantes-de-france\/","url":"https:\/\/www.emballagedigest.fr\/plastiques-et-economie-circulaire-attention-a-la-precipitation-par-agathe-cury-directrice-generale-de-boissons-rafraichissantes-de-france\/","name":"Plastiques et \u00e9conomie circulaire : attention \u00e0 la pr\u00e9cipitation ! Par Agathe Cury, directrice g\u00e9n\u00e9rale de Boissons Rafra\u00eechissantes de France - Emballage Digest","isPartOf":{"@id":"https:\/\/www.emballagedigest.fr\/#website"},"datePublished":"2020-01-31T00:00:00+00:00","breadcrumb":{"@id":"https:\/\/www.emballagedigest.fr\/plastiques-et-economie-circulaire-attention-a-la-precipitation-par-agathe-cury-directrice-generale-de-boissons-rafraichissantes-de-france\/#breadcrumb"},"inLanguage":"en-GB","potentialAction":[{"@type":"ReadAction","target":["https:\/\/www.emballagedigest.fr\/plastiques-et-economie-circulaire-attention-a-la-precipitation-par-agathe-cury-directrice-generale-de-boissons-rafraichissantes-de-france\/"]}]},{"@type":"BreadcrumbList","@id":"https:\/\/www.emballagedigest.fr\/plastiques-et-economie-circulaire-attention-a-la-precipitation-par-agathe-cury-directrice-generale-de-boissons-rafraichissantes-de-france\/#breadcrumb","itemListElement":[{"@type":"ListItem","position":1,"name":"Accueil","item":"https:\/\/www.emballagedigest.fr\/"},{"@type":"ListItem","position":2,"name":"Plastiques et \u00e9conomie circulaire : attention \u00e0 la pr\u00e9cipitation ! Par Agathe Cury, directrice g\u00e9n\u00e9rale de Boissons Rafra\u00eechissantes de France"}]},{"@type":"WebSite","@id":"https:\/\/www.emballagedigest.fr\/#website","url":"https:\/\/www.emballagedigest.fr\/","name":"Emballage Digest","description":"Revue professionnelle sur les emballages","publisher":{"@id":"https:\/\/www.emballagedigest.fr\/#organization"},"potentialAction":[{"@type":"SearchAction","target":{"@type":"EntryPoint","urlTemplate":"https:\/\/www.emballagedigest.fr\/?s={search_term_string}"},"query-input":{"@type":"PropertyValueSpecification","valueRequired":true,"valueName":"search_term_string"}}],"inLanguage":"en-GB"},{"@type":"Organization","@id":"https:\/\/www.emballagedigest.fr\/#organization","name":"Emballage Digest","url":"https:\/\/www.emballagedigest.fr\/","logo":{"@type":"ImageObject","inLanguage":"en-GB","@id":"https:\/\/www.emballagedigest.fr\/#\/schema\/logo\/image\/","url":"https:\/\/www.emballagedigest.fr\/wp-content\/uploads\/2022\/07\/logo-ed.png","contentUrl":"https:\/\/www.emballagedigest.fr\/wp-content\/uploads\/2022\/07\/logo-ed.png","width":379,"height":75,"caption":"Emballage Digest"},"image":{"@id":"https:\/\/www.emballagedigest.fr\/#\/schema\/logo\/image\/"}},{"@type":"Person","@id":"https:\/\/www.emballagedigest.fr\/#\/schema\/person\/d01fbac1f378e2f5e4096082cdf68ae5","name":"admin_thopel","image":{"@type":"ImageObject","inLanguage":"en-GB","@id":"https:\/\/www.emballagedigest.fr\/#\/schema\/person\/image\/","url":"https:\/\/secure.gravatar.com\/avatar\/6cf644f6475359b596b81b10a64f989df38f1238649f7e33f97f69519e42dfbf?s=96&d=mm&r=g","contentUrl":"https:\/\/secure.gravatar.com\/avatar\/6cf644f6475359b596b81b10a64f989df38f1238649f7e33f97f69519e42dfbf?s=96&d=mm&r=g","caption":"admin_thopel"},"sameAs":["http:\/\/localhost:8787\/emballage_digest"],"url":"https:\/\/www.emballagedigest.fr\/en\/author\/admin_thopel\/"}]}},"_links":{"self":[{"href":"https:\/\/www.emballagedigest.fr\/en\/wp-json\/wp\/v2\/posts\/21835","targetHints":{"allow":["GET"]}}],"collection":[{"href":"https:\/\/www.emballagedigest.fr\/en\/wp-json\/wp\/v2\/posts"}],"about":[{"href":"https:\/\/www.emballagedigest.fr\/en\/wp-json\/wp\/v2\/types\/post"}],"author":[{"embeddable":true,"href":"https:\/\/www.emballagedigest.fr\/en\/wp-json\/wp\/v2\/users\/1"}],"replies":[{"embeddable":true,"href":"https:\/\/www.emballagedigest.fr\/en\/wp-json\/wp\/v2\/comments?post=21835"}],"version-history":[{"count":0,"href":"https:\/\/www.emballagedigest.fr\/en\/wp-json\/wp\/v2\/posts\/21835\/revisions"}],"wp:attachment":[{"href":"https:\/\/www.emballagedigest.fr\/en\/wp-json\/wp\/v2\/media?parent=21835"}],"wp:term":[{"taxonomy":"category","embeddable":true,"href":"https:\/\/www.emballagedigest.fr\/en\/wp-json\/wp\/v2\/categories?post=21835"},{"taxonomy":"post_tag","embeddable":true,"href":"https:\/\/www.emballagedigest.fr\/en\/wp-json\/wp\/v2\/tags?post=21835"}],"curies":[{"name":"wp","href":"https:\/\/api.w.org\/{rel}","templated":true}]}}