{"id":21851,"date":"2020-01-31T00:00:00","date_gmt":"2020-01-31T00:00:00","guid":{"rendered":"https:\/\/www.emballagedigest.fr\/?p=21851"},"modified":"2020-01-23T13:03:39","modified_gmt":"2020-01-23T13:03:39","slug":"des-calages-sans-plastique","status":"publish","type":"post","link":"https:\/\/www.emballagedigest.fr\/en\/des-calages-sans-plastique\/","title":{"rendered":"Des calages sans plastique"},"content":{"rendered":"<p>Sur les derniers salons de la fin 2019, l\u2019on pouvait voir sur les stands des fournisseurs de coffrets, plusieurs solutions de calage plus \u00ab\u00e9co-responsables\u00bb.<\/p>\n<p>Bas\u00e9e \u00e0 Paulhac en Auvergne, CIP Packaging choisit avec soin les encres utilis\u00e9es pour la d\u00e9coration de ces coffrets. La soci\u00e9t\u00e9 s\u2019est ainsi r\u00e9cemment \u00e9quip\u00e9e d\u2019un outil d\u2019impression num\u00e9rique \u00e0 encres UV pour de petites s\u00e9ries et prototypages, soit un investissement de 2 M\u20ac. La machine est particuli\u00e8rement int\u00e9ressante pour des lots de moins de 2000 \u00e9tuis, explique le fabricant. CIP travaille, en parall\u00e8le, \u00e0 la mise en point d\u2019encres \u00e0 base d\u2019eau, adapt\u00e9es \u00e0 ce type d\u2019impression. Une voie d\u2019avenir puisque l\u2019un des plus noms de l\u2019impression, HP, annon\u00e7ait il y a quelques semaines vouloir mettre sur la table plus de 180 M\u20ac, pour la mise au point de technologies d\u2019impression traditionnelle et num\u00e9rique utilisant ces encres \u00e0 l\u2019eau, pour des applications sur emballages carton ondul\u00e9 et textiles.<\/p>\n<p><img decoding=\"async\" src=\"https:\/\/www.emballagedigest.fr\/dotclear\/images\/2020\/REVUE\/janv\/12_19_cosmetopack2.jpg\" alt=\"Texte Alternatif\" style=\"float:right; margin: 0 0 1em 1em;\" \/>Plus modestement, la PME fran\u00e7aise Adine (photos) propose de remplacer les calages en plastique des coffrets cosm\u00e9tiques par du carton, et les mousses de remplissage par du kraft. Pour le coffret lui-m\u00eame, plusieurs exemples \u00e9taient pr\u00e9sent\u00e9s sur le dernier salon Cosmetic 360 de la Cosmetic Valley, utilisant notamment des papiers \u00e0 base de cacao ou de fibres d\u2019agrumes pour un rendu plus naturel.<\/p>\n<p><em>Extrait de la revue n\u00b0 644 &#8211; D\u00e9cembre 2019\/Janvier 2020. Reproduction interdite sauf accord \u00e9crit d&rsquo;Emballage Digest ou mention du support<\/em><\/p>","protected":false},"excerpt":{"rendered":"<p>Sur les derniers salons de la fin 2019, l\u2019on pouvait voir sur les stands des fournisseurs de coffrets, plusieurs solutions de calage plus \u00ab\u00e9co-responsables\u00bb.<\/p>","protected":false},"author":1,"featured_media":31851,"comment_status":"closed","ping_status":"closed","sticky":false,"template":"","format":"standard","meta":{"_acf_changed":false,"inline_featured_image":false,"iawp_total_views":0,"footnotes":""},"categories":[28,6],"tags":[],"class_list":["post-21851","post","type-post","status-publish","format-standard","has-post-thumbnail","hentry","category-article-entier","category-parfumerie-cosmetique"],"acf":[],"yoast_head":"<!-- This site is optimized with the Yoast SEO plugin v24.4 - https:\/\/yoast.com\/wordpress\/plugins\/seo\/ -->\n<title>Des calages sans plastique - Emballage Digest<\/title>\n<meta name=\"robots\" content=\"index, follow, max-snippet:-1, max-image-preview:large, max-video-preview:-1\" \/>\n<link rel=\"canonical\" href=\"https:\/\/www.emballagedigest.fr\/en\/des-calages-sans-plastique\/\" \/>\n<meta property=\"og:locale\" content=\"en_GB\" \/>\n<meta property=\"og:type\" content=\"article\" \/>\n<meta property=\"og:title\" content=\"Des calages sans plastique - Emballage Digest\" \/>\n<meta property=\"og:description\" content=\"Sur les derniers salons de la fin 2019, l\u2019on pouvait voir sur les stands des fournisseurs de coffrets, plusieurs solutions de calage plus \u00ab\u00e9co-responsables\u00bb.\" \/>\n<meta property=\"og:url\" content=\"https:\/\/www.emballagedigest.fr\/en\/des-calages-sans-plastique\/\" \/>\n<meta property=\"og:site_name\" content=\"Emballage Digest\" \/>\n<meta property=\"article:published_time\" content=\"2020-01-31T00:00:00+00:00\" \/>\n<meta name=\"author\" content=\"admin_thopel\" \/>\n<meta name=\"twitter:card\" content=\"summary_large_image\" \/>\n<meta name=\"twitter:label1\" content=\"Written by\" \/>\n\t<meta name=\"twitter:data1\" content=\"admin_thopel\" \/>\n\t<meta name=\"twitter:label2\" content=\"Estimated reading time\" \/>\n\t<meta name=\"twitter:data2\" content=\"1 minute\" \/>\n<script type=\"application\/ld+json\" class=\"yoast-schema-graph\">{\"@context\":\"https:\/\/schema.org\",\"@graph\":[{\"@type\":\"Article\",\"@id\":\"https:\/\/www.emballagedigest.fr\/des-calages-sans-plastique\/#article\",\"isPartOf\":{\"@id\":\"https:\/\/www.emballagedigest.fr\/des-calages-sans-plastique\/\"},\"author\":{\"name\":\"admin_thopel\",\"@id\":\"https:\/\/www.emballagedigest.fr\/#\/schema\/person\/d01fbac1f378e2f5e4096082cdf68ae5\"},\"headline\":\"Des calages sans plastique\",\"datePublished\":\"2020-01-31T00:00:00+00:00\",\"mainEntityOfPage\":{\"@id\":\"https:\/\/www.emballagedigest.fr\/des-calages-sans-plastique\/\"},\"wordCount\":261,\"publisher\":{\"@id\":\"https:\/\/www.emballagedigest.fr\/#organization\"},\"image\":{\"@id\":\"https:\/\/www.emballagedigest.fr\/des-calages-sans-plastique\/#primaryimage\"},\"thumbnailUrl\":\"https:\/\/www.emballagedigest.fr\/wp-content\/uploads\/dotclear\/images\/2020\/REVUE\/janv\/12_19_cosmetopack1.jpg\",\"articleSection\":[\"Article entier\",\"Parfumerie &amp; Cosm\u00e9tique\"],\"inLanguage\":\"en-GB\"},{\"@type\":\"WebPage\",\"@id\":\"https:\/\/www.emballagedigest.fr\/des-calages-sans-plastique\/\",\"url\":\"https:\/\/www.emballagedigest.fr\/des-calages-sans-plastique\/\",\"name\":\"Des calages sans plastique - Emballage Digest\",\"isPartOf\":{\"@id\":\"https:\/\/www.emballagedigest.fr\/#website\"},\"primaryImageOfPage\":{\"@id\":\"https:\/\/www.emballagedigest.fr\/des-calages-sans-plastique\/#primaryimage\"},\"image\":{\"@id\":\"https:\/\/www.emballagedigest.fr\/des-calages-sans-plastique\/#primaryimage\"},\"thumbnailUrl\":\"https:\/\/www.emballagedigest.fr\/wp-content\/uploads\/dotclear\/images\/2020\/REVUE\/janv\/12_19_cosmetopack1.jpg\",\"datePublished\":\"2020-01-31T00:00:00+00:00\",\"breadcrumb\":{\"@id\":\"https:\/\/www.emballagedigest.fr\/des-calages-sans-plastique\/#breadcrumb\"},\"inLanguage\":\"en-GB\",\"potentialAction\":[{\"@type\":\"ReadAction\",\"target\":[\"https:\/\/www.emballagedigest.fr\/des-calages-sans-plastique\/\"]}]},{\"@type\":\"ImageObject\",\"inLanguage\":\"en-GB\",\"@id\":\"https:\/\/www.emballagedigest.fr\/des-calages-sans-plastique\/#primaryimage\",\"url\":\"https:\/\/www.emballagedigest.fr\/wp-content\/uploads\/dotclear\/images\/2020\/REVUE\/janv\/12_19_cosmetopack1.jpg\",\"contentUrl\":\"https:\/\/www.emballagedigest.fr\/wp-content\/uploads\/dotclear\/images\/2020\/REVUE\/janv\/12_19_cosmetopack1.jpg\"},{\"@type\":\"BreadcrumbList\",\"@id\":\"https:\/\/www.emballagedigest.fr\/des-calages-sans-plastique\/#breadcrumb\",\"itemListElement\":[{\"@type\":\"ListItem\",\"position\":1,\"name\":\"Accueil\",\"item\":\"https:\/\/www.emballagedigest.fr\/\"},{\"@type\":\"ListItem\",\"position\":2,\"name\":\"Des calages sans plastique\"}]},{\"@type\":\"WebSite\",\"@id\":\"https:\/\/www.emballagedigest.fr\/#website\",\"url\":\"https:\/\/www.emballagedigest.fr\/\",\"name\":\"Emballage Digest\",\"description\":\"Revue professionnelle sur les emballages\",\"publisher\":{\"@id\":\"https:\/\/www.emballagedigest.fr\/#organization\"},\"potentialAction\":[{\"@type\":\"SearchAction\",\"target\":{\"@type\":\"EntryPoint\",\"urlTemplate\":\"https:\/\/www.emballagedigest.fr\/?s={search_term_string}\"},\"query-input\":{\"@type\":\"PropertyValueSpecification\",\"valueRequired\":true,\"valueName\":\"search_term_string\"}}],\"inLanguage\":\"en-GB\"},{\"@type\":\"Organization\",\"@id\":\"https:\/\/www.emballagedigest.fr\/#organization\",\"name\":\"Emballage Digest\",\"url\":\"https:\/\/www.emballagedigest.fr\/\",\"logo\":{\"@type\":\"ImageObject\",\"inLanguage\":\"en-GB\",\"@id\":\"https:\/\/www.emballagedigest.fr\/#\/schema\/logo\/image\/\",\"url\":\"https:\/\/www.emballagedigest.fr\/wp-content\/uploads\/2022\/07\/logo-ed.png\",\"contentUrl\":\"https:\/\/www.emballagedigest.fr\/wp-content\/uploads\/2022\/07\/logo-ed.png\",\"width\":379,\"height\":75,\"caption\":\"Emballage Digest\"},\"image\":{\"@id\":\"https:\/\/www.emballagedigest.fr\/#\/schema\/logo\/image\/\"}},{\"@type\":\"Person\",\"@id\":\"https:\/\/www.emballagedigest.fr\/#\/schema\/person\/d01fbac1f378e2f5e4096082cdf68ae5\",\"name\":\"admin_thopel\",\"image\":{\"@type\":\"ImageObject\",\"inLanguage\":\"en-GB\",\"@id\":\"https:\/\/www.emballagedigest.fr\/#\/schema\/person\/image\/\",\"url\":\"https:\/\/secure.gravatar.com\/avatar\/6cf644f6475359b596b81b10a64f989df38f1238649f7e33f97f69519e42dfbf?s=96&d=mm&r=g\",\"contentUrl\":\"https:\/\/secure.gravatar.com\/avatar\/6cf644f6475359b596b81b10a64f989df38f1238649f7e33f97f69519e42dfbf?s=96&d=mm&r=g\",\"caption\":\"admin_thopel\"},\"sameAs\":[\"http:\/\/localhost:8787\/emballage_digest\"],\"url\":\"https:\/\/www.emballagedigest.fr\/en\/author\/admin_thopel\/\"}]}<\/script>\n<!-- \/ Yoast SEO plugin. -->","yoast_head_json":{"title":"Des calages sans plastique - Emballage Digest","robots":{"index":"index","follow":"follow","max-snippet":"max-snippet:-1","max-image-preview":"max-image-preview:large","max-video-preview":"max-video-preview:-1"},"canonical":"https:\/\/www.emballagedigest.fr\/en\/des-calages-sans-plastique\/","og_locale":"en_GB","og_type":"article","og_title":"Des calages sans plastique - Emballage Digest","og_description":"Sur les derniers salons de la fin 2019, l\u2019on pouvait voir sur les stands des fournisseurs de coffrets, plusieurs solutions de calage plus \u00ab\u00e9co-responsables\u00bb.","og_url":"https:\/\/www.emballagedigest.fr\/en\/des-calages-sans-plastique\/","og_site_name":"Emballage Digest","article_published_time":"2020-01-31T00:00:00+00:00","author":"admin_thopel","twitter_card":"summary_large_image","twitter_misc":{"Written by":"admin_thopel","Estimated reading time":"1 minute"},"schema":{"@context":"https:\/\/schema.org","@graph":[{"@type":"Article","@id":"https:\/\/www.emballagedigest.fr\/des-calages-sans-plastique\/#article","isPartOf":{"@id":"https:\/\/www.emballagedigest.fr\/des-calages-sans-plastique\/"},"author":{"name":"admin_thopel","@id":"https:\/\/www.emballagedigest.fr\/#\/schema\/person\/d01fbac1f378e2f5e4096082cdf68ae5"},"headline":"Des calages sans plastique","datePublished":"2020-01-31T00:00:00+00:00","mainEntityOfPage":{"@id":"https:\/\/www.emballagedigest.fr\/des-calages-sans-plastique\/"},"wordCount":261,"publisher":{"@id":"https:\/\/www.emballagedigest.fr\/#organization"},"image":{"@id":"https:\/\/www.emballagedigest.fr\/des-calages-sans-plastique\/#primaryimage"},"thumbnailUrl":"https:\/\/www.emballagedigest.fr\/wp-content\/uploads\/dotclear\/images\/2020\/REVUE\/janv\/12_19_cosmetopack1.jpg","articleSection":["Article entier","Parfumerie &amp; Cosm\u00e9tique"],"inLanguage":"en-GB"},{"@type":"WebPage","@id":"https:\/\/www.emballagedigest.fr\/des-calages-sans-plastique\/","url":"https:\/\/www.emballagedigest.fr\/des-calages-sans-plastique\/","name":"Des calages sans plastique - Emballage Digest","isPartOf":{"@id":"https:\/\/www.emballagedigest.fr\/#website"},"primaryImageOfPage":{"@id":"https:\/\/www.emballagedigest.fr\/des-calages-sans-plastique\/#primaryimage"},"image":{"@id":"https:\/\/www.emballagedigest.fr\/des-calages-sans-plastique\/#primaryimage"},"thumbnailUrl":"https:\/\/www.emballagedigest.fr\/wp-content\/uploads\/dotclear\/images\/2020\/REVUE\/janv\/12_19_cosmetopack1.jpg","datePublished":"2020-01-31T00:00:00+00:00","breadcrumb":{"@id":"https:\/\/www.emballagedigest.fr\/des-calages-sans-plastique\/#breadcrumb"},"inLanguage":"en-GB","potentialAction":[{"@type":"ReadAction","target":["https:\/\/www.emballagedigest.fr\/des-calages-sans-plastique\/"]}]},{"@type":"ImageObject","inLanguage":"en-GB","@id":"https:\/\/www.emballagedigest.fr\/des-calages-sans-plastique\/#primaryimage","url":"https:\/\/www.emballagedigest.fr\/wp-content\/uploads\/dotclear\/images\/2020\/REVUE\/janv\/12_19_cosmetopack1.jpg","contentUrl":"https:\/\/www.emballagedigest.fr\/wp-content\/uploads\/dotclear\/images\/2020\/REVUE\/janv\/12_19_cosmetopack1.jpg"},{"@type":"BreadcrumbList","@id":"https:\/\/www.emballagedigest.fr\/des-calages-sans-plastique\/#breadcrumb","itemListElement":[{"@type":"ListItem","position":1,"name":"Accueil","item":"https:\/\/www.emballagedigest.fr\/"},{"@type":"ListItem","position":2,"name":"Des calages sans plastique"}]},{"@type":"WebSite","@id":"https:\/\/www.emballagedigest.fr\/#website","url":"https:\/\/www.emballagedigest.fr\/","name":"Emballage Digest","description":"Revue professionnelle sur les emballages","publisher":{"@id":"https:\/\/www.emballagedigest.fr\/#organization"},"potentialAction":[{"@type":"SearchAction","target":{"@type":"EntryPoint","urlTemplate":"https:\/\/www.emballagedigest.fr\/?s={search_term_string}"},"query-input":{"@type":"PropertyValueSpecification","valueRequired":true,"valueName":"search_term_string"}}],"inLanguage":"en-GB"},{"@type":"Organization","@id":"https:\/\/www.emballagedigest.fr\/#organization","name":"Emballage Digest","url":"https:\/\/www.emballagedigest.fr\/","logo":{"@type":"ImageObject","inLanguage":"en-GB","@id":"https:\/\/www.emballagedigest.fr\/#\/schema\/logo\/image\/","url":"https:\/\/www.emballagedigest.fr\/wp-content\/uploads\/2022\/07\/logo-ed.png","contentUrl":"https:\/\/www.emballagedigest.fr\/wp-content\/uploads\/2022\/07\/logo-ed.png","width":379,"height":75,"caption":"Emballage Digest"},"image":{"@id":"https:\/\/www.emballagedigest.fr\/#\/schema\/logo\/image\/"}},{"@type":"Person","@id":"https:\/\/www.emballagedigest.fr\/#\/schema\/person\/d01fbac1f378e2f5e4096082cdf68ae5","name":"admin_thopel","image":{"@type":"ImageObject","inLanguage":"en-GB","@id":"https:\/\/www.emballagedigest.fr\/#\/schema\/person\/image\/","url":"https:\/\/secure.gravatar.com\/avatar\/6cf644f6475359b596b81b10a64f989df38f1238649f7e33f97f69519e42dfbf?s=96&d=mm&r=g","contentUrl":"https:\/\/secure.gravatar.com\/avatar\/6cf644f6475359b596b81b10a64f989df38f1238649f7e33f97f69519e42dfbf?s=96&d=mm&r=g","caption":"admin_thopel"},"sameAs":["http:\/\/localhost:8787\/emballage_digest"],"url":"https:\/\/www.emballagedigest.fr\/en\/author\/admin_thopel\/"}]}},"_links":{"self":[{"href":"https:\/\/www.emballagedigest.fr\/en\/wp-json\/wp\/v2\/posts\/21851","targetHints":{"allow":["GET"]}}],"collection":[{"href":"https:\/\/www.emballagedigest.fr\/en\/wp-json\/wp\/v2\/posts"}],"about":[{"href":"https:\/\/www.emballagedigest.fr\/en\/wp-json\/wp\/v2\/types\/post"}],"author":[{"embeddable":true,"href":"https:\/\/www.emballagedigest.fr\/en\/wp-json\/wp\/v2\/users\/1"}],"replies":[{"embeddable":true,"href":"https:\/\/www.emballagedigest.fr\/en\/wp-json\/wp\/v2\/comments?post=21851"}],"version-history":[{"count":0,"href":"https:\/\/www.emballagedigest.fr\/en\/wp-json\/wp\/v2\/posts\/21851\/revisions"}],"wp:featuredmedia":[{"embeddable":true,"href":"https:\/\/www.emballagedigest.fr\/en\/wp-json\/wp\/v2\/media\/31851"}],"wp:attachment":[{"href":"https:\/\/www.emballagedigest.fr\/en\/wp-json\/wp\/v2\/media?parent=21851"}],"wp:term":[{"taxonomy":"category","embeddable":true,"href":"https:\/\/www.emballagedigest.fr\/en\/wp-json\/wp\/v2\/categories?post=21851"},{"taxonomy":"post_tag","embeddable":true,"href":"https:\/\/www.emballagedigest.fr\/en\/wp-json\/wp\/v2\/tags?post=21851"}],"curies":[{"name":"wp","href":"https:\/\/api.w.org\/{rel}","templated":true}]}}