{"id":21891,"date":"2020-01-31T10:01:41","date_gmt":"2020-01-31T10:01:41","guid":{"rendered":"https:\/\/www.emballagedigest.fr\/?p=21891"},"modified":"2020-01-31T10:02:20","modified_gmt":"2020-01-31T10:02:20","slug":"theegarten-pactec-devoile-deux-nouvelles-machines","status":"publish","type":"post","link":"https:\/\/www.emballagedigest.fr\/en\/theegarten-pactec-devoile-deux-nouvelles-machines\/","title":{"rendered":"Theegarten-Pactec d\u00e9voile deux nouvelles machines"},"content":{"rendered":"<p>Le constructeur pr\u00e9sentera au prochain salon interpack 2020 deux nouvelles solutions.<\/p>\n<p>Tout d\u2019abord, la BLM (photo ci-dessus) est la premi\u00e8re encartonneuse de Theegarten-Pactec, \u00e0 cadence \u00e9lev\u00e9e d\u00e9di\u00e9e \u00e0 l\u2019emballage secondaire de petite et moyenne dimension, capable de traiter jusqu\u2019\u00e0 2 000 produits individuels (120 cartons) par minute.Elle peut \u00eatre combin\u00e9e \u00e0 la machine BCW3 d\u2019emballage primaire de son portefeuille. Sur le salon, sera expos\u00e9e la BCW3 associ\u00e9e \u00e0 la BLM pour l\u2019emballage de cubes de bouillon, d\u00e9montrant ainsi la capacit\u00e9 de la BLM \u00e0 mettre sous carton de petits produits \u00e0 haute cadence. <\/p>\n<p><img decoding=\"async\" src=\"https:\/\/www.emballagedigest.fr\/dotclear\/images\/2020\/BONUS\/janv\/thee_article2.jpg\" alt=\"Texte Alternatif\" style=\"float:left; margin: 0 1em 1em 0;\" \/>Autre nouveaut\u00e9&nbsp;: la CHS (photo \u00e0 gauche), machine d\u2019emballage modulaire haute performance pour produits chocolat\u00e9s. Cette derni\u00e8re r\u00e9f\u00e9rence est plus rapide&nbsp;: 1800 produits par minute au lieu des 1200 sur l\u2019ancienne version mais \u00e9galement plus flexible, car capable de s\u2019adapter \u00e0 diff\u00e9rentes tailles de produits en longueur, largeur et hauteur. La CHS offre aussi l\u2019avantage de pourvoir travailler plusieurs types de pliage possibles&nbsp;: double torsion, torsion prot\u00e9g\u00e9e, torsion sup\u00e9rieure, torsion lat\u00e9rale, estampage de feuilles, pliage en lettre, pliage inf\u00e9rieur, pliage lat\u00e9ral et emballage type \u00ab&nbsp;fruit viennois \u00bb. De plus, les changements de pliage et de format se font rapidement (4 heures) n\u00e9cessitant l\u2019intervention d\u2019un seul op\u00e9rateur, aid\u00e9 par un syst\u00e8me de guidage utilisateur int\u00e9gr\u00e9 \u00e0 la machine et par un syst\u00e8me d\u2019\u00e9clairage.<\/p>\n<p>Sur le stand, Theegarten-Pactec fera une d\u00e9monstration de la CHS avec des pralines au chocolat, conditionn\u00e9es \u00e0 une cadence de 1 600 produits par minute en pliage \u00ab&nbsp;Protected Twist \u00bb (double torsion scell\u00e9e). <\/p>\n<p><em>Reproduction interdite sauf accord \u00e9crit d&rsquo;Emballage Digest ou mention du support<\/em><\/p>","protected":false},"excerpt":{"rendered":"<p>Le constructeur pr\u00e9sentera au prochain salon interpack 2020 deux nouvelles solutions.<\/p>","protected":false},"author":1,"featured_media":31891,"comment_status":"closed","ping_status":"closed","sticky":false,"template":"","format":"standard","meta":{"_acf_changed":false,"inline_featured_image":false,"iawp_total_views":1,"footnotes":""},"categories":[28],"tags":[],"class_list":["post-21891","post","type-post","status-publish","format-standard","has-post-thumbnail","hentry","category-article-entier"],"acf":[],"yoast_head":"<!-- This site is optimized with the Yoast SEO plugin v24.4 - https:\/\/yoast.com\/wordpress\/plugins\/seo\/ -->\n<title>Theegarten-Pactec d\u00e9voile deux nouvelles machines - Emballage Digest<\/title>\n<meta name=\"robots\" content=\"index, follow, max-snippet:-1, max-image-preview:large, max-video-preview:-1\" \/>\n<link rel=\"canonical\" href=\"https:\/\/www.emballagedigest.fr\/en\/theegarten-pactec-devoile-deux-nouvelles-machines\/\" \/>\n<meta property=\"og:locale\" content=\"en_GB\" \/>\n<meta property=\"og:type\" content=\"article\" \/>\n<meta property=\"og:title\" content=\"Theegarten-Pactec d\u00e9voile deux nouvelles machines - Emballage Digest\" \/>\n<meta property=\"og:description\" content=\"Le constructeur pr\u00e9sentera au prochain salon interpack 2020 deux nouvelles solutions.\" \/>\n<meta property=\"og:url\" content=\"https:\/\/www.emballagedigest.fr\/en\/theegarten-pactec-devoile-deux-nouvelles-machines\/\" \/>\n<meta property=\"og:site_name\" content=\"Emballage Digest\" \/>\n<meta property=\"article:published_time\" content=\"2020-01-31T10:01:41+00:00\" \/>\n<meta property=\"article:modified_time\" content=\"2020-01-31T10:02:20+00:00\" \/>\n<meta name=\"author\" content=\"admin_thopel\" \/>\n<meta name=\"twitter:card\" content=\"summary_large_image\" \/>\n<meta name=\"twitter:label1\" content=\"Written by\" \/>\n\t<meta name=\"twitter:data1\" content=\"admin_thopel\" \/>\n\t<meta name=\"twitter:label2\" content=\"Estimated reading time\" \/>\n\t<meta name=\"twitter:data2\" content=\"1 minute\" \/>\n<script type=\"application\/ld+json\" class=\"yoast-schema-graph\">{\"@context\":\"https:\/\/schema.org\",\"@graph\":[{\"@type\":\"Article\",\"@id\":\"https:\/\/www.emballagedigest.fr\/theegarten-pactec-devoile-deux-nouvelles-machines\/#article\",\"isPartOf\":{\"@id\":\"https:\/\/www.emballagedigest.fr\/theegarten-pactec-devoile-deux-nouvelles-machines\/\"},\"author\":{\"name\":\"admin_thopel\",\"@id\":\"https:\/\/www.emballagedigest.fr\/#\/schema\/person\/d01fbac1f378e2f5e4096082cdf68ae5\"},\"headline\":\"Theegarten-Pactec d\u00e9voile deux nouvelles machines\",\"datePublished\":\"2020-01-31T10:01:41+00:00\",\"dateModified\":\"2020-01-31T10:02:20+00:00\",\"mainEntityOfPage\":{\"@id\":\"https:\/\/www.emballagedigest.fr\/theegarten-pactec-devoile-deux-nouvelles-machines\/\"},\"wordCount\":290,\"publisher\":{\"@id\":\"https:\/\/www.emballagedigest.fr\/#organization\"},\"image\":{\"@id\":\"https:\/\/www.emballagedigest.fr\/theegarten-pactec-devoile-deux-nouvelles-machines\/#primaryimage\"},\"thumbnailUrl\":\"https:\/\/www.emballagedigest.fr\/wp-content\/uploads\/dotclear\/images\/2020\/BONUS\/janv\/thee_article1.jpg\",\"articleSection\":[\"Article entier\"],\"inLanguage\":\"en-GB\"},{\"@type\":\"WebPage\",\"@id\":\"https:\/\/www.emballagedigest.fr\/theegarten-pactec-devoile-deux-nouvelles-machines\/\",\"url\":\"https:\/\/www.emballagedigest.fr\/theegarten-pactec-devoile-deux-nouvelles-machines\/\",\"name\":\"Theegarten-Pactec d\u00e9voile deux nouvelles machines - Emballage Digest\",\"isPartOf\":{\"@id\":\"https:\/\/www.emballagedigest.fr\/#website\"},\"primaryImageOfPage\":{\"@id\":\"https:\/\/www.emballagedigest.fr\/theegarten-pactec-devoile-deux-nouvelles-machines\/#primaryimage\"},\"image\":{\"@id\":\"https:\/\/www.emballagedigest.fr\/theegarten-pactec-devoile-deux-nouvelles-machines\/#primaryimage\"},\"thumbnailUrl\":\"https:\/\/www.emballagedigest.fr\/wp-content\/uploads\/dotclear\/images\/2020\/BONUS\/janv\/thee_article1.jpg\",\"datePublished\":\"2020-01-31T10:01:41+00:00\",\"dateModified\":\"2020-01-31T10:02:20+00:00\",\"breadcrumb\":{\"@id\":\"https:\/\/www.emballagedigest.fr\/theegarten-pactec-devoile-deux-nouvelles-machines\/#breadcrumb\"},\"inLanguage\":\"en-GB\",\"potentialAction\":[{\"@type\":\"ReadAction\",\"target\":[\"https:\/\/www.emballagedigest.fr\/theegarten-pactec-devoile-deux-nouvelles-machines\/\"]}]},{\"@type\":\"ImageObject\",\"inLanguage\":\"en-GB\",\"@id\":\"https:\/\/www.emballagedigest.fr\/theegarten-pactec-devoile-deux-nouvelles-machines\/#primaryimage\",\"url\":\"https:\/\/www.emballagedigest.fr\/wp-content\/uploads\/dotclear\/images\/2020\/BONUS\/janv\/thee_article1.jpg\",\"contentUrl\":\"https:\/\/www.emballagedigest.fr\/wp-content\/uploads\/dotclear\/images\/2020\/BONUS\/janv\/thee_article1.jpg\"},{\"@type\":\"BreadcrumbList\",\"@id\":\"https:\/\/www.emballagedigest.fr\/theegarten-pactec-devoile-deux-nouvelles-machines\/#breadcrumb\",\"itemListElement\":[{\"@type\":\"ListItem\",\"position\":1,\"name\":\"Accueil\",\"item\":\"https:\/\/www.emballagedigest.fr\/\"},{\"@type\":\"ListItem\",\"position\":2,\"name\":\"Theegarten-Pactec d\u00e9voile deux nouvelles machines\"}]},{\"@type\":\"WebSite\",\"@id\":\"https:\/\/www.emballagedigest.fr\/#website\",\"url\":\"https:\/\/www.emballagedigest.fr\/\",\"name\":\"Emballage Digest\",\"description\":\"Revue professionnelle sur les emballages\",\"publisher\":{\"@id\":\"https:\/\/www.emballagedigest.fr\/#organization\"},\"potentialAction\":[{\"@type\":\"SearchAction\",\"target\":{\"@type\":\"EntryPoint\",\"urlTemplate\":\"https:\/\/www.emballagedigest.fr\/?s={search_term_string}\"},\"query-input\":{\"@type\":\"PropertyValueSpecification\",\"valueRequired\":true,\"valueName\":\"search_term_string\"}}],\"inLanguage\":\"en-GB\"},{\"@type\":\"Organization\",\"@id\":\"https:\/\/www.emballagedigest.fr\/#organization\",\"name\":\"Emballage Digest\",\"url\":\"https:\/\/www.emballagedigest.fr\/\",\"logo\":{\"@type\":\"ImageObject\",\"inLanguage\":\"en-GB\",\"@id\":\"https:\/\/www.emballagedigest.fr\/#\/schema\/logo\/image\/\",\"url\":\"https:\/\/www.emballagedigest.fr\/wp-content\/uploads\/2022\/07\/logo-ed.png\",\"contentUrl\":\"https:\/\/www.emballagedigest.fr\/wp-content\/uploads\/2022\/07\/logo-ed.png\",\"width\":379,\"height\":75,\"caption\":\"Emballage Digest\"},\"image\":{\"@id\":\"https:\/\/www.emballagedigest.fr\/#\/schema\/logo\/image\/\"}},{\"@type\":\"Person\",\"@id\":\"https:\/\/www.emballagedigest.fr\/#\/schema\/person\/d01fbac1f378e2f5e4096082cdf68ae5\",\"name\":\"admin_thopel\",\"image\":{\"@type\":\"ImageObject\",\"inLanguage\":\"en-GB\",\"@id\":\"https:\/\/www.emballagedigest.fr\/#\/schema\/person\/image\/\",\"url\":\"https:\/\/secure.gravatar.com\/avatar\/6cf644f6475359b596b81b10a64f989df38f1238649f7e33f97f69519e42dfbf?s=96&d=mm&r=g\",\"contentUrl\":\"https:\/\/secure.gravatar.com\/avatar\/6cf644f6475359b596b81b10a64f989df38f1238649f7e33f97f69519e42dfbf?s=96&d=mm&r=g\",\"caption\":\"admin_thopel\"},\"sameAs\":[\"http:\/\/localhost:8787\/emballage_digest\"],\"url\":\"https:\/\/www.emballagedigest.fr\/en\/author\/admin_thopel\/\"}]}<\/script>\n<!-- \/ Yoast SEO plugin. -->","yoast_head_json":{"title":"Theegarten-Pactec d\u00e9voile deux nouvelles machines - Emballage Digest","robots":{"index":"index","follow":"follow","max-snippet":"max-snippet:-1","max-image-preview":"max-image-preview:large","max-video-preview":"max-video-preview:-1"},"canonical":"https:\/\/www.emballagedigest.fr\/en\/theegarten-pactec-devoile-deux-nouvelles-machines\/","og_locale":"en_GB","og_type":"article","og_title":"Theegarten-Pactec d\u00e9voile deux nouvelles machines - Emballage Digest","og_description":"Le constructeur pr\u00e9sentera au prochain salon interpack 2020 deux nouvelles solutions.","og_url":"https:\/\/www.emballagedigest.fr\/en\/theegarten-pactec-devoile-deux-nouvelles-machines\/","og_site_name":"Emballage Digest","article_published_time":"2020-01-31T10:01:41+00:00","article_modified_time":"2020-01-31T10:02:20+00:00","author":"admin_thopel","twitter_card":"summary_large_image","twitter_misc":{"Written by":"admin_thopel","Estimated reading time":"1 minute"},"schema":{"@context":"https:\/\/schema.org","@graph":[{"@type":"Article","@id":"https:\/\/www.emballagedigest.fr\/theegarten-pactec-devoile-deux-nouvelles-machines\/#article","isPartOf":{"@id":"https:\/\/www.emballagedigest.fr\/theegarten-pactec-devoile-deux-nouvelles-machines\/"},"author":{"name":"admin_thopel","@id":"https:\/\/www.emballagedigest.fr\/#\/schema\/person\/d01fbac1f378e2f5e4096082cdf68ae5"},"headline":"Theegarten-Pactec d\u00e9voile deux nouvelles machines","datePublished":"2020-01-31T10:01:41+00:00","dateModified":"2020-01-31T10:02:20+00:00","mainEntityOfPage":{"@id":"https:\/\/www.emballagedigest.fr\/theegarten-pactec-devoile-deux-nouvelles-machines\/"},"wordCount":290,"publisher":{"@id":"https:\/\/www.emballagedigest.fr\/#organization"},"image":{"@id":"https:\/\/www.emballagedigest.fr\/theegarten-pactec-devoile-deux-nouvelles-machines\/#primaryimage"},"thumbnailUrl":"https:\/\/www.emballagedigest.fr\/wp-content\/uploads\/dotclear\/images\/2020\/BONUS\/janv\/thee_article1.jpg","articleSection":["Article entier"],"inLanguage":"en-GB"},{"@type":"WebPage","@id":"https:\/\/www.emballagedigest.fr\/theegarten-pactec-devoile-deux-nouvelles-machines\/","url":"https:\/\/www.emballagedigest.fr\/theegarten-pactec-devoile-deux-nouvelles-machines\/","name":"Theegarten-Pactec d\u00e9voile deux nouvelles machines - Emballage Digest","isPartOf":{"@id":"https:\/\/www.emballagedigest.fr\/#website"},"primaryImageOfPage":{"@id":"https:\/\/www.emballagedigest.fr\/theegarten-pactec-devoile-deux-nouvelles-machines\/#primaryimage"},"image":{"@id":"https:\/\/www.emballagedigest.fr\/theegarten-pactec-devoile-deux-nouvelles-machines\/#primaryimage"},"thumbnailUrl":"https:\/\/www.emballagedigest.fr\/wp-content\/uploads\/dotclear\/images\/2020\/BONUS\/janv\/thee_article1.jpg","datePublished":"2020-01-31T10:01:41+00:00","dateModified":"2020-01-31T10:02:20+00:00","breadcrumb":{"@id":"https:\/\/www.emballagedigest.fr\/theegarten-pactec-devoile-deux-nouvelles-machines\/#breadcrumb"},"inLanguage":"en-GB","potentialAction":[{"@type":"ReadAction","target":["https:\/\/www.emballagedigest.fr\/theegarten-pactec-devoile-deux-nouvelles-machines\/"]}]},{"@type":"ImageObject","inLanguage":"en-GB","@id":"https:\/\/www.emballagedigest.fr\/theegarten-pactec-devoile-deux-nouvelles-machines\/#primaryimage","url":"https:\/\/www.emballagedigest.fr\/wp-content\/uploads\/dotclear\/images\/2020\/BONUS\/janv\/thee_article1.jpg","contentUrl":"https:\/\/www.emballagedigest.fr\/wp-content\/uploads\/dotclear\/images\/2020\/BONUS\/janv\/thee_article1.jpg"},{"@type":"BreadcrumbList","@id":"https:\/\/www.emballagedigest.fr\/theegarten-pactec-devoile-deux-nouvelles-machines\/#breadcrumb","itemListElement":[{"@type":"ListItem","position":1,"name":"Accueil","item":"https:\/\/www.emballagedigest.fr\/"},{"@type":"ListItem","position":2,"name":"Theegarten-Pactec d\u00e9voile deux nouvelles machines"}]},{"@type":"WebSite","@id":"https:\/\/www.emballagedigest.fr\/#website","url":"https:\/\/www.emballagedigest.fr\/","name":"Emballage Digest","description":"Revue professionnelle sur les emballages","publisher":{"@id":"https:\/\/www.emballagedigest.fr\/#organization"},"potentialAction":[{"@type":"SearchAction","target":{"@type":"EntryPoint","urlTemplate":"https:\/\/www.emballagedigest.fr\/?s={search_term_string}"},"query-input":{"@type":"PropertyValueSpecification","valueRequired":true,"valueName":"search_term_string"}}],"inLanguage":"en-GB"},{"@type":"Organization","@id":"https:\/\/www.emballagedigest.fr\/#organization","name":"Emballage Digest","url":"https:\/\/www.emballagedigest.fr\/","logo":{"@type":"ImageObject","inLanguage":"en-GB","@id":"https:\/\/www.emballagedigest.fr\/#\/schema\/logo\/image\/","url":"https:\/\/www.emballagedigest.fr\/wp-content\/uploads\/2022\/07\/logo-ed.png","contentUrl":"https:\/\/www.emballagedigest.fr\/wp-content\/uploads\/2022\/07\/logo-ed.png","width":379,"height":75,"caption":"Emballage Digest"},"image":{"@id":"https:\/\/www.emballagedigest.fr\/#\/schema\/logo\/image\/"}},{"@type":"Person","@id":"https:\/\/www.emballagedigest.fr\/#\/schema\/person\/d01fbac1f378e2f5e4096082cdf68ae5","name":"admin_thopel","image":{"@type":"ImageObject","inLanguage":"en-GB","@id":"https:\/\/www.emballagedigest.fr\/#\/schema\/person\/image\/","url":"https:\/\/secure.gravatar.com\/avatar\/6cf644f6475359b596b81b10a64f989df38f1238649f7e33f97f69519e42dfbf?s=96&d=mm&r=g","contentUrl":"https:\/\/secure.gravatar.com\/avatar\/6cf644f6475359b596b81b10a64f989df38f1238649f7e33f97f69519e42dfbf?s=96&d=mm&r=g","caption":"admin_thopel"},"sameAs":["http:\/\/localhost:8787\/emballage_digest"],"url":"https:\/\/www.emballagedigest.fr\/en\/author\/admin_thopel\/"}]}},"_links":{"self":[{"href":"https:\/\/www.emballagedigest.fr\/en\/wp-json\/wp\/v2\/posts\/21891","targetHints":{"allow":["GET"]}}],"collection":[{"href":"https:\/\/www.emballagedigest.fr\/en\/wp-json\/wp\/v2\/posts"}],"about":[{"href":"https:\/\/www.emballagedigest.fr\/en\/wp-json\/wp\/v2\/types\/post"}],"author":[{"embeddable":true,"href":"https:\/\/www.emballagedigest.fr\/en\/wp-json\/wp\/v2\/users\/1"}],"replies":[{"embeddable":true,"href":"https:\/\/www.emballagedigest.fr\/en\/wp-json\/wp\/v2\/comments?post=21891"}],"version-history":[{"count":0,"href":"https:\/\/www.emballagedigest.fr\/en\/wp-json\/wp\/v2\/posts\/21891\/revisions"}],"wp:featuredmedia":[{"embeddable":true,"href":"https:\/\/www.emballagedigest.fr\/en\/wp-json\/wp\/v2\/media\/31891"}],"wp:attachment":[{"href":"https:\/\/www.emballagedigest.fr\/en\/wp-json\/wp\/v2\/media?parent=21891"}],"wp:term":[{"taxonomy":"category","embeddable":true,"href":"https:\/\/www.emballagedigest.fr\/en\/wp-json\/wp\/v2\/categories?post=21891"},{"taxonomy":"post_tag","embeddable":true,"href":"https:\/\/www.emballagedigest.fr\/en\/wp-json\/wp\/v2\/tags?post=21891"}],"curies":[{"name":"wp","href":"https:\/\/api.w.org\/{rel}","templated":true}]}}