{"id":21895,"date":"2020-02-03T09:47:19","date_gmt":"2020-02-03T09:47:19","guid":{"rendered":"https:\/\/www.emballagedigest.fr\/?p=21895"},"modified":"2020-02-03T09:47:19","modified_gmt":"2020-02-03T09:47:19","slug":"sick-lance-son-dernier-codeur-speetec","status":"publish","type":"post","link":"https:\/\/www.emballagedigest.fr\/en\/sick-lance-son-dernier-codeur-speetec\/","title":{"rendered":"Sick lance son dernier codeur Speetec"},"content":{"rendered":"<p>Pour la 22\u00e8me \u00e9dition du CFIA \u00e0 Rennes, Sick pr\u00e9sentera en avant-premi\u00e8re son tout dernier codeur incr\u00e9mental, le Speetec. Dot\u00e9 d\u2019une technologie laser de Classe 1 sans danger, ce codeur mesure la vitesse et le sens de d\u00e9filement de mat\u00e9riaux d\u2019emballage sans contact et quel que soit le mat\u00e9riau utilis\u00e9.<\/p>\n<p>D\u2019une part, il s\u2019affranchit ainsi de toute d\u00e9faillance m\u00e9canique de type glissement ou marquage qu\u2019occasionnent souvent les roues de mesure, pour un rendement optimal. D\u2019autre part, sa technologie laser lui permet de d\u00e9tecter tout type de mati\u00e8re (bois, papier, film plastique, etc.) quelle que soit sa surface (textur\u00e9e ou lisse), sa couleur ou sa r\u00e9flectivit\u00e9 (brillant ou mat) pour offrir une grande flexibilit\u00e9 de production aux industriels.<\/p>\n<p>Lors de l\u2019\u00e9tape d\u2019emballage, des bandes de mat\u00e9riaux sont achemin\u00e9es dans la machine pour \u00eatre fa\u00e7onn\u00e9es et coup\u00e9es. Pour g\u00e9rer et r\u00e9guler la vitesse de d\u00e9filement de la bande, les industriels de l\u2019agroalimentaire utilisent le plus souvent des roues de mesure. Ces syst\u00e8mes pr\u00e9sentent des inconv\u00e9nients telles que des glissements ou des traces de marquage laiss\u00e9es par la roue de mesure, affectant le rendement et la qualit\u00e9 d\u2019emballage final. Un inconv\u00e9nient d\u2019autant plus f\u00e2cheux pour certaines industries du luxe qui utilisent des mat\u00e9riaux d\u2019emballage fragiles, ou textur\u00e9s ou tr\u00e8s color\u00e9s. La technologie laser du Speetec pallie ces contraintes car il n\u2019y a pas de contact m\u00e9canique avec la bande d\u2019emballage. De plus cette nouvelle technologie est insensible aux couleurs, brillances et type de mati\u00e8res. <\/p>\n<p><em>Reproduction interdite sauf accord \u00e9crit d&rsquo;Emballage Digest ou mention du support<\/em><\/p>","protected":false},"excerpt":{"rendered":"<p>Pour la 22\u00e8me \u00e9dition du CFIA \u00e0 Rennes, Sick pr\u00e9sentera en avant-premi\u00e8re son tout dernier codeur incr\u00e9mental, le Speetec. Dot\u00e9 d\u2019une technologie laser de Classe 1 sans danger, ce codeur mesure la vitesse et le sens de d\u00e9filement de mat\u00e9riaux d\u2019emballage sans contact et quel que soit le mat\u00e9riau utilis\u00e9.<\/p>","protected":false},"author":1,"featured_media":31895,"comment_status":"closed","ping_status":"closed","sticky":false,"template":"","format":"standard","meta":{"_acf_changed":false,"inline_featured_image":false,"iawp_total_views":0,"footnotes":""},"categories":[5,28,11],"tags":[],"class_list":["post-21895","post","type-post","status-publish","format-standard","has-post-thumbnail","hentry","category-alimentaire","category-article-entier","category-emballages"],"acf":[],"yoast_head":"<!-- This site is optimized with the Yoast SEO plugin v24.4 - https:\/\/yoast.com\/wordpress\/plugins\/seo\/ -->\n<title>Sick lance son dernier codeur Speetec - Emballage Digest<\/title>\n<meta name=\"robots\" content=\"index, follow, max-snippet:-1, max-image-preview:large, max-video-preview:-1\" \/>\n<link rel=\"canonical\" href=\"https:\/\/www.emballagedigest.fr\/en\/sick-lance-son-dernier-codeur-speetec\/\" \/>\n<meta property=\"og:locale\" content=\"en_GB\" \/>\n<meta property=\"og:type\" content=\"article\" \/>\n<meta property=\"og:title\" content=\"Sick lance son dernier codeur Speetec - Emballage Digest\" \/>\n<meta property=\"og:description\" content=\"Pour la 22\u00e8me \u00e9dition du CFIA \u00e0 Rennes, Sick pr\u00e9sentera en avant-premi\u00e8re son tout dernier codeur incr\u00e9mental, le Speetec. Dot\u00e9 d\u2019une technologie laser de Classe 1 sans danger, ce codeur mesure la vitesse et le sens de d\u00e9filement de mat\u00e9riaux d\u2019emballage sans contact et quel que soit le mat\u00e9riau utilis\u00e9.\" \/>\n<meta property=\"og:url\" content=\"https:\/\/www.emballagedigest.fr\/en\/sick-lance-son-dernier-codeur-speetec\/\" \/>\n<meta property=\"og:site_name\" content=\"Emballage Digest\" \/>\n<meta property=\"article:published_time\" content=\"2020-02-03T09:47:19+00:00\" \/>\n<meta name=\"author\" content=\"admin_thopel\" \/>\n<meta name=\"twitter:card\" content=\"summary_large_image\" \/>\n<meta name=\"twitter:label1\" content=\"Written by\" \/>\n\t<meta name=\"twitter:data1\" content=\"admin_thopel\" \/>\n\t<meta name=\"twitter:label2\" content=\"Estimated reading time\" \/>\n\t<meta name=\"twitter:data2\" content=\"1 minute\" \/>\n<script type=\"application\/ld+json\" class=\"yoast-schema-graph\">{\"@context\":\"https:\/\/schema.org\",\"@graph\":[{\"@type\":\"Article\",\"@id\":\"https:\/\/www.emballagedigest.fr\/sick-lance-son-dernier-codeur-speetec\/#article\",\"isPartOf\":{\"@id\":\"https:\/\/www.emballagedigest.fr\/sick-lance-son-dernier-codeur-speetec\/\"},\"author\":{\"name\":\"admin_thopel\",\"@id\":\"https:\/\/www.emballagedigest.fr\/#\/schema\/person\/d01fbac1f378e2f5e4096082cdf68ae5\"},\"headline\":\"Sick lance son dernier codeur Speetec\",\"datePublished\":\"2020-02-03T09:47:19+00:00\",\"mainEntityOfPage\":{\"@id\":\"https:\/\/www.emballagedigest.fr\/sick-lance-son-dernier-codeur-speetec\/\"},\"wordCount\":303,\"publisher\":{\"@id\":\"https:\/\/www.emballagedigest.fr\/#organization\"},\"image\":{\"@id\":\"https:\/\/www.emballagedigest.fr\/sick-lance-son-dernier-codeur-speetec\/#primaryimage\"},\"thumbnailUrl\":\"https:\/\/www.emballagedigest.fr\/wp-content\/uploads\/dotclear\/images\/2020\/BONUS\/fev\/sick_article.jpg\",\"articleSection\":[\"Alimentaire\",\"Article entier\",\"Emballages\"],\"inLanguage\":\"en-GB\"},{\"@type\":\"WebPage\",\"@id\":\"https:\/\/www.emballagedigest.fr\/sick-lance-son-dernier-codeur-speetec\/\",\"url\":\"https:\/\/www.emballagedigest.fr\/sick-lance-son-dernier-codeur-speetec\/\",\"name\":\"Sick lance son dernier codeur Speetec - Emballage Digest\",\"isPartOf\":{\"@id\":\"https:\/\/www.emballagedigest.fr\/#website\"},\"primaryImageOfPage\":{\"@id\":\"https:\/\/www.emballagedigest.fr\/sick-lance-son-dernier-codeur-speetec\/#primaryimage\"},\"image\":{\"@id\":\"https:\/\/www.emballagedigest.fr\/sick-lance-son-dernier-codeur-speetec\/#primaryimage\"},\"thumbnailUrl\":\"https:\/\/www.emballagedigest.fr\/wp-content\/uploads\/dotclear\/images\/2020\/BONUS\/fev\/sick_article.jpg\",\"datePublished\":\"2020-02-03T09:47:19+00:00\",\"breadcrumb\":{\"@id\":\"https:\/\/www.emballagedigest.fr\/sick-lance-son-dernier-codeur-speetec\/#breadcrumb\"},\"inLanguage\":\"en-GB\",\"potentialAction\":[{\"@type\":\"ReadAction\",\"target\":[\"https:\/\/www.emballagedigest.fr\/sick-lance-son-dernier-codeur-speetec\/\"]}]},{\"@type\":\"ImageObject\",\"inLanguage\":\"en-GB\",\"@id\":\"https:\/\/www.emballagedigest.fr\/sick-lance-son-dernier-codeur-speetec\/#primaryimage\",\"url\":\"https:\/\/www.emballagedigest.fr\/wp-content\/uploads\/dotclear\/images\/2020\/BONUS\/fev\/sick_article.jpg\",\"contentUrl\":\"https:\/\/www.emballagedigest.fr\/wp-content\/uploads\/dotclear\/images\/2020\/BONUS\/fev\/sick_article.jpg\"},{\"@type\":\"BreadcrumbList\",\"@id\":\"https:\/\/www.emballagedigest.fr\/sick-lance-son-dernier-codeur-speetec\/#breadcrumb\",\"itemListElement\":[{\"@type\":\"ListItem\",\"position\":1,\"name\":\"Accueil\",\"item\":\"https:\/\/www.emballagedigest.fr\/\"},{\"@type\":\"ListItem\",\"position\":2,\"name\":\"Sick lance son dernier codeur Speetec\"}]},{\"@type\":\"WebSite\",\"@id\":\"https:\/\/www.emballagedigest.fr\/#website\",\"url\":\"https:\/\/www.emballagedigest.fr\/\",\"name\":\"Emballage Digest\",\"description\":\"Revue professionnelle sur les emballages\",\"publisher\":{\"@id\":\"https:\/\/www.emballagedigest.fr\/#organization\"},\"potentialAction\":[{\"@type\":\"SearchAction\",\"target\":{\"@type\":\"EntryPoint\",\"urlTemplate\":\"https:\/\/www.emballagedigest.fr\/?s={search_term_string}\"},\"query-input\":{\"@type\":\"PropertyValueSpecification\",\"valueRequired\":true,\"valueName\":\"search_term_string\"}}],\"inLanguage\":\"en-GB\"},{\"@type\":\"Organization\",\"@id\":\"https:\/\/www.emballagedigest.fr\/#organization\",\"name\":\"Emballage Digest\",\"url\":\"https:\/\/www.emballagedigest.fr\/\",\"logo\":{\"@type\":\"ImageObject\",\"inLanguage\":\"en-GB\",\"@id\":\"https:\/\/www.emballagedigest.fr\/#\/schema\/logo\/image\/\",\"url\":\"https:\/\/www.emballagedigest.fr\/wp-content\/uploads\/2022\/07\/logo-ed.png\",\"contentUrl\":\"https:\/\/www.emballagedigest.fr\/wp-content\/uploads\/2022\/07\/logo-ed.png\",\"width\":379,\"height\":75,\"caption\":\"Emballage Digest\"},\"image\":{\"@id\":\"https:\/\/www.emballagedigest.fr\/#\/schema\/logo\/image\/\"}},{\"@type\":\"Person\",\"@id\":\"https:\/\/www.emballagedigest.fr\/#\/schema\/person\/d01fbac1f378e2f5e4096082cdf68ae5\",\"name\":\"admin_thopel\",\"image\":{\"@type\":\"ImageObject\",\"inLanguage\":\"en-GB\",\"@id\":\"https:\/\/www.emballagedigest.fr\/#\/schema\/person\/image\/\",\"url\":\"https:\/\/secure.gravatar.com\/avatar\/6cf644f6475359b596b81b10a64f989df38f1238649f7e33f97f69519e42dfbf?s=96&d=mm&r=g\",\"contentUrl\":\"https:\/\/secure.gravatar.com\/avatar\/6cf644f6475359b596b81b10a64f989df38f1238649f7e33f97f69519e42dfbf?s=96&d=mm&r=g\",\"caption\":\"admin_thopel\"},\"sameAs\":[\"http:\/\/localhost:8787\/emballage_digest\"],\"url\":\"https:\/\/www.emballagedigest.fr\/en\/author\/admin_thopel\/\"}]}<\/script>\n<!-- \/ Yoast SEO plugin. -->","yoast_head_json":{"title":"Sick lance son dernier codeur Speetec - Emballage Digest","robots":{"index":"index","follow":"follow","max-snippet":"max-snippet:-1","max-image-preview":"max-image-preview:large","max-video-preview":"max-video-preview:-1"},"canonical":"https:\/\/www.emballagedigest.fr\/en\/sick-lance-son-dernier-codeur-speetec\/","og_locale":"en_GB","og_type":"article","og_title":"Sick lance son dernier codeur Speetec - Emballage Digest","og_description":"Pour la 22\u00e8me \u00e9dition du CFIA \u00e0 Rennes, Sick pr\u00e9sentera en avant-premi\u00e8re son tout dernier codeur incr\u00e9mental, le Speetec. Dot\u00e9 d\u2019une technologie laser de Classe 1 sans danger, ce codeur mesure la vitesse et le sens de d\u00e9filement de mat\u00e9riaux d\u2019emballage sans contact et quel que soit le mat\u00e9riau utilis\u00e9.","og_url":"https:\/\/www.emballagedigest.fr\/en\/sick-lance-son-dernier-codeur-speetec\/","og_site_name":"Emballage Digest","article_published_time":"2020-02-03T09:47:19+00:00","author":"admin_thopel","twitter_card":"summary_large_image","twitter_misc":{"Written by":"admin_thopel","Estimated reading time":"1 minute"},"schema":{"@context":"https:\/\/schema.org","@graph":[{"@type":"Article","@id":"https:\/\/www.emballagedigest.fr\/sick-lance-son-dernier-codeur-speetec\/#article","isPartOf":{"@id":"https:\/\/www.emballagedigest.fr\/sick-lance-son-dernier-codeur-speetec\/"},"author":{"name":"admin_thopel","@id":"https:\/\/www.emballagedigest.fr\/#\/schema\/person\/d01fbac1f378e2f5e4096082cdf68ae5"},"headline":"Sick lance son dernier codeur Speetec","datePublished":"2020-02-03T09:47:19+00:00","mainEntityOfPage":{"@id":"https:\/\/www.emballagedigest.fr\/sick-lance-son-dernier-codeur-speetec\/"},"wordCount":303,"publisher":{"@id":"https:\/\/www.emballagedigest.fr\/#organization"},"image":{"@id":"https:\/\/www.emballagedigest.fr\/sick-lance-son-dernier-codeur-speetec\/#primaryimage"},"thumbnailUrl":"https:\/\/www.emballagedigest.fr\/wp-content\/uploads\/dotclear\/images\/2020\/BONUS\/fev\/sick_article.jpg","articleSection":["Alimentaire","Article entier","Emballages"],"inLanguage":"en-GB"},{"@type":"WebPage","@id":"https:\/\/www.emballagedigest.fr\/sick-lance-son-dernier-codeur-speetec\/","url":"https:\/\/www.emballagedigest.fr\/sick-lance-son-dernier-codeur-speetec\/","name":"Sick lance son dernier codeur Speetec - Emballage Digest","isPartOf":{"@id":"https:\/\/www.emballagedigest.fr\/#website"},"primaryImageOfPage":{"@id":"https:\/\/www.emballagedigest.fr\/sick-lance-son-dernier-codeur-speetec\/#primaryimage"},"image":{"@id":"https:\/\/www.emballagedigest.fr\/sick-lance-son-dernier-codeur-speetec\/#primaryimage"},"thumbnailUrl":"https:\/\/www.emballagedigest.fr\/wp-content\/uploads\/dotclear\/images\/2020\/BONUS\/fev\/sick_article.jpg","datePublished":"2020-02-03T09:47:19+00:00","breadcrumb":{"@id":"https:\/\/www.emballagedigest.fr\/sick-lance-son-dernier-codeur-speetec\/#breadcrumb"},"inLanguage":"en-GB","potentialAction":[{"@type":"ReadAction","target":["https:\/\/www.emballagedigest.fr\/sick-lance-son-dernier-codeur-speetec\/"]}]},{"@type":"ImageObject","inLanguage":"en-GB","@id":"https:\/\/www.emballagedigest.fr\/sick-lance-son-dernier-codeur-speetec\/#primaryimage","url":"https:\/\/www.emballagedigest.fr\/wp-content\/uploads\/dotclear\/images\/2020\/BONUS\/fev\/sick_article.jpg","contentUrl":"https:\/\/www.emballagedigest.fr\/wp-content\/uploads\/dotclear\/images\/2020\/BONUS\/fev\/sick_article.jpg"},{"@type":"BreadcrumbList","@id":"https:\/\/www.emballagedigest.fr\/sick-lance-son-dernier-codeur-speetec\/#breadcrumb","itemListElement":[{"@type":"ListItem","position":1,"name":"Accueil","item":"https:\/\/www.emballagedigest.fr\/"},{"@type":"ListItem","position":2,"name":"Sick lance son dernier codeur Speetec"}]},{"@type":"WebSite","@id":"https:\/\/www.emballagedigest.fr\/#website","url":"https:\/\/www.emballagedigest.fr\/","name":"Emballage Digest","description":"Revue professionnelle sur les emballages","publisher":{"@id":"https:\/\/www.emballagedigest.fr\/#organization"},"potentialAction":[{"@type":"SearchAction","target":{"@type":"EntryPoint","urlTemplate":"https:\/\/www.emballagedigest.fr\/?s={search_term_string}"},"query-input":{"@type":"PropertyValueSpecification","valueRequired":true,"valueName":"search_term_string"}}],"inLanguage":"en-GB"},{"@type":"Organization","@id":"https:\/\/www.emballagedigest.fr\/#organization","name":"Emballage Digest","url":"https:\/\/www.emballagedigest.fr\/","logo":{"@type":"ImageObject","inLanguage":"en-GB","@id":"https:\/\/www.emballagedigest.fr\/#\/schema\/logo\/image\/","url":"https:\/\/www.emballagedigest.fr\/wp-content\/uploads\/2022\/07\/logo-ed.png","contentUrl":"https:\/\/www.emballagedigest.fr\/wp-content\/uploads\/2022\/07\/logo-ed.png","width":379,"height":75,"caption":"Emballage Digest"},"image":{"@id":"https:\/\/www.emballagedigest.fr\/#\/schema\/logo\/image\/"}},{"@type":"Person","@id":"https:\/\/www.emballagedigest.fr\/#\/schema\/person\/d01fbac1f378e2f5e4096082cdf68ae5","name":"admin_thopel","image":{"@type":"ImageObject","inLanguage":"en-GB","@id":"https:\/\/www.emballagedigest.fr\/#\/schema\/person\/image\/","url":"https:\/\/secure.gravatar.com\/avatar\/6cf644f6475359b596b81b10a64f989df38f1238649f7e33f97f69519e42dfbf?s=96&d=mm&r=g","contentUrl":"https:\/\/secure.gravatar.com\/avatar\/6cf644f6475359b596b81b10a64f989df38f1238649f7e33f97f69519e42dfbf?s=96&d=mm&r=g","caption":"admin_thopel"},"sameAs":["http:\/\/localhost:8787\/emballage_digest"],"url":"https:\/\/www.emballagedigest.fr\/en\/author\/admin_thopel\/"}]}},"_links":{"self":[{"href":"https:\/\/www.emballagedigest.fr\/en\/wp-json\/wp\/v2\/posts\/21895","targetHints":{"allow":["GET"]}}],"collection":[{"href":"https:\/\/www.emballagedigest.fr\/en\/wp-json\/wp\/v2\/posts"}],"about":[{"href":"https:\/\/www.emballagedigest.fr\/en\/wp-json\/wp\/v2\/types\/post"}],"author":[{"embeddable":true,"href":"https:\/\/www.emballagedigest.fr\/en\/wp-json\/wp\/v2\/users\/1"}],"replies":[{"embeddable":true,"href":"https:\/\/www.emballagedigest.fr\/en\/wp-json\/wp\/v2\/comments?post=21895"}],"version-history":[{"count":0,"href":"https:\/\/www.emballagedigest.fr\/en\/wp-json\/wp\/v2\/posts\/21895\/revisions"}],"wp:featuredmedia":[{"embeddable":true,"href":"https:\/\/www.emballagedigest.fr\/en\/wp-json\/wp\/v2\/media\/31895"}],"wp:attachment":[{"href":"https:\/\/www.emballagedigest.fr\/en\/wp-json\/wp\/v2\/media?parent=21895"}],"wp:term":[{"taxonomy":"category","embeddable":true,"href":"https:\/\/www.emballagedigest.fr\/en\/wp-json\/wp\/v2\/categories?post=21895"},{"taxonomy":"post_tag","embeddable":true,"href":"https:\/\/www.emballagedigest.fr\/en\/wp-json\/wp\/v2\/tags?post=21895"}],"curies":[{"name":"wp","href":"https:\/\/api.w.org\/{rel}","templated":true}]}}