{"id":21899,"date":"2020-02-05T09:17:56","date_gmt":"2020-02-05T09:17:56","guid":{"rendered":"https:\/\/www.emballagedigest.fr\/?p=21899"},"modified":"2020-02-05T09:18:20","modified_gmt":"2020-02-05T09:18:20","slug":"un-module-standard-de-sterilisation-d-emballage-par-lumiere-pulsee","status":"publish","type":"post","link":"https:\/\/www.emballagedigest.fr\/en\/un-module-standard-de-sterilisation-d-emballage-par-lumiere-pulsee\/","title":{"rendered":"Un module standard de st\u00e9rilisation d\u2019emballage par lumi\u00e8re puls\u00e9e"},"content":{"rendered":"<p>Claranor, expert depuis dix ans dans l\u2019industrialisation de la st\u00e9rilisation par lumi\u00e8re puls\u00e9e pour l\u2019industrie agro-alimentaire, con\u00e7oit et fabrique des unit\u00e9s de st\u00e9rilisation \u00e0 fa\u00e7on. A l\u2019occasion du prochain salon CFIA Rennes, la soci\u00e9t\u00e9 d\u00e9voilera le Claranor In-line, un module de d\u00e9contamination \u00abpr\u00eat \u00e0 int\u00e9grer\u00bb qui permet de standardiser, pour les \u00e9quipementiers et les fabricants, l\u2019int\u00e9gration de la solution lumi\u00e8re puls\u00e9e Claranor sur les lignes de remplissage.<\/p>\n<p>Compact (600 X 160 x 120 mm), Claranor In-line est aussi polyvalent (st\u00e9rilisation s\u00e8che des pots ou films) tout en \u00e9tant directement contr\u00f4l\u00e9 par l\u2019IHM de la ligne pour une parfaite synchronisation. Il s\u2019int\u00e8gre aussi bien \u00e0 une nouvelle ligne qu\u2019\u00e0 une ligne existante, tout en \u00e9tant peu \u00e9nergivore.<\/p>\n<p>Le module permet aux OEM d\u2019int\u00e9grer directement l\u2019efficacit\u00e9 de la Lumi\u00e8re Puls\u00e9e Claranor sur leur ligne de remplissage sans avoir \u00e0 acheter un \u00e9quipement complet de d\u00e9contamination. Il offre aux industriels une solution \u00e9cologique et \u00e9conomique pour garantir la qualit\u00e9 microbiologique de leurs emballages et prot\u00e9ger leur produit et leur marque.<\/p>\n<p><em>Reproduction interdite sauf accord \u00e9crit d&rsquo;Emballage Digest ou mention du support<\/em><\/p>","protected":false},"excerpt":{"rendered":"<p>Claranor, expert depuis dix ans dans l\u2019industrialisation de la st\u00e9rilisation par lumi\u00e8re puls\u00e9e pour l\u2019industrie agro-alimentaire, con\u00e7oit et fabrique des unit\u00e9s de st\u00e9rilisation \u00e0 fa\u00e7on. A l\u2019occasion du prochain salon CFIA Rennes, la soci\u00e9t\u00e9 d\u00e9voilera le Claranor In-line, un module de d\u00e9contamination \u00abpr\u00eat \u00e0 int\u00e9grer\u00bb qui permet de standardiser, pour les \u00e9quipementiers et les fabricants, l\u2019int\u00e9gration de la solution lumi\u00e8re puls\u00e9e Claranor sur les lignes de remplissage.<\/p>","protected":false},"author":1,"featured_media":31899,"comment_status":"closed","ping_status":"closed","sticky":false,"template":"","format":"standard","meta":{"_acf_changed":false,"inline_featured_image":false,"iawp_total_views":0,"footnotes":""},"categories":[5,28],"tags":[],"class_list":["post-21899","post","type-post","status-publish","format-standard","has-post-thumbnail","hentry","category-alimentaire","category-article-entier"],"acf":[],"yoast_head":"<!-- This site is optimized with the Yoast SEO plugin v24.4 - https:\/\/yoast.com\/wordpress\/plugins\/seo\/ -->\n<title>Un module standard de st\u00e9rilisation d\u2019emballage par lumi\u00e8re puls\u00e9e - Emballage Digest<\/title>\n<meta name=\"robots\" content=\"index, follow, max-snippet:-1, max-image-preview:large, max-video-preview:-1\" \/>\n<link rel=\"canonical\" href=\"https:\/\/www.emballagedigest.fr\/en\/un-module-standard-de-sterilisation-d-emballage-par-lumiere-pulsee\/\" \/>\n<meta property=\"og:locale\" content=\"en_GB\" \/>\n<meta property=\"og:type\" content=\"article\" \/>\n<meta property=\"og:title\" content=\"Un module standard de st\u00e9rilisation d\u2019emballage par lumi\u00e8re puls\u00e9e - Emballage Digest\" \/>\n<meta property=\"og:description\" content=\"Claranor, expert depuis dix ans dans l\u2019industrialisation de la st\u00e9rilisation par lumi\u00e8re puls\u00e9e pour l\u2019industrie agro-alimentaire, con\u00e7oit et fabrique des unit\u00e9s de st\u00e9rilisation \u00e0 fa\u00e7on. A l\u2019occasion du prochain salon CFIA Rennes, la soci\u00e9t\u00e9 d\u00e9voilera le Claranor In-line, un module de d\u00e9contamination \u00abpr\u00eat \u00e0 int\u00e9grer\u00bb qui permet de standardiser, pour les \u00e9quipementiers et les fabricants, l\u2019int\u00e9gration de la solution lumi\u00e8re puls\u00e9e Claranor sur les lignes de remplissage.\" \/>\n<meta property=\"og:url\" content=\"https:\/\/www.emballagedigest.fr\/en\/un-module-standard-de-sterilisation-d-emballage-par-lumiere-pulsee\/\" \/>\n<meta property=\"og:site_name\" content=\"Emballage Digest\" \/>\n<meta property=\"article:published_time\" content=\"2020-02-05T09:17:56+00:00\" \/>\n<meta property=\"article:modified_time\" content=\"2020-02-05T09:18:20+00:00\" \/>\n<meta name=\"author\" content=\"admin_thopel\" \/>\n<meta name=\"twitter:card\" content=\"summary_large_image\" \/>\n<meta name=\"twitter:label1\" content=\"Written by\" \/>\n\t<meta name=\"twitter:data1\" content=\"admin_thopel\" \/>\n\t<meta name=\"twitter:label2\" content=\"Estimated reading time\" \/>\n\t<meta name=\"twitter:data2\" content=\"1 minute\" \/>\n<script type=\"application\/ld+json\" class=\"yoast-schema-graph\">{\"@context\":\"https:\/\/schema.org\",\"@graph\":[{\"@type\":\"Article\",\"@id\":\"https:\/\/www.emballagedigest.fr\/un-module-standard-de-sterilisation-d-emballage-par-lumiere-pulsee\/#article\",\"isPartOf\":{\"@id\":\"https:\/\/www.emballagedigest.fr\/un-module-standard-de-sterilisation-d-emballage-par-lumiere-pulsee\/\"},\"author\":{\"name\":\"admin_thopel\",\"@id\":\"https:\/\/www.emballagedigest.fr\/#\/schema\/person\/d01fbac1f378e2f5e4096082cdf68ae5\"},\"headline\":\"Un module standard de st\u00e9rilisation d\u2019emballage par lumi\u00e8re puls\u00e9e\",\"datePublished\":\"2020-02-05T09:17:56+00:00\",\"dateModified\":\"2020-02-05T09:18:20+00:00\",\"mainEntityOfPage\":{\"@id\":\"https:\/\/www.emballagedigest.fr\/un-module-standard-de-sterilisation-d-emballage-par-lumiere-pulsee\/\"},\"wordCount\":217,\"publisher\":{\"@id\":\"https:\/\/www.emballagedigest.fr\/#organization\"},\"image\":{\"@id\":\"https:\/\/www.emballagedigest.fr\/un-module-standard-de-sterilisation-d-emballage-par-lumiere-pulsee\/#primaryimage\"},\"thumbnailUrl\":\"https:\/\/www.emballagedigest.fr\/wp-content\/uploads\/dotclear\/images\/2020\/BONUS\/fev\/claranor_article.jpg\",\"articleSection\":[\"Alimentaire\",\"Article entier\"],\"inLanguage\":\"en-GB\"},{\"@type\":\"WebPage\",\"@id\":\"https:\/\/www.emballagedigest.fr\/un-module-standard-de-sterilisation-d-emballage-par-lumiere-pulsee\/\",\"url\":\"https:\/\/www.emballagedigest.fr\/un-module-standard-de-sterilisation-d-emballage-par-lumiere-pulsee\/\",\"name\":\"Un module standard de st\u00e9rilisation d\u2019emballage par lumi\u00e8re puls\u00e9e - Emballage Digest\",\"isPartOf\":{\"@id\":\"https:\/\/www.emballagedigest.fr\/#website\"},\"primaryImageOfPage\":{\"@id\":\"https:\/\/www.emballagedigest.fr\/un-module-standard-de-sterilisation-d-emballage-par-lumiere-pulsee\/#primaryimage\"},\"image\":{\"@id\":\"https:\/\/www.emballagedigest.fr\/un-module-standard-de-sterilisation-d-emballage-par-lumiere-pulsee\/#primaryimage\"},\"thumbnailUrl\":\"https:\/\/www.emballagedigest.fr\/wp-content\/uploads\/dotclear\/images\/2020\/BONUS\/fev\/claranor_article.jpg\",\"datePublished\":\"2020-02-05T09:17:56+00:00\",\"dateModified\":\"2020-02-05T09:18:20+00:00\",\"breadcrumb\":{\"@id\":\"https:\/\/www.emballagedigest.fr\/un-module-standard-de-sterilisation-d-emballage-par-lumiere-pulsee\/#breadcrumb\"},\"inLanguage\":\"en-GB\",\"potentialAction\":[{\"@type\":\"ReadAction\",\"target\":[\"https:\/\/www.emballagedigest.fr\/un-module-standard-de-sterilisation-d-emballage-par-lumiere-pulsee\/\"]}]},{\"@type\":\"ImageObject\",\"inLanguage\":\"en-GB\",\"@id\":\"https:\/\/www.emballagedigest.fr\/un-module-standard-de-sterilisation-d-emballage-par-lumiere-pulsee\/#primaryimage\",\"url\":\"https:\/\/www.emballagedigest.fr\/wp-content\/uploads\/dotclear\/images\/2020\/BONUS\/fev\/claranor_article.jpg\",\"contentUrl\":\"https:\/\/www.emballagedigest.fr\/wp-content\/uploads\/dotclear\/images\/2020\/BONUS\/fev\/claranor_article.jpg\"},{\"@type\":\"BreadcrumbList\",\"@id\":\"https:\/\/www.emballagedigest.fr\/un-module-standard-de-sterilisation-d-emballage-par-lumiere-pulsee\/#breadcrumb\",\"itemListElement\":[{\"@type\":\"ListItem\",\"position\":1,\"name\":\"Accueil\",\"item\":\"https:\/\/www.emballagedigest.fr\/\"},{\"@type\":\"ListItem\",\"position\":2,\"name\":\"Un module standard de st\u00e9rilisation d\u2019emballage par lumi\u00e8re puls\u00e9e\"}]},{\"@type\":\"WebSite\",\"@id\":\"https:\/\/www.emballagedigest.fr\/#website\",\"url\":\"https:\/\/www.emballagedigest.fr\/\",\"name\":\"Emballage Digest\",\"description\":\"Revue professionnelle sur les emballages\",\"publisher\":{\"@id\":\"https:\/\/www.emballagedigest.fr\/#organization\"},\"potentialAction\":[{\"@type\":\"SearchAction\",\"target\":{\"@type\":\"EntryPoint\",\"urlTemplate\":\"https:\/\/www.emballagedigest.fr\/?s={search_term_string}\"},\"query-input\":{\"@type\":\"PropertyValueSpecification\",\"valueRequired\":true,\"valueName\":\"search_term_string\"}}],\"inLanguage\":\"en-GB\"},{\"@type\":\"Organization\",\"@id\":\"https:\/\/www.emballagedigest.fr\/#organization\",\"name\":\"Emballage Digest\",\"url\":\"https:\/\/www.emballagedigest.fr\/\",\"logo\":{\"@type\":\"ImageObject\",\"inLanguage\":\"en-GB\",\"@id\":\"https:\/\/www.emballagedigest.fr\/#\/schema\/logo\/image\/\",\"url\":\"https:\/\/www.emballagedigest.fr\/wp-content\/uploads\/2022\/07\/logo-ed.png\",\"contentUrl\":\"https:\/\/www.emballagedigest.fr\/wp-content\/uploads\/2022\/07\/logo-ed.png\",\"width\":379,\"height\":75,\"caption\":\"Emballage Digest\"},\"image\":{\"@id\":\"https:\/\/www.emballagedigest.fr\/#\/schema\/logo\/image\/\"}},{\"@type\":\"Person\",\"@id\":\"https:\/\/www.emballagedigest.fr\/#\/schema\/person\/d01fbac1f378e2f5e4096082cdf68ae5\",\"name\":\"admin_thopel\",\"image\":{\"@type\":\"ImageObject\",\"inLanguage\":\"en-GB\",\"@id\":\"https:\/\/www.emballagedigest.fr\/#\/schema\/person\/image\/\",\"url\":\"https:\/\/secure.gravatar.com\/avatar\/6cf644f6475359b596b81b10a64f989df38f1238649f7e33f97f69519e42dfbf?s=96&d=mm&r=g\",\"contentUrl\":\"https:\/\/secure.gravatar.com\/avatar\/6cf644f6475359b596b81b10a64f989df38f1238649f7e33f97f69519e42dfbf?s=96&d=mm&r=g\",\"caption\":\"admin_thopel\"},\"sameAs\":[\"http:\/\/localhost:8787\/emballage_digest\"],\"url\":\"https:\/\/www.emballagedigest.fr\/en\/author\/admin_thopel\/\"}]}<\/script>\n<!-- \/ Yoast SEO plugin. -->","yoast_head_json":{"title":"Un module standard de st\u00e9rilisation d\u2019emballage par lumi\u00e8re puls\u00e9e - Emballage Digest","robots":{"index":"index","follow":"follow","max-snippet":"max-snippet:-1","max-image-preview":"max-image-preview:large","max-video-preview":"max-video-preview:-1"},"canonical":"https:\/\/www.emballagedigest.fr\/en\/un-module-standard-de-sterilisation-d-emballage-par-lumiere-pulsee\/","og_locale":"en_GB","og_type":"article","og_title":"Un module standard de st\u00e9rilisation d\u2019emballage par lumi\u00e8re puls\u00e9e - Emballage Digest","og_description":"Claranor, expert depuis dix ans dans l\u2019industrialisation de la st\u00e9rilisation par lumi\u00e8re puls\u00e9e pour l\u2019industrie agro-alimentaire, con\u00e7oit et fabrique des unit\u00e9s de st\u00e9rilisation \u00e0 fa\u00e7on. A l\u2019occasion du prochain salon CFIA Rennes, la soci\u00e9t\u00e9 d\u00e9voilera le Claranor In-line, un module de d\u00e9contamination \u00abpr\u00eat \u00e0 int\u00e9grer\u00bb qui permet de standardiser, pour les \u00e9quipementiers et les fabricants, l\u2019int\u00e9gration de la solution lumi\u00e8re puls\u00e9e Claranor sur les lignes de remplissage.","og_url":"https:\/\/www.emballagedigest.fr\/en\/un-module-standard-de-sterilisation-d-emballage-par-lumiere-pulsee\/","og_site_name":"Emballage Digest","article_published_time":"2020-02-05T09:17:56+00:00","article_modified_time":"2020-02-05T09:18:20+00:00","author":"admin_thopel","twitter_card":"summary_large_image","twitter_misc":{"Written by":"admin_thopel","Estimated reading time":"1 minute"},"schema":{"@context":"https:\/\/schema.org","@graph":[{"@type":"Article","@id":"https:\/\/www.emballagedigest.fr\/un-module-standard-de-sterilisation-d-emballage-par-lumiere-pulsee\/#article","isPartOf":{"@id":"https:\/\/www.emballagedigest.fr\/un-module-standard-de-sterilisation-d-emballage-par-lumiere-pulsee\/"},"author":{"name":"admin_thopel","@id":"https:\/\/www.emballagedigest.fr\/#\/schema\/person\/d01fbac1f378e2f5e4096082cdf68ae5"},"headline":"Un module standard de st\u00e9rilisation d\u2019emballage par lumi\u00e8re puls\u00e9e","datePublished":"2020-02-05T09:17:56+00:00","dateModified":"2020-02-05T09:18:20+00:00","mainEntityOfPage":{"@id":"https:\/\/www.emballagedigest.fr\/un-module-standard-de-sterilisation-d-emballage-par-lumiere-pulsee\/"},"wordCount":217,"publisher":{"@id":"https:\/\/www.emballagedigest.fr\/#organization"},"image":{"@id":"https:\/\/www.emballagedigest.fr\/un-module-standard-de-sterilisation-d-emballage-par-lumiere-pulsee\/#primaryimage"},"thumbnailUrl":"https:\/\/www.emballagedigest.fr\/wp-content\/uploads\/dotclear\/images\/2020\/BONUS\/fev\/claranor_article.jpg","articleSection":["Alimentaire","Article entier"],"inLanguage":"en-GB"},{"@type":"WebPage","@id":"https:\/\/www.emballagedigest.fr\/un-module-standard-de-sterilisation-d-emballage-par-lumiere-pulsee\/","url":"https:\/\/www.emballagedigest.fr\/un-module-standard-de-sterilisation-d-emballage-par-lumiere-pulsee\/","name":"Un module standard de st\u00e9rilisation d\u2019emballage par lumi\u00e8re puls\u00e9e - Emballage Digest","isPartOf":{"@id":"https:\/\/www.emballagedigest.fr\/#website"},"primaryImageOfPage":{"@id":"https:\/\/www.emballagedigest.fr\/un-module-standard-de-sterilisation-d-emballage-par-lumiere-pulsee\/#primaryimage"},"image":{"@id":"https:\/\/www.emballagedigest.fr\/un-module-standard-de-sterilisation-d-emballage-par-lumiere-pulsee\/#primaryimage"},"thumbnailUrl":"https:\/\/www.emballagedigest.fr\/wp-content\/uploads\/dotclear\/images\/2020\/BONUS\/fev\/claranor_article.jpg","datePublished":"2020-02-05T09:17:56+00:00","dateModified":"2020-02-05T09:18:20+00:00","breadcrumb":{"@id":"https:\/\/www.emballagedigest.fr\/un-module-standard-de-sterilisation-d-emballage-par-lumiere-pulsee\/#breadcrumb"},"inLanguage":"en-GB","potentialAction":[{"@type":"ReadAction","target":["https:\/\/www.emballagedigest.fr\/un-module-standard-de-sterilisation-d-emballage-par-lumiere-pulsee\/"]}]},{"@type":"ImageObject","inLanguage":"en-GB","@id":"https:\/\/www.emballagedigest.fr\/un-module-standard-de-sterilisation-d-emballage-par-lumiere-pulsee\/#primaryimage","url":"https:\/\/www.emballagedigest.fr\/wp-content\/uploads\/dotclear\/images\/2020\/BONUS\/fev\/claranor_article.jpg","contentUrl":"https:\/\/www.emballagedigest.fr\/wp-content\/uploads\/dotclear\/images\/2020\/BONUS\/fev\/claranor_article.jpg"},{"@type":"BreadcrumbList","@id":"https:\/\/www.emballagedigest.fr\/un-module-standard-de-sterilisation-d-emballage-par-lumiere-pulsee\/#breadcrumb","itemListElement":[{"@type":"ListItem","position":1,"name":"Accueil","item":"https:\/\/www.emballagedigest.fr\/"},{"@type":"ListItem","position":2,"name":"Un module standard de st\u00e9rilisation d\u2019emballage par lumi\u00e8re puls\u00e9e"}]},{"@type":"WebSite","@id":"https:\/\/www.emballagedigest.fr\/#website","url":"https:\/\/www.emballagedigest.fr\/","name":"Emballage Digest","description":"Revue professionnelle sur les emballages","publisher":{"@id":"https:\/\/www.emballagedigest.fr\/#organization"},"potentialAction":[{"@type":"SearchAction","target":{"@type":"EntryPoint","urlTemplate":"https:\/\/www.emballagedigest.fr\/?s={search_term_string}"},"query-input":{"@type":"PropertyValueSpecification","valueRequired":true,"valueName":"search_term_string"}}],"inLanguage":"en-GB"},{"@type":"Organization","@id":"https:\/\/www.emballagedigest.fr\/#organization","name":"Emballage Digest","url":"https:\/\/www.emballagedigest.fr\/","logo":{"@type":"ImageObject","inLanguage":"en-GB","@id":"https:\/\/www.emballagedigest.fr\/#\/schema\/logo\/image\/","url":"https:\/\/www.emballagedigest.fr\/wp-content\/uploads\/2022\/07\/logo-ed.png","contentUrl":"https:\/\/www.emballagedigest.fr\/wp-content\/uploads\/2022\/07\/logo-ed.png","width":379,"height":75,"caption":"Emballage Digest"},"image":{"@id":"https:\/\/www.emballagedigest.fr\/#\/schema\/logo\/image\/"}},{"@type":"Person","@id":"https:\/\/www.emballagedigest.fr\/#\/schema\/person\/d01fbac1f378e2f5e4096082cdf68ae5","name":"admin_thopel","image":{"@type":"ImageObject","inLanguage":"en-GB","@id":"https:\/\/www.emballagedigest.fr\/#\/schema\/person\/image\/","url":"https:\/\/secure.gravatar.com\/avatar\/6cf644f6475359b596b81b10a64f989df38f1238649f7e33f97f69519e42dfbf?s=96&d=mm&r=g","contentUrl":"https:\/\/secure.gravatar.com\/avatar\/6cf644f6475359b596b81b10a64f989df38f1238649f7e33f97f69519e42dfbf?s=96&d=mm&r=g","caption":"admin_thopel"},"sameAs":["http:\/\/localhost:8787\/emballage_digest"],"url":"https:\/\/www.emballagedigest.fr\/en\/author\/admin_thopel\/"}]}},"_links":{"self":[{"href":"https:\/\/www.emballagedigest.fr\/en\/wp-json\/wp\/v2\/posts\/21899","targetHints":{"allow":["GET"]}}],"collection":[{"href":"https:\/\/www.emballagedigest.fr\/en\/wp-json\/wp\/v2\/posts"}],"about":[{"href":"https:\/\/www.emballagedigest.fr\/en\/wp-json\/wp\/v2\/types\/post"}],"author":[{"embeddable":true,"href":"https:\/\/www.emballagedigest.fr\/en\/wp-json\/wp\/v2\/users\/1"}],"replies":[{"embeddable":true,"href":"https:\/\/www.emballagedigest.fr\/en\/wp-json\/wp\/v2\/comments?post=21899"}],"version-history":[{"count":0,"href":"https:\/\/www.emballagedigest.fr\/en\/wp-json\/wp\/v2\/posts\/21899\/revisions"}],"wp:featuredmedia":[{"embeddable":true,"href":"https:\/\/www.emballagedigest.fr\/en\/wp-json\/wp\/v2\/media\/31899"}],"wp:attachment":[{"href":"https:\/\/www.emballagedigest.fr\/en\/wp-json\/wp\/v2\/media?parent=21899"}],"wp:term":[{"taxonomy":"category","embeddable":true,"href":"https:\/\/www.emballagedigest.fr\/en\/wp-json\/wp\/v2\/categories?post=21899"},{"taxonomy":"post_tag","embeddable":true,"href":"https:\/\/www.emballagedigest.fr\/en\/wp-json\/wp\/v2\/tags?post=21899"}],"curies":[{"name":"wp","href":"https:\/\/api.w.org\/{rel}","templated":true}]}}