{"id":21900,"date":"2020-02-06T09:01:34","date_gmt":"2020-02-06T09:01:34","guid":{"rendered":"https:\/\/www.emballagedigest.fr\/?p=21900"},"modified":"2020-02-06T09:01:34","modified_gmt":"2020-02-06T09:01:34","slug":"le-groupe-pochet-cede-qualipac-pour-se-recentrer-sur-la-verrerie","status":"publish","type":"post","link":"https:\/\/www.emballagedigest.fr\/en\/le-groupe-pochet-cede-qualipac-pour-se-recentrer-sur-la-verrerie\/","title":{"rendered":"Le Groupe Pochet c\u00e8de Qualipac pour se recentrer sur la verrerie"},"content":{"rendered":"<p>Le Groupe Pochet annonce \u00eatre entr\u00e9 en n\u00e9gociation exclusive avec PSB Industries (Texen) en vue de la cession de Qualipac et de ses filiales. Le nouvel ensemble Qualipac-PSB Industries constituerait un leader mondial de l\u2019industrie plasturgie m\u00e9tal pour le parfum &amp; la beaut\u00e9.<\/p>\n<p>Les deux soci\u00e9t\u00e9s familiales pr\u00e9sentent en outre de fortes compl\u00e9mentarit\u00e9s \u00e0 la fois en mati\u00e8re de produits, de technologies et de g\u00e9ographies. Qualipac dispose d\u2019une expertise reconnue en transformation et d\u00e9coration des plastiques, de l\u2019aluminium et du zamak pour le parfum, le maquillage et le soin ainsi qu\u2019en trading, notamment \u00e0 travers la soci\u00e9t\u00e9 Priminter.<\/p>\n<p>Cette cession serait une opportunit\u00e9 pour le Groupe Pochet pour conqu\u00e9rir des marges de man\u0153uvre plus importantes afin de renforcer son p\u00f4le Flaconnage de luxe pour la parfumerie et la beaut\u00e9. Le groupe mise ainsi sur le d\u00e9veloppement de Solev, tout en travaillant \u00e0 des pistes de red\u00e9ploiement sur des activit\u00e9s adjacentes.<\/p>\n<p>Le Groupe Pochet et PSB Industries entendent par ailleurs collaborer de fa\u00e7on rapproch\u00e9e autour des solutions multi-mat\u00e9riaux. Cette cession pourrait \u00eatre effective \u00e0 la fin du deuxi\u00e8me trimestre 2020.<\/p>\n<p><img decoding=\"async\" src=\"https:\/\/www.emballagedigest.fr\/dotclear\/images\/2020\/BONUS\/fev\/pochet_article2.jpg\" alt=\"Texte Alternatif\" style=\"float:left; margin: 0 1em 1em 0;\" \/>\u00abCette nouvelle \u00e9tape est une formidable opportunit\u00e9 pour le Groupe Pochet d\u2019acc\u00e9l\u00e9rer la transformation de son c\u0153ur de m\u00e9tier verrier pour accompagner encore mieux ses clients dans leur d\u00e9veloppement international et leur engagement environnemental\u00bb, a comment\u00e9 Tristan Farabet, Directeur G\u00e9n\u00e9ral du Groupe Pochet. Avec pr\u00e8s de 4000 salari\u00e9s dans le monde, le Groupe Pochet a r\u00e9alis\u00e9 450 millions d\u2019euros de chiffre d\u2019affaires en 2019, dont 239 millions d\u2019euros pour Qualipac.<\/p>\n<p><em>Reproduction interdite sauf accord \u00e9crit d&rsquo;Emballage Digest ou mention du support<\/em><\/p>","protected":false},"excerpt":{"rendered":"<p>Le Groupe Pochet annonce \u00eatre entr\u00e9 en n\u00e9gociation exclusive avec PSB Industries (Texen) en vue de la cession de Qualipac et de ses filiales. Le nouvel ensemble Qualipac-PSB Industries constituerait un leader mondial de l\u2019industrie plasturgie m\u00e9tal pour le parfum &amp; la beaut\u00e9.<\/p>","protected":false},"author":1,"featured_media":31900,"comment_status":"closed","ping_status":"closed","sticky":false,"template":"","format":"standard","meta":{"_acf_changed":false,"inline_featured_image":false,"iawp_total_views":6,"footnotes":""},"categories":[28,6],"tags":[],"class_list":["post-21900","post","type-post","status-publish","format-standard","has-post-thumbnail","hentry","category-article-entier","category-parfumerie-cosmetique"],"acf":[],"yoast_head":"<!-- This site is optimized with the Yoast SEO plugin v24.4 - https:\/\/yoast.com\/wordpress\/plugins\/seo\/ -->\n<title>Le Groupe Pochet c\u00e8de Qualipac pour se recentrer sur la verrerie  - Emballage Digest<\/title>\n<meta name=\"robots\" content=\"index, follow, max-snippet:-1, max-image-preview:large, max-video-preview:-1\" \/>\n<link rel=\"canonical\" href=\"https:\/\/www.emballagedigest.fr\/en\/le-groupe-pochet-cede-qualipac-pour-se-recentrer-sur-la-verrerie\/\" \/>\n<meta property=\"og:locale\" content=\"en_GB\" \/>\n<meta property=\"og:type\" content=\"article\" \/>\n<meta property=\"og:title\" content=\"Le Groupe Pochet c\u00e8de Qualipac pour se recentrer sur la verrerie  - Emballage Digest\" \/>\n<meta property=\"og:description\" content=\"Le Groupe Pochet annonce \u00eatre entr\u00e9 en n\u00e9gociation exclusive avec PSB Industries (Texen) en vue de la cession de Qualipac et de ses filiales. Le nouvel ensemble Qualipac-PSB Industries constituerait un leader mondial de l\u2019industrie plasturgie m\u00e9tal pour le parfum &amp; la beaut\u00e9.\" \/>\n<meta property=\"og:url\" content=\"https:\/\/www.emballagedigest.fr\/en\/le-groupe-pochet-cede-qualipac-pour-se-recentrer-sur-la-verrerie\/\" \/>\n<meta property=\"og:site_name\" content=\"Emballage Digest\" \/>\n<meta property=\"article:published_time\" content=\"2020-02-06T09:01:34+00:00\" \/>\n<meta name=\"author\" content=\"admin_thopel\" \/>\n<meta name=\"twitter:card\" content=\"summary_large_image\" \/>\n<meta name=\"twitter:label1\" content=\"Written by\" \/>\n\t<meta name=\"twitter:data1\" content=\"admin_thopel\" \/>\n\t<meta name=\"twitter:label2\" content=\"Estimated reading time\" \/>\n\t<meta name=\"twitter:data2\" content=\"1 minute\" \/>\n<script type=\"application\/ld+json\" class=\"yoast-schema-graph\">{\"@context\":\"https:\/\/schema.org\",\"@graph\":[{\"@type\":\"Article\",\"@id\":\"https:\/\/www.emballagedigest.fr\/le-groupe-pochet-cede-qualipac-pour-se-recentrer-sur-la-verrerie\/#article\",\"isPartOf\":{\"@id\":\"https:\/\/www.emballagedigest.fr\/le-groupe-pochet-cede-qualipac-pour-se-recentrer-sur-la-verrerie\/\"},\"author\":{\"name\":\"admin_thopel\",\"@id\":\"https:\/\/www.emballagedigest.fr\/#\/schema\/person\/d01fbac1f378e2f5e4096082cdf68ae5\"},\"headline\":\"Le Groupe Pochet c\u00e8de Qualipac pour se recentrer sur la verrerie\",\"datePublished\":\"2020-02-06T09:01:34+00:00\",\"mainEntityOfPage\":{\"@id\":\"https:\/\/www.emballagedigest.fr\/le-groupe-pochet-cede-qualipac-pour-se-recentrer-sur-la-verrerie\/\"},\"wordCount\":303,\"publisher\":{\"@id\":\"https:\/\/www.emballagedigest.fr\/#organization\"},\"image\":{\"@id\":\"https:\/\/www.emballagedigest.fr\/le-groupe-pochet-cede-qualipac-pour-se-recentrer-sur-la-verrerie\/#primaryimage\"},\"thumbnailUrl\":\"https:\/\/www.emballagedigest.fr\/wp-content\/uploads\/dotclear\/images\/2020\/BONUS\/fev\/pochet_article1.jpg\",\"articleSection\":[\"Article entier\",\"Parfumerie &amp; Cosm\u00e9tique\"],\"inLanguage\":\"en-GB\"},{\"@type\":\"WebPage\",\"@id\":\"https:\/\/www.emballagedigest.fr\/le-groupe-pochet-cede-qualipac-pour-se-recentrer-sur-la-verrerie\/\",\"url\":\"https:\/\/www.emballagedigest.fr\/le-groupe-pochet-cede-qualipac-pour-se-recentrer-sur-la-verrerie\/\",\"name\":\"Le Groupe Pochet c\u00e8de Qualipac pour se recentrer sur la verrerie - Emballage Digest\",\"isPartOf\":{\"@id\":\"https:\/\/www.emballagedigest.fr\/#website\"},\"primaryImageOfPage\":{\"@id\":\"https:\/\/www.emballagedigest.fr\/le-groupe-pochet-cede-qualipac-pour-se-recentrer-sur-la-verrerie\/#primaryimage\"},\"image\":{\"@id\":\"https:\/\/www.emballagedigest.fr\/le-groupe-pochet-cede-qualipac-pour-se-recentrer-sur-la-verrerie\/#primaryimage\"},\"thumbnailUrl\":\"https:\/\/www.emballagedigest.fr\/wp-content\/uploads\/dotclear\/images\/2020\/BONUS\/fev\/pochet_article1.jpg\",\"datePublished\":\"2020-02-06T09:01:34+00:00\",\"breadcrumb\":{\"@id\":\"https:\/\/www.emballagedigest.fr\/le-groupe-pochet-cede-qualipac-pour-se-recentrer-sur-la-verrerie\/#breadcrumb\"},\"inLanguage\":\"en-GB\",\"potentialAction\":[{\"@type\":\"ReadAction\",\"target\":[\"https:\/\/www.emballagedigest.fr\/le-groupe-pochet-cede-qualipac-pour-se-recentrer-sur-la-verrerie\/\"]}]},{\"@type\":\"ImageObject\",\"inLanguage\":\"en-GB\",\"@id\":\"https:\/\/www.emballagedigest.fr\/le-groupe-pochet-cede-qualipac-pour-se-recentrer-sur-la-verrerie\/#primaryimage\",\"url\":\"https:\/\/www.emballagedigest.fr\/wp-content\/uploads\/dotclear\/images\/2020\/BONUS\/fev\/pochet_article1.jpg\",\"contentUrl\":\"https:\/\/www.emballagedigest.fr\/wp-content\/uploads\/dotclear\/images\/2020\/BONUS\/fev\/pochet_article1.jpg\"},{\"@type\":\"BreadcrumbList\",\"@id\":\"https:\/\/www.emballagedigest.fr\/le-groupe-pochet-cede-qualipac-pour-se-recentrer-sur-la-verrerie\/#breadcrumb\",\"itemListElement\":[{\"@type\":\"ListItem\",\"position\":1,\"name\":\"Accueil\",\"item\":\"https:\/\/www.emballagedigest.fr\/\"},{\"@type\":\"ListItem\",\"position\":2,\"name\":\"Le Groupe Pochet c\u00e8de Qualipac pour se recentrer sur la verrerie\"}]},{\"@type\":\"WebSite\",\"@id\":\"https:\/\/www.emballagedigest.fr\/#website\",\"url\":\"https:\/\/www.emballagedigest.fr\/\",\"name\":\"Emballage Digest\",\"description\":\"Revue professionnelle sur les emballages\",\"publisher\":{\"@id\":\"https:\/\/www.emballagedigest.fr\/#organization\"},\"potentialAction\":[{\"@type\":\"SearchAction\",\"target\":{\"@type\":\"EntryPoint\",\"urlTemplate\":\"https:\/\/www.emballagedigest.fr\/?s={search_term_string}\"},\"query-input\":{\"@type\":\"PropertyValueSpecification\",\"valueRequired\":true,\"valueName\":\"search_term_string\"}}],\"inLanguage\":\"en-GB\"},{\"@type\":\"Organization\",\"@id\":\"https:\/\/www.emballagedigest.fr\/#organization\",\"name\":\"Emballage Digest\",\"url\":\"https:\/\/www.emballagedigest.fr\/\",\"logo\":{\"@type\":\"ImageObject\",\"inLanguage\":\"en-GB\",\"@id\":\"https:\/\/www.emballagedigest.fr\/#\/schema\/logo\/image\/\",\"url\":\"https:\/\/www.emballagedigest.fr\/wp-content\/uploads\/2022\/07\/logo-ed.png\",\"contentUrl\":\"https:\/\/www.emballagedigest.fr\/wp-content\/uploads\/2022\/07\/logo-ed.png\",\"width\":379,\"height\":75,\"caption\":\"Emballage Digest\"},\"image\":{\"@id\":\"https:\/\/www.emballagedigest.fr\/#\/schema\/logo\/image\/\"}},{\"@type\":\"Person\",\"@id\":\"https:\/\/www.emballagedigest.fr\/#\/schema\/person\/d01fbac1f378e2f5e4096082cdf68ae5\",\"name\":\"admin_thopel\",\"image\":{\"@type\":\"ImageObject\",\"inLanguage\":\"en-GB\",\"@id\":\"https:\/\/www.emballagedigest.fr\/#\/schema\/person\/image\/\",\"url\":\"https:\/\/secure.gravatar.com\/avatar\/6cf644f6475359b596b81b10a64f989df38f1238649f7e33f97f69519e42dfbf?s=96&d=mm&r=g\",\"contentUrl\":\"https:\/\/secure.gravatar.com\/avatar\/6cf644f6475359b596b81b10a64f989df38f1238649f7e33f97f69519e42dfbf?s=96&d=mm&r=g\",\"caption\":\"admin_thopel\"},\"sameAs\":[\"http:\/\/localhost:8787\/emballage_digest\"],\"url\":\"https:\/\/www.emballagedigest.fr\/en\/author\/admin_thopel\/\"}]}<\/script>\n<!-- \/ Yoast SEO plugin. -->","yoast_head_json":{"title":"Le Groupe Pochet c\u00e8de Qualipac pour se recentrer sur la verrerie  - Emballage Digest","robots":{"index":"index","follow":"follow","max-snippet":"max-snippet:-1","max-image-preview":"max-image-preview:large","max-video-preview":"max-video-preview:-1"},"canonical":"https:\/\/www.emballagedigest.fr\/en\/le-groupe-pochet-cede-qualipac-pour-se-recentrer-sur-la-verrerie\/","og_locale":"en_GB","og_type":"article","og_title":"Le Groupe Pochet c\u00e8de Qualipac pour se recentrer sur la verrerie  - Emballage Digest","og_description":"Le Groupe Pochet annonce \u00eatre entr\u00e9 en n\u00e9gociation exclusive avec PSB Industries (Texen) en vue de la cession de Qualipac et de ses filiales. Le nouvel ensemble Qualipac-PSB Industries constituerait un leader mondial de l\u2019industrie plasturgie m\u00e9tal pour le parfum &amp; la beaut\u00e9.","og_url":"https:\/\/www.emballagedigest.fr\/en\/le-groupe-pochet-cede-qualipac-pour-se-recentrer-sur-la-verrerie\/","og_site_name":"Emballage Digest","article_published_time":"2020-02-06T09:01:34+00:00","author":"admin_thopel","twitter_card":"summary_large_image","twitter_misc":{"Written by":"admin_thopel","Estimated reading time":"1 minute"},"schema":{"@context":"https:\/\/schema.org","@graph":[{"@type":"Article","@id":"https:\/\/www.emballagedigest.fr\/le-groupe-pochet-cede-qualipac-pour-se-recentrer-sur-la-verrerie\/#article","isPartOf":{"@id":"https:\/\/www.emballagedigest.fr\/le-groupe-pochet-cede-qualipac-pour-se-recentrer-sur-la-verrerie\/"},"author":{"name":"admin_thopel","@id":"https:\/\/www.emballagedigest.fr\/#\/schema\/person\/d01fbac1f378e2f5e4096082cdf68ae5"},"headline":"Le Groupe Pochet c\u00e8de Qualipac pour se recentrer sur la verrerie","datePublished":"2020-02-06T09:01:34+00:00","mainEntityOfPage":{"@id":"https:\/\/www.emballagedigest.fr\/le-groupe-pochet-cede-qualipac-pour-se-recentrer-sur-la-verrerie\/"},"wordCount":303,"publisher":{"@id":"https:\/\/www.emballagedigest.fr\/#organization"},"image":{"@id":"https:\/\/www.emballagedigest.fr\/le-groupe-pochet-cede-qualipac-pour-se-recentrer-sur-la-verrerie\/#primaryimage"},"thumbnailUrl":"https:\/\/www.emballagedigest.fr\/wp-content\/uploads\/dotclear\/images\/2020\/BONUS\/fev\/pochet_article1.jpg","articleSection":["Article entier","Parfumerie &amp; Cosm\u00e9tique"],"inLanguage":"en-GB"},{"@type":"WebPage","@id":"https:\/\/www.emballagedigest.fr\/le-groupe-pochet-cede-qualipac-pour-se-recentrer-sur-la-verrerie\/","url":"https:\/\/www.emballagedigest.fr\/le-groupe-pochet-cede-qualipac-pour-se-recentrer-sur-la-verrerie\/","name":"Le Groupe Pochet c\u00e8de Qualipac pour se recentrer sur la verrerie - Emballage Digest","isPartOf":{"@id":"https:\/\/www.emballagedigest.fr\/#website"},"primaryImageOfPage":{"@id":"https:\/\/www.emballagedigest.fr\/le-groupe-pochet-cede-qualipac-pour-se-recentrer-sur-la-verrerie\/#primaryimage"},"image":{"@id":"https:\/\/www.emballagedigest.fr\/le-groupe-pochet-cede-qualipac-pour-se-recentrer-sur-la-verrerie\/#primaryimage"},"thumbnailUrl":"https:\/\/www.emballagedigest.fr\/wp-content\/uploads\/dotclear\/images\/2020\/BONUS\/fev\/pochet_article1.jpg","datePublished":"2020-02-06T09:01:34+00:00","breadcrumb":{"@id":"https:\/\/www.emballagedigest.fr\/le-groupe-pochet-cede-qualipac-pour-se-recentrer-sur-la-verrerie\/#breadcrumb"},"inLanguage":"en-GB","potentialAction":[{"@type":"ReadAction","target":["https:\/\/www.emballagedigest.fr\/le-groupe-pochet-cede-qualipac-pour-se-recentrer-sur-la-verrerie\/"]}]},{"@type":"ImageObject","inLanguage":"en-GB","@id":"https:\/\/www.emballagedigest.fr\/le-groupe-pochet-cede-qualipac-pour-se-recentrer-sur-la-verrerie\/#primaryimage","url":"https:\/\/www.emballagedigest.fr\/wp-content\/uploads\/dotclear\/images\/2020\/BONUS\/fev\/pochet_article1.jpg","contentUrl":"https:\/\/www.emballagedigest.fr\/wp-content\/uploads\/dotclear\/images\/2020\/BONUS\/fev\/pochet_article1.jpg"},{"@type":"BreadcrumbList","@id":"https:\/\/www.emballagedigest.fr\/le-groupe-pochet-cede-qualipac-pour-se-recentrer-sur-la-verrerie\/#breadcrumb","itemListElement":[{"@type":"ListItem","position":1,"name":"Accueil","item":"https:\/\/www.emballagedigest.fr\/"},{"@type":"ListItem","position":2,"name":"Le Groupe Pochet c\u00e8de Qualipac pour se recentrer sur la verrerie"}]},{"@type":"WebSite","@id":"https:\/\/www.emballagedigest.fr\/#website","url":"https:\/\/www.emballagedigest.fr\/","name":"Emballage Digest","description":"Revue professionnelle sur les emballages","publisher":{"@id":"https:\/\/www.emballagedigest.fr\/#organization"},"potentialAction":[{"@type":"SearchAction","target":{"@type":"EntryPoint","urlTemplate":"https:\/\/www.emballagedigest.fr\/?s={search_term_string}"},"query-input":{"@type":"PropertyValueSpecification","valueRequired":true,"valueName":"search_term_string"}}],"inLanguage":"en-GB"},{"@type":"Organization","@id":"https:\/\/www.emballagedigest.fr\/#organization","name":"Emballage Digest","url":"https:\/\/www.emballagedigest.fr\/","logo":{"@type":"ImageObject","inLanguage":"en-GB","@id":"https:\/\/www.emballagedigest.fr\/#\/schema\/logo\/image\/","url":"https:\/\/www.emballagedigest.fr\/wp-content\/uploads\/2022\/07\/logo-ed.png","contentUrl":"https:\/\/www.emballagedigest.fr\/wp-content\/uploads\/2022\/07\/logo-ed.png","width":379,"height":75,"caption":"Emballage Digest"},"image":{"@id":"https:\/\/www.emballagedigest.fr\/#\/schema\/logo\/image\/"}},{"@type":"Person","@id":"https:\/\/www.emballagedigest.fr\/#\/schema\/person\/d01fbac1f378e2f5e4096082cdf68ae5","name":"admin_thopel","image":{"@type":"ImageObject","inLanguage":"en-GB","@id":"https:\/\/www.emballagedigest.fr\/#\/schema\/person\/image\/","url":"https:\/\/secure.gravatar.com\/avatar\/6cf644f6475359b596b81b10a64f989df38f1238649f7e33f97f69519e42dfbf?s=96&d=mm&r=g","contentUrl":"https:\/\/secure.gravatar.com\/avatar\/6cf644f6475359b596b81b10a64f989df38f1238649f7e33f97f69519e42dfbf?s=96&d=mm&r=g","caption":"admin_thopel"},"sameAs":["http:\/\/localhost:8787\/emballage_digest"],"url":"https:\/\/www.emballagedigest.fr\/en\/author\/admin_thopel\/"}]}},"_links":{"self":[{"href":"https:\/\/www.emballagedigest.fr\/en\/wp-json\/wp\/v2\/posts\/21900","targetHints":{"allow":["GET"]}}],"collection":[{"href":"https:\/\/www.emballagedigest.fr\/en\/wp-json\/wp\/v2\/posts"}],"about":[{"href":"https:\/\/www.emballagedigest.fr\/en\/wp-json\/wp\/v2\/types\/post"}],"author":[{"embeddable":true,"href":"https:\/\/www.emballagedigest.fr\/en\/wp-json\/wp\/v2\/users\/1"}],"replies":[{"embeddable":true,"href":"https:\/\/www.emballagedigest.fr\/en\/wp-json\/wp\/v2\/comments?post=21900"}],"version-history":[{"count":0,"href":"https:\/\/www.emballagedigest.fr\/en\/wp-json\/wp\/v2\/posts\/21900\/revisions"}],"wp:featuredmedia":[{"embeddable":true,"href":"https:\/\/www.emballagedigest.fr\/en\/wp-json\/wp\/v2\/media\/31900"}],"wp:attachment":[{"href":"https:\/\/www.emballagedigest.fr\/en\/wp-json\/wp\/v2\/media?parent=21900"}],"wp:term":[{"taxonomy":"category","embeddable":true,"href":"https:\/\/www.emballagedigest.fr\/en\/wp-json\/wp\/v2\/categories?post=21900"},{"taxonomy":"post_tag","embeddable":true,"href":"https:\/\/www.emballagedigest.fr\/en\/wp-json\/wp\/v2\/tags?post=21900"}],"curies":[{"name":"wp","href":"https:\/\/api.w.org\/{rel}","templated":true}]}}