{"id":21902,"date":"2020-02-07T08:37:44","date_gmt":"2020-02-07T08:37:44","guid":{"rendered":"https:\/\/www.emballagedigest.fr\/?p=21902"},"modified":"2020-02-07T08:37:44","modified_gmt":"2020-02-07T08:37:44","slug":"anant-gadre-prend-la-direction-de-3d-neopac","status":"publish","type":"post","link":"https:\/\/www.emballagedigest.fr\/en\/anant-gadre-prend-la-direction-de-3d-neopac\/","title":{"rendered":"Anant Gadre prend la direction de 3D Neopac"},"content":{"rendered":"<p>3D Neopac annonce la nomination d\u2019Anant Gadre au poste de directeur g\u00e9n\u00e9ral, succ\u00e9dant ainsi \u00e0 Kumar Randhir Ashar apr\u00e8s 17 ans pass\u00e9s \u00e0 cette fonction. Fort d\u2019une grande exp\u00e9rience du monde de l\u2019emballage, compl\u00e9t\u00e9e par une expertise en finances, en droit et en management op\u00e9rationnel, Anant Gadre a occup\u00e9 plusieurs postes dans l\u2019industrie, notamment \u00e0 la direction g\u00e9n\u00e9rale d\u2019Amcor Flexibles India ou encore d\u2019Alcan India.<\/p>\n<p>En tant que directeur g\u00e9n\u00e9ral de 3D Neopac, il aura en charge de superviser les ventes et la production, d\u2019accompagner l\u2019activit\u00e9 du groupe dans le domaine des tubes ronds extrud\u00e9s ainsi que le lancement de la derni\u00e8re innovation groupe&nbsp;: le SpringTube\u2122.<\/p>\n<p><em>Reproduction interdite sauf accord \u00e9crit d&rsquo;Emballage Digest ou mention du support<\/em><\/p>","protected":false},"excerpt":{"rendered":"<p>3D Neopac annonce la nomination d\u2019Anant Gadre au poste de directeur g\u00e9n\u00e9ral, succ\u00e9dant ainsi \u00e0 Kumar Randhir Ashar apr\u00e8s 17 ans pass\u00e9s \u00e0 cette fonction. Fort d\u2019une grande exp\u00e9rience du monde de l\u2019emballage, compl\u00e9t\u00e9e par une expertise en finances, en droit et en management op\u00e9rationnel, Anant Gadre a occup\u00e9 plusieurs postes dans l\u2019industrie, notamment \u00e0 la direction g\u00e9n\u00e9rale d\u2019Amcor Flexibles India ou encore d\u2019Alcan India.<\/p>","protected":false},"author":1,"featured_media":0,"comment_status":"closed","ping_status":"closed","sticky":false,"template":"","format":"standard","meta":{"_acf_changed":false,"inline_featured_image":false,"iawp_total_views":0,"footnotes":""},"categories":[28,11],"tags":[],"class_list":["post-21902","post","type-post","status-publish","format-standard","hentry","category-article-entier","category-emballages"],"acf":[],"yoast_head":"<!-- This site is optimized with the Yoast SEO plugin v24.4 - https:\/\/yoast.com\/wordpress\/plugins\/seo\/ -->\n<title>Anant Gadre prend la direction de 3D Neopac  - Emballage Digest<\/title>\n<meta name=\"robots\" content=\"index, follow, max-snippet:-1, max-image-preview:large, max-video-preview:-1\" \/>\n<link rel=\"canonical\" href=\"https:\/\/www.emballagedigest.fr\/en\/anant-gadre-prend-la-direction-de-3d-neopac\/\" \/>\n<meta property=\"og:locale\" content=\"en_GB\" \/>\n<meta property=\"og:type\" content=\"article\" \/>\n<meta property=\"og:title\" content=\"Anant Gadre prend la direction de 3D Neopac  - Emballage Digest\" \/>\n<meta property=\"og:description\" content=\"3D Neopac annonce la nomination d\u2019Anant Gadre au poste de directeur g\u00e9n\u00e9ral, succ\u00e9dant ainsi \u00e0 Kumar Randhir Ashar apr\u00e8s 17 ans pass\u00e9s \u00e0 cette fonction. Fort d\u2019une grande exp\u00e9rience du monde de l\u2019emballage, compl\u00e9t\u00e9e par une expertise en finances, en droit et en management op\u00e9rationnel, Anant Gadre a occup\u00e9 plusieurs postes dans l\u2019industrie, notamment \u00e0 la direction g\u00e9n\u00e9rale d\u2019Amcor Flexibles India ou encore d\u2019Alcan India.\" \/>\n<meta property=\"og:url\" content=\"https:\/\/www.emballagedigest.fr\/en\/anant-gadre-prend-la-direction-de-3d-neopac\/\" \/>\n<meta property=\"og:site_name\" content=\"Emballage Digest\" \/>\n<meta property=\"article:published_time\" content=\"2020-02-07T08:37:44+00:00\" \/>\n<meta name=\"author\" content=\"admin_thopel\" \/>\n<meta name=\"twitter:card\" content=\"summary_large_image\" \/>\n<meta name=\"twitter:label1\" content=\"Written by\" \/>\n\t<meta name=\"twitter:data1\" content=\"admin_thopel\" \/>\n\t<meta name=\"twitter:label2\" content=\"Estimated reading time\" \/>\n\t<meta name=\"twitter:data2\" content=\"1 minute\" \/>\n<script type=\"application\/ld+json\" class=\"yoast-schema-graph\">{\"@context\":\"https:\/\/schema.org\",\"@graph\":[{\"@type\":\"Article\",\"@id\":\"https:\/\/www.emballagedigest.fr\/anant-gadre-prend-la-direction-de-3d-neopac\/#article\",\"isPartOf\":{\"@id\":\"https:\/\/www.emballagedigest.fr\/anant-gadre-prend-la-direction-de-3d-neopac\/\"},\"author\":{\"name\":\"admin_thopel\",\"@id\":\"https:\/\/www.emballagedigest.fr\/#\/schema\/person\/d01fbac1f378e2f5e4096082cdf68ae5\"},\"headline\":\"Anant Gadre prend la direction de 3D Neopac\",\"datePublished\":\"2020-02-07T08:37:44+00:00\",\"mainEntityOfPage\":{\"@id\":\"https:\/\/www.emballagedigest.fr\/anant-gadre-prend-la-direction-de-3d-neopac\/\"},\"wordCount\":146,\"publisher\":{\"@id\":\"https:\/\/www.emballagedigest.fr\/#organization\"},\"articleSection\":[\"Article entier\",\"Emballages\"],\"inLanguage\":\"en-GB\"},{\"@type\":\"WebPage\",\"@id\":\"https:\/\/www.emballagedigest.fr\/anant-gadre-prend-la-direction-de-3d-neopac\/\",\"url\":\"https:\/\/www.emballagedigest.fr\/anant-gadre-prend-la-direction-de-3d-neopac\/\",\"name\":\"Anant Gadre prend la direction de 3D Neopac - Emballage Digest\",\"isPartOf\":{\"@id\":\"https:\/\/www.emballagedigest.fr\/#website\"},\"datePublished\":\"2020-02-07T08:37:44+00:00\",\"breadcrumb\":{\"@id\":\"https:\/\/www.emballagedigest.fr\/anant-gadre-prend-la-direction-de-3d-neopac\/#breadcrumb\"},\"inLanguage\":\"en-GB\",\"potentialAction\":[{\"@type\":\"ReadAction\",\"target\":[\"https:\/\/www.emballagedigest.fr\/anant-gadre-prend-la-direction-de-3d-neopac\/\"]}]},{\"@type\":\"BreadcrumbList\",\"@id\":\"https:\/\/www.emballagedigest.fr\/anant-gadre-prend-la-direction-de-3d-neopac\/#breadcrumb\",\"itemListElement\":[{\"@type\":\"ListItem\",\"position\":1,\"name\":\"Accueil\",\"item\":\"https:\/\/www.emballagedigest.fr\/\"},{\"@type\":\"ListItem\",\"position\":2,\"name\":\"Anant Gadre prend la direction de 3D Neopac\"}]},{\"@type\":\"WebSite\",\"@id\":\"https:\/\/www.emballagedigest.fr\/#website\",\"url\":\"https:\/\/www.emballagedigest.fr\/\",\"name\":\"Emballage Digest\",\"description\":\"Revue professionnelle sur les emballages\",\"publisher\":{\"@id\":\"https:\/\/www.emballagedigest.fr\/#organization\"},\"potentialAction\":[{\"@type\":\"SearchAction\",\"target\":{\"@type\":\"EntryPoint\",\"urlTemplate\":\"https:\/\/www.emballagedigest.fr\/?s={search_term_string}\"},\"query-input\":{\"@type\":\"PropertyValueSpecification\",\"valueRequired\":true,\"valueName\":\"search_term_string\"}}],\"inLanguage\":\"en-GB\"},{\"@type\":\"Organization\",\"@id\":\"https:\/\/www.emballagedigest.fr\/#organization\",\"name\":\"Emballage Digest\",\"url\":\"https:\/\/www.emballagedigest.fr\/\",\"logo\":{\"@type\":\"ImageObject\",\"inLanguage\":\"en-GB\",\"@id\":\"https:\/\/www.emballagedigest.fr\/#\/schema\/logo\/image\/\",\"url\":\"https:\/\/www.emballagedigest.fr\/wp-content\/uploads\/2022\/07\/logo-ed.png\",\"contentUrl\":\"https:\/\/www.emballagedigest.fr\/wp-content\/uploads\/2022\/07\/logo-ed.png\",\"width\":379,\"height\":75,\"caption\":\"Emballage Digest\"},\"image\":{\"@id\":\"https:\/\/www.emballagedigest.fr\/#\/schema\/logo\/image\/\"}},{\"@type\":\"Person\",\"@id\":\"https:\/\/www.emballagedigest.fr\/#\/schema\/person\/d01fbac1f378e2f5e4096082cdf68ae5\",\"name\":\"admin_thopel\",\"image\":{\"@type\":\"ImageObject\",\"inLanguage\":\"en-GB\",\"@id\":\"https:\/\/www.emballagedigest.fr\/#\/schema\/person\/image\/\",\"url\":\"https:\/\/secure.gravatar.com\/avatar\/6cf644f6475359b596b81b10a64f989df38f1238649f7e33f97f69519e42dfbf?s=96&d=mm&r=g\",\"contentUrl\":\"https:\/\/secure.gravatar.com\/avatar\/6cf644f6475359b596b81b10a64f989df38f1238649f7e33f97f69519e42dfbf?s=96&d=mm&r=g\",\"caption\":\"admin_thopel\"},\"sameAs\":[\"http:\/\/localhost:8787\/emballage_digest\"],\"url\":\"https:\/\/www.emballagedigest.fr\/en\/author\/admin_thopel\/\"}]}<\/script>\n<!-- \/ Yoast SEO plugin. -->","yoast_head_json":{"title":"Anant Gadre prend la direction de 3D Neopac  - Emballage Digest","robots":{"index":"index","follow":"follow","max-snippet":"max-snippet:-1","max-image-preview":"max-image-preview:large","max-video-preview":"max-video-preview:-1"},"canonical":"https:\/\/www.emballagedigest.fr\/en\/anant-gadre-prend-la-direction-de-3d-neopac\/","og_locale":"en_GB","og_type":"article","og_title":"Anant Gadre prend la direction de 3D Neopac  - Emballage Digest","og_description":"3D Neopac annonce la nomination d\u2019Anant Gadre au poste de directeur g\u00e9n\u00e9ral, succ\u00e9dant ainsi \u00e0 Kumar Randhir Ashar apr\u00e8s 17 ans pass\u00e9s \u00e0 cette fonction. Fort d\u2019une grande exp\u00e9rience du monde de l\u2019emballage, compl\u00e9t\u00e9e par une expertise en finances, en droit et en management op\u00e9rationnel, Anant Gadre a occup\u00e9 plusieurs postes dans l\u2019industrie, notamment \u00e0 la direction g\u00e9n\u00e9rale d\u2019Amcor Flexibles India ou encore d\u2019Alcan India.","og_url":"https:\/\/www.emballagedigest.fr\/en\/anant-gadre-prend-la-direction-de-3d-neopac\/","og_site_name":"Emballage Digest","article_published_time":"2020-02-07T08:37:44+00:00","author":"admin_thopel","twitter_card":"summary_large_image","twitter_misc":{"Written by":"admin_thopel","Estimated reading time":"1 minute"},"schema":{"@context":"https:\/\/schema.org","@graph":[{"@type":"Article","@id":"https:\/\/www.emballagedigest.fr\/anant-gadre-prend-la-direction-de-3d-neopac\/#article","isPartOf":{"@id":"https:\/\/www.emballagedigest.fr\/anant-gadre-prend-la-direction-de-3d-neopac\/"},"author":{"name":"admin_thopel","@id":"https:\/\/www.emballagedigest.fr\/#\/schema\/person\/d01fbac1f378e2f5e4096082cdf68ae5"},"headline":"Anant Gadre prend la direction de 3D Neopac","datePublished":"2020-02-07T08:37:44+00:00","mainEntityOfPage":{"@id":"https:\/\/www.emballagedigest.fr\/anant-gadre-prend-la-direction-de-3d-neopac\/"},"wordCount":146,"publisher":{"@id":"https:\/\/www.emballagedigest.fr\/#organization"},"articleSection":["Article entier","Emballages"],"inLanguage":"en-GB"},{"@type":"WebPage","@id":"https:\/\/www.emballagedigest.fr\/anant-gadre-prend-la-direction-de-3d-neopac\/","url":"https:\/\/www.emballagedigest.fr\/anant-gadre-prend-la-direction-de-3d-neopac\/","name":"Anant Gadre prend la direction de 3D Neopac - Emballage Digest","isPartOf":{"@id":"https:\/\/www.emballagedigest.fr\/#website"},"datePublished":"2020-02-07T08:37:44+00:00","breadcrumb":{"@id":"https:\/\/www.emballagedigest.fr\/anant-gadre-prend-la-direction-de-3d-neopac\/#breadcrumb"},"inLanguage":"en-GB","potentialAction":[{"@type":"ReadAction","target":["https:\/\/www.emballagedigest.fr\/anant-gadre-prend-la-direction-de-3d-neopac\/"]}]},{"@type":"BreadcrumbList","@id":"https:\/\/www.emballagedigest.fr\/anant-gadre-prend-la-direction-de-3d-neopac\/#breadcrumb","itemListElement":[{"@type":"ListItem","position":1,"name":"Accueil","item":"https:\/\/www.emballagedigest.fr\/"},{"@type":"ListItem","position":2,"name":"Anant Gadre prend la direction de 3D Neopac"}]},{"@type":"WebSite","@id":"https:\/\/www.emballagedigest.fr\/#website","url":"https:\/\/www.emballagedigest.fr\/","name":"Emballage Digest","description":"Revue professionnelle sur les emballages","publisher":{"@id":"https:\/\/www.emballagedigest.fr\/#organization"},"potentialAction":[{"@type":"SearchAction","target":{"@type":"EntryPoint","urlTemplate":"https:\/\/www.emballagedigest.fr\/?s={search_term_string}"},"query-input":{"@type":"PropertyValueSpecification","valueRequired":true,"valueName":"search_term_string"}}],"inLanguage":"en-GB"},{"@type":"Organization","@id":"https:\/\/www.emballagedigest.fr\/#organization","name":"Emballage Digest","url":"https:\/\/www.emballagedigest.fr\/","logo":{"@type":"ImageObject","inLanguage":"en-GB","@id":"https:\/\/www.emballagedigest.fr\/#\/schema\/logo\/image\/","url":"https:\/\/www.emballagedigest.fr\/wp-content\/uploads\/2022\/07\/logo-ed.png","contentUrl":"https:\/\/www.emballagedigest.fr\/wp-content\/uploads\/2022\/07\/logo-ed.png","width":379,"height":75,"caption":"Emballage Digest"},"image":{"@id":"https:\/\/www.emballagedigest.fr\/#\/schema\/logo\/image\/"}},{"@type":"Person","@id":"https:\/\/www.emballagedigest.fr\/#\/schema\/person\/d01fbac1f378e2f5e4096082cdf68ae5","name":"admin_thopel","image":{"@type":"ImageObject","inLanguage":"en-GB","@id":"https:\/\/www.emballagedigest.fr\/#\/schema\/person\/image\/","url":"https:\/\/secure.gravatar.com\/avatar\/6cf644f6475359b596b81b10a64f989df38f1238649f7e33f97f69519e42dfbf?s=96&d=mm&r=g","contentUrl":"https:\/\/secure.gravatar.com\/avatar\/6cf644f6475359b596b81b10a64f989df38f1238649f7e33f97f69519e42dfbf?s=96&d=mm&r=g","caption":"admin_thopel"},"sameAs":["http:\/\/localhost:8787\/emballage_digest"],"url":"https:\/\/www.emballagedigest.fr\/en\/author\/admin_thopel\/"}]}},"_links":{"self":[{"href":"https:\/\/www.emballagedigest.fr\/en\/wp-json\/wp\/v2\/posts\/21902","targetHints":{"allow":["GET"]}}],"collection":[{"href":"https:\/\/www.emballagedigest.fr\/en\/wp-json\/wp\/v2\/posts"}],"about":[{"href":"https:\/\/www.emballagedigest.fr\/en\/wp-json\/wp\/v2\/types\/post"}],"author":[{"embeddable":true,"href":"https:\/\/www.emballagedigest.fr\/en\/wp-json\/wp\/v2\/users\/1"}],"replies":[{"embeddable":true,"href":"https:\/\/www.emballagedigest.fr\/en\/wp-json\/wp\/v2\/comments?post=21902"}],"version-history":[{"count":0,"href":"https:\/\/www.emballagedigest.fr\/en\/wp-json\/wp\/v2\/posts\/21902\/revisions"}],"wp:attachment":[{"href":"https:\/\/www.emballagedigest.fr\/en\/wp-json\/wp\/v2\/media?parent=21902"}],"wp:term":[{"taxonomy":"category","embeddable":true,"href":"https:\/\/www.emballagedigest.fr\/en\/wp-json\/wp\/v2\/categories?post=21902"},{"taxonomy":"post_tag","embeddable":true,"href":"https:\/\/www.emballagedigest.fr\/en\/wp-json\/wp\/v2\/tags?post=21902"}],"curies":[{"name":"wp","href":"https:\/\/api.w.org\/{rel}","templated":true}]}}