{"id":21934,"date":"2020-03-02T09:12:34","date_gmt":"2020-03-02T09:12:34","guid":{"rendered":"https:\/\/www.emballagedigest.fr\/?p=21934"},"modified":"2020-03-02T09:12:46","modified_gmt":"2020-03-02T09:12:46","slug":"ds-smith-finalise-la-vente-de-sa-division-plastiques","status":"publish","type":"post","link":"https:\/\/www.emballagedigest.fr\/en\/ds-smith-finalise-la-vente-de-sa-division-plastiques\/","title":{"rendered":"DS Smith finalise la vente de sa division Plastiques"},"content":{"rendered":"<p>Le groupe confirme avoir achev\u00e9 la vente de sa division Plastiques, annonc\u00e9e le 20 f\u00e9vrier 2020, \u00e0 Olympus Partners et \u00e0 sa filiale Liqui-Box Holdings.<\/p>\n<p>Une op\u00e9ration de 400 millions de livres sterling qui va permettre \u00e0 DS Smith de r\u00e9duire son endettement financier et contribuer \u00e0 atteindre son objectif de ramener son ration dette nette\/EBITDA inf\u00e9rieur ou \u00e9gal \u00e0 2. <\/p>\n<p><img decoding=\"async\" src=\"https:\/\/www.emballagedigest.fr\/dotclear\/images\/2020\/BONUS\/mars\/ds_article2.jpg\" alt=\"Texte Alternatif\" style=\"float:left; margin: 0 1em 1em 0;\" \/>\u00abNous sommes ravis d&rsquo;avoir finalis\u00e9 la vente de notre division Plastiques. Cette transaction est int\u00e9ressante pour DS Smith, tant sur le plan financier que strat\u00e9gique, car nous renfor\u00e7ons notre position de leader sur le march\u00e9 des emballages durables \u00e0 base de fibres de papier\u00bb, a d\u00e9clar\u00e9 Miles Roberts, Directeur G\u00e9n\u00e9ral du Groupe DS Smith.<\/p>\n<p>La division Plastiques int\u00e8gre des solutions d\u2019emballages souples, rigides, les produits par injection moulage et les r\u00e9f\u00e9rences du fabricant Foam Products. <\/p>\n<p><em>Reproduction interdite sauf accord \u00e9crit d&rsquo;Emballage Digest ou mention du support<\/em><\/p>","protected":false},"excerpt":{"rendered":"<p>Le groupe confirme avoir achev\u00e9 la vente de sa division Plastiques, annonc\u00e9e le 20 f\u00e9vrier 2020, \u00e0 Olympus Partners et \u00e0 sa filiale Liqui-Box Holdings.<\/p>","protected":false},"author":1,"featured_media":31934,"comment_status":"closed","ping_status":"closed","sticky":false,"template":"","format":"standard","meta":{"_acf_changed":false,"inline_featured_image":false,"iawp_total_views":2,"footnotes":""},"categories":[28],"tags":[],"class_list":["post-21934","post","type-post","status-publish","format-standard","has-post-thumbnail","hentry","category-article-entier"],"acf":[],"yoast_head":"<!-- This site is optimized with the Yoast SEO plugin v24.4 - https:\/\/yoast.com\/wordpress\/plugins\/seo\/ -->\n<title>DS Smith finalise la vente de sa division Plastiques - Emballage Digest<\/title>\n<meta name=\"robots\" content=\"index, follow, max-snippet:-1, max-image-preview:large, max-video-preview:-1\" \/>\n<link rel=\"canonical\" href=\"https:\/\/www.emballagedigest.fr\/en\/ds-smith-finalise-la-vente-de-sa-division-plastiques\/\" \/>\n<meta property=\"og:locale\" content=\"en_GB\" \/>\n<meta property=\"og:type\" content=\"article\" \/>\n<meta property=\"og:title\" content=\"DS Smith finalise la vente de sa division Plastiques - Emballage Digest\" \/>\n<meta property=\"og:description\" content=\"Le groupe confirme avoir achev\u00e9 la vente de sa division Plastiques, annonc\u00e9e le 20 f\u00e9vrier 2020, \u00e0 Olympus Partners et \u00e0 sa filiale Liqui-Box Holdings.\" \/>\n<meta property=\"og:url\" content=\"https:\/\/www.emballagedigest.fr\/en\/ds-smith-finalise-la-vente-de-sa-division-plastiques\/\" \/>\n<meta property=\"og:site_name\" content=\"Emballage Digest\" \/>\n<meta property=\"article:published_time\" content=\"2020-03-02T09:12:34+00:00\" \/>\n<meta property=\"article:modified_time\" content=\"2020-03-02T09:12:46+00:00\" \/>\n<meta name=\"author\" content=\"admin_thopel\" \/>\n<meta name=\"twitter:card\" content=\"summary_large_image\" \/>\n<meta name=\"twitter:label1\" content=\"Written by\" \/>\n\t<meta name=\"twitter:data1\" content=\"admin_thopel\" \/>\n\t<meta name=\"twitter:label2\" content=\"Estimated reading time\" \/>\n\t<meta name=\"twitter:data2\" content=\"1 minute\" \/>\n<script type=\"application\/ld+json\" class=\"yoast-schema-graph\">{\"@context\":\"https:\/\/schema.org\",\"@graph\":[{\"@type\":\"Article\",\"@id\":\"https:\/\/www.emballagedigest.fr\/ds-smith-finalise-la-vente-de-sa-division-plastiques\/#article\",\"isPartOf\":{\"@id\":\"https:\/\/www.emballagedigest.fr\/ds-smith-finalise-la-vente-de-sa-division-plastiques\/\"},\"author\":{\"name\":\"admin_thopel\",\"@id\":\"https:\/\/www.emballagedigest.fr\/#\/schema\/person\/d01fbac1f378e2f5e4096082cdf68ae5\"},\"headline\":\"DS Smith finalise la vente de sa division Plastiques\",\"datePublished\":\"2020-03-02T09:12:34+00:00\",\"dateModified\":\"2020-03-02T09:12:46+00:00\",\"mainEntityOfPage\":{\"@id\":\"https:\/\/www.emballagedigest.fr\/ds-smith-finalise-la-vente-de-sa-division-plastiques\/\"},\"wordCount\":164,\"publisher\":{\"@id\":\"https:\/\/www.emballagedigest.fr\/#organization\"},\"image\":{\"@id\":\"https:\/\/www.emballagedigest.fr\/ds-smith-finalise-la-vente-de-sa-division-plastiques\/#primaryimage\"},\"thumbnailUrl\":\"https:\/\/www.emballagedigest.fr\/wp-content\/uploads\/dotclear\/images\/2020\/BONUS\/mars\/ds_article1.jpg\",\"articleSection\":[\"Article entier\"],\"inLanguage\":\"en-GB\"},{\"@type\":\"WebPage\",\"@id\":\"https:\/\/www.emballagedigest.fr\/ds-smith-finalise-la-vente-de-sa-division-plastiques\/\",\"url\":\"https:\/\/www.emballagedigest.fr\/ds-smith-finalise-la-vente-de-sa-division-plastiques\/\",\"name\":\"DS Smith finalise la vente de sa division Plastiques - Emballage Digest\",\"isPartOf\":{\"@id\":\"https:\/\/www.emballagedigest.fr\/#website\"},\"primaryImageOfPage\":{\"@id\":\"https:\/\/www.emballagedigest.fr\/ds-smith-finalise-la-vente-de-sa-division-plastiques\/#primaryimage\"},\"image\":{\"@id\":\"https:\/\/www.emballagedigest.fr\/ds-smith-finalise-la-vente-de-sa-division-plastiques\/#primaryimage\"},\"thumbnailUrl\":\"https:\/\/www.emballagedigest.fr\/wp-content\/uploads\/dotclear\/images\/2020\/BONUS\/mars\/ds_article1.jpg\",\"datePublished\":\"2020-03-02T09:12:34+00:00\",\"dateModified\":\"2020-03-02T09:12:46+00:00\",\"breadcrumb\":{\"@id\":\"https:\/\/www.emballagedigest.fr\/ds-smith-finalise-la-vente-de-sa-division-plastiques\/#breadcrumb\"},\"inLanguage\":\"en-GB\",\"potentialAction\":[{\"@type\":\"ReadAction\",\"target\":[\"https:\/\/www.emballagedigest.fr\/ds-smith-finalise-la-vente-de-sa-division-plastiques\/\"]}]},{\"@type\":\"ImageObject\",\"inLanguage\":\"en-GB\",\"@id\":\"https:\/\/www.emballagedigest.fr\/ds-smith-finalise-la-vente-de-sa-division-plastiques\/#primaryimage\",\"url\":\"https:\/\/www.emballagedigest.fr\/wp-content\/uploads\/dotclear\/images\/2020\/BONUS\/mars\/ds_article1.jpg\",\"contentUrl\":\"https:\/\/www.emballagedigest.fr\/wp-content\/uploads\/dotclear\/images\/2020\/BONUS\/mars\/ds_article1.jpg\"},{\"@type\":\"BreadcrumbList\",\"@id\":\"https:\/\/www.emballagedigest.fr\/ds-smith-finalise-la-vente-de-sa-division-plastiques\/#breadcrumb\",\"itemListElement\":[{\"@type\":\"ListItem\",\"position\":1,\"name\":\"Accueil\",\"item\":\"https:\/\/www.emballagedigest.fr\/\"},{\"@type\":\"ListItem\",\"position\":2,\"name\":\"DS Smith finalise la vente de sa division Plastiques\"}]},{\"@type\":\"WebSite\",\"@id\":\"https:\/\/www.emballagedigest.fr\/#website\",\"url\":\"https:\/\/www.emballagedigest.fr\/\",\"name\":\"Emballage Digest\",\"description\":\"Revue professionnelle sur les emballages\",\"publisher\":{\"@id\":\"https:\/\/www.emballagedigest.fr\/#organization\"},\"potentialAction\":[{\"@type\":\"SearchAction\",\"target\":{\"@type\":\"EntryPoint\",\"urlTemplate\":\"https:\/\/www.emballagedigest.fr\/?s={search_term_string}\"},\"query-input\":{\"@type\":\"PropertyValueSpecification\",\"valueRequired\":true,\"valueName\":\"search_term_string\"}}],\"inLanguage\":\"en-GB\"},{\"@type\":\"Organization\",\"@id\":\"https:\/\/www.emballagedigest.fr\/#organization\",\"name\":\"Emballage Digest\",\"url\":\"https:\/\/www.emballagedigest.fr\/\",\"logo\":{\"@type\":\"ImageObject\",\"inLanguage\":\"en-GB\",\"@id\":\"https:\/\/www.emballagedigest.fr\/#\/schema\/logo\/image\/\",\"url\":\"https:\/\/www.emballagedigest.fr\/wp-content\/uploads\/2022\/07\/logo-ed.png\",\"contentUrl\":\"https:\/\/www.emballagedigest.fr\/wp-content\/uploads\/2022\/07\/logo-ed.png\",\"width\":379,\"height\":75,\"caption\":\"Emballage Digest\"},\"image\":{\"@id\":\"https:\/\/www.emballagedigest.fr\/#\/schema\/logo\/image\/\"}},{\"@type\":\"Person\",\"@id\":\"https:\/\/www.emballagedigest.fr\/#\/schema\/person\/d01fbac1f378e2f5e4096082cdf68ae5\",\"name\":\"admin_thopel\",\"image\":{\"@type\":\"ImageObject\",\"inLanguage\":\"en-GB\",\"@id\":\"https:\/\/www.emballagedigest.fr\/#\/schema\/person\/image\/\",\"url\":\"https:\/\/secure.gravatar.com\/avatar\/6cf644f6475359b596b81b10a64f989df38f1238649f7e33f97f69519e42dfbf?s=96&d=mm&r=g\",\"contentUrl\":\"https:\/\/secure.gravatar.com\/avatar\/6cf644f6475359b596b81b10a64f989df38f1238649f7e33f97f69519e42dfbf?s=96&d=mm&r=g\",\"caption\":\"admin_thopel\"},\"sameAs\":[\"http:\/\/localhost:8787\/emballage_digest\"],\"url\":\"https:\/\/www.emballagedigest.fr\/en\/author\/admin_thopel\/\"}]}<\/script>\n<!-- \/ Yoast SEO plugin. -->","yoast_head_json":{"title":"DS Smith finalise la vente de sa division Plastiques - Emballage Digest","robots":{"index":"index","follow":"follow","max-snippet":"max-snippet:-1","max-image-preview":"max-image-preview:large","max-video-preview":"max-video-preview:-1"},"canonical":"https:\/\/www.emballagedigest.fr\/en\/ds-smith-finalise-la-vente-de-sa-division-plastiques\/","og_locale":"en_GB","og_type":"article","og_title":"DS Smith finalise la vente de sa division Plastiques - Emballage Digest","og_description":"Le groupe confirme avoir achev\u00e9 la vente de sa division Plastiques, annonc\u00e9e le 20 f\u00e9vrier 2020, \u00e0 Olympus Partners et \u00e0 sa filiale Liqui-Box Holdings.","og_url":"https:\/\/www.emballagedigest.fr\/en\/ds-smith-finalise-la-vente-de-sa-division-plastiques\/","og_site_name":"Emballage Digest","article_published_time":"2020-03-02T09:12:34+00:00","article_modified_time":"2020-03-02T09:12:46+00:00","author":"admin_thopel","twitter_card":"summary_large_image","twitter_misc":{"Written by":"admin_thopel","Estimated reading time":"1 minute"},"schema":{"@context":"https:\/\/schema.org","@graph":[{"@type":"Article","@id":"https:\/\/www.emballagedigest.fr\/ds-smith-finalise-la-vente-de-sa-division-plastiques\/#article","isPartOf":{"@id":"https:\/\/www.emballagedigest.fr\/ds-smith-finalise-la-vente-de-sa-division-plastiques\/"},"author":{"name":"admin_thopel","@id":"https:\/\/www.emballagedigest.fr\/#\/schema\/person\/d01fbac1f378e2f5e4096082cdf68ae5"},"headline":"DS Smith finalise la vente de sa division Plastiques","datePublished":"2020-03-02T09:12:34+00:00","dateModified":"2020-03-02T09:12:46+00:00","mainEntityOfPage":{"@id":"https:\/\/www.emballagedigest.fr\/ds-smith-finalise-la-vente-de-sa-division-plastiques\/"},"wordCount":164,"publisher":{"@id":"https:\/\/www.emballagedigest.fr\/#organization"},"image":{"@id":"https:\/\/www.emballagedigest.fr\/ds-smith-finalise-la-vente-de-sa-division-plastiques\/#primaryimage"},"thumbnailUrl":"https:\/\/www.emballagedigest.fr\/wp-content\/uploads\/dotclear\/images\/2020\/BONUS\/mars\/ds_article1.jpg","articleSection":["Article entier"],"inLanguage":"en-GB"},{"@type":"WebPage","@id":"https:\/\/www.emballagedigest.fr\/ds-smith-finalise-la-vente-de-sa-division-plastiques\/","url":"https:\/\/www.emballagedigest.fr\/ds-smith-finalise-la-vente-de-sa-division-plastiques\/","name":"DS Smith finalise la vente de sa division Plastiques - Emballage Digest","isPartOf":{"@id":"https:\/\/www.emballagedigest.fr\/#website"},"primaryImageOfPage":{"@id":"https:\/\/www.emballagedigest.fr\/ds-smith-finalise-la-vente-de-sa-division-plastiques\/#primaryimage"},"image":{"@id":"https:\/\/www.emballagedigest.fr\/ds-smith-finalise-la-vente-de-sa-division-plastiques\/#primaryimage"},"thumbnailUrl":"https:\/\/www.emballagedigest.fr\/wp-content\/uploads\/dotclear\/images\/2020\/BONUS\/mars\/ds_article1.jpg","datePublished":"2020-03-02T09:12:34+00:00","dateModified":"2020-03-02T09:12:46+00:00","breadcrumb":{"@id":"https:\/\/www.emballagedigest.fr\/ds-smith-finalise-la-vente-de-sa-division-plastiques\/#breadcrumb"},"inLanguage":"en-GB","potentialAction":[{"@type":"ReadAction","target":["https:\/\/www.emballagedigest.fr\/ds-smith-finalise-la-vente-de-sa-division-plastiques\/"]}]},{"@type":"ImageObject","inLanguage":"en-GB","@id":"https:\/\/www.emballagedigest.fr\/ds-smith-finalise-la-vente-de-sa-division-plastiques\/#primaryimage","url":"https:\/\/www.emballagedigest.fr\/wp-content\/uploads\/dotclear\/images\/2020\/BONUS\/mars\/ds_article1.jpg","contentUrl":"https:\/\/www.emballagedigest.fr\/wp-content\/uploads\/dotclear\/images\/2020\/BONUS\/mars\/ds_article1.jpg"},{"@type":"BreadcrumbList","@id":"https:\/\/www.emballagedigest.fr\/ds-smith-finalise-la-vente-de-sa-division-plastiques\/#breadcrumb","itemListElement":[{"@type":"ListItem","position":1,"name":"Accueil","item":"https:\/\/www.emballagedigest.fr\/"},{"@type":"ListItem","position":2,"name":"DS Smith finalise la vente de sa division Plastiques"}]},{"@type":"WebSite","@id":"https:\/\/www.emballagedigest.fr\/#website","url":"https:\/\/www.emballagedigest.fr\/","name":"Emballage Digest","description":"Revue professionnelle sur les emballages","publisher":{"@id":"https:\/\/www.emballagedigest.fr\/#organization"},"potentialAction":[{"@type":"SearchAction","target":{"@type":"EntryPoint","urlTemplate":"https:\/\/www.emballagedigest.fr\/?s={search_term_string}"},"query-input":{"@type":"PropertyValueSpecification","valueRequired":true,"valueName":"search_term_string"}}],"inLanguage":"en-GB"},{"@type":"Organization","@id":"https:\/\/www.emballagedigest.fr\/#organization","name":"Emballage Digest","url":"https:\/\/www.emballagedigest.fr\/","logo":{"@type":"ImageObject","inLanguage":"en-GB","@id":"https:\/\/www.emballagedigest.fr\/#\/schema\/logo\/image\/","url":"https:\/\/www.emballagedigest.fr\/wp-content\/uploads\/2022\/07\/logo-ed.png","contentUrl":"https:\/\/www.emballagedigest.fr\/wp-content\/uploads\/2022\/07\/logo-ed.png","width":379,"height":75,"caption":"Emballage Digest"},"image":{"@id":"https:\/\/www.emballagedigest.fr\/#\/schema\/logo\/image\/"}},{"@type":"Person","@id":"https:\/\/www.emballagedigest.fr\/#\/schema\/person\/d01fbac1f378e2f5e4096082cdf68ae5","name":"admin_thopel","image":{"@type":"ImageObject","inLanguage":"en-GB","@id":"https:\/\/www.emballagedigest.fr\/#\/schema\/person\/image\/","url":"https:\/\/secure.gravatar.com\/avatar\/6cf644f6475359b596b81b10a64f989df38f1238649f7e33f97f69519e42dfbf?s=96&d=mm&r=g","contentUrl":"https:\/\/secure.gravatar.com\/avatar\/6cf644f6475359b596b81b10a64f989df38f1238649f7e33f97f69519e42dfbf?s=96&d=mm&r=g","caption":"admin_thopel"},"sameAs":["http:\/\/localhost:8787\/emballage_digest"],"url":"https:\/\/www.emballagedigest.fr\/en\/author\/admin_thopel\/"}]}},"_links":{"self":[{"href":"https:\/\/www.emballagedigest.fr\/en\/wp-json\/wp\/v2\/posts\/21934","targetHints":{"allow":["GET"]}}],"collection":[{"href":"https:\/\/www.emballagedigest.fr\/en\/wp-json\/wp\/v2\/posts"}],"about":[{"href":"https:\/\/www.emballagedigest.fr\/en\/wp-json\/wp\/v2\/types\/post"}],"author":[{"embeddable":true,"href":"https:\/\/www.emballagedigest.fr\/en\/wp-json\/wp\/v2\/users\/1"}],"replies":[{"embeddable":true,"href":"https:\/\/www.emballagedigest.fr\/en\/wp-json\/wp\/v2\/comments?post=21934"}],"version-history":[{"count":0,"href":"https:\/\/www.emballagedigest.fr\/en\/wp-json\/wp\/v2\/posts\/21934\/revisions"}],"wp:featuredmedia":[{"embeddable":true,"href":"https:\/\/www.emballagedigest.fr\/en\/wp-json\/wp\/v2\/media\/31934"}],"wp:attachment":[{"href":"https:\/\/www.emballagedigest.fr\/en\/wp-json\/wp\/v2\/media?parent=21934"}],"wp:term":[{"taxonomy":"category","embeddable":true,"href":"https:\/\/www.emballagedigest.fr\/en\/wp-json\/wp\/v2\/categories?post=21934"},{"taxonomy":"post_tag","embeddable":true,"href":"https:\/\/www.emballagedigest.fr\/en\/wp-json\/wp\/v2\/tags?post=21934"}],"curies":[{"name":"wp","href":"https:\/\/api.w.org\/{rel}","templated":true}]}}