{"id":21939,"date":"2020-03-04T08:43:44","date_gmt":"2020-03-04T08:43:44","guid":{"rendered":"https:\/\/www.emballagedigest.fr\/?p=21939"},"modified":"2020-03-04T08:48:25","modified_gmt":"2020-03-04T08:48:25","slug":"nouvelles-cales-flockees-pour-coffrets-et-etuis","status":"publish","type":"post","link":"https:\/\/www.emballagedigest.fr\/en\/nouvelles-cales-flockees-pour-coffrets-et-etuis\/","title":{"rendered":"Nouvelles cales flock\u00e9es pour coffrets et \u00e9tuis"},"content":{"rendered":"<p>Jean Bal Thermoformage d\u00e9voilait sur le dernier PCD 2020 une nouvelle solution de flocage pour cale&nbsp;: Flock\u2019n\u2019roll.<\/p>\n<p>Gr\u00e2ce \u00e0 une finition personnalis\u00e9e, le motif s\u2019inscrit au c\u0153ur des fibres du flocage et cr\u00e9e une texture en relief avec un visuel et un toucher attrayant.<\/p>\n<p>Le d\u00e9cor est r\u00e9alis\u00e9 en ligne au moment du thermoformage, il ne subit aucune d\u00e9formation. L\u2019entreprise propose une vari\u00e9t\u00e9 de plus de 100 d\u00e9cors dans sa biblioth\u00e8que, et offre la possibilit\u00e9 d\u2019en cr\u00e9er de nouveaux en fonction des besoins de sa client\u00e8le. Le proc\u00e9d\u00e9 de thermoformage de Flock\u2019n\u2019roll pr\u00e9sente l\u2019avantage d\u2019une haute stabilit\u00e9 thermique, rendant le process plus \u00e9conomique car les co\u00fbts d\u2019outillage compl\u00e9mentaires sont restreints par rapport \u00e0 une cale flock\u00e9e traditionnelle.<\/p>\n<p><img decoding=\"async\" src=\"https:\/\/www.emballagedigest.fr\/dotclear\/images\/2020\/BONUS\/mars\/bal_article2.jpg\" alt=\"Texte Alternatif\" style=\"float:right; margin: 0 0 1em 1em;\" \/>Jean Bal propose 12 rendus textures diff\u00e9rentes, divis\u00e9es en 4 univers de r\u00e9f\u00e9rence&nbsp;: nature, mati\u00e8re, tissage et g\u00e9om\u00e9trie. Parmi lesquelles, le tweed, le cuir, le lin, la soie, la mousse, le jute ou encore le bois.<\/p>\n<p><em>Reproduction interdite sauf accord \u00e9crit d&rsquo;Emballage Digest ou mention du support<\/em><\/p>","protected":false},"excerpt":{"rendered":"<p>Jean Bal Thermoformage d\u00e9voilait sur le dernier PCD 2020 une nouvelle solution de flocage pour cale&nbsp;: Flock\u2019n\u2019roll.<\/p>","protected":false},"author":1,"featured_media":31939,"comment_status":"closed","ping_status":"closed","sticky":false,"template":"","format":"standard","meta":{"_acf_changed":false,"inline_featured_image":false,"iawp_total_views":0,"footnotes":""},"categories":[28,6],"tags":[],"class_list":["post-21939","post","type-post","status-publish","format-standard","has-post-thumbnail","hentry","category-article-entier","category-parfumerie-cosmetique"],"acf":[],"yoast_head":"<!-- This site is optimized with the Yoast SEO plugin v24.4 - https:\/\/yoast.com\/wordpress\/plugins\/seo\/ -->\n<title>Nouvelles cales flock\u00e9es pour coffrets et \u00e9tuis - Emballage Digest<\/title>\n<meta name=\"robots\" content=\"index, follow, max-snippet:-1, max-image-preview:large, max-video-preview:-1\" \/>\n<link rel=\"canonical\" href=\"https:\/\/www.emballagedigest.fr\/en\/nouvelles-cales-flockees-pour-coffrets-et-etuis\/\" \/>\n<meta property=\"og:locale\" content=\"en_GB\" \/>\n<meta property=\"og:type\" content=\"article\" \/>\n<meta property=\"og:title\" content=\"Nouvelles cales flock\u00e9es pour coffrets et \u00e9tuis - Emballage Digest\" \/>\n<meta property=\"og:description\" content=\"Jean Bal Thermoformage d\u00e9voilait sur le dernier PCD 2020 une nouvelle solution de flocage pour cale&nbsp;: Flock\u2019n\u2019roll.\" \/>\n<meta property=\"og:url\" content=\"https:\/\/www.emballagedigest.fr\/en\/nouvelles-cales-flockees-pour-coffrets-et-etuis\/\" \/>\n<meta property=\"og:site_name\" content=\"Emballage Digest\" \/>\n<meta property=\"article:published_time\" content=\"2020-03-04T08:43:44+00:00\" \/>\n<meta property=\"article:modified_time\" content=\"2020-03-04T08:48:25+00:00\" \/>\n<meta name=\"author\" content=\"admin_thopel\" \/>\n<meta name=\"twitter:card\" content=\"summary_large_image\" \/>\n<meta name=\"twitter:label1\" content=\"Written by\" \/>\n\t<meta name=\"twitter:data1\" content=\"admin_thopel\" \/>\n\t<meta name=\"twitter:label2\" content=\"Estimated reading time\" \/>\n\t<meta name=\"twitter:data2\" content=\"1 minute\" \/>\n<script type=\"application\/ld+json\" class=\"yoast-schema-graph\">{\"@context\":\"https:\/\/schema.org\",\"@graph\":[{\"@type\":\"Article\",\"@id\":\"https:\/\/www.emballagedigest.fr\/nouvelles-cales-flockees-pour-coffrets-et-etuis\/#article\",\"isPartOf\":{\"@id\":\"https:\/\/www.emballagedigest.fr\/nouvelles-cales-flockees-pour-coffrets-et-etuis\/\"},\"author\":{\"name\":\"admin_thopel\",\"@id\":\"https:\/\/www.emballagedigest.fr\/#\/schema\/person\/d01fbac1f378e2f5e4096082cdf68ae5\"},\"headline\":\"Nouvelles cales flock\u00e9es pour coffrets et \u00e9tuis\",\"datePublished\":\"2020-03-04T08:43:44+00:00\",\"dateModified\":\"2020-03-04T08:48:25+00:00\",\"mainEntityOfPage\":{\"@id\":\"https:\/\/www.emballagedigest.fr\/nouvelles-cales-flockees-pour-coffrets-et-etuis\/\"},\"wordCount\":204,\"publisher\":{\"@id\":\"https:\/\/www.emballagedigest.fr\/#organization\"},\"image\":{\"@id\":\"https:\/\/www.emballagedigest.fr\/nouvelles-cales-flockees-pour-coffrets-et-etuis\/#primaryimage\"},\"thumbnailUrl\":\"https:\/\/www.emballagedigest.fr\/wp-content\/uploads\/dotclear\/images\/2020\/BONUS\/mars\/bal_article1.jpg\",\"articleSection\":[\"Article entier\",\"Parfumerie &amp; Cosm\u00e9tique\"],\"inLanguage\":\"en-GB\"},{\"@type\":\"WebPage\",\"@id\":\"https:\/\/www.emballagedigest.fr\/nouvelles-cales-flockees-pour-coffrets-et-etuis\/\",\"url\":\"https:\/\/www.emballagedigest.fr\/nouvelles-cales-flockees-pour-coffrets-et-etuis\/\",\"name\":\"Nouvelles cales flock\u00e9es pour coffrets et \u00e9tuis - Emballage Digest\",\"isPartOf\":{\"@id\":\"https:\/\/www.emballagedigest.fr\/#website\"},\"primaryImageOfPage\":{\"@id\":\"https:\/\/www.emballagedigest.fr\/nouvelles-cales-flockees-pour-coffrets-et-etuis\/#primaryimage\"},\"image\":{\"@id\":\"https:\/\/www.emballagedigest.fr\/nouvelles-cales-flockees-pour-coffrets-et-etuis\/#primaryimage\"},\"thumbnailUrl\":\"https:\/\/www.emballagedigest.fr\/wp-content\/uploads\/dotclear\/images\/2020\/BONUS\/mars\/bal_article1.jpg\",\"datePublished\":\"2020-03-04T08:43:44+00:00\",\"dateModified\":\"2020-03-04T08:48:25+00:00\",\"breadcrumb\":{\"@id\":\"https:\/\/www.emballagedigest.fr\/nouvelles-cales-flockees-pour-coffrets-et-etuis\/#breadcrumb\"},\"inLanguage\":\"en-GB\",\"potentialAction\":[{\"@type\":\"ReadAction\",\"target\":[\"https:\/\/www.emballagedigest.fr\/nouvelles-cales-flockees-pour-coffrets-et-etuis\/\"]}]},{\"@type\":\"ImageObject\",\"inLanguage\":\"en-GB\",\"@id\":\"https:\/\/www.emballagedigest.fr\/nouvelles-cales-flockees-pour-coffrets-et-etuis\/#primaryimage\",\"url\":\"https:\/\/www.emballagedigest.fr\/wp-content\/uploads\/dotclear\/images\/2020\/BONUS\/mars\/bal_article1.jpg\",\"contentUrl\":\"https:\/\/www.emballagedigest.fr\/wp-content\/uploads\/dotclear\/images\/2020\/BONUS\/mars\/bal_article1.jpg\"},{\"@type\":\"BreadcrumbList\",\"@id\":\"https:\/\/www.emballagedigest.fr\/nouvelles-cales-flockees-pour-coffrets-et-etuis\/#breadcrumb\",\"itemListElement\":[{\"@type\":\"ListItem\",\"position\":1,\"name\":\"Accueil\",\"item\":\"https:\/\/www.emballagedigest.fr\/\"},{\"@type\":\"ListItem\",\"position\":2,\"name\":\"Nouvelles cales flock\u00e9es pour coffrets et \u00e9tuis\"}]},{\"@type\":\"WebSite\",\"@id\":\"https:\/\/www.emballagedigest.fr\/#website\",\"url\":\"https:\/\/www.emballagedigest.fr\/\",\"name\":\"Emballage Digest\",\"description\":\"Revue professionnelle sur les emballages\",\"publisher\":{\"@id\":\"https:\/\/www.emballagedigest.fr\/#organization\"},\"potentialAction\":[{\"@type\":\"SearchAction\",\"target\":{\"@type\":\"EntryPoint\",\"urlTemplate\":\"https:\/\/www.emballagedigest.fr\/?s={search_term_string}\"},\"query-input\":{\"@type\":\"PropertyValueSpecification\",\"valueRequired\":true,\"valueName\":\"search_term_string\"}}],\"inLanguage\":\"en-GB\"},{\"@type\":\"Organization\",\"@id\":\"https:\/\/www.emballagedigest.fr\/#organization\",\"name\":\"Emballage Digest\",\"url\":\"https:\/\/www.emballagedigest.fr\/\",\"logo\":{\"@type\":\"ImageObject\",\"inLanguage\":\"en-GB\",\"@id\":\"https:\/\/www.emballagedigest.fr\/#\/schema\/logo\/image\/\",\"url\":\"https:\/\/www.emballagedigest.fr\/wp-content\/uploads\/2022\/07\/logo-ed.png\",\"contentUrl\":\"https:\/\/www.emballagedigest.fr\/wp-content\/uploads\/2022\/07\/logo-ed.png\",\"width\":379,\"height\":75,\"caption\":\"Emballage Digest\"},\"image\":{\"@id\":\"https:\/\/www.emballagedigest.fr\/#\/schema\/logo\/image\/\"}},{\"@type\":\"Person\",\"@id\":\"https:\/\/www.emballagedigest.fr\/#\/schema\/person\/d01fbac1f378e2f5e4096082cdf68ae5\",\"name\":\"admin_thopel\",\"image\":{\"@type\":\"ImageObject\",\"inLanguage\":\"en-GB\",\"@id\":\"https:\/\/www.emballagedigest.fr\/#\/schema\/person\/image\/\",\"url\":\"https:\/\/secure.gravatar.com\/avatar\/6cf644f6475359b596b81b10a64f989df38f1238649f7e33f97f69519e42dfbf?s=96&d=mm&r=g\",\"contentUrl\":\"https:\/\/secure.gravatar.com\/avatar\/6cf644f6475359b596b81b10a64f989df38f1238649f7e33f97f69519e42dfbf?s=96&d=mm&r=g\",\"caption\":\"admin_thopel\"},\"sameAs\":[\"http:\/\/localhost:8787\/emballage_digest\"],\"url\":\"https:\/\/www.emballagedigest.fr\/en\/author\/admin_thopel\/\"}]}<\/script>\n<!-- \/ Yoast SEO plugin. -->","yoast_head_json":{"title":"Nouvelles cales flock\u00e9es pour coffrets et \u00e9tuis - Emballage Digest","robots":{"index":"index","follow":"follow","max-snippet":"max-snippet:-1","max-image-preview":"max-image-preview:large","max-video-preview":"max-video-preview:-1"},"canonical":"https:\/\/www.emballagedigest.fr\/en\/nouvelles-cales-flockees-pour-coffrets-et-etuis\/","og_locale":"en_GB","og_type":"article","og_title":"Nouvelles cales flock\u00e9es pour coffrets et \u00e9tuis - Emballage Digest","og_description":"Jean Bal Thermoformage d\u00e9voilait sur le dernier PCD 2020 une nouvelle solution de flocage pour cale&nbsp;: Flock\u2019n\u2019roll.","og_url":"https:\/\/www.emballagedigest.fr\/en\/nouvelles-cales-flockees-pour-coffrets-et-etuis\/","og_site_name":"Emballage Digest","article_published_time":"2020-03-04T08:43:44+00:00","article_modified_time":"2020-03-04T08:48:25+00:00","author":"admin_thopel","twitter_card":"summary_large_image","twitter_misc":{"Written by":"admin_thopel","Estimated reading time":"1 minute"},"schema":{"@context":"https:\/\/schema.org","@graph":[{"@type":"Article","@id":"https:\/\/www.emballagedigest.fr\/nouvelles-cales-flockees-pour-coffrets-et-etuis\/#article","isPartOf":{"@id":"https:\/\/www.emballagedigest.fr\/nouvelles-cales-flockees-pour-coffrets-et-etuis\/"},"author":{"name":"admin_thopel","@id":"https:\/\/www.emballagedigest.fr\/#\/schema\/person\/d01fbac1f378e2f5e4096082cdf68ae5"},"headline":"Nouvelles cales flock\u00e9es pour coffrets et \u00e9tuis","datePublished":"2020-03-04T08:43:44+00:00","dateModified":"2020-03-04T08:48:25+00:00","mainEntityOfPage":{"@id":"https:\/\/www.emballagedigest.fr\/nouvelles-cales-flockees-pour-coffrets-et-etuis\/"},"wordCount":204,"publisher":{"@id":"https:\/\/www.emballagedigest.fr\/#organization"},"image":{"@id":"https:\/\/www.emballagedigest.fr\/nouvelles-cales-flockees-pour-coffrets-et-etuis\/#primaryimage"},"thumbnailUrl":"https:\/\/www.emballagedigest.fr\/wp-content\/uploads\/dotclear\/images\/2020\/BONUS\/mars\/bal_article1.jpg","articleSection":["Article entier","Parfumerie &amp; Cosm\u00e9tique"],"inLanguage":"en-GB"},{"@type":"WebPage","@id":"https:\/\/www.emballagedigest.fr\/nouvelles-cales-flockees-pour-coffrets-et-etuis\/","url":"https:\/\/www.emballagedigest.fr\/nouvelles-cales-flockees-pour-coffrets-et-etuis\/","name":"Nouvelles cales flock\u00e9es pour coffrets et \u00e9tuis - Emballage Digest","isPartOf":{"@id":"https:\/\/www.emballagedigest.fr\/#website"},"primaryImageOfPage":{"@id":"https:\/\/www.emballagedigest.fr\/nouvelles-cales-flockees-pour-coffrets-et-etuis\/#primaryimage"},"image":{"@id":"https:\/\/www.emballagedigest.fr\/nouvelles-cales-flockees-pour-coffrets-et-etuis\/#primaryimage"},"thumbnailUrl":"https:\/\/www.emballagedigest.fr\/wp-content\/uploads\/dotclear\/images\/2020\/BONUS\/mars\/bal_article1.jpg","datePublished":"2020-03-04T08:43:44+00:00","dateModified":"2020-03-04T08:48:25+00:00","breadcrumb":{"@id":"https:\/\/www.emballagedigest.fr\/nouvelles-cales-flockees-pour-coffrets-et-etuis\/#breadcrumb"},"inLanguage":"en-GB","potentialAction":[{"@type":"ReadAction","target":["https:\/\/www.emballagedigest.fr\/nouvelles-cales-flockees-pour-coffrets-et-etuis\/"]}]},{"@type":"ImageObject","inLanguage":"en-GB","@id":"https:\/\/www.emballagedigest.fr\/nouvelles-cales-flockees-pour-coffrets-et-etuis\/#primaryimage","url":"https:\/\/www.emballagedigest.fr\/wp-content\/uploads\/dotclear\/images\/2020\/BONUS\/mars\/bal_article1.jpg","contentUrl":"https:\/\/www.emballagedigest.fr\/wp-content\/uploads\/dotclear\/images\/2020\/BONUS\/mars\/bal_article1.jpg"},{"@type":"BreadcrumbList","@id":"https:\/\/www.emballagedigest.fr\/nouvelles-cales-flockees-pour-coffrets-et-etuis\/#breadcrumb","itemListElement":[{"@type":"ListItem","position":1,"name":"Accueil","item":"https:\/\/www.emballagedigest.fr\/"},{"@type":"ListItem","position":2,"name":"Nouvelles cales flock\u00e9es pour coffrets et \u00e9tuis"}]},{"@type":"WebSite","@id":"https:\/\/www.emballagedigest.fr\/#website","url":"https:\/\/www.emballagedigest.fr\/","name":"Emballage Digest","description":"Revue professionnelle sur les emballages","publisher":{"@id":"https:\/\/www.emballagedigest.fr\/#organization"},"potentialAction":[{"@type":"SearchAction","target":{"@type":"EntryPoint","urlTemplate":"https:\/\/www.emballagedigest.fr\/?s={search_term_string}"},"query-input":{"@type":"PropertyValueSpecification","valueRequired":true,"valueName":"search_term_string"}}],"inLanguage":"en-GB"},{"@type":"Organization","@id":"https:\/\/www.emballagedigest.fr\/#organization","name":"Emballage Digest","url":"https:\/\/www.emballagedigest.fr\/","logo":{"@type":"ImageObject","inLanguage":"en-GB","@id":"https:\/\/www.emballagedigest.fr\/#\/schema\/logo\/image\/","url":"https:\/\/www.emballagedigest.fr\/wp-content\/uploads\/2022\/07\/logo-ed.png","contentUrl":"https:\/\/www.emballagedigest.fr\/wp-content\/uploads\/2022\/07\/logo-ed.png","width":379,"height":75,"caption":"Emballage Digest"},"image":{"@id":"https:\/\/www.emballagedigest.fr\/#\/schema\/logo\/image\/"}},{"@type":"Person","@id":"https:\/\/www.emballagedigest.fr\/#\/schema\/person\/d01fbac1f378e2f5e4096082cdf68ae5","name":"admin_thopel","image":{"@type":"ImageObject","inLanguage":"en-GB","@id":"https:\/\/www.emballagedigest.fr\/#\/schema\/person\/image\/","url":"https:\/\/secure.gravatar.com\/avatar\/6cf644f6475359b596b81b10a64f989df38f1238649f7e33f97f69519e42dfbf?s=96&d=mm&r=g","contentUrl":"https:\/\/secure.gravatar.com\/avatar\/6cf644f6475359b596b81b10a64f989df38f1238649f7e33f97f69519e42dfbf?s=96&d=mm&r=g","caption":"admin_thopel"},"sameAs":["http:\/\/localhost:8787\/emballage_digest"],"url":"https:\/\/www.emballagedigest.fr\/en\/author\/admin_thopel\/"}]}},"_links":{"self":[{"href":"https:\/\/www.emballagedigest.fr\/en\/wp-json\/wp\/v2\/posts\/21939","targetHints":{"allow":["GET"]}}],"collection":[{"href":"https:\/\/www.emballagedigest.fr\/en\/wp-json\/wp\/v2\/posts"}],"about":[{"href":"https:\/\/www.emballagedigest.fr\/en\/wp-json\/wp\/v2\/types\/post"}],"author":[{"embeddable":true,"href":"https:\/\/www.emballagedigest.fr\/en\/wp-json\/wp\/v2\/users\/1"}],"replies":[{"embeddable":true,"href":"https:\/\/www.emballagedigest.fr\/en\/wp-json\/wp\/v2\/comments?post=21939"}],"version-history":[{"count":0,"href":"https:\/\/www.emballagedigest.fr\/en\/wp-json\/wp\/v2\/posts\/21939\/revisions"}],"wp:featuredmedia":[{"embeddable":true,"href":"https:\/\/www.emballagedigest.fr\/en\/wp-json\/wp\/v2\/media\/31939"}],"wp:attachment":[{"href":"https:\/\/www.emballagedigest.fr\/en\/wp-json\/wp\/v2\/media?parent=21939"}],"wp:term":[{"taxonomy":"category","embeddable":true,"href":"https:\/\/www.emballagedigest.fr\/en\/wp-json\/wp\/v2\/categories?post=21939"},{"taxonomy":"post_tag","embeddable":true,"href":"https:\/\/www.emballagedigest.fr\/en\/wp-json\/wp\/v2\/tags?post=21939"}],"curies":[{"name":"wp","href":"https:\/\/api.w.org\/{rel}","templated":true}]}}