{"id":21940,"date":"2020-03-04T08:46:33","date_gmt":"2020-03-04T08:46:33","guid":{"rendered":"https:\/\/www.emballagedigest.fr\/?p=21940"},"modified":"2020-03-05T08:43:29","modified_gmt":"2020-03-05T08:43:29","slug":"coronavirus-gl-events-decide-de-reporter-le-cfia-rennes","status":"publish","type":"post","link":"https:\/\/www.emballagedigest.fr\/en\/coronavirus-gl-events-decide-de-reporter-le-cfia-rennes\/","title":{"rendered":"Coronavirus : GL Events d\u00e9cide de reporter le CFIA Rennes"},"content":{"rendered":"<p>Initialement pr\u00e9vue du 10 au 12 mars 2020, la 24e \u00e9dition du CFIA (Carrefour des Fournisseurs de l\u2019industrie agroalimentaire) est report\u00e9e aux 26, 27 et 28 mai 2020 au Parc des Expo Rennes A\u00e9roport.<\/p>\n<p>En pleine crise sanitaire du coronavirus, GL Events, organisateur de l\u2019\u00e9v\u00e9nement, justifie ce choix par mesure de pr\u00e9caution. \u00abC\u2019est \u00e9videmment une d\u00e9cision difficile \u00e0 prendre mais les conditions ne sont pas r\u00e9unies aujourd\u2019hui pour que cet \u00e9v\u00e9nement se d\u00e9roule en toute s\u00e9r\u00e9nit\u00e9. La sant\u00e9 de nos 1600 exposants, de nos collaborateurs, de nos partenaires, des entreprises et de notre public est notre unique priorit\u00e9. Nous sommes convaincus que l\u2019ensemble de notre communaut\u00e9 sera au rendez-vous du 26 au 28 mai prochain pour participer au salon r\u00e9f\u00e9rent de l\u2019agroalimentaire\u00bb, a expliqu\u00e9 S\u00e9bastien Gillet, directeur du salon.<\/p>\n<p>\u00abNous tenons \u00e0 remercier nos clients pour leur compr\u00e9hension ainsi que les autorit\u00e9s minist\u00e9rielles et territoriales qui nous accompagnent de longue date et qui nous ont renouvel\u00e9 leur soutien pendant cette p\u00e9riode compliqu\u00e9e\u00bb, a-t-il conclu.<\/p>\n<p>D\u2019autres salons de GL Events sont \u00e9galement impact\u00e9s par le coronavirus. Ainsi, le Salon Global Industrie, initialement pr\u00e9vu du 31 mars au 3 avril 2020, est report\u00e9 du 9 au 12 juin, dans un nouvel emplacement au Parc des Expositions Paris &#8211; Le Bourget. Quant au M.A.D.E Paris, programm\u00e9 du 17 au 18 mars 2020, il aura finalement lieu du 13 au 14 mai 2020 toujours \u00e0 la Porte de Versailles.   <\/p>\n<p><em>Reproduction interdite sauf accord \u00e9crit d&rsquo;Emballage Digest ou mention du support<\/em><\/p>","protected":false},"excerpt":{"rendered":"<p>Initialement pr\u00e9vue du 10 au 12 mars 2020, la 24e \u00e9dition du CFIA (Carrefour des Fournisseurs de l\u2019industrie agroalimentaire) est report\u00e9e aux 26, 27 et 28 mai 2020 au Parc des Expo Rennes A\u00e9roport.<\/p>","protected":false},"author":1,"featured_media":31940,"comment_status":"closed","ping_status":"closed","sticky":false,"template":"","format":"standard","meta":{"_acf_changed":false,"inline_featured_image":false,"iawp_total_views":0,"footnotes":""},"categories":[5,28],"tags":[],"class_list":["post-21940","post","type-post","status-publish","format-standard","has-post-thumbnail","hentry","category-alimentaire","category-article-entier"],"acf":[],"yoast_head":"<!-- This site is optimized with the Yoast SEO plugin v24.4 - https:\/\/yoast.com\/wordpress\/plugins\/seo\/ -->\n<title>Coronavirus : GL Events d\u00e9cide de reporter le CFIA Rennes - Emballage Digest<\/title>\n<meta name=\"robots\" content=\"index, follow, max-snippet:-1, max-image-preview:large, max-video-preview:-1\" \/>\n<link rel=\"canonical\" href=\"https:\/\/www.emballagedigest.fr\/en\/coronavirus-gl-events-decide-de-reporter-le-cfia-rennes\/\" \/>\n<meta property=\"og:locale\" content=\"en_GB\" \/>\n<meta property=\"og:type\" content=\"article\" \/>\n<meta property=\"og:title\" content=\"Coronavirus : GL Events d\u00e9cide de reporter le CFIA Rennes - Emballage Digest\" \/>\n<meta property=\"og:description\" content=\"Initialement pr\u00e9vue du 10 au 12 mars 2020, la 24e \u00e9dition du CFIA (Carrefour des Fournisseurs de l\u2019industrie agroalimentaire) est report\u00e9e aux 26, 27 et 28 mai 2020 au Parc des Expo Rennes A\u00e9roport.\" \/>\n<meta property=\"og:url\" content=\"https:\/\/www.emballagedigest.fr\/en\/coronavirus-gl-events-decide-de-reporter-le-cfia-rennes\/\" \/>\n<meta property=\"og:site_name\" content=\"Emballage Digest\" \/>\n<meta property=\"article:published_time\" content=\"2020-03-04T08:46:33+00:00\" \/>\n<meta property=\"article:modified_time\" content=\"2020-03-05T08:43:29+00:00\" \/>\n<meta name=\"author\" content=\"admin_thopel\" \/>\n<meta name=\"twitter:card\" content=\"summary_large_image\" \/>\n<meta name=\"twitter:label1\" content=\"Written by\" \/>\n\t<meta name=\"twitter:data1\" content=\"admin_thopel\" \/>\n\t<meta name=\"twitter:label2\" content=\"Estimated reading time\" \/>\n\t<meta name=\"twitter:data2\" content=\"1 minute\" \/>\n<script type=\"application\/ld+json\" class=\"yoast-schema-graph\">{\"@context\":\"https:\/\/schema.org\",\"@graph\":[{\"@type\":\"Article\",\"@id\":\"https:\/\/www.emballagedigest.fr\/coronavirus-gl-events-decide-de-reporter-le-cfia-rennes\/#article\",\"isPartOf\":{\"@id\":\"https:\/\/www.emballagedigest.fr\/coronavirus-gl-events-decide-de-reporter-le-cfia-rennes\/\"},\"author\":{\"name\":\"admin_thopel\",\"@id\":\"https:\/\/www.emballagedigest.fr\/#\/schema\/person\/d01fbac1f378e2f5e4096082cdf68ae5\"},\"headline\":\"Coronavirus : GL Events d\u00e9cide de reporter le CFIA Rennes\",\"datePublished\":\"2020-03-04T08:46:33+00:00\",\"dateModified\":\"2020-03-05T08:43:29+00:00\",\"mainEntityOfPage\":{\"@id\":\"https:\/\/www.emballagedigest.fr\/coronavirus-gl-events-decide-de-reporter-le-cfia-rennes\/\"},\"wordCount\":264,\"publisher\":{\"@id\":\"https:\/\/www.emballagedigest.fr\/#organization\"},\"image\":{\"@id\":\"https:\/\/www.emballagedigest.fr\/coronavirus-gl-events-decide-de-reporter-le-cfia-rennes\/#primaryimage\"},\"thumbnailUrl\":\"https:\/\/www.emballagedigest.fr\/wp-content\/uploads\/dotclear\/images\/2020\/BONUS\/mars\/cfia_article.jpg\",\"articleSection\":[\"Alimentaire\",\"Article entier\"],\"inLanguage\":\"en-GB\"},{\"@type\":\"WebPage\",\"@id\":\"https:\/\/www.emballagedigest.fr\/coronavirus-gl-events-decide-de-reporter-le-cfia-rennes\/\",\"url\":\"https:\/\/www.emballagedigest.fr\/coronavirus-gl-events-decide-de-reporter-le-cfia-rennes\/\",\"name\":\"Coronavirus : GL Events d\u00e9cide de reporter le CFIA Rennes - Emballage Digest\",\"isPartOf\":{\"@id\":\"https:\/\/www.emballagedigest.fr\/#website\"},\"primaryImageOfPage\":{\"@id\":\"https:\/\/www.emballagedigest.fr\/coronavirus-gl-events-decide-de-reporter-le-cfia-rennes\/#primaryimage\"},\"image\":{\"@id\":\"https:\/\/www.emballagedigest.fr\/coronavirus-gl-events-decide-de-reporter-le-cfia-rennes\/#primaryimage\"},\"thumbnailUrl\":\"https:\/\/www.emballagedigest.fr\/wp-content\/uploads\/dotclear\/images\/2020\/BONUS\/mars\/cfia_article.jpg\",\"datePublished\":\"2020-03-04T08:46:33+00:00\",\"dateModified\":\"2020-03-05T08:43:29+00:00\",\"breadcrumb\":{\"@id\":\"https:\/\/www.emballagedigest.fr\/coronavirus-gl-events-decide-de-reporter-le-cfia-rennes\/#breadcrumb\"},\"inLanguage\":\"en-GB\",\"potentialAction\":[{\"@type\":\"ReadAction\",\"target\":[\"https:\/\/www.emballagedigest.fr\/coronavirus-gl-events-decide-de-reporter-le-cfia-rennes\/\"]}]},{\"@type\":\"ImageObject\",\"inLanguage\":\"en-GB\",\"@id\":\"https:\/\/www.emballagedigest.fr\/coronavirus-gl-events-decide-de-reporter-le-cfia-rennes\/#primaryimage\",\"url\":\"https:\/\/www.emballagedigest.fr\/wp-content\/uploads\/dotclear\/images\/2020\/BONUS\/mars\/cfia_article.jpg\",\"contentUrl\":\"https:\/\/www.emballagedigest.fr\/wp-content\/uploads\/dotclear\/images\/2020\/BONUS\/mars\/cfia_article.jpg\"},{\"@type\":\"BreadcrumbList\",\"@id\":\"https:\/\/www.emballagedigest.fr\/coronavirus-gl-events-decide-de-reporter-le-cfia-rennes\/#breadcrumb\",\"itemListElement\":[{\"@type\":\"ListItem\",\"position\":1,\"name\":\"Accueil\",\"item\":\"https:\/\/www.emballagedigest.fr\/\"},{\"@type\":\"ListItem\",\"position\":2,\"name\":\"Coronavirus : GL Events d\u00e9cide de reporter le CFIA Rennes\"}]},{\"@type\":\"WebSite\",\"@id\":\"https:\/\/www.emballagedigest.fr\/#website\",\"url\":\"https:\/\/www.emballagedigest.fr\/\",\"name\":\"Emballage Digest\",\"description\":\"Revue professionnelle sur les emballages\",\"publisher\":{\"@id\":\"https:\/\/www.emballagedigest.fr\/#organization\"},\"potentialAction\":[{\"@type\":\"SearchAction\",\"target\":{\"@type\":\"EntryPoint\",\"urlTemplate\":\"https:\/\/www.emballagedigest.fr\/?s={search_term_string}\"},\"query-input\":{\"@type\":\"PropertyValueSpecification\",\"valueRequired\":true,\"valueName\":\"search_term_string\"}}],\"inLanguage\":\"en-GB\"},{\"@type\":\"Organization\",\"@id\":\"https:\/\/www.emballagedigest.fr\/#organization\",\"name\":\"Emballage Digest\",\"url\":\"https:\/\/www.emballagedigest.fr\/\",\"logo\":{\"@type\":\"ImageObject\",\"inLanguage\":\"en-GB\",\"@id\":\"https:\/\/www.emballagedigest.fr\/#\/schema\/logo\/image\/\",\"url\":\"https:\/\/www.emballagedigest.fr\/wp-content\/uploads\/2022\/07\/logo-ed.png\",\"contentUrl\":\"https:\/\/www.emballagedigest.fr\/wp-content\/uploads\/2022\/07\/logo-ed.png\",\"width\":379,\"height\":75,\"caption\":\"Emballage Digest\"},\"image\":{\"@id\":\"https:\/\/www.emballagedigest.fr\/#\/schema\/logo\/image\/\"}},{\"@type\":\"Person\",\"@id\":\"https:\/\/www.emballagedigest.fr\/#\/schema\/person\/d01fbac1f378e2f5e4096082cdf68ae5\",\"name\":\"admin_thopel\",\"image\":{\"@type\":\"ImageObject\",\"inLanguage\":\"en-GB\",\"@id\":\"https:\/\/www.emballagedigest.fr\/#\/schema\/person\/image\/\",\"url\":\"https:\/\/secure.gravatar.com\/avatar\/6cf644f6475359b596b81b10a64f989df38f1238649f7e33f97f69519e42dfbf?s=96&d=mm&r=g\",\"contentUrl\":\"https:\/\/secure.gravatar.com\/avatar\/6cf644f6475359b596b81b10a64f989df38f1238649f7e33f97f69519e42dfbf?s=96&d=mm&r=g\",\"caption\":\"admin_thopel\"},\"sameAs\":[\"http:\/\/localhost:8787\/emballage_digest\"],\"url\":\"https:\/\/www.emballagedigest.fr\/en\/author\/admin_thopel\/\"}]}<\/script>\n<!-- \/ Yoast SEO plugin. -->","yoast_head_json":{"title":"Coronavirus : GL Events d\u00e9cide de reporter le CFIA Rennes - Emballage Digest","robots":{"index":"index","follow":"follow","max-snippet":"max-snippet:-1","max-image-preview":"max-image-preview:large","max-video-preview":"max-video-preview:-1"},"canonical":"https:\/\/www.emballagedigest.fr\/en\/coronavirus-gl-events-decide-de-reporter-le-cfia-rennes\/","og_locale":"en_GB","og_type":"article","og_title":"Coronavirus : GL Events d\u00e9cide de reporter le CFIA Rennes - Emballage Digest","og_description":"Initialement pr\u00e9vue du 10 au 12 mars 2020, la 24e \u00e9dition du CFIA (Carrefour des Fournisseurs de l\u2019industrie agroalimentaire) est report\u00e9e aux 26, 27 et 28 mai 2020 au Parc des Expo Rennes A\u00e9roport.","og_url":"https:\/\/www.emballagedigest.fr\/en\/coronavirus-gl-events-decide-de-reporter-le-cfia-rennes\/","og_site_name":"Emballage Digest","article_published_time":"2020-03-04T08:46:33+00:00","article_modified_time":"2020-03-05T08:43:29+00:00","author":"admin_thopel","twitter_card":"summary_large_image","twitter_misc":{"Written by":"admin_thopel","Estimated reading time":"1 minute"},"schema":{"@context":"https:\/\/schema.org","@graph":[{"@type":"Article","@id":"https:\/\/www.emballagedigest.fr\/coronavirus-gl-events-decide-de-reporter-le-cfia-rennes\/#article","isPartOf":{"@id":"https:\/\/www.emballagedigest.fr\/coronavirus-gl-events-decide-de-reporter-le-cfia-rennes\/"},"author":{"name":"admin_thopel","@id":"https:\/\/www.emballagedigest.fr\/#\/schema\/person\/d01fbac1f378e2f5e4096082cdf68ae5"},"headline":"Coronavirus : GL Events d\u00e9cide de reporter le CFIA Rennes","datePublished":"2020-03-04T08:46:33+00:00","dateModified":"2020-03-05T08:43:29+00:00","mainEntityOfPage":{"@id":"https:\/\/www.emballagedigest.fr\/coronavirus-gl-events-decide-de-reporter-le-cfia-rennes\/"},"wordCount":264,"publisher":{"@id":"https:\/\/www.emballagedigest.fr\/#organization"},"image":{"@id":"https:\/\/www.emballagedigest.fr\/coronavirus-gl-events-decide-de-reporter-le-cfia-rennes\/#primaryimage"},"thumbnailUrl":"https:\/\/www.emballagedigest.fr\/wp-content\/uploads\/dotclear\/images\/2020\/BONUS\/mars\/cfia_article.jpg","articleSection":["Alimentaire","Article entier"],"inLanguage":"en-GB"},{"@type":"WebPage","@id":"https:\/\/www.emballagedigest.fr\/coronavirus-gl-events-decide-de-reporter-le-cfia-rennes\/","url":"https:\/\/www.emballagedigest.fr\/coronavirus-gl-events-decide-de-reporter-le-cfia-rennes\/","name":"Coronavirus : GL Events d\u00e9cide de reporter le CFIA Rennes - Emballage Digest","isPartOf":{"@id":"https:\/\/www.emballagedigest.fr\/#website"},"primaryImageOfPage":{"@id":"https:\/\/www.emballagedigest.fr\/coronavirus-gl-events-decide-de-reporter-le-cfia-rennes\/#primaryimage"},"image":{"@id":"https:\/\/www.emballagedigest.fr\/coronavirus-gl-events-decide-de-reporter-le-cfia-rennes\/#primaryimage"},"thumbnailUrl":"https:\/\/www.emballagedigest.fr\/wp-content\/uploads\/dotclear\/images\/2020\/BONUS\/mars\/cfia_article.jpg","datePublished":"2020-03-04T08:46:33+00:00","dateModified":"2020-03-05T08:43:29+00:00","breadcrumb":{"@id":"https:\/\/www.emballagedigest.fr\/coronavirus-gl-events-decide-de-reporter-le-cfia-rennes\/#breadcrumb"},"inLanguage":"en-GB","potentialAction":[{"@type":"ReadAction","target":["https:\/\/www.emballagedigest.fr\/coronavirus-gl-events-decide-de-reporter-le-cfia-rennes\/"]}]},{"@type":"ImageObject","inLanguage":"en-GB","@id":"https:\/\/www.emballagedigest.fr\/coronavirus-gl-events-decide-de-reporter-le-cfia-rennes\/#primaryimage","url":"https:\/\/www.emballagedigest.fr\/wp-content\/uploads\/dotclear\/images\/2020\/BONUS\/mars\/cfia_article.jpg","contentUrl":"https:\/\/www.emballagedigest.fr\/wp-content\/uploads\/dotclear\/images\/2020\/BONUS\/mars\/cfia_article.jpg"},{"@type":"BreadcrumbList","@id":"https:\/\/www.emballagedigest.fr\/coronavirus-gl-events-decide-de-reporter-le-cfia-rennes\/#breadcrumb","itemListElement":[{"@type":"ListItem","position":1,"name":"Accueil","item":"https:\/\/www.emballagedigest.fr\/"},{"@type":"ListItem","position":2,"name":"Coronavirus : GL Events d\u00e9cide de reporter le CFIA Rennes"}]},{"@type":"WebSite","@id":"https:\/\/www.emballagedigest.fr\/#website","url":"https:\/\/www.emballagedigest.fr\/","name":"Emballage Digest","description":"Revue professionnelle sur les emballages","publisher":{"@id":"https:\/\/www.emballagedigest.fr\/#organization"},"potentialAction":[{"@type":"SearchAction","target":{"@type":"EntryPoint","urlTemplate":"https:\/\/www.emballagedigest.fr\/?s={search_term_string}"},"query-input":{"@type":"PropertyValueSpecification","valueRequired":true,"valueName":"search_term_string"}}],"inLanguage":"en-GB"},{"@type":"Organization","@id":"https:\/\/www.emballagedigest.fr\/#organization","name":"Emballage Digest","url":"https:\/\/www.emballagedigest.fr\/","logo":{"@type":"ImageObject","inLanguage":"en-GB","@id":"https:\/\/www.emballagedigest.fr\/#\/schema\/logo\/image\/","url":"https:\/\/www.emballagedigest.fr\/wp-content\/uploads\/2022\/07\/logo-ed.png","contentUrl":"https:\/\/www.emballagedigest.fr\/wp-content\/uploads\/2022\/07\/logo-ed.png","width":379,"height":75,"caption":"Emballage Digest"},"image":{"@id":"https:\/\/www.emballagedigest.fr\/#\/schema\/logo\/image\/"}},{"@type":"Person","@id":"https:\/\/www.emballagedigest.fr\/#\/schema\/person\/d01fbac1f378e2f5e4096082cdf68ae5","name":"admin_thopel","image":{"@type":"ImageObject","inLanguage":"en-GB","@id":"https:\/\/www.emballagedigest.fr\/#\/schema\/person\/image\/","url":"https:\/\/secure.gravatar.com\/avatar\/6cf644f6475359b596b81b10a64f989df38f1238649f7e33f97f69519e42dfbf?s=96&d=mm&r=g","contentUrl":"https:\/\/secure.gravatar.com\/avatar\/6cf644f6475359b596b81b10a64f989df38f1238649f7e33f97f69519e42dfbf?s=96&d=mm&r=g","caption":"admin_thopel"},"sameAs":["http:\/\/localhost:8787\/emballage_digest"],"url":"https:\/\/www.emballagedigest.fr\/en\/author\/admin_thopel\/"}]}},"_links":{"self":[{"href":"https:\/\/www.emballagedigest.fr\/en\/wp-json\/wp\/v2\/posts\/21940","targetHints":{"allow":["GET"]}}],"collection":[{"href":"https:\/\/www.emballagedigest.fr\/en\/wp-json\/wp\/v2\/posts"}],"about":[{"href":"https:\/\/www.emballagedigest.fr\/en\/wp-json\/wp\/v2\/types\/post"}],"author":[{"embeddable":true,"href":"https:\/\/www.emballagedigest.fr\/en\/wp-json\/wp\/v2\/users\/1"}],"replies":[{"embeddable":true,"href":"https:\/\/www.emballagedigest.fr\/en\/wp-json\/wp\/v2\/comments?post=21940"}],"version-history":[{"count":0,"href":"https:\/\/www.emballagedigest.fr\/en\/wp-json\/wp\/v2\/posts\/21940\/revisions"}],"wp:featuredmedia":[{"embeddable":true,"href":"https:\/\/www.emballagedigest.fr\/en\/wp-json\/wp\/v2\/media\/31940"}],"wp:attachment":[{"href":"https:\/\/www.emballagedigest.fr\/en\/wp-json\/wp\/v2\/media?parent=21940"}],"wp:term":[{"taxonomy":"category","embeddable":true,"href":"https:\/\/www.emballagedigest.fr\/en\/wp-json\/wp\/v2\/categories?post=21940"},{"taxonomy":"post_tag","embeddable":true,"href":"https:\/\/www.emballagedigest.fr\/en\/wp-json\/wp\/v2\/tags?post=21940"}],"curies":[{"name":"wp","href":"https:\/\/api.w.org\/{rel}","templated":true}]}}