{"id":21942,"date":"2020-03-05T09:00:19","date_gmt":"2020-03-05T09:00:19","guid":{"rendered":"https:\/\/www.emballagedigest.fr\/?p=21942"},"modified":"2020-03-05T09:00:19","modified_gmt":"2020-03-05T09:00:19","slug":"packthefuture-les-laureats-2020-reveles-au-prochain-salon-interpack","status":"publish","type":"post","link":"https:\/\/www.emballagedigest.fr\/en\/packthefuture-les-laureats-2020-reveles-au-prochain-salon-interpack\/","title":{"rendered":"PackTheFuture : les laur\u00e9ats 2020 r\u00e9v\u00e9l\u00e9s au prochain salon Interpack"},"content":{"rendered":"<p>Apr\u00e8s d\u00e9lib\u00e9ration, la liste des dossiers laur\u00e9ats \u00e0 la 5e \u00e9dition du concours europ\u00e9en \u00abPackTheFuture Award 2020\u00bb a \u00e9t\u00e9 arr\u00eat\u00e9e. Fruit d\u2019une coop\u00e9ration entre deux associations professionnelles Elipso en France et IK en Allemagne, le concours europ\u00e9en vise \u00e0 promouvoir le potentiel cr\u00e9atif et innovant du secteur des emballages plastiques et souples.<\/p>\n<p>Parmi les 58 dossiers re\u00e7us cette ann\u00e9e (un chiffre en hausse par rapport \u00e0 la derni\u00e8re \u00e9dition 2018), 28 dossiers ont d\u2019abord \u00e9t\u00e9 retenus par le pr\u00e9-jury compos\u00e9 d\u2019experts techniques et de sp\u00e9cialistes de l\u2019emballage, r\u00e9uni \u00e0 Bad Homburg vor der H\u00f6he (si\u00e8ge d\u2019IK).<\/p>\n<p>Dans un second temps, un Grand Jury (photo) \u2013 compos\u00e9 de consultants, journalistes, scientifiques, professeurs, et experts de l\u2019emballage et pr\u00e9sid\u00e9 par le Pr. Horst-Christian Langowski de l\u2019institut Frauenhofer \u2013 s\u2019est attel\u00e9 \u00e0 d\u00e9signer les laur\u00e9ats de chaque cat\u00e9gorie&nbsp;: Ecodesign&nbsp;; Protection du Produit&nbsp;; B\u00e9n\u00e9fice Soci\u00e9tal et Lutte contre le gaspillage alimentaire. A chaque \u00e9dition, ce sont ainsi entre 10 et 14 produits qui sont r\u00e9compens\u00e9s par le troph\u00e9e. <\/p>\n<p>Les laur\u00e9ats de PackTheFuture 2020 seront d\u00e9voil\u00e9s le 12 mai prochain lors de la c\u00e9r\u00e9monie de remise des Prix qui se d\u00e9roulera en marge du salon Interpack \u00e0 D\u00fcsseldorf, en pr\u00e9sence de la presse, des partenaires, sponsors, laur\u00e9ats, adh\u00e9rents d\u2019ELIPSO &amp; d\u2019IK et membres du jury. <\/p>\n<p>Par ailleurs, l\u2019Organisation Mondiale de l\u2019Emballage (WPO) ayant reconnu le Troph\u00e9e PackTheFuture comme \u00e9tant admissible pour participer au concours mondial de l\u2019emballage, les WorldStar Awards, les gagnants de cette \u00e9dition 2020 seront directement qualifi\u00e9s pour participer \u00e0 l\u2019\u00e9dition 2021 des Worldstar Awards. <\/p>\n<p><em>Reproduction interdite sauf accord \u00e9crit d&rsquo;Emballage Digest ou mention du support<\/em><\/p>","protected":false},"excerpt":{"rendered":"<p>Apr\u00e8s d\u00e9lib\u00e9ration, la liste des dossiers laur\u00e9ats \u00e0 la 5e \u00e9dition du concours europ\u00e9en \u00abPackTheFuture Award 2020\u00bb a \u00e9t\u00e9 arr\u00eat\u00e9e. Fruit d\u2019une coop\u00e9ration entre deux associations professionnelles Elipso en France et IK en Allemagne, le concours europ\u00e9en vise \u00e0 promouvoir le potentiel cr\u00e9atif et innovant du secteur des emballages plastiques et souples.<\/p>","protected":false},"author":1,"featured_media":31942,"comment_status":"closed","ping_status":"closed","sticky":false,"template":"","format":"standard","meta":{"_acf_changed":false,"inline_featured_image":false,"iawp_total_views":0,"footnotes":""},"categories":[5,28,11],"tags":[],"class_list":["post-21942","post","type-post","status-publish","format-standard","has-post-thumbnail","hentry","category-alimentaire","category-article-entier","category-emballages"],"acf":[],"yoast_head":"<!-- This site is optimized with the Yoast SEO plugin v24.4 - https:\/\/yoast.com\/wordpress\/plugins\/seo\/ -->\n<title>PackTheFuture : les laur\u00e9ats 2020 r\u00e9v\u00e9l\u00e9s au prochain salon Interpack - Emballage Digest<\/title>\n<meta name=\"robots\" content=\"index, follow, max-snippet:-1, max-image-preview:large, max-video-preview:-1\" \/>\n<link rel=\"canonical\" href=\"https:\/\/www.emballagedigest.fr\/en\/packthefuture-les-laureats-2020-reveles-au-prochain-salon-interpack\/\" \/>\n<meta property=\"og:locale\" content=\"en_GB\" \/>\n<meta property=\"og:type\" content=\"article\" \/>\n<meta property=\"og:title\" content=\"PackTheFuture : les laur\u00e9ats 2020 r\u00e9v\u00e9l\u00e9s au prochain salon Interpack - Emballage Digest\" \/>\n<meta property=\"og:description\" content=\"Apr\u00e8s d\u00e9lib\u00e9ration, la liste des dossiers laur\u00e9ats \u00e0 la 5e \u00e9dition du concours europ\u00e9en \u00abPackTheFuture Award 2020\u00bb a \u00e9t\u00e9 arr\u00eat\u00e9e. Fruit d\u2019une coop\u00e9ration entre deux associations professionnelles Elipso en France et IK en Allemagne, le concours europ\u00e9en vise \u00e0 promouvoir le potentiel cr\u00e9atif et innovant du secteur des emballages plastiques et souples.\" \/>\n<meta property=\"og:url\" content=\"https:\/\/www.emballagedigest.fr\/en\/packthefuture-les-laureats-2020-reveles-au-prochain-salon-interpack\/\" \/>\n<meta property=\"og:site_name\" content=\"Emballage Digest\" \/>\n<meta property=\"article:published_time\" content=\"2020-03-05T09:00:19+00:00\" \/>\n<meta name=\"author\" content=\"admin_thopel\" \/>\n<meta name=\"twitter:card\" content=\"summary_large_image\" \/>\n<meta name=\"twitter:label1\" content=\"Written by\" \/>\n\t<meta name=\"twitter:data1\" content=\"admin_thopel\" \/>\n\t<meta name=\"twitter:label2\" content=\"Estimated reading time\" \/>\n\t<meta name=\"twitter:data2\" content=\"2 minutes\" \/>\n<script type=\"application\/ld+json\" class=\"yoast-schema-graph\">{\"@context\":\"https:\/\/schema.org\",\"@graph\":[{\"@type\":\"Article\",\"@id\":\"https:\/\/www.emballagedigest.fr\/packthefuture-les-laureats-2020-reveles-au-prochain-salon-interpack\/#article\",\"isPartOf\":{\"@id\":\"https:\/\/www.emballagedigest.fr\/packthefuture-les-laureats-2020-reveles-au-prochain-salon-interpack\/\"},\"author\":{\"name\":\"admin_thopel\",\"@id\":\"https:\/\/www.emballagedigest.fr\/#\/schema\/person\/d01fbac1f378e2f5e4096082cdf68ae5\"},\"headline\":\"PackTheFuture : les laur\u00e9ats 2020 r\u00e9v\u00e9l\u00e9s au prochain salon Interpack\",\"datePublished\":\"2020-03-05T09:00:19+00:00\",\"mainEntityOfPage\":{\"@id\":\"https:\/\/www.emballagedigest.fr\/packthefuture-les-laureats-2020-reveles-au-prochain-salon-interpack\/\"},\"wordCount\":314,\"publisher\":{\"@id\":\"https:\/\/www.emballagedigest.fr\/#organization\"},\"image\":{\"@id\":\"https:\/\/www.emballagedigest.fr\/packthefuture-les-laureats-2020-reveles-au-prochain-salon-interpack\/#primaryimage\"},\"thumbnailUrl\":\"https:\/\/www.emballagedigest.fr\/wp-content\/uploads\/dotclear\/images\/2020\/BONUS\/mars\/elipso_article.jpg\",\"articleSection\":[\"Alimentaire\",\"Article entier\",\"Emballages\"],\"inLanguage\":\"en-GB\"},{\"@type\":\"WebPage\",\"@id\":\"https:\/\/www.emballagedigest.fr\/packthefuture-les-laureats-2020-reveles-au-prochain-salon-interpack\/\",\"url\":\"https:\/\/www.emballagedigest.fr\/packthefuture-les-laureats-2020-reveles-au-prochain-salon-interpack\/\",\"name\":\"PackTheFuture : les laur\u00e9ats 2020 r\u00e9v\u00e9l\u00e9s au prochain salon Interpack - Emballage Digest\",\"isPartOf\":{\"@id\":\"https:\/\/www.emballagedigest.fr\/#website\"},\"primaryImageOfPage\":{\"@id\":\"https:\/\/www.emballagedigest.fr\/packthefuture-les-laureats-2020-reveles-au-prochain-salon-interpack\/#primaryimage\"},\"image\":{\"@id\":\"https:\/\/www.emballagedigest.fr\/packthefuture-les-laureats-2020-reveles-au-prochain-salon-interpack\/#primaryimage\"},\"thumbnailUrl\":\"https:\/\/www.emballagedigest.fr\/wp-content\/uploads\/dotclear\/images\/2020\/BONUS\/mars\/elipso_article.jpg\",\"datePublished\":\"2020-03-05T09:00:19+00:00\",\"breadcrumb\":{\"@id\":\"https:\/\/www.emballagedigest.fr\/packthefuture-les-laureats-2020-reveles-au-prochain-salon-interpack\/#breadcrumb\"},\"inLanguage\":\"en-GB\",\"potentialAction\":[{\"@type\":\"ReadAction\",\"target\":[\"https:\/\/www.emballagedigest.fr\/packthefuture-les-laureats-2020-reveles-au-prochain-salon-interpack\/\"]}]},{\"@type\":\"ImageObject\",\"inLanguage\":\"en-GB\",\"@id\":\"https:\/\/www.emballagedigest.fr\/packthefuture-les-laureats-2020-reveles-au-prochain-salon-interpack\/#primaryimage\",\"url\":\"https:\/\/www.emballagedigest.fr\/wp-content\/uploads\/dotclear\/images\/2020\/BONUS\/mars\/elipso_article.jpg\",\"contentUrl\":\"https:\/\/www.emballagedigest.fr\/wp-content\/uploads\/dotclear\/images\/2020\/BONUS\/mars\/elipso_article.jpg\"},{\"@type\":\"BreadcrumbList\",\"@id\":\"https:\/\/www.emballagedigest.fr\/packthefuture-les-laureats-2020-reveles-au-prochain-salon-interpack\/#breadcrumb\",\"itemListElement\":[{\"@type\":\"ListItem\",\"position\":1,\"name\":\"Accueil\",\"item\":\"https:\/\/www.emballagedigest.fr\/\"},{\"@type\":\"ListItem\",\"position\":2,\"name\":\"PackTheFuture : les laur\u00e9ats 2020 r\u00e9v\u00e9l\u00e9s au prochain salon Interpack\"}]},{\"@type\":\"WebSite\",\"@id\":\"https:\/\/www.emballagedigest.fr\/#website\",\"url\":\"https:\/\/www.emballagedigest.fr\/\",\"name\":\"Emballage Digest\",\"description\":\"Revue professionnelle sur les emballages\",\"publisher\":{\"@id\":\"https:\/\/www.emballagedigest.fr\/#organization\"},\"potentialAction\":[{\"@type\":\"SearchAction\",\"target\":{\"@type\":\"EntryPoint\",\"urlTemplate\":\"https:\/\/www.emballagedigest.fr\/?s={search_term_string}\"},\"query-input\":{\"@type\":\"PropertyValueSpecification\",\"valueRequired\":true,\"valueName\":\"search_term_string\"}}],\"inLanguage\":\"en-GB\"},{\"@type\":\"Organization\",\"@id\":\"https:\/\/www.emballagedigest.fr\/#organization\",\"name\":\"Emballage Digest\",\"url\":\"https:\/\/www.emballagedigest.fr\/\",\"logo\":{\"@type\":\"ImageObject\",\"inLanguage\":\"en-GB\",\"@id\":\"https:\/\/www.emballagedigest.fr\/#\/schema\/logo\/image\/\",\"url\":\"https:\/\/www.emballagedigest.fr\/wp-content\/uploads\/2022\/07\/logo-ed.png\",\"contentUrl\":\"https:\/\/www.emballagedigest.fr\/wp-content\/uploads\/2022\/07\/logo-ed.png\",\"width\":379,\"height\":75,\"caption\":\"Emballage Digest\"},\"image\":{\"@id\":\"https:\/\/www.emballagedigest.fr\/#\/schema\/logo\/image\/\"}},{\"@type\":\"Person\",\"@id\":\"https:\/\/www.emballagedigest.fr\/#\/schema\/person\/d01fbac1f378e2f5e4096082cdf68ae5\",\"name\":\"admin_thopel\",\"image\":{\"@type\":\"ImageObject\",\"inLanguage\":\"en-GB\",\"@id\":\"https:\/\/www.emballagedigest.fr\/#\/schema\/person\/image\/\",\"url\":\"https:\/\/secure.gravatar.com\/avatar\/6cf644f6475359b596b81b10a64f989df38f1238649f7e33f97f69519e42dfbf?s=96&d=mm&r=g\",\"contentUrl\":\"https:\/\/secure.gravatar.com\/avatar\/6cf644f6475359b596b81b10a64f989df38f1238649f7e33f97f69519e42dfbf?s=96&d=mm&r=g\",\"caption\":\"admin_thopel\"},\"sameAs\":[\"http:\/\/localhost:8787\/emballage_digest\"],\"url\":\"https:\/\/www.emballagedigest.fr\/en\/author\/admin_thopel\/\"}]}<\/script>\n<!-- \/ Yoast SEO plugin. -->","yoast_head_json":{"title":"PackTheFuture : les laur\u00e9ats 2020 r\u00e9v\u00e9l\u00e9s au prochain salon Interpack - Emballage Digest","robots":{"index":"index","follow":"follow","max-snippet":"max-snippet:-1","max-image-preview":"max-image-preview:large","max-video-preview":"max-video-preview:-1"},"canonical":"https:\/\/www.emballagedigest.fr\/en\/packthefuture-les-laureats-2020-reveles-au-prochain-salon-interpack\/","og_locale":"en_GB","og_type":"article","og_title":"PackTheFuture : les laur\u00e9ats 2020 r\u00e9v\u00e9l\u00e9s au prochain salon Interpack - Emballage Digest","og_description":"Apr\u00e8s d\u00e9lib\u00e9ration, la liste des dossiers laur\u00e9ats \u00e0 la 5e \u00e9dition du concours europ\u00e9en \u00abPackTheFuture Award 2020\u00bb a \u00e9t\u00e9 arr\u00eat\u00e9e. Fruit d\u2019une coop\u00e9ration entre deux associations professionnelles Elipso en France et IK en Allemagne, le concours europ\u00e9en vise \u00e0 promouvoir le potentiel cr\u00e9atif et innovant du secteur des emballages plastiques et souples.","og_url":"https:\/\/www.emballagedigest.fr\/en\/packthefuture-les-laureats-2020-reveles-au-prochain-salon-interpack\/","og_site_name":"Emballage Digest","article_published_time":"2020-03-05T09:00:19+00:00","author":"admin_thopel","twitter_card":"summary_large_image","twitter_misc":{"Written by":"admin_thopel","Estimated reading time":"2 minutes"},"schema":{"@context":"https:\/\/schema.org","@graph":[{"@type":"Article","@id":"https:\/\/www.emballagedigest.fr\/packthefuture-les-laureats-2020-reveles-au-prochain-salon-interpack\/#article","isPartOf":{"@id":"https:\/\/www.emballagedigest.fr\/packthefuture-les-laureats-2020-reveles-au-prochain-salon-interpack\/"},"author":{"name":"admin_thopel","@id":"https:\/\/www.emballagedigest.fr\/#\/schema\/person\/d01fbac1f378e2f5e4096082cdf68ae5"},"headline":"PackTheFuture : les laur\u00e9ats 2020 r\u00e9v\u00e9l\u00e9s au prochain salon Interpack","datePublished":"2020-03-05T09:00:19+00:00","mainEntityOfPage":{"@id":"https:\/\/www.emballagedigest.fr\/packthefuture-les-laureats-2020-reveles-au-prochain-salon-interpack\/"},"wordCount":314,"publisher":{"@id":"https:\/\/www.emballagedigest.fr\/#organization"},"image":{"@id":"https:\/\/www.emballagedigest.fr\/packthefuture-les-laureats-2020-reveles-au-prochain-salon-interpack\/#primaryimage"},"thumbnailUrl":"https:\/\/www.emballagedigest.fr\/wp-content\/uploads\/dotclear\/images\/2020\/BONUS\/mars\/elipso_article.jpg","articleSection":["Alimentaire","Article entier","Emballages"],"inLanguage":"en-GB"},{"@type":"WebPage","@id":"https:\/\/www.emballagedigest.fr\/packthefuture-les-laureats-2020-reveles-au-prochain-salon-interpack\/","url":"https:\/\/www.emballagedigest.fr\/packthefuture-les-laureats-2020-reveles-au-prochain-salon-interpack\/","name":"PackTheFuture : les laur\u00e9ats 2020 r\u00e9v\u00e9l\u00e9s au prochain salon Interpack - Emballage Digest","isPartOf":{"@id":"https:\/\/www.emballagedigest.fr\/#website"},"primaryImageOfPage":{"@id":"https:\/\/www.emballagedigest.fr\/packthefuture-les-laureats-2020-reveles-au-prochain-salon-interpack\/#primaryimage"},"image":{"@id":"https:\/\/www.emballagedigest.fr\/packthefuture-les-laureats-2020-reveles-au-prochain-salon-interpack\/#primaryimage"},"thumbnailUrl":"https:\/\/www.emballagedigest.fr\/wp-content\/uploads\/dotclear\/images\/2020\/BONUS\/mars\/elipso_article.jpg","datePublished":"2020-03-05T09:00:19+00:00","breadcrumb":{"@id":"https:\/\/www.emballagedigest.fr\/packthefuture-les-laureats-2020-reveles-au-prochain-salon-interpack\/#breadcrumb"},"inLanguage":"en-GB","potentialAction":[{"@type":"ReadAction","target":["https:\/\/www.emballagedigest.fr\/packthefuture-les-laureats-2020-reveles-au-prochain-salon-interpack\/"]}]},{"@type":"ImageObject","inLanguage":"en-GB","@id":"https:\/\/www.emballagedigest.fr\/packthefuture-les-laureats-2020-reveles-au-prochain-salon-interpack\/#primaryimage","url":"https:\/\/www.emballagedigest.fr\/wp-content\/uploads\/dotclear\/images\/2020\/BONUS\/mars\/elipso_article.jpg","contentUrl":"https:\/\/www.emballagedigest.fr\/wp-content\/uploads\/dotclear\/images\/2020\/BONUS\/mars\/elipso_article.jpg"},{"@type":"BreadcrumbList","@id":"https:\/\/www.emballagedigest.fr\/packthefuture-les-laureats-2020-reveles-au-prochain-salon-interpack\/#breadcrumb","itemListElement":[{"@type":"ListItem","position":1,"name":"Accueil","item":"https:\/\/www.emballagedigest.fr\/"},{"@type":"ListItem","position":2,"name":"PackTheFuture : les laur\u00e9ats 2020 r\u00e9v\u00e9l\u00e9s au prochain salon Interpack"}]},{"@type":"WebSite","@id":"https:\/\/www.emballagedigest.fr\/#website","url":"https:\/\/www.emballagedigest.fr\/","name":"Emballage Digest","description":"Revue professionnelle sur les emballages","publisher":{"@id":"https:\/\/www.emballagedigest.fr\/#organization"},"potentialAction":[{"@type":"SearchAction","target":{"@type":"EntryPoint","urlTemplate":"https:\/\/www.emballagedigest.fr\/?s={search_term_string}"},"query-input":{"@type":"PropertyValueSpecification","valueRequired":true,"valueName":"search_term_string"}}],"inLanguage":"en-GB"},{"@type":"Organization","@id":"https:\/\/www.emballagedigest.fr\/#organization","name":"Emballage Digest","url":"https:\/\/www.emballagedigest.fr\/","logo":{"@type":"ImageObject","inLanguage":"en-GB","@id":"https:\/\/www.emballagedigest.fr\/#\/schema\/logo\/image\/","url":"https:\/\/www.emballagedigest.fr\/wp-content\/uploads\/2022\/07\/logo-ed.png","contentUrl":"https:\/\/www.emballagedigest.fr\/wp-content\/uploads\/2022\/07\/logo-ed.png","width":379,"height":75,"caption":"Emballage Digest"},"image":{"@id":"https:\/\/www.emballagedigest.fr\/#\/schema\/logo\/image\/"}},{"@type":"Person","@id":"https:\/\/www.emballagedigest.fr\/#\/schema\/person\/d01fbac1f378e2f5e4096082cdf68ae5","name":"admin_thopel","image":{"@type":"ImageObject","inLanguage":"en-GB","@id":"https:\/\/www.emballagedigest.fr\/#\/schema\/person\/image\/","url":"https:\/\/secure.gravatar.com\/avatar\/6cf644f6475359b596b81b10a64f989df38f1238649f7e33f97f69519e42dfbf?s=96&d=mm&r=g","contentUrl":"https:\/\/secure.gravatar.com\/avatar\/6cf644f6475359b596b81b10a64f989df38f1238649f7e33f97f69519e42dfbf?s=96&d=mm&r=g","caption":"admin_thopel"},"sameAs":["http:\/\/localhost:8787\/emballage_digest"],"url":"https:\/\/www.emballagedigest.fr\/en\/author\/admin_thopel\/"}]}},"_links":{"self":[{"href":"https:\/\/www.emballagedigest.fr\/en\/wp-json\/wp\/v2\/posts\/21942","targetHints":{"allow":["GET"]}}],"collection":[{"href":"https:\/\/www.emballagedigest.fr\/en\/wp-json\/wp\/v2\/posts"}],"about":[{"href":"https:\/\/www.emballagedigest.fr\/en\/wp-json\/wp\/v2\/types\/post"}],"author":[{"embeddable":true,"href":"https:\/\/www.emballagedigest.fr\/en\/wp-json\/wp\/v2\/users\/1"}],"replies":[{"embeddable":true,"href":"https:\/\/www.emballagedigest.fr\/en\/wp-json\/wp\/v2\/comments?post=21942"}],"version-history":[{"count":0,"href":"https:\/\/www.emballagedigest.fr\/en\/wp-json\/wp\/v2\/posts\/21942\/revisions"}],"wp:featuredmedia":[{"embeddable":true,"href":"https:\/\/www.emballagedigest.fr\/en\/wp-json\/wp\/v2\/media\/31942"}],"wp:attachment":[{"href":"https:\/\/www.emballagedigest.fr\/en\/wp-json\/wp\/v2\/media?parent=21942"}],"wp:term":[{"taxonomy":"category","embeddable":true,"href":"https:\/\/www.emballagedigest.fr\/en\/wp-json\/wp\/v2\/categories?post=21942"},{"taxonomy":"post_tag","embeddable":true,"href":"https:\/\/www.emballagedigest.fr\/en\/wp-json\/wp\/v2\/tags?post=21942"}],"curies":[{"name":"wp","href":"https:\/\/api.w.org\/{rel}","templated":true}]}}