{"id":21995,"date":"2020-03-10T09:24:23","date_gmt":"2020-03-10T09:24:23","guid":{"rendered":"https:\/\/www.emballagedigest.fr\/?p=21995"},"modified":"2020-03-10T09:24:52","modified_gmt":"2020-03-10T09:24:52","slug":"voyants-au-vert-pour-les-palettes-epal","status":"publish","type":"post","link":"https:\/\/www.emballagedigest.fr\/en\/voyants-au-vert-pour-les-palettes-epal\/","title":{"rendered":"Voyants au vert pour les palettes EPAL"},"content":{"rendered":"<p>Selon les derniers chiffres de l\u2019Association europ\u00e9enne des palettes (EPAL, pour European Pallet Association), le volume total de fabrication et de r\u00e9paration a continu\u00e9 de progresser en 2019, avec 123 millions d\u2019outils de manutention EPAL fabriqu\u00e9s et r\u00e9par\u00e9s. Soit une hausse de 1% par rapport \u00e0 l\u2019exercice pr\u00e9c\u00e9dent, avec 1,2 million de palettes en plus en 2019 (total 2018&nbsp;: 121,8 millions).<\/p>\n<p>Selon les derniers chiffres de l\u2019Association europ\u00e9enne des palettes (EPAL, pour European Pallet Association), le volume total de fabrication et de r\u00e9paration a continu\u00e9 de progresser en 2019, avec 123 millions d\u2019outils de manutention EPAL fabriqu\u00e9s et r\u00e9par\u00e9s. Soit une hausse de 1% par rapport \u00e0 l\u2019exercice pr\u00e9c\u00e9dent, avec 1,2 million de palettes en plus en 2019 (total 2018&nbsp;: 121,8 millions).<\/p>\n<p>Les r\u00e9sultats de fabrication enregistrent une croissance de 2,4%&nbsp;: 96,2 millions d\u2019outils de manutention EPAL ont \u00e9t\u00e9 fabriqu\u00e9s en 2019, soit 2,3 millions de plus que durant l\u2019exercice pr\u00e9c\u00e9dent (2018&nbsp;: 93,9 millions). A contrario, l\u2019activit\u00e9 r\u00e9paration a observ\u00e9 un l\u00e9ger recul en 2019&nbsp;: 26,8 millions d\u2019outils de manutention EPAL ont \u00e9t\u00e9 r\u00e9par\u00e9s l\u2019an dernier, contre 27,5 millions en 2018. <\/p>\n<p>\u00abEn d\u00e9pit du ralentissement de l\u2019\u00e9conomie en Europe, le besoin et la demande de palettes EPAL ont augment\u00e9 en 2019\u00bb, a comment\u00e9 Robert Holliger, Pr\u00e9sident de l\u2019EPAL.<br \/>\nPlus de 600 millions de palettes EPAL et 20 millions de caisses-palettes EPAL sont actuellement disponibles pour assurer les flux de transport en logistique internationale.<\/p>\n<p><em>Extrait de la revue n\u00b0 647 &#8211; Avril 2020. Reproduction interdite sauf accord \u00e9crit d&rsquo;Emballage Digest ou mention du support<\/em><\/p>","protected":false},"excerpt":{"rendered":"<p>Selon les derniers chiffres de l\u2019Association europ\u00e9enne des palettes (EPAL, pour European Pallet Association), le volume total de fabrication et de r\u00e9paration a continu\u00e9 de progresser en 2019, avec 123 millions d\u2019outils de manutention EPAL fabriqu\u00e9s et r\u00e9par\u00e9s. Soit une hausse de 1% par rapport \u00e0 l\u2019exercice pr\u00e9c\u00e9dent, avec 1,2 million de palettes en plus en 2019 (total 2018&nbsp;: 121,8 millions).<\/p>","protected":false},"author":1,"featured_media":31995,"comment_status":"closed","ping_status":"closed","sticky":false,"template":"","format":"standard","meta":{"_acf_changed":false,"inline_featured_image":false,"iawp_total_views":0,"footnotes":""},"categories":[28,11,8],"tags":[],"class_list":["post-21995","post","type-post","status-publish","format-standard","has-post-thumbnail","hentry","category-article-entier","category-emballages","category-industrie"],"acf":[],"yoast_head":"<!-- This site is optimized with the Yoast SEO plugin v24.4 - https:\/\/yoast.com\/wordpress\/plugins\/seo\/ -->\n<title>Voyants au vert pour les palettes EPAL - Emballage Digest<\/title>\n<meta name=\"robots\" content=\"index, follow, max-snippet:-1, max-image-preview:large, max-video-preview:-1\" \/>\n<link rel=\"canonical\" href=\"https:\/\/www.emballagedigest.fr\/en\/voyants-au-vert-pour-les-palettes-epal\/\" \/>\n<meta property=\"og:locale\" content=\"en_GB\" \/>\n<meta property=\"og:type\" content=\"article\" \/>\n<meta property=\"og:title\" content=\"Voyants au vert pour les palettes EPAL - Emballage Digest\" \/>\n<meta property=\"og:description\" content=\"Selon les derniers chiffres de l\u2019Association europ\u00e9enne des palettes (EPAL, pour European Pallet Association), le volume total de fabrication et de r\u00e9paration a continu\u00e9 de progresser en 2019, avec 123 millions d\u2019outils de manutention EPAL fabriqu\u00e9s et r\u00e9par\u00e9s. Soit une hausse de 1% par rapport \u00e0 l\u2019exercice pr\u00e9c\u00e9dent, avec 1,2 million de palettes en plus en 2019 (total 2018&nbsp;: 121,8 millions).\" \/>\n<meta property=\"og:url\" content=\"https:\/\/www.emballagedigest.fr\/en\/voyants-au-vert-pour-les-palettes-epal\/\" \/>\n<meta property=\"og:site_name\" content=\"Emballage Digest\" \/>\n<meta property=\"article:published_time\" content=\"2020-03-10T09:24:23+00:00\" \/>\n<meta property=\"article:modified_time\" content=\"2020-03-10T09:24:52+00:00\" \/>\n<meta name=\"author\" content=\"admin_thopel\" \/>\n<meta name=\"twitter:card\" content=\"summary_large_image\" \/>\n<meta name=\"twitter:label1\" content=\"Written by\" \/>\n\t<meta name=\"twitter:data1\" content=\"admin_thopel\" \/>\n\t<meta name=\"twitter:label2\" content=\"Estimated reading time\" \/>\n\t<meta name=\"twitter:data2\" content=\"1 minute\" \/>\n<script type=\"application\/ld+json\" class=\"yoast-schema-graph\">{\"@context\":\"https:\/\/schema.org\",\"@graph\":[{\"@type\":\"Article\",\"@id\":\"https:\/\/www.emballagedigest.fr\/voyants-au-vert-pour-les-palettes-epal\/#article\",\"isPartOf\":{\"@id\":\"https:\/\/www.emballagedigest.fr\/voyants-au-vert-pour-les-palettes-epal\/\"},\"author\":{\"name\":\"admin_thopel\",\"@id\":\"https:\/\/www.emballagedigest.fr\/#\/schema\/person\/d01fbac1f378e2f5e4096082cdf68ae5\"},\"headline\":\"Voyants au vert pour les palettes EPAL\",\"datePublished\":\"2020-03-10T09:24:23+00:00\",\"dateModified\":\"2020-03-10T09:24:52+00:00\",\"mainEntityOfPage\":{\"@id\":\"https:\/\/www.emballagedigest.fr\/voyants-au-vert-pour-les-palettes-epal\/\"},\"wordCount\":272,\"publisher\":{\"@id\":\"https:\/\/www.emballagedigest.fr\/#organization\"},\"image\":{\"@id\":\"https:\/\/www.emballagedigest.fr\/voyants-au-vert-pour-les-palettes-epal\/#primaryimage\"},\"thumbnailUrl\":\"https:\/\/www.emballagedigest.fr\/wp-content\/uploads\/dotclear\/images\/2020\/BONUS\/mars\/epal_article.jpg\",\"articleSection\":[\"Article entier\",\"Emballages\",\"Industrie\"],\"inLanguage\":\"en-GB\"},{\"@type\":\"WebPage\",\"@id\":\"https:\/\/www.emballagedigest.fr\/voyants-au-vert-pour-les-palettes-epal\/\",\"url\":\"https:\/\/www.emballagedigest.fr\/voyants-au-vert-pour-les-palettes-epal\/\",\"name\":\"Voyants au vert pour les palettes EPAL - Emballage Digest\",\"isPartOf\":{\"@id\":\"https:\/\/www.emballagedigest.fr\/#website\"},\"primaryImageOfPage\":{\"@id\":\"https:\/\/www.emballagedigest.fr\/voyants-au-vert-pour-les-palettes-epal\/#primaryimage\"},\"image\":{\"@id\":\"https:\/\/www.emballagedigest.fr\/voyants-au-vert-pour-les-palettes-epal\/#primaryimage\"},\"thumbnailUrl\":\"https:\/\/www.emballagedigest.fr\/wp-content\/uploads\/dotclear\/images\/2020\/BONUS\/mars\/epal_article.jpg\",\"datePublished\":\"2020-03-10T09:24:23+00:00\",\"dateModified\":\"2020-03-10T09:24:52+00:00\",\"breadcrumb\":{\"@id\":\"https:\/\/www.emballagedigest.fr\/voyants-au-vert-pour-les-palettes-epal\/#breadcrumb\"},\"inLanguage\":\"en-GB\",\"potentialAction\":[{\"@type\":\"ReadAction\",\"target\":[\"https:\/\/www.emballagedigest.fr\/voyants-au-vert-pour-les-palettes-epal\/\"]}]},{\"@type\":\"ImageObject\",\"inLanguage\":\"en-GB\",\"@id\":\"https:\/\/www.emballagedigest.fr\/voyants-au-vert-pour-les-palettes-epal\/#primaryimage\",\"url\":\"https:\/\/www.emballagedigest.fr\/wp-content\/uploads\/dotclear\/images\/2020\/BONUS\/mars\/epal_article.jpg\",\"contentUrl\":\"https:\/\/www.emballagedigest.fr\/wp-content\/uploads\/dotclear\/images\/2020\/BONUS\/mars\/epal_article.jpg\"},{\"@type\":\"BreadcrumbList\",\"@id\":\"https:\/\/www.emballagedigest.fr\/voyants-au-vert-pour-les-palettes-epal\/#breadcrumb\",\"itemListElement\":[{\"@type\":\"ListItem\",\"position\":1,\"name\":\"Accueil\",\"item\":\"https:\/\/www.emballagedigest.fr\/\"},{\"@type\":\"ListItem\",\"position\":2,\"name\":\"Voyants au vert pour les palettes EPAL\"}]},{\"@type\":\"WebSite\",\"@id\":\"https:\/\/www.emballagedigest.fr\/#website\",\"url\":\"https:\/\/www.emballagedigest.fr\/\",\"name\":\"Emballage Digest\",\"description\":\"Revue professionnelle sur les emballages\",\"publisher\":{\"@id\":\"https:\/\/www.emballagedigest.fr\/#organization\"},\"potentialAction\":[{\"@type\":\"SearchAction\",\"target\":{\"@type\":\"EntryPoint\",\"urlTemplate\":\"https:\/\/www.emballagedigest.fr\/?s={search_term_string}\"},\"query-input\":{\"@type\":\"PropertyValueSpecification\",\"valueRequired\":true,\"valueName\":\"search_term_string\"}}],\"inLanguage\":\"en-GB\"},{\"@type\":\"Organization\",\"@id\":\"https:\/\/www.emballagedigest.fr\/#organization\",\"name\":\"Emballage Digest\",\"url\":\"https:\/\/www.emballagedigest.fr\/\",\"logo\":{\"@type\":\"ImageObject\",\"inLanguage\":\"en-GB\",\"@id\":\"https:\/\/www.emballagedigest.fr\/#\/schema\/logo\/image\/\",\"url\":\"https:\/\/www.emballagedigest.fr\/wp-content\/uploads\/2022\/07\/logo-ed.png\",\"contentUrl\":\"https:\/\/www.emballagedigest.fr\/wp-content\/uploads\/2022\/07\/logo-ed.png\",\"width\":379,\"height\":75,\"caption\":\"Emballage Digest\"},\"image\":{\"@id\":\"https:\/\/www.emballagedigest.fr\/#\/schema\/logo\/image\/\"}},{\"@type\":\"Person\",\"@id\":\"https:\/\/www.emballagedigest.fr\/#\/schema\/person\/d01fbac1f378e2f5e4096082cdf68ae5\",\"name\":\"admin_thopel\",\"image\":{\"@type\":\"ImageObject\",\"inLanguage\":\"en-GB\",\"@id\":\"https:\/\/www.emballagedigest.fr\/#\/schema\/person\/image\/\",\"url\":\"https:\/\/secure.gravatar.com\/avatar\/6cf644f6475359b596b81b10a64f989df38f1238649f7e33f97f69519e42dfbf?s=96&d=mm&r=g\",\"contentUrl\":\"https:\/\/secure.gravatar.com\/avatar\/6cf644f6475359b596b81b10a64f989df38f1238649f7e33f97f69519e42dfbf?s=96&d=mm&r=g\",\"caption\":\"admin_thopel\"},\"sameAs\":[\"http:\/\/localhost:8787\/emballage_digest\"],\"url\":\"https:\/\/www.emballagedigest.fr\/en\/author\/admin_thopel\/\"}]}<\/script>\n<!-- \/ Yoast SEO plugin. -->","yoast_head_json":{"title":"Voyants au vert pour les palettes EPAL - Emballage Digest","robots":{"index":"index","follow":"follow","max-snippet":"max-snippet:-1","max-image-preview":"max-image-preview:large","max-video-preview":"max-video-preview:-1"},"canonical":"https:\/\/www.emballagedigest.fr\/en\/voyants-au-vert-pour-les-palettes-epal\/","og_locale":"en_GB","og_type":"article","og_title":"Voyants au vert pour les palettes EPAL - Emballage Digest","og_description":"Selon les derniers chiffres de l\u2019Association europ\u00e9enne des palettes (EPAL, pour European Pallet Association), le volume total de fabrication et de r\u00e9paration a continu\u00e9 de progresser en 2019, avec 123 millions d\u2019outils de manutention EPAL fabriqu\u00e9s et r\u00e9par\u00e9s. Soit une hausse de 1% par rapport \u00e0 l\u2019exercice pr\u00e9c\u00e9dent, avec 1,2 million de palettes en plus en 2019 (total 2018&nbsp;: 121,8 millions).","og_url":"https:\/\/www.emballagedigest.fr\/en\/voyants-au-vert-pour-les-palettes-epal\/","og_site_name":"Emballage Digest","article_published_time":"2020-03-10T09:24:23+00:00","article_modified_time":"2020-03-10T09:24:52+00:00","author":"admin_thopel","twitter_card":"summary_large_image","twitter_misc":{"Written by":"admin_thopel","Estimated reading time":"1 minute"},"schema":{"@context":"https:\/\/schema.org","@graph":[{"@type":"Article","@id":"https:\/\/www.emballagedigest.fr\/voyants-au-vert-pour-les-palettes-epal\/#article","isPartOf":{"@id":"https:\/\/www.emballagedigest.fr\/voyants-au-vert-pour-les-palettes-epal\/"},"author":{"name":"admin_thopel","@id":"https:\/\/www.emballagedigest.fr\/#\/schema\/person\/d01fbac1f378e2f5e4096082cdf68ae5"},"headline":"Voyants au vert pour les palettes EPAL","datePublished":"2020-03-10T09:24:23+00:00","dateModified":"2020-03-10T09:24:52+00:00","mainEntityOfPage":{"@id":"https:\/\/www.emballagedigest.fr\/voyants-au-vert-pour-les-palettes-epal\/"},"wordCount":272,"publisher":{"@id":"https:\/\/www.emballagedigest.fr\/#organization"},"image":{"@id":"https:\/\/www.emballagedigest.fr\/voyants-au-vert-pour-les-palettes-epal\/#primaryimage"},"thumbnailUrl":"https:\/\/www.emballagedigest.fr\/wp-content\/uploads\/dotclear\/images\/2020\/BONUS\/mars\/epal_article.jpg","articleSection":["Article entier","Emballages","Industrie"],"inLanguage":"en-GB"},{"@type":"WebPage","@id":"https:\/\/www.emballagedigest.fr\/voyants-au-vert-pour-les-palettes-epal\/","url":"https:\/\/www.emballagedigest.fr\/voyants-au-vert-pour-les-palettes-epal\/","name":"Voyants au vert pour les palettes EPAL - Emballage Digest","isPartOf":{"@id":"https:\/\/www.emballagedigest.fr\/#website"},"primaryImageOfPage":{"@id":"https:\/\/www.emballagedigest.fr\/voyants-au-vert-pour-les-palettes-epal\/#primaryimage"},"image":{"@id":"https:\/\/www.emballagedigest.fr\/voyants-au-vert-pour-les-palettes-epal\/#primaryimage"},"thumbnailUrl":"https:\/\/www.emballagedigest.fr\/wp-content\/uploads\/dotclear\/images\/2020\/BONUS\/mars\/epal_article.jpg","datePublished":"2020-03-10T09:24:23+00:00","dateModified":"2020-03-10T09:24:52+00:00","breadcrumb":{"@id":"https:\/\/www.emballagedigest.fr\/voyants-au-vert-pour-les-palettes-epal\/#breadcrumb"},"inLanguage":"en-GB","potentialAction":[{"@type":"ReadAction","target":["https:\/\/www.emballagedigest.fr\/voyants-au-vert-pour-les-palettes-epal\/"]}]},{"@type":"ImageObject","inLanguage":"en-GB","@id":"https:\/\/www.emballagedigest.fr\/voyants-au-vert-pour-les-palettes-epal\/#primaryimage","url":"https:\/\/www.emballagedigest.fr\/wp-content\/uploads\/dotclear\/images\/2020\/BONUS\/mars\/epal_article.jpg","contentUrl":"https:\/\/www.emballagedigest.fr\/wp-content\/uploads\/dotclear\/images\/2020\/BONUS\/mars\/epal_article.jpg"},{"@type":"BreadcrumbList","@id":"https:\/\/www.emballagedigest.fr\/voyants-au-vert-pour-les-palettes-epal\/#breadcrumb","itemListElement":[{"@type":"ListItem","position":1,"name":"Accueil","item":"https:\/\/www.emballagedigest.fr\/"},{"@type":"ListItem","position":2,"name":"Voyants au vert pour les palettes EPAL"}]},{"@type":"WebSite","@id":"https:\/\/www.emballagedigest.fr\/#website","url":"https:\/\/www.emballagedigest.fr\/","name":"Emballage Digest","description":"Revue professionnelle sur les emballages","publisher":{"@id":"https:\/\/www.emballagedigest.fr\/#organization"},"potentialAction":[{"@type":"SearchAction","target":{"@type":"EntryPoint","urlTemplate":"https:\/\/www.emballagedigest.fr\/?s={search_term_string}"},"query-input":{"@type":"PropertyValueSpecification","valueRequired":true,"valueName":"search_term_string"}}],"inLanguage":"en-GB"},{"@type":"Organization","@id":"https:\/\/www.emballagedigest.fr\/#organization","name":"Emballage Digest","url":"https:\/\/www.emballagedigest.fr\/","logo":{"@type":"ImageObject","inLanguage":"en-GB","@id":"https:\/\/www.emballagedigest.fr\/#\/schema\/logo\/image\/","url":"https:\/\/www.emballagedigest.fr\/wp-content\/uploads\/2022\/07\/logo-ed.png","contentUrl":"https:\/\/www.emballagedigest.fr\/wp-content\/uploads\/2022\/07\/logo-ed.png","width":379,"height":75,"caption":"Emballage Digest"},"image":{"@id":"https:\/\/www.emballagedigest.fr\/#\/schema\/logo\/image\/"}},{"@type":"Person","@id":"https:\/\/www.emballagedigest.fr\/#\/schema\/person\/d01fbac1f378e2f5e4096082cdf68ae5","name":"admin_thopel","image":{"@type":"ImageObject","inLanguage":"en-GB","@id":"https:\/\/www.emballagedigest.fr\/#\/schema\/person\/image\/","url":"https:\/\/secure.gravatar.com\/avatar\/6cf644f6475359b596b81b10a64f989df38f1238649f7e33f97f69519e42dfbf?s=96&d=mm&r=g","contentUrl":"https:\/\/secure.gravatar.com\/avatar\/6cf644f6475359b596b81b10a64f989df38f1238649f7e33f97f69519e42dfbf?s=96&d=mm&r=g","caption":"admin_thopel"},"sameAs":["http:\/\/localhost:8787\/emballage_digest"],"url":"https:\/\/www.emballagedigest.fr\/en\/author\/admin_thopel\/"}]}},"_links":{"self":[{"href":"https:\/\/www.emballagedigest.fr\/en\/wp-json\/wp\/v2\/posts\/21995","targetHints":{"allow":["GET"]}}],"collection":[{"href":"https:\/\/www.emballagedigest.fr\/en\/wp-json\/wp\/v2\/posts"}],"about":[{"href":"https:\/\/www.emballagedigest.fr\/en\/wp-json\/wp\/v2\/types\/post"}],"author":[{"embeddable":true,"href":"https:\/\/www.emballagedigest.fr\/en\/wp-json\/wp\/v2\/users\/1"}],"replies":[{"embeddable":true,"href":"https:\/\/www.emballagedigest.fr\/en\/wp-json\/wp\/v2\/comments?post=21995"}],"version-history":[{"count":0,"href":"https:\/\/www.emballagedigest.fr\/en\/wp-json\/wp\/v2\/posts\/21995\/revisions"}],"wp:featuredmedia":[{"embeddable":true,"href":"https:\/\/www.emballagedigest.fr\/en\/wp-json\/wp\/v2\/media\/31995"}],"wp:attachment":[{"href":"https:\/\/www.emballagedigest.fr\/en\/wp-json\/wp\/v2\/media?parent=21995"}],"wp:term":[{"taxonomy":"category","embeddable":true,"href":"https:\/\/www.emballagedigest.fr\/en\/wp-json\/wp\/v2\/categories?post=21995"},{"taxonomy":"post_tag","embeddable":true,"href":"https:\/\/www.emballagedigest.fr\/en\/wp-json\/wp\/v2\/tags?post=21995"}],"curies":[{"name":"wp","href":"https:\/\/api.w.org\/{rel}","templated":true}]}}