{"id":21997,"date":"2020-03-11T09:26:46","date_gmt":"2020-03-11T09:26:46","guid":{"rendered":"https:\/\/www.emballagedigest.fr\/?p=21997"},"modified":"2020-03-11T10:21:54","modified_gmt":"2020-03-11T10:21:54","slug":"flacopharm-et-le-groupe-valfi-consolident-leur-partenariat","status":"publish","type":"post","link":"https:\/\/www.emballagedigest.fr\/en\/flacopharm-et-le-groupe-valfi-consolident-leur-partenariat\/","title":{"rendered":"Flacopharm et le groupe ValFi consolident leur partenariat"},"content":{"rendered":"<p>D\u00e9j\u00e0 partenaires depuis plusieurs ann\u00e9es, la soci\u00e9t\u00e9 de flaconnage et le groupe sp\u00e9cialis\u00e9 dans le parach\u00e8vement du verre ont naturellement trouv\u00e9 des synergies int\u00e9ressantes dans leur activit\u00e9. Une collaboration qui a m\u00eame \u00e9t\u00e9 couronn\u00e9e par un prix pour le flacon de Yves Saint-Laurent (verre + laquage) au dernier PCD 2020. Fort de ce succ\u00e8s, Flacopharm et le groupe Valfi (avec ses trois sites de production&nbsp;: Val Laquage, Inserdeco et Piochel) annoncent vouloir renforcer leur partenariat.<\/p>\n<p>Le positionnement fort de Val Laquage et Piochel dans le march\u00e9 des cosm\u00e9tiques et de la parfumerie donnait tout ce sens \u00e0 ce rapprochement. \u00abNous sommes force de proposition sur le d\u00e9cor marquage \u00e0 chaud, m\u00e9tallisation ou toute demande sp\u00e9cifique\u00bb, pr\u00e9cise Val\u00e9rie Tellier, pr\u00e9sidente du Groupe Val Fi. \u00abAinsi, les flacons en verre \u00e9tir\u00e9 constituent souvent un compl\u00e9ment de gamme. Nous avons d\u00e9velopp\u00e9 ce savoir-faire sur les fabrications de Flacopharm\u00bb.<\/p>\n<p><img decoding=\"async\" src=\"https:\/\/www.emballagedigest.fr\/dotclear\/images\/2020\/BONUS\/mars\/ysl_article2.jpg\" alt=\"Texte Alternatif\" style=\"float:right; margin: 0 0 1em 1em;\" \/>Avec une ambition identique&nbsp;: poursuivre un partenariat fructueux et l\u2019amener vers d\u2019autres produits (comme la m\u00e9tallisation) ou proposer de nouveaux d\u00e9cors comme le marquage \u00e0 chaud. En ces temps de \u00abplastic bashing\u00bb, Laurent Moos (photo \u00e0 droite), \u00e0 la t\u00eate de Flacopharm se veut confiant&nbsp;: de nombreux groupes cosm\u00e9tiques ont annonc\u00e9 vouloir r\u00e9duire l\u2019utilisation de plastique \u00e0 l\u2019horizon 2025. C\u2019est donc autour du verre que des d\u00e9veloppements vont s\u2019effectuer. Le dirigeant pr\u00e9voit plusieurs investissements&nbsp;: agrandir l\u2019usine, acheter un terrain ou encore investir dans du mat\u00e9riel pour augmenter les capacit\u00e9s.<\/p>\n<p>Pr\u00e9sent \u00e0 la fois en parfumerie, en maquillage et cosm\u00e9tique, Flacopharm emploie 48 salari\u00e9s et fabrique chaque ann\u00e9e 270 millions de flacons, avec un CA de 12 millions d&rsquo;euros, en hausse de 20% depuis deux ans et dont 25% est r\u00e9alis\u00e9 \u00e0 l\u2019export.<\/p>\n<p><em>Reproduction interdite sauf accord \u00e9crit d&rsquo;Emballage Digest ou mention du support<\/em><\/p>","protected":false},"excerpt":{"rendered":"<p>D\u00e9j\u00e0 partenaires depuis plusieurs ann\u00e9es, la soci\u00e9t\u00e9 de flaconnage et le groupe sp\u00e9cialis\u00e9 dans le parach\u00e8vement du verre ont naturellement trouv\u00e9 des synergies int\u00e9ressantes dans leur activit\u00e9. Une collaboration qui a m\u00eame \u00e9t\u00e9 couronn\u00e9e par un prix pour le flacon de Yves Saint-Laurent (verre + laquage) au dernier PCD 2020. Fort de ce succ\u00e8s, Flacopharm et le groupe Valfi (avec ses trois sites de production&nbsp;: Val Laquage, Inserdeco et Piochel) annoncent vouloir renforcer leur partenariat.<\/p>","protected":false},"author":1,"featured_media":31997,"comment_status":"closed","ping_status":"closed","sticky":false,"template":"","format":"standard","meta":{"_acf_changed":false,"inline_featured_image":false,"iawp_total_views":3,"footnotes":""},"categories":[28,6],"tags":[],"class_list":["post-21997","post","type-post","status-publish","format-standard","has-post-thumbnail","hentry","category-article-entier","category-parfumerie-cosmetique"],"acf":[],"yoast_head":"<!-- This site is optimized with the Yoast SEO plugin v24.4 - https:\/\/yoast.com\/wordpress\/plugins\/seo\/ -->\n<title>Flacopharm et le groupe ValFi consolident leur partenariat - Emballage Digest<\/title>\n<meta name=\"robots\" content=\"index, follow, max-snippet:-1, max-image-preview:large, max-video-preview:-1\" \/>\n<link rel=\"canonical\" href=\"https:\/\/www.emballagedigest.fr\/en\/flacopharm-et-le-groupe-valfi-consolident-leur-partenariat\/\" \/>\n<meta property=\"og:locale\" content=\"en_GB\" \/>\n<meta property=\"og:type\" content=\"article\" \/>\n<meta property=\"og:title\" content=\"Flacopharm et le groupe ValFi consolident leur partenariat - Emballage Digest\" \/>\n<meta property=\"og:description\" content=\"D\u00e9j\u00e0 partenaires depuis plusieurs ann\u00e9es, la soci\u00e9t\u00e9 de flaconnage et le groupe sp\u00e9cialis\u00e9 dans le parach\u00e8vement du verre ont naturellement trouv\u00e9 des synergies int\u00e9ressantes dans leur activit\u00e9. Une collaboration qui a m\u00eame \u00e9t\u00e9 couronn\u00e9e par un prix pour le flacon de Yves Saint-Laurent (verre + laquage) au dernier PCD 2020. Fort de ce succ\u00e8s, Flacopharm et le groupe Valfi (avec ses trois sites de production&nbsp;: Val Laquage, Inserdeco et Piochel) annoncent vouloir renforcer leur partenariat.\" \/>\n<meta property=\"og:url\" content=\"https:\/\/www.emballagedigest.fr\/en\/flacopharm-et-le-groupe-valfi-consolident-leur-partenariat\/\" \/>\n<meta property=\"og:site_name\" content=\"Emballage Digest\" \/>\n<meta property=\"article:published_time\" content=\"2020-03-11T09:26:46+00:00\" \/>\n<meta property=\"article:modified_time\" content=\"2020-03-11T10:21:54+00:00\" \/>\n<meta name=\"author\" content=\"admin_thopel\" \/>\n<meta name=\"twitter:card\" content=\"summary_large_image\" \/>\n<meta name=\"twitter:label1\" content=\"Written by\" \/>\n\t<meta name=\"twitter:data1\" content=\"admin_thopel\" \/>\n\t<meta name=\"twitter:label2\" content=\"Estimated reading time\" \/>\n\t<meta name=\"twitter:data2\" content=\"2 minutes\" \/>\n<script type=\"application\/ld+json\" class=\"yoast-schema-graph\">{\"@context\":\"https:\/\/schema.org\",\"@graph\":[{\"@type\":\"Article\",\"@id\":\"https:\/\/www.emballagedigest.fr\/flacopharm-et-le-groupe-valfi-consolident-leur-partenariat\/#article\",\"isPartOf\":{\"@id\":\"https:\/\/www.emballagedigest.fr\/flacopharm-et-le-groupe-valfi-consolident-leur-partenariat\/\"},\"author\":{\"name\":\"admin_thopel\",\"@id\":\"https:\/\/www.emballagedigest.fr\/#\/schema\/person\/d01fbac1f378e2f5e4096082cdf68ae5\"},\"headline\":\"Flacopharm et le groupe ValFi consolident leur partenariat\",\"datePublished\":\"2020-03-11T09:26:46+00:00\",\"dateModified\":\"2020-03-11T10:21:54+00:00\",\"mainEntityOfPage\":{\"@id\":\"https:\/\/www.emballagedigest.fr\/flacopharm-et-le-groupe-valfi-consolident-leur-partenariat\/\"},\"wordCount\":326,\"publisher\":{\"@id\":\"https:\/\/www.emballagedigest.fr\/#organization\"},\"image\":{\"@id\":\"https:\/\/www.emballagedigest.fr\/flacopharm-et-le-groupe-valfi-consolident-leur-partenariat\/#primaryimage\"},\"thumbnailUrl\":\"https:\/\/www.emballagedigest.fr\/wp-content\/uploads\/dotclear\/images\/2020\/BONUS\/mars\/ysl_article.jpg\",\"articleSection\":[\"Article entier\",\"Parfumerie &amp; Cosm\u00e9tique\"],\"inLanguage\":\"en-GB\"},{\"@type\":\"WebPage\",\"@id\":\"https:\/\/www.emballagedigest.fr\/flacopharm-et-le-groupe-valfi-consolident-leur-partenariat\/\",\"url\":\"https:\/\/www.emballagedigest.fr\/flacopharm-et-le-groupe-valfi-consolident-leur-partenariat\/\",\"name\":\"Flacopharm et le groupe ValFi consolident leur partenariat - Emballage Digest\",\"isPartOf\":{\"@id\":\"https:\/\/www.emballagedigest.fr\/#website\"},\"primaryImageOfPage\":{\"@id\":\"https:\/\/www.emballagedigest.fr\/flacopharm-et-le-groupe-valfi-consolident-leur-partenariat\/#primaryimage\"},\"image\":{\"@id\":\"https:\/\/www.emballagedigest.fr\/flacopharm-et-le-groupe-valfi-consolident-leur-partenariat\/#primaryimage\"},\"thumbnailUrl\":\"https:\/\/www.emballagedigest.fr\/wp-content\/uploads\/dotclear\/images\/2020\/BONUS\/mars\/ysl_article.jpg\",\"datePublished\":\"2020-03-11T09:26:46+00:00\",\"dateModified\":\"2020-03-11T10:21:54+00:00\",\"breadcrumb\":{\"@id\":\"https:\/\/www.emballagedigest.fr\/flacopharm-et-le-groupe-valfi-consolident-leur-partenariat\/#breadcrumb\"},\"inLanguage\":\"en-GB\",\"potentialAction\":[{\"@type\":\"ReadAction\",\"target\":[\"https:\/\/www.emballagedigest.fr\/flacopharm-et-le-groupe-valfi-consolident-leur-partenariat\/\"]}]},{\"@type\":\"ImageObject\",\"inLanguage\":\"en-GB\",\"@id\":\"https:\/\/www.emballagedigest.fr\/flacopharm-et-le-groupe-valfi-consolident-leur-partenariat\/#primaryimage\",\"url\":\"https:\/\/www.emballagedigest.fr\/wp-content\/uploads\/dotclear\/images\/2020\/BONUS\/mars\/ysl_article.jpg\",\"contentUrl\":\"https:\/\/www.emballagedigest.fr\/wp-content\/uploads\/dotclear\/images\/2020\/BONUS\/mars\/ysl_article.jpg\"},{\"@type\":\"BreadcrumbList\",\"@id\":\"https:\/\/www.emballagedigest.fr\/flacopharm-et-le-groupe-valfi-consolident-leur-partenariat\/#breadcrumb\",\"itemListElement\":[{\"@type\":\"ListItem\",\"position\":1,\"name\":\"Accueil\",\"item\":\"https:\/\/www.emballagedigest.fr\/\"},{\"@type\":\"ListItem\",\"position\":2,\"name\":\"Flacopharm et le groupe ValFi consolident leur partenariat\"}]},{\"@type\":\"WebSite\",\"@id\":\"https:\/\/www.emballagedigest.fr\/#website\",\"url\":\"https:\/\/www.emballagedigest.fr\/\",\"name\":\"Emballage Digest\",\"description\":\"Revue professionnelle sur les emballages\",\"publisher\":{\"@id\":\"https:\/\/www.emballagedigest.fr\/#organization\"},\"potentialAction\":[{\"@type\":\"SearchAction\",\"target\":{\"@type\":\"EntryPoint\",\"urlTemplate\":\"https:\/\/www.emballagedigest.fr\/?s={search_term_string}\"},\"query-input\":{\"@type\":\"PropertyValueSpecification\",\"valueRequired\":true,\"valueName\":\"search_term_string\"}}],\"inLanguage\":\"en-GB\"},{\"@type\":\"Organization\",\"@id\":\"https:\/\/www.emballagedigest.fr\/#organization\",\"name\":\"Emballage Digest\",\"url\":\"https:\/\/www.emballagedigest.fr\/\",\"logo\":{\"@type\":\"ImageObject\",\"inLanguage\":\"en-GB\",\"@id\":\"https:\/\/www.emballagedigest.fr\/#\/schema\/logo\/image\/\",\"url\":\"https:\/\/www.emballagedigest.fr\/wp-content\/uploads\/2022\/07\/logo-ed.png\",\"contentUrl\":\"https:\/\/www.emballagedigest.fr\/wp-content\/uploads\/2022\/07\/logo-ed.png\",\"width\":379,\"height\":75,\"caption\":\"Emballage Digest\"},\"image\":{\"@id\":\"https:\/\/www.emballagedigest.fr\/#\/schema\/logo\/image\/\"}},{\"@type\":\"Person\",\"@id\":\"https:\/\/www.emballagedigest.fr\/#\/schema\/person\/d01fbac1f378e2f5e4096082cdf68ae5\",\"name\":\"admin_thopel\",\"image\":{\"@type\":\"ImageObject\",\"inLanguage\":\"en-GB\",\"@id\":\"https:\/\/www.emballagedigest.fr\/#\/schema\/person\/image\/\",\"url\":\"https:\/\/secure.gravatar.com\/avatar\/6cf644f6475359b596b81b10a64f989df38f1238649f7e33f97f69519e42dfbf?s=96&d=mm&r=g\",\"contentUrl\":\"https:\/\/secure.gravatar.com\/avatar\/6cf644f6475359b596b81b10a64f989df38f1238649f7e33f97f69519e42dfbf?s=96&d=mm&r=g\",\"caption\":\"admin_thopel\"},\"sameAs\":[\"http:\/\/localhost:8787\/emballage_digest\"],\"url\":\"https:\/\/www.emballagedigest.fr\/en\/author\/admin_thopel\/\"}]}<\/script>\n<!-- \/ Yoast SEO plugin. -->","yoast_head_json":{"title":"Flacopharm et le groupe ValFi consolident leur partenariat - Emballage Digest","robots":{"index":"index","follow":"follow","max-snippet":"max-snippet:-1","max-image-preview":"max-image-preview:large","max-video-preview":"max-video-preview:-1"},"canonical":"https:\/\/www.emballagedigest.fr\/en\/flacopharm-et-le-groupe-valfi-consolident-leur-partenariat\/","og_locale":"en_GB","og_type":"article","og_title":"Flacopharm et le groupe ValFi consolident leur partenariat - Emballage Digest","og_description":"D\u00e9j\u00e0 partenaires depuis plusieurs ann\u00e9es, la soci\u00e9t\u00e9 de flaconnage et le groupe sp\u00e9cialis\u00e9 dans le parach\u00e8vement du verre ont naturellement trouv\u00e9 des synergies int\u00e9ressantes dans leur activit\u00e9. Une collaboration qui a m\u00eame \u00e9t\u00e9 couronn\u00e9e par un prix pour le flacon de Yves Saint-Laurent (verre + laquage) au dernier PCD 2020. Fort de ce succ\u00e8s, Flacopharm et le groupe Valfi (avec ses trois sites de production&nbsp;: Val Laquage, Inserdeco et Piochel) annoncent vouloir renforcer leur partenariat.","og_url":"https:\/\/www.emballagedigest.fr\/en\/flacopharm-et-le-groupe-valfi-consolident-leur-partenariat\/","og_site_name":"Emballage Digest","article_published_time":"2020-03-11T09:26:46+00:00","article_modified_time":"2020-03-11T10:21:54+00:00","author":"admin_thopel","twitter_card":"summary_large_image","twitter_misc":{"Written by":"admin_thopel","Estimated reading time":"2 minutes"},"schema":{"@context":"https:\/\/schema.org","@graph":[{"@type":"Article","@id":"https:\/\/www.emballagedigest.fr\/flacopharm-et-le-groupe-valfi-consolident-leur-partenariat\/#article","isPartOf":{"@id":"https:\/\/www.emballagedigest.fr\/flacopharm-et-le-groupe-valfi-consolident-leur-partenariat\/"},"author":{"name":"admin_thopel","@id":"https:\/\/www.emballagedigest.fr\/#\/schema\/person\/d01fbac1f378e2f5e4096082cdf68ae5"},"headline":"Flacopharm et le groupe ValFi consolident leur partenariat","datePublished":"2020-03-11T09:26:46+00:00","dateModified":"2020-03-11T10:21:54+00:00","mainEntityOfPage":{"@id":"https:\/\/www.emballagedigest.fr\/flacopharm-et-le-groupe-valfi-consolident-leur-partenariat\/"},"wordCount":326,"publisher":{"@id":"https:\/\/www.emballagedigest.fr\/#organization"},"image":{"@id":"https:\/\/www.emballagedigest.fr\/flacopharm-et-le-groupe-valfi-consolident-leur-partenariat\/#primaryimage"},"thumbnailUrl":"https:\/\/www.emballagedigest.fr\/wp-content\/uploads\/dotclear\/images\/2020\/BONUS\/mars\/ysl_article.jpg","articleSection":["Article entier","Parfumerie &amp; Cosm\u00e9tique"],"inLanguage":"en-GB"},{"@type":"WebPage","@id":"https:\/\/www.emballagedigest.fr\/flacopharm-et-le-groupe-valfi-consolident-leur-partenariat\/","url":"https:\/\/www.emballagedigest.fr\/flacopharm-et-le-groupe-valfi-consolident-leur-partenariat\/","name":"Flacopharm et le groupe ValFi consolident leur partenariat - Emballage Digest","isPartOf":{"@id":"https:\/\/www.emballagedigest.fr\/#website"},"primaryImageOfPage":{"@id":"https:\/\/www.emballagedigest.fr\/flacopharm-et-le-groupe-valfi-consolident-leur-partenariat\/#primaryimage"},"image":{"@id":"https:\/\/www.emballagedigest.fr\/flacopharm-et-le-groupe-valfi-consolident-leur-partenariat\/#primaryimage"},"thumbnailUrl":"https:\/\/www.emballagedigest.fr\/wp-content\/uploads\/dotclear\/images\/2020\/BONUS\/mars\/ysl_article.jpg","datePublished":"2020-03-11T09:26:46+00:00","dateModified":"2020-03-11T10:21:54+00:00","breadcrumb":{"@id":"https:\/\/www.emballagedigest.fr\/flacopharm-et-le-groupe-valfi-consolident-leur-partenariat\/#breadcrumb"},"inLanguage":"en-GB","potentialAction":[{"@type":"ReadAction","target":["https:\/\/www.emballagedigest.fr\/flacopharm-et-le-groupe-valfi-consolident-leur-partenariat\/"]}]},{"@type":"ImageObject","inLanguage":"en-GB","@id":"https:\/\/www.emballagedigest.fr\/flacopharm-et-le-groupe-valfi-consolident-leur-partenariat\/#primaryimage","url":"https:\/\/www.emballagedigest.fr\/wp-content\/uploads\/dotclear\/images\/2020\/BONUS\/mars\/ysl_article.jpg","contentUrl":"https:\/\/www.emballagedigest.fr\/wp-content\/uploads\/dotclear\/images\/2020\/BONUS\/mars\/ysl_article.jpg"},{"@type":"BreadcrumbList","@id":"https:\/\/www.emballagedigest.fr\/flacopharm-et-le-groupe-valfi-consolident-leur-partenariat\/#breadcrumb","itemListElement":[{"@type":"ListItem","position":1,"name":"Accueil","item":"https:\/\/www.emballagedigest.fr\/"},{"@type":"ListItem","position":2,"name":"Flacopharm et le groupe ValFi consolident leur partenariat"}]},{"@type":"WebSite","@id":"https:\/\/www.emballagedigest.fr\/#website","url":"https:\/\/www.emballagedigest.fr\/","name":"Emballage Digest","description":"Revue professionnelle sur les emballages","publisher":{"@id":"https:\/\/www.emballagedigest.fr\/#organization"},"potentialAction":[{"@type":"SearchAction","target":{"@type":"EntryPoint","urlTemplate":"https:\/\/www.emballagedigest.fr\/?s={search_term_string}"},"query-input":{"@type":"PropertyValueSpecification","valueRequired":true,"valueName":"search_term_string"}}],"inLanguage":"en-GB"},{"@type":"Organization","@id":"https:\/\/www.emballagedigest.fr\/#organization","name":"Emballage Digest","url":"https:\/\/www.emballagedigest.fr\/","logo":{"@type":"ImageObject","inLanguage":"en-GB","@id":"https:\/\/www.emballagedigest.fr\/#\/schema\/logo\/image\/","url":"https:\/\/www.emballagedigest.fr\/wp-content\/uploads\/2022\/07\/logo-ed.png","contentUrl":"https:\/\/www.emballagedigest.fr\/wp-content\/uploads\/2022\/07\/logo-ed.png","width":379,"height":75,"caption":"Emballage Digest"},"image":{"@id":"https:\/\/www.emballagedigest.fr\/#\/schema\/logo\/image\/"}},{"@type":"Person","@id":"https:\/\/www.emballagedigest.fr\/#\/schema\/person\/d01fbac1f378e2f5e4096082cdf68ae5","name":"admin_thopel","image":{"@type":"ImageObject","inLanguage":"en-GB","@id":"https:\/\/www.emballagedigest.fr\/#\/schema\/person\/image\/","url":"https:\/\/secure.gravatar.com\/avatar\/6cf644f6475359b596b81b10a64f989df38f1238649f7e33f97f69519e42dfbf?s=96&d=mm&r=g","contentUrl":"https:\/\/secure.gravatar.com\/avatar\/6cf644f6475359b596b81b10a64f989df38f1238649f7e33f97f69519e42dfbf?s=96&d=mm&r=g","caption":"admin_thopel"},"sameAs":["http:\/\/localhost:8787\/emballage_digest"],"url":"https:\/\/www.emballagedigest.fr\/en\/author\/admin_thopel\/"}]}},"_links":{"self":[{"href":"https:\/\/www.emballagedigest.fr\/en\/wp-json\/wp\/v2\/posts\/21997","targetHints":{"allow":["GET"]}}],"collection":[{"href":"https:\/\/www.emballagedigest.fr\/en\/wp-json\/wp\/v2\/posts"}],"about":[{"href":"https:\/\/www.emballagedigest.fr\/en\/wp-json\/wp\/v2\/types\/post"}],"author":[{"embeddable":true,"href":"https:\/\/www.emballagedigest.fr\/en\/wp-json\/wp\/v2\/users\/1"}],"replies":[{"embeddable":true,"href":"https:\/\/www.emballagedigest.fr\/en\/wp-json\/wp\/v2\/comments?post=21997"}],"version-history":[{"count":0,"href":"https:\/\/www.emballagedigest.fr\/en\/wp-json\/wp\/v2\/posts\/21997\/revisions"}],"wp:featuredmedia":[{"embeddable":true,"href":"https:\/\/www.emballagedigest.fr\/en\/wp-json\/wp\/v2\/media\/31997"}],"wp:attachment":[{"href":"https:\/\/www.emballagedigest.fr\/en\/wp-json\/wp\/v2\/media?parent=21997"}],"wp:term":[{"taxonomy":"category","embeddable":true,"href":"https:\/\/www.emballagedigest.fr\/en\/wp-json\/wp\/v2\/categories?post=21997"},{"taxonomy":"post_tag","embeddable":true,"href":"https:\/\/www.emballagedigest.fr\/en\/wp-json\/wp\/v2\/tags?post=21997"}],"curies":[{"name":"wp","href":"https:\/\/api.w.org\/{rel}","templated":true}]}}