{"id":22051,"date":"2020-03-31T00:00:00","date_gmt":"2020-03-31T00:00:00","guid":{"rendered":"https:\/\/www.emballagedigest.fr\/?p=22051"},"modified":"2023-01-20T12:49:47","modified_gmt":"2023-01-20T11:49:47","slug":"un-rose-aux-allures-contemporaines","status":"publish","type":"post","link":"https:\/\/www.emballagedigest.fr\/en\/un-rose-aux-allures-contemporaines\/","title":{"rendered":"Un ros\u00e9 aux allures contemporaines"},"content":{"rendered":"<p>Sa bouteille n\u2019avait pas chang\u00e9 depuis 1996. Sp\u00e9cialis\u00e9e dans les vins de la Vall\u00e9e du Rh\u00f4ne, l\u2019entreprise familiale Ravoir &amp; Fils a d\u00e9cid\u00e9 pour son mill\u00e9sime 2019 de casser les codes.<\/p>\n<p>Sa bouteille n\u2019avait pas chang\u00e9 depuis 1996. Sp\u00e9cialis\u00e9e dans les vins de la Vall\u00e9e du Rh\u00f4ne, l\u2019entreprise familiale Ravoir &amp; Fils a d\u00e9cid\u00e9 pour son mill\u00e9sime 2019 de casser les codes. La nouvelle bouteille Manon rev\u00eat un habillage imagin\u00e9 dans la continuit\u00e9 de ses formes initiales, sa forme se distinguant des autres bouteilles de ros\u00e9. Mais gagne en puret\u00e9. Affin\u00e9 sur le bas, avec des \u00e9paules r\u00e9ajust\u00e9es, et des lignes pures, elle offre un design plus tonique et moderne. La griffe grav\u00e9e de la marque affirme son caract\u00e8re. Le nouvel \u00e9crin sublime encore davantage la robe rose p\u00e2le de ce C\u00f4tes de Provence, gr\u00e2ce \u00e0 un \u00e9tiquetage aux couleurs harmonieuses. Commercialis\u00e9 en grande distribution, le vin Manon poursuit son op\u00e9ration s\u00e9duction \u00e0 l\u2019export, puisqu\u2019elle a d\u2019ores et d\u00e9j\u00e0 conquis 18 autres pays.<br \/>\n<strong>Verrier\u00a0: Verallia<\/strong><\/p>","protected":false},"excerpt":{"rendered":"<p>Sa bouteille n\u2019avait pas chang\u00e9 depuis 1996. Sp\u00e9cialis\u00e9e dans les vins de la Vall\u00e9e du Rh\u00f4ne, l\u2019entreprise familiale Ravoir &amp; Fils a d\u00e9cid\u00e9 pour son mill\u00e9sime 2019 de casser les codes.<\/p>","protected":false},"author":1,"featured_media":35687,"comment_status":"closed","ping_status":"closed","sticky":false,"template":"","format":"standard","meta":{"_acf_changed":false,"inline_featured_image":false,"iawp_total_views":1,"footnotes":""},"categories":[28,4,65],"tags":[],"class_list":["post-22051","post","type-post","status-publish","format-standard","has-post-thumbnail","hentry","category-article-entier","category-lineaires","category-vu-dans-le-mag"],"acf":[],"yoast_head":"<!-- This site is optimized with the Yoast SEO plugin v24.4 - https:\/\/yoast.com\/wordpress\/plugins\/seo\/ -->\n<title>Un ros\u00e9 aux allures contemporaines - Emballage Digest<\/title>\n<meta name=\"robots\" content=\"index, follow, max-snippet:-1, max-image-preview:large, max-video-preview:-1\" \/>\n<link rel=\"canonical\" href=\"https:\/\/www.emballagedigest.fr\/en\/un-rose-aux-allures-contemporaines\/\" \/>\n<meta property=\"og:locale\" content=\"en_GB\" \/>\n<meta property=\"og:type\" content=\"article\" \/>\n<meta property=\"og:title\" content=\"Un ros\u00e9 aux allures contemporaines - Emballage Digest\" \/>\n<meta property=\"og:description\" content=\"Sa bouteille n\u2019avait pas chang\u00e9 depuis 1996. Sp\u00e9cialis\u00e9e dans les vins de la Vall\u00e9e du Rh\u00f4ne, l\u2019entreprise familiale Ravoir &amp; Fils a d\u00e9cid\u00e9 pour son mill\u00e9sime 2019 de casser les codes.\" \/>\n<meta property=\"og:url\" content=\"https:\/\/www.emballagedigest.fr\/en\/un-rose-aux-allures-contemporaines\/\" \/>\n<meta property=\"og:site_name\" content=\"Emballage Digest\" \/>\n<meta property=\"article:published_time\" content=\"2020-03-31T00:00:00+00:00\" \/>\n<meta property=\"article:modified_time\" content=\"2023-01-20T11:49:47+00:00\" \/>\n<meta property=\"og:image\" content=\"https:\/\/www.emballagedigest.fr\/wp-content\/uploads\/2023\/01\/Manon-Cotes-de-Provence-Rose-75cl-2019.png\" \/>\n\t<meta property=\"og:image:width\" content=\"554\" \/>\n\t<meta property=\"og:image:height\" content=\"2362\" \/>\n\t<meta property=\"og:image:type\" content=\"image\/png\" \/>\n<meta name=\"author\" content=\"admin_thopel\" \/>\n<meta name=\"twitter:card\" content=\"summary_large_image\" \/>\n<meta name=\"twitter:label1\" content=\"Written by\" \/>\n\t<meta name=\"twitter:data1\" content=\"admin_thopel\" \/>\n\t<meta name=\"twitter:label2\" content=\"Estimated reading time\" \/>\n\t<meta name=\"twitter:data2\" content=\"1 minute\" \/>\n<script type=\"application\/ld+json\" class=\"yoast-schema-graph\">{\"@context\":\"https:\/\/schema.org\",\"@graph\":[{\"@type\":\"Article\",\"@id\":\"https:\/\/www.emballagedigest.fr\/un-rose-aux-allures-contemporaines\/#article\",\"isPartOf\":{\"@id\":\"https:\/\/www.emballagedigest.fr\/un-rose-aux-allures-contemporaines\/\"},\"author\":{\"name\":\"admin_thopel\",\"@id\":\"https:\/\/www.emballagedigest.fr\/#\/schema\/person\/d01fbac1f378e2f5e4096082cdf68ae5\"},\"headline\":\"Un ros\u00e9 aux allures contemporaines\",\"datePublished\":\"2020-03-31T00:00:00+00:00\",\"dateModified\":\"2023-01-20T11:49:47+00:00\",\"mainEntityOfPage\":{\"@id\":\"https:\/\/www.emballagedigest.fr\/un-rose-aux-allures-contemporaines\/\"},\"wordCount\":193,\"publisher\":{\"@id\":\"https:\/\/www.emballagedigest.fr\/#organization\"},\"image\":{\"@id\":\"https:\/\/www.emballagedigest.fr\/un-rose-aux-allures-contemporaines\/#primaryimage\"},\"thumbnailUrl\":\"https:\/\/www.emballagedigest.fr\/wp-content\/uploads\/2023\/01\/Manon-Cotes-de-Provence-Rose-75cl-2019.png\",\"articleSection\":[\"Article entier\",\"Lin\u00e9aires\",\"Vu dans le mag\"],\"inLanguage\":\"en-GB\"},{\"@type\":\"WebPage\",\"@id\":\"https:\/\/www.emballagedigest.fr\/un-rose-aux-allures-contemporaines\/\",\"url\":\"https:\/\/www.emballagedigest.fr\/un-rose-aux-allures-contemporaines\/\",\"name\":\"Un ros\u00e9 aux allures contemporaines - Emballage Digest\",\"isPartOf\":{\"@id\":\"https:\/\/www.emballagedigest.fr\/#website\"},\"primaryImageOfPage\":{\"@id\":\"https:\/\/www.emballagedigest.fr\/un-rose-aux-allures-contemporaines\/#primaryimage\"},\"image\":{\"@id\":\"https:\/\/www.emballagedigest.fr\/un-rose-aux-allures-contemporaines\/#primaryimage\"},\"thumbnailUrl\":\"https:\/\/www.emballagedigest.fr\/wp-content\/uploads\/2023\/01\/Manon-Cotes-de-Provence-Rose-75cl-2019.png\",\"datePublished\":\"2020-03-31T00:00:00+00:00\",\"dateModified\":\"2023-01-20T11:49:47+00:00\",\"breadcrumb\":{\"@id\":\"https:\/\/www.emballagedigest.fr\/un-rose-aux-allures-contemporaines\/#breadcrumb\"},\"inLanguage\":\"en-GB\",\"potentialAction\":[{\"@type\":\"ReadAction\",\"target\":[\"https:\/\/www.emballagedigest.fr\/un-rose-aux-allures-contemporaines\/\"]}]},{\"@type\":\"ImageObject\",\"inLanguage\":\"en-GB\",\"@id\":\"https:\/\/www.emballagedigest.fr\/un-rose-aux-allures-contemporaines\/#primaryimage\",\"url\":\"https:\/\/www.emballagedigest.fr\/wp-content\/uploads\/2023\/01\/Manon-Cotes-de-Provence-Rose-75cl-2019.png\",\"contentUrl\":\"https:\/\/www.emballagedigest.fr\/wp-content\/uploads\/2023\/01\/Manon-Cotes-de-Provence-Rose-75cl-2019.png\",\"width\":554,\"height\":2362},{\"@type\":\"BreadcrumbList\",\"@id\":\"https:\/\/www.emballagedigest.fr\/un-rose-aux-allures-contemporaines\/#breadcrumb\",\"itemListElement\":[{\"@type\":\"ListItem\",\"position\":1,\"name\":\"Accueil\",\"item\":\"https:\/\/www.emballagedigest.fr\/\"},{\"@type\":\"ListItem\",\"position\":2,\"name\":\"Un ros\u00e9 aux allures contemporaines\"}]},{\"@type\":\"WebSite\",\"@id\":\"https:\/\/www.emballagedigest.fr\/#website\",\"url\":\"https:\/\/www.emballagedigest.fr\/\",\"name\":\"Emballage Digest\",\"description\":\"Revue professionnelle sur les emballages\",\"publisher\":{\"@id\":\"https:\/\/www.emballagedigest.fr\/#organization\"},\"potentialAction\":[{\"@type\":\"SearchAction\",\"target\":{\"@type\":\"EntryPoint\",\"urlTemplate\":\"https:\/\/www.emballagedigest.fr\/?s={search_term_string}\"},\"query-input\":{\"@type\":\"PropertyValueSpecification\",\"valueRequired\":true,\"valueName\":\"search_term_string\"}}],\"inLanguage\":\"en-GB\"},{\"@type\":\"Organization\",\"@id\":\"https:\/\/www.emballagedigest.fr\/#organization\",\"name\":\"Emballage Digest\",\"url\":\"https:\/\/www.emballagedigest.fr\/\",\"logo\":{\"@type\":\"ImageObject\",\"inLanguage\":\"en-GB\",\"@id\":\"https:\/\/www.emballagedigest.fr\/#\/schema\/logo\/image\/\",\"url\":\"https:\/\/www.emballagedigest.fr\/wp-content\/uploads\/2022\/07\/logo-ed.png\",\"contentUrl\":\"https:\/\/www.emballagedigest.fr\/wp-content\/uploads\/2022\/07\/logo-ed.png\",\"width\":379,\"height\":75,\"caption\":\"Emballage Digest\"},\"image\":{\"@id\":\"https:\/\/www.emballagedigest.fr\/#\/schema\/logo\/image\/\"}},{\"@type\":\"Person\",\"@id\":\"https:\/\/www.emballagedigest.fr\/#\/schema\/person\/d01fbac1f378e2f5e4096082cdf68ae5\",\"name\":\"admin_thopel\",\"image\":{\"@type\":\"ImageObject\",\"inLanguage\":\"en-GB\",\"@id\":\"https:\/\/www.emballagedigest.fr\/#\/schema\/person\/image\/\",\"url\":\"https:\/\/secure.gravatar.com\/avatar\/6cf644f6475359b596b81b10a64f989df38f1238649f7e33f97f69519e42dfbf?s=96&d=mm&r=g\",\"contentUrl\":\"https:\/\/secure.gravatar.com\/avatar\/6cf644f6475359b596b81b10a64f989df38f1238649f7e33f97f69519e42dfbf?s=96&d=mm&r=g\",\"caption\":\"admin_thopel\"},\"sameAs\":[\"http:\/\/localhost:8787\/emballage_digest\"],\"url\":\"https:\/\/www.emballagedigest.fr\/en\/author\/admin_thopel\/\"}]}<\/script>\n<!-- \/ Yoast SEO plugin. -->","yoast_head_json":{"title":"Un ros\u00e9 aux allures contemporaines - Emballage Digest","robots":{"index":"index","follow":"follow","max-snippet":"max-snippet:-1","max-image-preview":"max-image-preview:large","max-video-preview":"max-video-preview:-1"},"canonical":"https:\/\/www.emballagedigest.fr\/en\/un-rose-aux-allures-contemporaines\/","og_locale":"en_GB","og_type":"article","og_title":"Un ros\u00e9 aux allures contemporaines - Emballage Digest","og_description":"Sa bouteille n\u2019avait pas chang\u00e9 depuis 1996. Sp\u00e9cialis\u00e9e dans les vins de la Vall\u00e9e du Rh\u00f4ne, l\u2019entreprise familiale Ravoir &amp; Fils a d\u00e9cid\u00e9 pour son mill\u00e9sime 2019 de casser les codes.","og_url":"https:\/\/www.emballagedigest.fr\/en\/un-rose-aux-allures-contemporaines\/","og_site_name":"Emballage Digest","article_published_time":"2020-03-31T00:00:00+00:00","article_modified_time":"2023-01-20T11:49:47+00:00","og_image":[{"width":554,"height":2362,"url":"https:\/\/www.emballagedigest.fr\/wp-content\/uploads\/2023\/01\/Manon-Cotes-de-Provence-Rose-75cl-2019.png","type":"image\/png"}],"author":"admin_thopel","twitter_card":"summary_large_image","twitter_misc":{"Written by":"admin_thopel","Estimated reading time":"1 minute"},"schema":{"@context":"https:\/\/schema.org","@graph":[{"@type":"Article","@id":"https:\/\/www.emballagedigest.fr\/un-rose-aux-allures-contemporaines\/#article","isPartOf":{"@id":"https:\/\/www.emballagedigest.fr\/un-rose-aux-allures-contemporaines\/"},"author":{"name":"admin_thopel","@id":"https:\/\/www.emballagedigest.fr\/#\/schema\/person\/d01fbac1f378e2f5e4096082cdf68ae5"},"headline":"Un ros\u00e9 aux allures contemporaines","datePublished":"2020-03-31T00:00:00+00:00","dateModified":"2023-01-20T11:49:47+00:00","mainEntityOfPage":{"@id":"https:\/\/www.emballagedigest.fr\/un-rose-aux-allures-contemporaines\/"},"wordCount":193,"publisher":{"@id":"https:\/\/www.emballagedigest.fr\/#organization"},"image":{"@id":"https:\/\/www.emballagedigest.fr\/un-rose-aux-allures-contemporaines\/#primaryimage"},"thumbnailUrl":"https:\/\/www.emballagedigest.fr\/wp-content\/uploads\/2023\/01\/Manon-Cotes-de-Provence-Rose-75cl-2019.png","articleSection":["Article entier","Lin\u00e9aires","Vu dans le mag"],"inLanguage":"en-GB"},{"@type":"WebPage","@id":"https:\/\/www.emballagedigest.fr\/un-rose-aux-allures-contemporaines\/","url":"https:\/\/www.emballagedigest.fr\/un-rose-aux-allures-contemporaines\/","name":"Un ros\u00e9 aux allures contemporaines - Emballage Digest","isPartOf":{"@id":"https:\/\/www.emballagedigest.fr\/#website"},"primaryImageOfPage":{"@id":"https:\/\/www.emballagedigest.fr\/un-rose-aux-allures-contemporaines\/#primaryimage"},"image":{"@id":"https:\/\/www.emballagedigest.fr\/un-rose-aux-allures-contemporaines\/#primaryimage"},"thumbnailUrl":"https:\/\/www.emballagedigest.fr\/wp-content\/uploads\/2023\/01\/Manon-Cotes-de-Provence-Rose-75cl-2019.png","datePublished":"2020-03-31T00:00:00+00:00","dateModified":"2023-01-20T11:49:47+00:00","breadcrumb":{"@id":"https:\/\/www.emballagedigest.fr\/un-rose-aux-allures-contemporaines\/#breadcrumb"},"inLanguage":"en-GB","potentialAction":[{"@type":"ReadAction","target":["https:\/\/www.emballagedigest.fr\/un-rose-aux-allures-contemporaines\/"]}]},{"@type":"ImageObject","inLanguage":"en-GB","@id":"https:\/\/www.emballagedigest.fr\/un-rose-aux-allures-contemporaines\/#primaryimage","url":"https:\/\/www.emballagedigest.fr\/wp-content\/uploads\/2023\/01\/Manon-Cotes-de-Provence-Rose-75cl-2019.png","contentUrl":"https:\/\/www.emballagedigest.fr\/wp-content\/uploads\/2023\/01\/Manon-Cotes-de-Provence-Rose-75cl-2019.png","width":554,"height":2362},{"@type":"BreadcrumbList","@id":"https:\/\/www.emballagedigest.fr\/un-rose-aux-allures-contemporaines\/#breadcrumb","itemListElement":[{"@type":"ListItem","position":1,"name":"Accueil","item":"https:\/\/www.emballagedigest.fr\/"},{"@type":"ListItem","position":2,"name":"Un ros\u00e9 aux allures contemporaines"}]},{"@type":"WebSite","@id":"https:\/\/www.emballagedigest.fr\/#website","url":"https:\/\/www.emballagedigest.fr\/","name":"Emballage Digest","description":"Revue professionnelle sur les emballages","publisher":{"@id":"https:\/\/www.emballagedigest.fr\/#organization"},"potentialAction":[{"@type":"SearchAction","target":{"@type":"EntryPoint","urlTemplate":"https:\/\/www.emballagedigest.fr\/?s={search_term_string}"},"query-input":{"@type":"PropertyValueSpecification","valueRequired":true,"valueName":"search_term_string"}}],"inLanguage":"en-GB"},{"@type":"Organization","@id":"https:\/\/www.emballagedigest.fr\/#organization","name":"Emballage Digest","url":"https:\/\/www.emballagedigest.fr\/","logo":{"@type":"ImageObject","inLanguage":"en-GB","@id":"https:\/\/www.emballagedigest.fr\/#\/schema\/logo\/image\/","url":"https:\/\/www.emballagedigest.fr\/wp-content\/uploads\/2022\/07\/logo-ed.png","contentUrl":"https:\/\/www.emballagedigest.fr\/wp-content\/uploads\/2022\/07\/logo-ed.png","width":379,"height":75,"caption":"Emballage Digest"},"image":{"@id":"https:\/\/www.emballagedigest.fr\/#\/schema\/logo\/image\/"}},{"@type":"Person","@id":"https:\/\/www.emballagedigest.fr\/#\/schema\/person\/d01fbac1f378e2f5e4096082cdf68ae5","name":"admin_thopel","image":{"@type":"ImageObject","inLanguage":"en-GB","@id":"https:\/\/www.emballagedigest.fr\/#\/schema\/person\/image\/","url":"https:\/\/secure.gravatar.com\/avatar\/6cf644f6475359b596b81b10a64f989df38f1238649f7e33f97f69519e42dfbf?s=96&d=mm&r=g","contentUrl":"https:\/\/secure.gravatar.com\/avatar\/6cf644f6475359b596b81b10a64f989df38f1238649f7e33f97f69519e42dfbf?s=96&d=mm&r=g","caption":"admin_thopel"},"sameAs":["http:\/\/localhost:8787\/emballage_digest"],"url":"https:\/\/www.emballagedigest.fr\/en\/author\/admin_thopel\/"}]}},"_links":{"self":[{"href":"https:\/\/www.emballagedigest.fr\/en\/wp-json\/wp\/v2\/posts\/22051","targetHints":{"allow":["GET"]}}],"collection":[{"href":"https:\/\/www.emballagedigest.fr\/en\/wp-json\/wp\/v2\/posts"}],"about":[{"href":"https:\/\/www.emballagedigest.fr\/en\/wp-json\/wp\/v2\/types\/post"}],"author":[{"embeddable":true,"href":"https:\/\/www.emballagedigest.fr\/en\/wp-json\/wp\/v2\/users\/1"}],"replies":[{"embeddable":true,"href":"https:\/\/www.emballagedigest.fr\/en\/wp-json\/wp\/v2\/comments?post=22051"}],"version-history":[{"count":2,"href":"https:\/\/www.emballagedigest.fr\/en\/wp-json\/wp\/v2\/posts\/22051\/revisions"}],"predecessor-version":[{"id":35771,"href":"https:\/\/www.emballagedigest.fr\/en\/wp-json\/wp\/v2\/posts\/22051\/revisions\/35771"}],"wp:featuredmedia":[{"embeddable":true,"href":"https:\/\/www.emballagedigest.fr\/en\/wp-json\/wp\/v2\/media\/35687"}],"wp:attachment":[{"href":"https:\/\/www.emballagedigest.fr\/en\/wp-json\/wp\/v2\/media?parent=22051"}],"wp:term":[{"taxonomy":"category","embeddable":true,"href":"https:\/\/www.emballagedigest.fr\/en\/wp-json\/wp\/v2\/categories?post=22051"},{"taxonomy":"post_tag","embeddable":true,"href":"https:\/\/www.emballagedigest.fr\/en\/wp-json\/wp\/v2\/tags?post=22051"}],"curies":[{"name":"wp","href":"https:\/\/api.w.org\/{rel}","templated":true}]}}