{"id":22130,"date":"2020-05-11T09:15:39","date_gmt":"2020-05-11T09:15:39","guid":{"rendered":"https:\/\/www.emballagedigest.fr\/?p=22130"},"modified":"2020-05-11T09:27:45","modified_gmt":"2020-05-11T09:27:45","slug":"l-edition-2020-du-salon-cosmetic-360-passe-au-format-virtuel","status":"publish","type":"post","link":"https:\/\/www.emballagedigest.fr\/en\/l-edition-2020-du-salon-cosmetic-360-passe-au-format-virtuel\/","title":{"rendered":"L\u2019\u00e9dition 2020 du salon Cosmetic 360 passe au format virtuel"},"content":{"rendered":"<p>Le secteur \u00e9v\u00e9nementiel poursuit sa mutation, impos\u00e9e par la pand\u00e9mie au Covid-19. Parant aux probables limitations de rassemblement ces prochains en raison du virus, le p\u00f4le de comp\u00e9titivit\u00e9 Cosmetic Valley, organisateur du Cosmetic 360, annonce ainsi passer son salon au format digital.<\/p>\n<p>L\u2019\u00e9v\u00e9nement international d\u00e9di\u00e9 \u00e0 l\u2019innovation de la fili\u00e8re parfumerie cosm\u00e9tique devient ainsi eCosmetic 360 et se tiendra les 12 et 13 octobre 2020. Une nouvelle formule qui permettra aux exposants de pr\u00e9senter leurs innovations au travers de vitrines virtuelles, d\u2019exp\u00e9riences immersives et d\u2019attirer un public plus nombreux et diversifi\u00e9. IA, webinars, chats, vid\u00e9os, e-totems, sur la base d\u2019une plateforme digitale riche et intuitive, auront pour but de stimuler et d\u2019augmenter les interactions entre les acteurs situ\u00e9s partout dans le monde.<\/p>\n<p>Les start-ups et porteurs de projets innovants pourront gagner en notori\u00e9t\u00e9 et e-rencontrer des partenaires essentiels \u00e0 leur d\u00e9veloppement. Les grandes entreprises et marques connecteront leurs innovations, gr\u00e2ce au service d\u2019open innovation offrant la prise de contact avec les porteurs de projet innovants internationaux. <\/p>\n<p>\u00abLa dimension virtuelle du salon e-Cosmetic 360 a pour but d\u2019\u00eatre un acc\u00e9l\u00e9rateur d\u2019innovation et de business. Il le sera peut-\u00eatre d\u2019ailleurs plus que jamais&nbsp;! Les entreprises, marques, centres d\u2019innovation ont besoin de relance, de partage et d\u2019\u00e9mulation collective. Le digital est adapt\u00e9 \u00e0 des parcours hyper dynamiques et agiles, essentiels pour cette \u00e9dition 2020\u00bb, souligne Franckie B\u00e9chereau, directrice du salon. Le eCosmetic 360 sera suivi, les 14 et 15 octobre 2020, des Etats g\u00e9n\u00e9raux de la fili\u00e8re parfumerie cosm\u00e9tique au Carrousel du Louvre, \u00e0 Paris. <\/p>\n<p><em>Reproduction interdite sauf accord \u00e9crit d&rsquo;Emballage Digest ou mention du support<\/em><\/p>","protected":false},"excerpt":{"rendered":"<p>Le secteur \u00e9v\u00e9nementiel poursuit sa mutation, impos\u00e9e par la pand\u00e9mie au Covid-19. Parant aux probables limitations de rassemblement ces prochains en raison du virus, le p\u00f4le de comp\u00e9titivit\u00e9 Cosmetic Valley, organisateur du Cosmetic 360, annonce ainsi passer son salon au format digital.<\/p>","protected":false},"author":1,"featured_media":32130,"comment_status":"closed","ping_status":"closed","sticky":false,"template":"","format":"standard","meta":{"_acf_changed":false,"inline_featured_image":false,"iawp_total_views":1,"footnotes":""},"categories":[28,6],"tags":[],"class_list":["post-22130","post","type-post","status-publish","format-standard","has-post-thumbnail","hentry","category-article-entier","category-parfumerie-cosmetique"],"acf":[],"yoast_head":"<!-- This site is optimized with the Yoast SEO plugin v24.4 - https:\/\/yoast.com\/wordpress\/plugins\/seo\/ -->\n<title>L\u2019\u00e9dition 2020 du salon Cosmetic 360 passe au format virtuel - Emballage Digest<\/title>\n<meta name=\"robots\" content=\"index, follow, max-snippet:-1, max-image-preview:large, max-video-preview:-1\" \/>\n<link rel=\"canonical\" href=\"https:\/\/www.emballagedigest.fr\/en\/l-edition-2020-du-salon-cosmetic-360-passe-au-format-virtuel\/\" \/>\n<meta property=\"og:locale\" content=\"en_GB\" \/>\n<meta property=\"og:type\" content=\"article\" \/>\n<meta property=\"og:title\" content=\"L\u2019\u00e9dition 2020 du salon Cosmetic 360 passe au format virtuel - Emballage Digest\" \/>\n<meta property=\"og:description\" content=\"Le secteur \u00e9v\u00e9nementiel poursuit sa mutation, impos\u00e9e par la pand\u00e9mie au Covid-19. Parant aux probables limitations de rassemblement ces prochains en raison du virus, le p\u00f4le de comp\u00e9titivit\u00e9 Cosmetic Valley, organisateur du Cosmetic 360, annonce ainsi passer son salon au format digital.\" \/>\n<meta property=\"og:url\" content=\"https:\/\/www.emballagedigest.fr\/en\/l-edition-2020-du-salon-cosmetic-360-passe-au-format-virtuel\/\" \/>\n<meta property=\"og:site_name\" content=\"Emballage Digest\" \/>\n<meta property=\"article:published_time\" content=\"2020-05-11T09:15:39+00:00\" \/>\n<meta property=\"article:modified_time\" content=\"2020-05-11T09:27:45+00:00\" \/>\n<meta name=\"author\" content=\"admin_thopel\" \/>\n<meta name=\"twitter:card\" content=\"summary_large_image\" \/>\n<meta name=\"twitter:label1\" content=\"Written by\" \/>\n\t<meta name=\"twitter:data1\" content=\"admin_thopel\" \/>\n\t<meta name=\"twitter:label2\" content=\"Estimated reading time\" \/>\n\t<meta name=\"twitter:data2\" content=\"1 minute\" \/>\n<script type=\"application\/ld+json\" class=\"yoast-schema-graph\">{\"@context\":\"https:\/\/schema.org\",\"@graph\":[{\"@type\":\"Article\",\"@id\":\"https:\/\/www.emballagedigest.fr\/l-edition-2020-du-salon-cosmetic-360-passe-au-format-virtuel\/#article\",\"isPartOf\":{\"@id\":\"https:\/\/www.emballagedigest.fr\/l-edition-2020-du-salon-cosmetic-360-passe-au-format-virtuel\/\"},\"author\":{\"name\":\"admin_thopel\",\"@id\":\"https:\/\/www.emballagedigest.fr\/#\/schema\/person\/d01fbac1f378e2f5e4096082cdf68ae5\"},\"headline\":\"L\u2019\u00e9dition 2020 du salon Cosmetic 360 passe au format virtuel\",\"datePublished\":\"2020-05-11T09:15:39+00:00\",\"dateModified\":\"2020-05-11T09:27:45+00:00\",\"mainEntityOfPage\":{\"@id\":\"https:\/\/www.emballagedigest.fr\/l-edition-2020-du-salon-cosmetic-360-passe-au-format-virtuel\/\"},\"wordCount\":295,\"publisher\":{\"@id\":\"https:\/\/www.emballagedigest.fr\/#organization\"},\"image\":{\"@id\":\"https:\/\/www.emballagedigest.fr\/l-edition-2020-du-salon-cosmetic-360-passe-au-format-virtuel\/#primaryimage\"},\"thumbnailUrl\":\"https:\/\/www.emballagedigest.fr\/wp-content\/uploads\/dotclear\/images\/2020\/BONUS\/mai\/cosmoprof_article.jpg\",\"articleSection\":[\"Article entier\",\"Parfumerie &amp; Cosm\u00e9tique\"],\"inLanguage\":\"en-GB\"},{\"@type\":\"WebPage\",\"@id\":\"https:\/\/www.emballagedigest.fr\/l-edition-2020-du-salon-cosmetic-360-passe-au-format-virtuel\/\",\"url\":\"https:\/\/www.emballagedigest.fr\/l-edition-2020-du-salon-cosmetic-360-passe-au-format-virtuel\/\",\"name\":\"L\u2019\u00e9dition 2020 du salon Cosmetic 360 passe au format virtuel - Emballage Digest\",\"isPartOf\":{\"@id\":\"https:\/\/www.emballagedigest.fr\/#website\"},\"primaryImageOfPage\":{\"@id\":\"https:\/\/www.emballagedigest.fr\/l-edition-2020-du-salon-cosmetic-360-passe-au-format-virtuel\/#primaryimage\"},\"image\":{\"@id\":\"https:\/\/www.emballagedigest.fr\/l-edition-2020-du-salon-cosmetic-360-passe-au-format-virtuel\/#primaryimage\"},\"thumbnailUrl\":\"https:\/\/www.emballagedigest.fr\/wp-content\/uploads\/dotclear\/images\/2020\/BONUS\/mai\/cosmoprof_article.jpg\",\"datePublished\":\"2020-05-11T09:15:39+00:00\",\"dateModified\":\"2020-05-11T09:27:45+00:00\",\"breadcrumb\":{\"@id\":\"https:\/\/www.emballagedigest.fr\/l-edition-2020-du-salon-cosmetic-360-passe-au-format-virtuel\/#breadcrumb\"},\"inLanguage\":\"en-GB\",\"potentialAction\":[{\"@type\":\"ReadAction\",\"target\":[\"https:\/\/www.emballagedigest.fr\/l-edition-2020-du-salon-cosmetic-360-passe-au-format-virtuel\/\"]}]},{\"@type\":\"ImageObject\",\"inLanguage\":\"en-GB\",\"@id\":\"https:\/\/www.emballagedigest.fr\/l-edition-2020-du-salon-cosmetic-360-passe-au-format-virtuel\/#primaryimage\",\"url\":\"https:\/\/www.emballagedigest.fr\/wp-content\/uploads\/dotclear\/images\/2020\/BONUS\/mai\/cosmoprof_article.jpg\",\"contentUrl\":\"https:\/\/www.emballagedigest.fr\/wp-content\/uploads\/dotclear\/images\/2020\/BONUS\/mai\/cosmoprof_article.jpg\"},{\"@type\":\"BreadcrumbList\",\"@id\":\"https:\/\/www.emballagedigest.fr\/l-edition-2020-du-salon-cosmetic-360-passe-au-format-virtuel\/#breadcrumb\",\"itemListElement\":[{\"@type\":\"ListItem\",\"position\":1,\"name\":\"Accueil\",\"item\":\"https:\/\/www.emballagedigest.fr\/\"},{\"@type\":\"ListItem\",\"position\":2,\"name\":\"L\u2019\u00e9dition 2020 du salon Cosmetic 360 passe au format virtuel\"}]},{\"@type\":\"WebSite\",\"@id\":\"https:\/\/www.emballagedigest.fr\/#website\",\"url\":\"https:\/\/www.emballagedigest.fr\/\",\"name\":\"Emballage Digest\",\"description\":\"Revue professionnelle sur les emballages\",\"publisher\":{\"@id\":\"https:\/\/www.emballagedigest.fr\/#organization\"},\"potentialAction\":[{\"@type\":\"SearchAction\",\"target\":{\"@type\":\"EntryPoint\",\"urlTemplate\":\"https:\/\/www.emballagedigest.fr\/?s={search_term_string}\"},\"query-input\":{\"@type\":\"PropertyValueSpecification\",\"valueRequired\":true,\"valueName\":\"search_term_string\"}}],\"inLanguage\":\"en-GB\"},{\"@type\":\"Organization\",\"@id\":\"https:\/\/www.emballagedigest.fr\/#organization\",\"name\":\"Emballage Digest\",\"url\":\"https:\/\/www.emballagedigest.fr\/\",\"logo\":{\"@type\":\"ImageObject\",\"inLanguage\":\"en-GB\",\"@id\":\"https:\/\/www.emballagedigest.fr\/#\/schema\/logo\/image\/\",\"url\":\"https:\/\/www.emballagedigest.fr\/wp-content\/uploads\/2022\/07\/logo-ed.png\",\"contentUrl\":\"https:\/\/www.emballagedigest.fr\/wp-content\/uploads\/2022\/07\/logo-ed.png\",\"width\":379,\"height\":75,\"caption\":\"Emballage Digest\"},\"image\":{\"@id\":\"https:\/\/www.emballagedigest.fr\/#\/schema\/logo\/image\/\"}},{\"@type\":\"Person\",\"@id\":\"https:\/\/www.emballagedigest.fr\/#\/schema\/person\/d01fbac1f378e2f5e4096082cdf68ae5\",\"name\":\"admin_thopel\",\"image\":{\"@type\":\"ImageObject\",\"inLanguage\":\"en-GB\",\"@id\":\"https:\/\/www.emballagedigest.fr\/#\/schema\/person\/image\/\",\"url\":\"https:\/\/secure.gravatar.com\/avatar\/6cf644f6475359b596b81b10a64f989df38f1238649f7e33f97f69519e42dfbf?s=96&d=mm&r=g\",\"contentUrl\":\"https:\/\/secure.gravatar.com\/avatar\/6cf644f6475359b596b81b10a64f989df38f1238649f7e33f97f69519e42dfbf?s=96&d=mm&r=g\",\"caption\":\"admin_thopel\"},\"sameAs\":[\"http:\/\/localhost:8787\/emballage_digest\"],\"url\":\"https:\/\/www.emballagedigest.fr\/en\/author\/admin_thopel\/\"}]}<\/script>\n<!-- \/ Yoast SEO plugin. -->","yoast_head_json":{"title":"L\u2019\u00e9dition 2020 du salon Cosmetic 360 passe au format virtuel - Emballage Digest","robots":{"index":"index","follow":"follow","max-snippet":"max-snippet:-1","max-image-preview":"max-image-preview:large","max-video-preview":"max-video-preview:-1"},"canonical":"https:\/\/www.emballagedigest.fr\/en\/l-edition-2020-du-salon-cosmetic-360-passe-au-format-virtuel\/","og_locale":"en_GB","og_type":"article","og_title":"L\u2019\u00e9dition 2020 du salon Cosmetic 360 passe au format virtuel - Emballage Digest","og_description":"Le secteur \u00e9v\u00e9nementiel poursuit sa mutation, impos\u00e9e par la pand\u00e9mie au Covid-19. Parant aux probables limitations de rassemblement ces prochains en raison du virus, le p\u00f4le de comp\u00e9titivit\u00e9 Cosmetic Valley, organisateur du Cosmetic 360, annonce ainsi passer son salon au format digital.","og_url":"https:\/\/www.emballagedigest.fr\/en\/l-edition-2020-du-salon-cosmetic-360-passe-au-format-virtuel\/","og_site_name":"Emballage Digest","article_published_time":"2020-05-11T09:15:39+00:00","article_modified_time":"2020-05-11T09:27:45+00:00","author":"admin_thopel","twitter_card":"summary_large_image","twitter_misc":{"Written by":"admin_thopel","Estimated reading time":"1 minute"},"schema":{"@context":"https:\/\/schema.org","@graph":[{"@type":"Article","@id":"https:\/\/www.emballagedigest.fr\/l-edition-2020-du-salon-cosmetic-360-passe-au-format-virtuel\/#article","isPartOf":{"@id":"https:\/\/www.emballagedigest.fr\/l-edition-2020-du-salon-cosmetic-360-passe-au-format-virtuel\/"},"author":{"name":"admin_thopel","@id":"https:\/\/www.emballagedigest.fr\/#\/schema\/person\/d01fbac1f378e2f5e4096082cdf68ae5"},"headline":"L\u2019\u00e9dition 2020 du salon Cosmetic 360 passe au format virtuel","datePublished":"2020-05-11T09:15:39+00:00","dateModified":"2020-05-11T09:27:45+00:00","mainEntityOfPage":{"@id":"https:\/\/www.emballagedigest.fr\/l-edition-2020-du-salon-cosmetic-360-passe-au-format-virtuel\/"},"wordCount":295,"publisher":{"@id":"https:\/\/www.emballagedigest.fr\/#organization"},"image":{"@id":"https:\/\/www.emballagedigest.fr\/l-edition-2020-du-salon-cosmetic-360-passe-au-format-virtuel\/#primaryimage"},"thumbnailUrl":"https:\/\/www.emballagedigest.fr\/wp-content\/uploads\/dotclear\/images\/2020\/BONUS\/mai\/cosmoprof_article.jpg","articleSection":["Article entier","Parfumerie &amp; Cosm\u00e9tique"],"inLanguage":"en-GB"},{"@type":"WebPage","@id":"https:\/\/www.emballagedigest.fr\/l-edition-2020-du-salon-cosmetic-360-passe-au-format-virtuel\/","url":"https:\/\/www.emballagedigest.fr\/l-edition-2020-du-salon-cosmetic-360-passe-au-format-virtuel\/","name":"L\u2019\u00e9dition 2020 du salon Cosmetic 360 passe au format virtuel - Emballage Digest","isPartOf":{"@id":"https:\/\/www.emballagedigest.fr\/#website"},"primaryImageOfPage":{"@id":"https:\/\/www.emballagedigest.fr\/l-edition-2020-du-salon-cosmetic-360-passe-au-format-virtuel\/#primaryimage"},"image":{"@id":"https:\/\/www.emballagedigest.fr\/l-edition-2020-du-salon-cosmetic-360-passe-au-format-virtuel\/#primaryimage"},"thumbnailUrl":"https:\/\/www.emballagedigest.fr\/wp-content\/uploads\/dotclear\/images\/2020\/BONUS\/mai\/cosmoprof_article.jpg","datePublished":"2020-05-11T09:15:39+00:00","dateModified":"2020-05-11T09:27:45+00:00","breadcrumb":{"@id":"https:\/\/www.emballagedigest.fr\/l-edition-2020-du-salon-cosmetic-360-passe-au-format-virtuel\/#breadcrumb"},"inLanguage":"en-GB","potentialAction":[{"@type":"ReadAction","target":["https:\/\/www.emballagedigest.fr\/l-edition-2020-du-salon-cosmetic-360-passe-au-format-virtuel\/"]}]},{"@type":"ImageObject","inLanguage":"en-GB","@id":"https:\/\/www.emballagedigest.fr\/l-edition-2020-du-salon-cosmetic-360-passe-au-format-virtuel\/#primaryimage","url":"https:\/\/www.emballagedigest.fr\/wp-content\/uploads\/dotclear\/images\/2020\/BONUS\/mai\/cosmoprof_article.jpg","contentUrl":"https:\/\/www.emballagedigest.fr\/wp-content\/uploads\/dotclear\/images\/2020\/BONUS\/mai\/cosmoprof_article.jpg"},{"@type":"BreadcrumbList","@id":"https:\/\/www.emballagedigest.fr\/l-edition-2020-du-salon-cosmetic-360-passe-au-format-virtuel\/#breadcrumb","itemListElement":[{"@type":"ListItem","position":1,"name":"Accueil","item":"https:\/\/www.emballagedigest.fr\/"},{"@type":"ListItem","position":2,"name":"L\u2019\u00e9dition 2020 du salon Cosmetic 360 passe au format virtuel"}]},{"@type":"WebSite","@id":"https:\/\/www.emballagedigest.fr\/#website","url":"https:\/\/www.emballagedigest.fr\/","name":"Emballage Digest","description":"Revue professionnelle sur les emballages","publisher":{"@id":"https:\/\/www.emballagedigest.fr\/#organization"},"potentialAction":[{"@type":"SearchAction","target":{"@type":"EntryPoint","urlTemplate":"https:\/\/www.emballagedigest.fr\/?s={search_term_string}"},"query-input":{"@type":"PropertyValueSpecification","valueRequired":true,"valueName":"search_term_string"}}],"inLanguage":"en-GB"},{"@type":"Organization","@id":"https:\/\/www.emballagedigest.fr\/#organization","name":"Emballage Digest","url":"https:\/\/www.emballagedigest.fr\/","logo":{"@type":"ImageObject","inLanguage":"en-GB","@id":"https:\/\/www.emballagedigest.fr\/#\/schema\/logo\/image\/","url":"https:\/\/www.emballagedigest.fr\/wp-content\/uploads\/2022\/07\/logo-ed.png","contentUrl":"https:\/\/www.emballagedigest.fr\/wp-content\/uploads\/2022\/07\/logo-ed.png","width":379,"height":75,"caption":"Emballage Digest"},"image":{"@id":"https:\/\/www.emballagedigest.fr\/#\/schema\/logo\/image\/"}},{"@type":"Person","@id":"https:\/\/www.emballagedigest.fr\/#\/schema\/person\/d01fbac1f378e2f5e4096082cdf68ae5","name":"admin_thopel","image":{"@type":"ImageObject","inLanguage":"en-GB","@id":"https:\/\/www.emballagedigest.fr\/#\/schema\/person\/image\/","url":"https:\/\/secure.gravatar.com\/avatar\/6cf644f6475359b596b81b10a64f989df38f1238649f7e33f97f69519e42dfbf?s=96&d=mm&r=g","contentUrl":"https:\/\/secure.gravatar.com\/avatar\/6cf644f6475359b596b81b10a64f989df38f1238649f7e33f97f69519e42dfbf?s=96&d=mm&r=g","caption":"admin_thopel"},"sameAs":["http:\/\/localhost:8787\/emballage_digest"],"url":"https:\/\/www.emballagedigest.fr\/en\/author\/admin_thopel\/"}]}},"_links":{"self":[{"href":"https:\/\/www.emballagedigest.fr\/en\/wp-json\/wp\/v2\/posts\/22130","targetHints":{"allow":["GET"]}}],"collection":[{"href":"https:\/\/www.emballagedigest.fr\/en\/wp-json\/wp\/v2\/posts"}],"about":[{"href":"https:\/\/www.emballagedigest.fr\/en\/wp-json\/wp\/v2\/types\/post"}],"author":[{"embeddable":true,"href":"https:\/\/www.emballagedigest.fr\/en\/wp-json\/wp\/v2\/users\/1"}],"replies":[{"embeddable":true,"href":"https:\/\/www.emballagedigest.fr\/en\/wp-json\/wp\/v2\/comments?post=22130"}],"version-history":[{"count":0,"href":"https:\/\/www.emballagedigest.fr\/en\/wp-json\/wp\/v2\/posts\/22130\/revisions"}],"wp:featuredmedia":[{"embeddable":true,"href":"https:\/\/www.emballagedigest.fr\/en\/wp-json\/wp\/v2\/media\/32130"}],"wp:attachment":[{"href":"https:\/\/www.emballagedigest.fr\/en\/wp-json\/wp\/v2\/media?parent=22130"}],"wp:term":[{"taxonomy":"category","embeddable":true,"href":"https:\/\/www.emballagedigest.fr\/en\/wp-json\/wp\/v2\/categories?post=22130"},{"taxonomy":"post_tag","embeddable":true,"href":"https:\/\/www.emballagedigest.fr\/en\/wp-json\/wp\/v2\/tags?post=22130"}],"curies":[{"name":"wp","href":"https:\/\/api.w.org\/{rel}","templated":true}]}}