{"id":22169,"date":"2020-05-12T09:05:45","date_gmt":"2020-05-12T09:05:45","guid":{"rendered":"https:\/\/www.emballagedigest.fr\/?p=22169"},"modified":"2020-05-12T12:59:51","modified_gmt":"2020-05-12T12:59:51","slug":"ik-et-elipso-devoilent-les-laureats-du-concours-packthefuture-award-2020","status":"publish","type":"post","link":"https:\/\/www.emballagedigest.fr\/en\/ik-et-elipso-devoilent-les-laureats-du-concours-packthefuture-award-2020\/","title":{"rendered":"IK et ELIPSO d\u00e9voilent les laur\u00e9ats du concours PackTheFuture Award 2020"},"content":{"rendered":"<p>Les deux associations professionnelles, respectivement allemande (IK) et fran\u00e7aise (ELIPSO), de l\u2019industrie des emballages plastiques, d\u00e9voilent les laur\u00e9ats de la 5e \u00e9dition de leur concours PackTheFuture Award. L\u2019annonce aurait d\u00fb \u00eatre faite lors d\u2019une c\u00e9r\u00e9monie de remise des Prix en marge du salon interpack 2020 \u00e0 D\u00fcsseldorf.<\/p>\n<p>Report\u00e9e en raison de la pand\u00e9mie de Covid-19, les organisateurs ont tenu \u00e0 conserver le timing initialement pr\u00e9vu pour rendre public les projets r\u00e9compens\u00e9s. \u00abCette crise sanitaire ne doit pas nous d\u00e9vier de nos objectifs&nbsp;: autant d&#8217;emballages que n\u00e9cessaire, aussi peu que possible. C\u2019est cette notion de \u00abjuste emballage\u00bb qui prend alors tout son sens. Mais le regard sur les emballages s\u2019ouvre. Leurs fonctions r\u00e9elles de transport, conservation et protection sont de nouveau mis en \u00e9vidence. La s\u00e9curit\u00e9 d&rsquo;approvisionnement, la contribution \u00e0 la soci\u00e9t\u00e9, l&rsquo;acc\u00e8s \u00e0 des aliments s\u00fbrs, l\u2019\u00e9coconception des emballages, l&rsquo;utilisation de mat\u00e9riaux recycl\u00e9s et l&rsquo;\u00e9vitement des emballages inutiles &#8211; quel que soit le mat\u00e9riau &#8211; tels sont les d\u00e9fis de notre \u00e9poque\u00bb, explique ELIPSO.<\/p>\n<p><img decoding=\"async\" src=\"https:\/\/www.emballagedigest.fr\/dotclear\/images\/2020\/BONUS\/mai\/pack_future_article2.jpg\" alt=\"Texte Alternatif\" style=\"float:left; margin: 0 1em 1em 0;\" \/>Parmi les 58 candidatures soumises par des entreprises europ\u00e9ennes, 14 projets ont \u00e9t\u00e9 retenus et 10 laur\u00e9ats s\u00e9lectionn\u00e9s. Sponsoris\u00e9 par interseroh, CITEO, Bruckner Group et BKV Plastics Concept Recovery, le concours a fait la part belle aux emballages plastiques durables et \u00e0 l\u2019\u00e9co-conception. La c\u00e9r\u00e9monie de remise du 5e PackTheFuture Award aura lieu le 24 novembre 2020 au salon ALL4PACK \u00e0 Paris. Reconnu par la c\u00e9l\u00e8bre World Packaging Organisation (WPO), le concours ouvre le droit de participation aux WorldStar Awards. Les gagnants du concours de cette ann\u00e9e sont ainsi qualifi\u00e9s pour les WorldStar Awards 2021.  <\/p>\n<p><strong>Les laur\u00e9ats du PackThe Future Award 2020 sont :<\/strong><\/p>\n<p><strong>Cat\u00e9gorie Eco conception<\/strong><br \/>\n\u2022\tAlbea Services SAS (France) avec \u00ab&nbsp;Greenleaf 2 \u00bb<br \/>\n\u2022\tDuoplast AG (Allemagne) avec \u00ab&nbsp;Duo Earth 4 \u00bb<br \/>\n\u2022\tMauser Packaging Solutions (Allemagne) avec \u00ab&nbsp;Mauser Infinity Series IBC \u00bb <br \/>\n\u2022\tSidel Blowing &amp; Services S.A.S (France) avec \u00ab&nbsp;AYA \u00bb <br \/>\n\u2022\tVerpa Folie Weidhausen GmbH (Allemagne) avec \u00ab&nbsp;PE based carrier strip \u00bb  <\/p>\n<p><strong>Prix special du jury<\/strong><br \/>\n\u2022\tStoropack (France) avec \u00ab&nbsp;The Box Living Packets \u00bb <\/p>\n<p><strong>Cat\u00e9gorie Protection du produit<\/strong><br \/>\n\u2022\tStoropack Deutschland GmbH + Co. KG (Allemagne) avec \u00ab&nbsp;Onco Line Reusable System OL 15l \u00bb <\/p>\n<p><strong>Cat\u00e9gorie B\u00e9n\u00e9fice soci\u00e9tal<\/strong><br \/>\n\u2022\tBoxon GmbH (Allemagne) avec \u00ab&nbsp;rPET Big Bag \u00bb<br \/>\n\u2022\tETS Bernhardt et Cie (France) avec \u00ab&nbsp;SolarSack \u00bb <\/p>\n<p><strong>Cat\u00e9gorie Lutte contre le gaspillage alimentaire<\/strong><br \/>\n\u2022\tS\u00fcdpack Verpackungen GmbH &amp; Co. KG (Allemagne) avec \u00ab&nbsp;Multipeel xPEP \u00bb<\/p>\n<p>L\u2019ensemble de ces innovations seront d\u00e9taill\u00e9es dans notre prochain num\u00e9ro papier de Mai 2020.<\/p>\n<p><em>Reproduction interdite sauf accord \u00e9crit d&rsquo;Emballage Digest ou mention du support<\/em><\/p>","protected":false},"excerpt":{"rendered":"<p>Les deux associations professionnelles, respectivement allemande (IK) et fran\u00e7aise (ELIPSO), de l\u2019industrie des emballages plastiques, d\u00e9voilent les laur\u00e9ats de la 5e \u00e9dition de leur concours PackTheFuture Award. L\u2019annonce aurait d\u00fb \u00eatre faite lors d\u2019une c\u00e9r\u00e9monie de remise des Prix en marge du salon interpack 2020 \u00e0 D\u00fcsseldorf.<\/p>","protected":false},"author":1,"featured_media":32169,"comment_status":"closed","ping_status":"closed","sticky":false,"template":"","format":"standard","meta":{"_acf_changed":false,"inline_featured_image":false,"iawp_total_views":0,"footnotes":""},"categories":[5,28,11],"tags":[],"class_list":["post-22169","post","type-post","status-publish","format-standard","has-post-thumbnail","hentry","category-alimentaire","category-article-entier","category-emballages"],"acf":[],"yoast_head":"<!-- This site is optimized with the Yoast SEO plugin v24.4 - https:\/\/yoast.com\/wordpress\/plugins\/seo\/ -->\n<title>IK et ELIPSO d\u00e9voilent les laur\u00e9ats du concours PackTheFuture Award 2020 - Emballage Digest<\/title>\n<meta name=\"robots\" content=\"index, follow, max-snippet:-1, max-image-preview:large, max-video-preview:-1\" \/>\n<link rel=\"canonical\" href=\"https:\/\/www.emballagedigest.fr\/en\/ik-et-elipso-devoilent-les-laureats-du-concours-packthefuture-award-2020\/\" \/>\n<meta property=\"og:locale\" content=\"en_GB\" \/>\n<meta property=\"og:type\" content=\"article\" \/>\n<meta property=\"og:title\" content=\"IK et ELIPSO d\u00e9voilent les laur\u00e9ats du concours PackTheFuture Award 2020 - Emballage Digest\" \/>\n<meta property=\"og:description\" content=\"Les deux associations professionnelles, respectivement allemande (IK) et fran\u00e7aise (ELIPSO), de l\u2019industrie des emballages plastiques, d\u00e9voilent les laur\u00e9ats de la 5e \u00e9dition de leur concours PackTheFuture Award. L\u2019annonce aurait d\u00fb \u00eatre faite lors d\u2019une c\u00e9r\u00e9monie de remise des Prix en marge du salon interpack 2020 \u00e0 D\u00fcsseldorf.\" \/>\n<meta property=\"og:url\" content=\"https:\/\/www.emballagedigest.fr\/en\/ik-et-elipso-devoilent-les-laureats-du-concours-packthefuture-award-2020\/\" \/>\n<meta property=\"og:site_name\" content=\"Emballage Digest\" \/>\n<meta property=\"article:published_time\" content=\"2020-05-12T09:05:45+00:00\" \/>\n<meta property=\"article:modified_time\" content=\"2020-05-12T12:59:51+00:00\" \/>\n<meta name=\"author\" content=\"admin_thopel\" \/>\n<meta name=\"twitter:card\" content=\"summary_large_image\" \/>\n<meta name=\"twitter:label1\" content=\"Written by\" \/>\n\t<meta name=\"twitter:data1\" content=\"admin_thopel\" \/>\n\t<meta name=\"twitter:label2\" content=\"Estimated reading time\" \/>\n\t<meta name=\"twitter:data2\" content=\"2 minutes\" \/>\n<script type=\"application\/ld+json\" class=\"yoast-schema-graph\">{\"@context\":\"https:\/\/schema.org\",\"@graph\":[{\"@type\":\"Article\",\"@id\":\"https:\/\/www.emballagedigest.fr\/ik-et-elipso-devoilent-les-laureats-du-concours-packthefuture-award-2020\/#article\",\"isPartOf\":{\"@id\":\"https:\/\/www.emballagedigest.fr\/ik-et-elipso-devoilent-les-laureats-du-concours-packthefuture-award-2020\/\"},\"author\":{\"name\":\"admin_thopel\",\"@id\":\"https:\/\/www.emballagedigest.fr\/#\/schema\/person\/d01fbac1f378e2f5e4096082cdf68ae5\"},\"headline\":\"IK et ELIPSO d\u00e9voilent les laur\u00e9ats du concours PackTheFuture Award 2020\",\"datePublished\":\"2020-05-12T09:05:45+00:00\",\"dateModified\":\"2020-05-12T12:59:51+00:00\",\"mainEntityOfPage\":{\"@id\":\"https:\/\/www.emballagedigest.fr\/ik-et-elipso-devoilent-les-laureats-du-concours-packthefuture-award-2020\/\"},\"wordCount\":464,\"publisher\":{\"@id\":\"https:\/\/www.emballagedigest.fr\/#organization\"},\"image\":{\"@id\":\"https:\/\/www.emballagedigest.fr\/ik-et-elipso-devoilent-les-laureats-du-concours-packthefuture-award-2020\/#primaryimage\"},\"thumbnailUrl\":\"https:\/\/www.emballagedigest.fr\/wp-content\/uploads\/dotclear\/images\/2020\/BONUS\/mai\/pack_future_article.jpg\",\"articleSection\":[\"Alimentaire\",\"Article entier\",\"Emballages\"],\"inLanguage\":\"en-GB\"},{\"@type\":\"WebPage\",\"@id\":\"https:\/\/www.emballagedigest.fr\/ik-et-elipso-devoilent-les-laureats-du-concours-packthefuture-award-2020\/\",\"url\":\"https:\/\/www.emballagedigest.fr\/ik-et-elipso-devoilent-les-laureats-du-concours-packthefuture-award-2020\/\",\"name\":\"IK et ELIPSO d\u00e9voilent les laur\u00e9ats du concours PackTheFuture Award 2020 - Emballage Digest\",\"isPartOf\":{\"@id\":\"https:\/\/www.emballagedigest.fr\/#website\"},\"primaryImageOfPage\":{\"@id\":\"https:\/\/www.emballagedigest.fr\/ik-et-elipso-devoilent-les-laureats-du-concours-packthefuture-award-2020\/#primaryimage\"},\"image\":{\"@id\":\"https:\/\/www.emballagedigest.fr\/ik-et-elipso-devoilent-les-laureats-du-concours-packthefuture-award-2020\/#primaryimage\"},\"thumbnailUrl\":\"https:\/\/www.emballagedigest.fr\/wp-content\/uploads\/dotclear\/images\/2020\/BONUS\/mai\/pack_future_article.jpg\",\"datePublished\":\"2020-05-12T09:05:45+00:00\",\"dateModified\":\"2020-05-12T12:59:51+00:00\",\"breadcrumb\":{\"@id\":\"https:\/\/www.emballagedigest.fr\/ik-et-elipso-devoilent-les-laureats-du-concours-packthefuture-award-2020\/#breadcrumb\"},\"inLanguage\":\"en-GB\",\"potentialAction\":[{\"@type\":\"ReadAction\",\"target\":[\"https:\/\/www.emballagedigest.fr\/ik-et-elipso-devoilent-les-laureats-du-concours-packthefuture-award-2020\/\"]}]},{\"@type\":\"ImageObject\",\"inLanguage\":\"en-GB\",\"@id\":\"https:\/\/www.emballagedigest.fr\/ik-et-elipso-devoilent-les-laureats-du-concours-packthefuture-award-2020\/#primaryimage\",\"url\":\"https:\/\/www.emballagedigest.fr\/wp-content\/uploads\/dotclear\/images\/2020\/BONUS\/mai\/pack_future_article.jpg\",\"contentUrl\":\"https:\/\/www.emballagedigest.fr\/wp-content\/uploads\/dotclear\/images\/2020\/BONUS\/mai\/pack_future_article.jpg\"},{\"@type\":\"BreadcrumbList\",\"@id\":\"https:\/\/www.emballagedigest.fr\/ik-et-elipso-devoilent-les-laureats-du-concours-packthefuture-award-2020\/#breadcrumb\",\"itemListElement\":[{\"@type\":\"ListItem\",\"position\":1,\"name\":\"Accueil\",\"item\":\"https:\/\/www.emballagedigest.fr\/\"},{\"@type\":\"ListItem\",\"position\":2,\"name\":\"IK et ELIPSO d\u00e9voilent les laur\u00e9ats du concours PackTheFuture Award 2020\"}]},{\"@type\":\"WebSite\",\"@id\":\"https:\/\/www.emballagedigest.fr\/#website\",\"url\":\"https:\/\/www.emballagedigest.fr\/\",\"name\":\"Emballage Digest\",\"description\":\"Revue professionnelle sur les emballages\",\"publisher\":{\"@id\":\"https:\/\/www.emballagedigest.fr\/#organization\"},\"potentialAction\":[{\"@type\":\"SearchAction\",\"target\":{\"@type\":\"EntryPoint\",\"urlTemplate\":\"https:\/\/www.emballagedigest.fr\/?s={search_term_string}\"},\"query-input\":{\"@type\":\"PropertyValueSpecification\",\"valueRequired\":true,\"valueName\":\"search_term_string\"}}],\"inLanguage\":\"en-GB\"},{\"@type\":\"Organization\",\"@id\":\"https:\/\/www.emballagedigest.fr\/#organization\",\"name\":\"Emballage Digest\",\"url\":\"https:\/\/www.emballagedigest.fr\/\",\"logo\":{\"@type\":\"ImageObject\",\"inLanguage\":\"en-GB\",\"@id\":\"https:\/\/www.emballagedigest.fr\/#\/schema\/logo\/image\/\",\"url\":\"https:\/\/www.emballagedigest.fr\/wp-content\/uploads\/2022\/07\/logo-ed.png\",\"contentUrl\":\"https:\/\/www.emballagedigest.fr\/wp-content\/uploads\/2022\/07\/logo-ed.png\",\"width\":379,\"height\":75,\"caption\":\"Emballage Digest\"},\"image\":{\"@id\":\"https:\/\/www.emballagedigest.fr\/#\/schema\/logo\/image\/\"}},{\"@type\":\"Person\",\"@id\":\"https:\/\/www.emballagedigest.fr\/#\/schema\/person\/d01fbac1f378e2f5e4096082cdf68ae5\",\"name\":\"admin_thopel\",\"image\":{\"@type\":\"ImageObject\",\"inLanguage\":\"en-GB\",\"@id\":\"https:\/\/www.emballagedigest.fr\/#\/schema\/person\/image\/\",\"url\":\"https:\/\/secure.gravatar.com\/avatar\/6cf644f6475359b596b81b10a64f989df38f1238649f7e33f97f69519e42dfbf?s=96&d=mm&r=g\",\"contentUrl\":\"https:\/\/secure.gravatar.com\/avatar\/6cf644f6475359b596b81b10a64f989df38f1238649f7e33f97f69519e42dfbf?s=96&d=mm&r=g\",\"caption\":\"admin_thopel\"},\"sameAs\":[\"http:\/\/localhost:8787\/emballage_digest\"],\"url\":\"https:\/\/www.emballagedigest.fr\/en\/author\/admin_thopel\/\"}]}<\/script>\n<!-- \/ Yoast SEO plugin. -->","yoast_head_json":{"title":"IK et ELIPSO d\u00e9voilent les laur\u00e9ats du concours PackTheFuture Award 2020 - Emballage Digest","robots":{"index":"index","follow":"follow","max-snippet":"max-snippet:-1","max-image-preview":"max-image-preview:large","max-video-preview":"max-video-preview:-1"},"canonical":"https:\/\/www.emballagedigest.fr\/en\/ik-et-elipso-devoilent-les-laureats-du-concours-packthefuture-award-2020\/","og_locale":"en_GB","og_type":"article","og_title":"IK et ELIPSO d\u00e9voilent les laur\u00e9ats du concours PackTheFuture Award 2020 - Emballage Digest","og_description":"Les deux associations professionnelles, respectivement allemande (IK) et fran\u00e7aise (ELIPSO), de l\u2019industrie des emballages plastiques, d\u00e9voilent les laur\u00e9ats de la 5e \u00e9dition de leur concours PackTheFuture Award. L\u2019annonce aurait d\u00fb \u00eatre faite lors d\u2019une c\u00e9r\u00e9monie de remise des Prix en marge du salon interpack 2020 \u00e0 D\u00fcsseldorf.","og_url":"https:\/\/www.emballagedigest.fr\/en\/ik-et-elipso-devoilent-les-laureats-du-concours-packthefuture-award-2020\/","og_site_name":"Emballage Digest","article_published_time":"2020-05-12T09:05:45+00:00","article_modified_time":"2020-05-12T12:59:51+00:00","author":"admin_thopel","twitter_card":"summary_large_image","twitter_misc":{"Written by":"admin_thopel","Estimated reading time":"2 minutes"},"schema":{"@context":"https:\/\/schema.org","@graph":[{"@type":"Article","@id":"https:\/\/www.emballagedigest.fr\/ik-et-elipso-devoilent-les-laureats-du-concours-packthefuture-award-2020\/#article","isPartOf":{"@id":"https:\/\/www.emballagedigest.fr\/ik-et-elipso-devoilent-les-laureats-du-concours-packthefuture-award-2020\/"},"author":{"name":"admin_thopel","@id":"https:\/\/www.emballagedigest.fr\/#\/schema\/person\/d01fbac1f378e2f5e4096082cdf68ae5"},"headline":"IK et ELIPSO d\u00e9voilent les laur\u00e9ats du concours PackTheFuture Award 2020","datePublished":"2020-05-12T09:05:45+00:00","dateModified":"2020-05-12T12:59:51+00:00","mainEntityOfPage":{"@id":"https:\/\/www.emballagedigest.fr\/ik-et-elipso-devoilent-les-laureats-du-concours-packthefuture-award-2020\/"},"wordCount":464,"publisher":{"@id":"https:\/\/www.emballagedigest.fr\/#organization"},"image":{"@id":"https:\/\/www.emballagedigest.fr\/ik-et-elipso-devoilent-les-laureats-du-concours-packthefuture-award-2020\/#primaryimage"},"thumbnailUrl":"https:\/\/www.emballagedigest.fr\/wp-content\/uploads\/dotclear\/images\/2020\/BONUS\/mai\/pack_future_article.jpg","articleSection":["Alimentaire","Article entier","Emballages"],"inLanguage":"en-GB"},{"@type":"WebPage","@id":"https:\/\/www.emballagedigest.fr\/ik-et-elipso-devoilent-les-laureats-du-concours-packthefuture-award-2020\/","url":"https:\/\/www.emballagedigest.fr\/ik-et-elipso-devoilent-les-laureats-du-concours-packthefuture-award-2020\/","name":"IK et ELIPSO d\u00e9voilent les laur\u00e9ats du concours PackTheFuture Award 2020 - Emballage Digest","isPartOf":{"@id":"https:\/\/www.emballagedigest.fr\/#website"},"primaryImageOfPage":{"@id":"https:\/\/www.emballagedigest.fr\/ik-et-elipso-devoilent-les-laureats-du-concours-packthefuture-award-2020\/#primaryimage"},"image":{"@id":"https:\/\/www.emballagedigest.fr\/ik-et-elipso-devoilent-les-laureats-du-concours-packthefuture-award-2020\/#primaryimage"},"thumbnailUrl":"https:\/\/www.emballagedigest.fr\/wp-content\/uploads\/dotclear\/images\/2020\/BONUS\/mai\/pack_future_article.jpg","datePublished":"2020-05-12T09:05:45+00:00","dateModified":"2020-05-12T12:59:51+00:00","breadcrumb":{"@id":"https:\/\/www.emballagedigest.fr\/ik-et-elipso-devoilent-les-laureats-du-concours-packthefuture-award-2020\/#breadcrumb"},"inLanguage":"en-GB","potentialAction":[{"@type":"ReadAction","target":["https:\/\/www.emballagedigest.fr\/ik-et-elipso-devoilent-les-laureats-du-concours-packthefuture-award-2020\/"]}]},{"@type":"ImageObject","inLanguage":"en-GB","@id":"https:\/\/www.emballagedigest.fr\/ik-et-elipso-devoilent-les-laureats-du-concours-packthefuture-award-2020\/#primaryimage","url":"https:\/\/www.emballagedigest.fr\/wp-content\/uploads\/dotclear\/images\/2020\/BONUS\/mai\/pack_future_article.jpg","contentUrl":"https:\/\/www.emballagedigest.fr\/wp-content\/uploads\/dotclear\/images\/2020\/BONUS\/mai\/pack_future_article.jpg"},{"@type":"BreadcrumbList","@id":"https:\/\/www.emballagedigest.fr\/ik-et-elipso-devoilent-les-laureats-du-concours-packthefuture-award-2020\/#breadcrumb","itemListElement":[{"@type":"ListItem","position":1,"name":"Accueil","item":"https:\/\/www.emballagedigest.fr\/"},{"@type":"ListItem","position":2,"name":"IK et ELIPSO d\u00e9voilent les laur\u00e9ats du concours PackTheFuture Award 2020"}]},{"@type":"WebSite","@id":"https:\/\/www.emballagedigest.fr\/#website","url":"https:\/\/www.emballagedigest.fr\/","name":"Emballage Digest","description":"Revue professionnelle sur les emballages","publisher":{"@id":"https:\/\/www.emballagedigest.fr\/#organization"},"potentialAction":[{"@type":"SearchAction","target":{"@type":"EntryPoint","urlTemplate":"https:\/\/www.emballagedigest.fr\/?s={search_term_string}"},"query-input":{"@type":"PropertyValueSpecification","valueRequired":true,"valueName":"search_term_string"}}],"inLanguage":"en-GB"},{"@type":"Organization","@id":"https:\/\/www.emballagedigest.fr\/#organization","name":"Emballage Digest","url":"https:\/\/www.emballagedigest.fr\/","logo":{"@type":"ImageObject","inLanguage":"en-GB","@id":"https:\/\/www.emballagedigest.fr\/#\/schema\/logo\/image\/","url":"https:\/\/www.emballagedigest.fr\/wp-content\/uploads\/2022\/07\/logo-ed.png","contentUrl":"https:\/\/www.emballagedigest.fr\/wp-content\/uploads\/2022\/07\/logo-ed.png","width":379,"height":75,"caption":"Emballage Digest"},"image":{"@id":"https:\/\/www.emballagedigest.fr\/#\/schema\/logo\/image\/"}},{"@type":"Person","@id":"https:\/\/www.emballagedigest.fr\/#\/schema\/person\/d01fbac1f378e2f5e4096082cdf68ae5","name":"admin_thopel","image":{"@type":"ImageObject","inLanguage":"en-GB","@id":"https:\/\/www.emballagedigest.fr\/#\/schema\/person\/image\/","url":"https:\/\/secure.gravatar.com\/avatar\/6cf644f6475359b596b81b10a64f989df38f1238649f7e33f97f69519e42dfbf?s=96&d=mm&r=g","contentUrl":"https:\/\/secure.gravatar.com\/avatar\/6cf644f6475359b596b81b10a64f989df38f1238649f7e33f97f69519e42dfbf?s=96&d=mm&r=g","caption":"admin_thopel"},"sameAs":["http:\/\/localhost:8787\/emballage_digest"],"url":"https:\/\/www.emballagedigest.fr\/en\/author\/admin_thopel\/"}]}},"_links":{"self":[{"href":"https:\/\/www.emballagedigest.fr\/en\/wp-json\/wp\/v2\/posts\/22169","targetHints":{"allow":["GET"]}}],"collection":[{"href":"https:\/\/www.emballagedigest.fr\/en\/wp-json\/wp\/v2\/posts"}],"about":[{"href":"https:\/\/www.emballagedigest.fr\/en\/wp-json\/wp\/v2\/types\/post"}],"author":[{"embeddable":true,"href":"https:\/\/www.emballagedigest.fr\/en\/wp-json\/wp\/v2\/users\/1"}],"replies":[{"embeddable":true,"href":"https:\/\/www.emballagedigest.fr\/en\/wp-json\/wp\/v2\/comments?post=22169"}],"version-history":[{"count":0,"href":"https:\/\/www.emballagedigest.fr\/en\/wp-json\/wp\/v2\/posts\/22169\/revisions"}],"wp:featuredmedia":[{"embeddable":true,"href":"https:\/\/www.emballagedigest.fr\/en\/wp-json\/wp\/v2\/media\/32169"}],"wp:attachment":[{"href":"https:\/\/www.emballagedigest.fr\/en\/wp-json\/wp\/v2\/media?parent=22169"}],"wp:term":[{"taxonomy":"category","embeddable":true,"href":"https:\/\/www.emballagedigest.fr\/en\/wp-json\/wp\/v2\/categories?post=22169"},{"taxonomy":"post_tag","embeddable":true,"href":"https:\/\/www.emballagedigest.fr\/en\/wp-json\/wp\/v2\/tags?post=22169"}],"curies":[{"name":"wp","href":"https:\/\/api.w.org\/{rel}","templated":true}]}}