{"id":22381,"date":"2020-09-01T09:21:56","date_gmt":"2020-09-01T09:21:56","guid":{"rendered":"https:\/\/www.emballagedigest.fr\/?p=22381"},"modified":"2020-09-01T09:21:56","modified_gmt":"2020-09-01T09:21:56","slug":"mimaki-europe-se-dote-d-un-nouveau-directeur-general","status":"publish","type":"post","link":"https:\/\/www.emballagedigest.fr\/en\/mimaki-europe-se-dote-d-un-nouveau-directeur-general\/","title":{"rendered":"Mimaki Europe se dote d\u2019un nouveau directeur g\u00e9n\u00e9ral"},"content":{"rendered":"<p>Mimaki Europe, constructeur d\u2019imprimantes jet d\u2019encre et de syst\u00e8mes de d\u00e9coupe, annonce la nomination de Takahiro Hiraki (\u00e0 gauche) au poste de directeur g\u00e9n\u00e9ral.<\/p>\n<p>Ce dernier a rejoint Mimaki Engineering en 1997 en tant que repr\u00e9sentant commercial pour la s\u00e9rie Mimaki CF. Bien du chemin aura \u00e9t\u00e9 parcouru depuis. <br \/>\nEn 2019, M. Hiraki rejoint le conseil d\u2019administration et s\u2019est vu confier la responsabilit\u00e9 de la direction de Mimaki Europe. <\/p>\n<p><img decoding=\"async\" src=\"https:\/\/www.emballagedigest.fr\/dotclear\/images\/2020\/BONUS\/sep\/mimaki_article2.jpg\" alt=\"Texte Alternatif\" style=\"float:right; margin: 0 0 1em 1em;\" \/>Mimaki Europe accueille \u00e9galement Ryosuke Nakayama (\u00e0 droite) en tant qu\u2019assistant ex\u00e9cutif de M. Hiraki. <br \/>\nM. Nakayama a rejoint Mimaki Engineering en 2012 et au cours de ses huit ans au sein de l\u2019entreprise, il a occup\u00e9 plusieurs postes de marketing, vente et gestion de produits dans le monde entier. Sa grande exp\u00e9rience, son expertise et ses comp\u00e9tences diversifi\u00e9es seront des atouts substantiels pour l\u2019\u00e9quipe de direction de Mimaki Europe.<\/p>\n<p><em>Reproduction interdite sauf accord \u00e9crit d&rsquo;Emballage Digest ou mention du support<\/em><\/p>","protected":false},"excerpt":{"rendered":"<p>Mimaki Europe, constructeur d\u2019imprimantes jet d\u2019encre et de syst\u00e8mes de d\u00e9coupe, annonce la nomination de Takahiro Hiraki (\u00e0 gauche) au poste de directeur g\u00e9n\u00e9ral.<\/p>","protected":false},"author":1,"featured_media":32381,"comment_status":"closed","ping_status":"closed","sticky":false,"template":"","format":"standard","meta":{"_acf_changed":false,"inline_featured_image":false,"iawp_total_views":0,"footnotes":""},"categories":[28],"tags":[],"class_list":["post-22381","post","type-post","status-publish","format-standard","has-post-thumbnail","hentry","category-article-entier"],"acf":[],"yoast_head":"<!-- This site is optimized with the Yoast SEO plugin v24.4 - https:\/\/yoast.com\/wordpress\/plugins\/seo\/ -->\n<title>Mimaki Europe se dote d\u2019un nouveau directeur g\u00e9n\u00e9ral - Emballage Digest<\/title>\n<meta name=\"robots\" content=\"index, follow, max-snippet:-1, max-image-preview:large, max-video-preview:-1\" \/>\n<link rel=\"canonical\" href=\"https:\/\/www.emballagedigest.fr\/en\/mimaki-europe-se-dote-d-un-nouveau-directeur-general\/\" \/>\n<meta property=\"og:locale\" content=\"en_GB\" \/>\n<meta property=\"og:type\" content=\"article\" \/>\n<meta property=\"og:title\" content=\"Mimaki Europe se dote d\u2019un nouveau directeur g\u00e9n\u00e9ral - Emballage Digest\" \/>\n<meta property=\"og:description\" content=\"Mimaki Europe, constructeur d\u2019imprimantes jet d\u2019encre et de syst\u00e8mes de d\u00e9coupe, annonce la nomination de Takahiro Hiraki (\u00e0 gauche) au poste de directeur g\u00e9n\u00e9ral.\" \/>\n<meta property=\"og:url\" content=\"https:\/\/www.emballagedigest.fr\/en\/mimaki-europe-se-dote-d-un-nouveau-directeur-general\/\" \/>\n<meta property=\"og:site_name\" content=\"Emballage Digest\" \/>\n<meta property=\"article:published_time\" content=\"2020-09-01T09:21:56+00:00\" \/>\n<meta name=\"author\" content=\"admin_thopel\" \/>\n<meta name=\"twitter:card\" content=\"summary_large_image\" \/>\n<meta name=\"twitter:label1\" content=\"Written by\" \/>\n\t<meta name=\"twitter:data1\" content=\"admin_thopel\" \/>\n\t<meta name=\"twitter:label2\" content=\"Estimated reading time\" \/>\n\t<meta name=\"twitter:data2\" content=\"1 minute\" \/>\n<script type=\"application\/ld+json\" class=\"yoast-schema-graph\">{\"@context\":\"https:\/\/schema.org\",\"@graph\":[{\"@type\":\"Article\",\"@id\":\"https:\/\/www.emballagedigest.fr\/mimaki-europe-se-dote-d-un-nouveau-directeur-general\/#article\",\"isPartOf\":{\"@id\":\"https:\/\/www.emballagedigest.fr\/mimaki-europe-se-dote-d-un-nouveau-directeur-general\/\"},\"author\":{\"name\":\"admin_thopel\",\"@id\":\"https:\/\/www.emballagedigest.fr\/#\/schema\/person\/d01fbac1f378e2f5e4096082cdf68ae5\"},\"headline\":\"Mimaki Europe se dote d\u2019un nouveau directeur g\u00e9n\u00e9ral\",\"datePublished\":\"2020-09-01T09:21:56+00:00\",\"mainEntityOfPage\":{\"@id\":\"https:\/\/www.emballagedigest.fr\/mimaki-europe-se-dote-d-un-nouveau-directeur-general\/\"},\"wordCount\":174,\"publisher\":{\"@id\":\"https:\/\/www.emballagedigest.fr\/#organization\"},\"image\":{\"@id\":\"https:\/\/www.emballagedigest.fr\/mimaki-europe-se-dote-d-un-nouveau-directeur-general\/#primaryimage\"},\"thumbnailUrl\":\"https:\/\/www.emballagedigest.fr\/wp-content\/uploads\/dotclear\/images\/2020\/BONUS\/sep\/mimaki_article1.jpg\",\"articleSection\":[\"Article entier\"],\"inLanguage\":\"en-GB\"},{\"@type\":\"WebPage\",\"@id\":\"https:\/\/www.emballagedigest.fr\/mimaki-europe-se-dote-d-un-nouveau-directeur-general\/\",\"url\":\"https:\/\/www.emballagedigest.fr\/mimaki-europe-se-dote-d-un-nouveau-directeur-general\/\",\"name\":\"Mimaki Europe se dote d\u2019un nouveau directeur g\u00e9n\u00e9ral - Emballage Digest\",\"isPartOf\":{\"@id\":\"https:\/\/www.emballagedigest.fr\/#website\"},\"primaryImageOfPage\":{\"@id\":\"https:\/\/www.emballagedigest.fr\/mimaki-europe-se-dote-d-un-nouveau-directeur-general\/#primaryimage\"},\"image\":{\"@id\":\"https:\/\/www.emballagedigest.fr\/mimaki-europe-se-dote-d-un-nouveau-directeur-general\/#primaryimage\"},\"thumbnailUrl\":\"https:\/\/www.emballagedigest.fr\/wp-content\/uploads\/dotclear\/images\/2020\/BONUS\/sep\/mimaki_article1.jpg\",\"datePublished\":\"2020-09-01T09:21:56+00:00\",\"breadcrumb\":{\"@id\":\"https:\/\/www.emballagedigest.fr\/mimaki-europe-se-dote-d-un-nouveau-directeur-general\/#breadcrumb\"},\"inLanguage\":\"en-GB\",\"potentialAction\":[{\"@type\":\"ReadAction\",\"target\":[\"https:\/\/www.emballagedigest.fr\/mimaki-europe-se-dote-d-un-nouveau-directeur-general\/\"]}]},{\"@type\":\"ImageObject\",\"inLanguage\":\"en-GB\",\"@id\":\"https:\/\/www.emballagedigest.fr\/mimaki-europe-se-dote-d-un-nouveau-directeur-general\/#primaryimage\",\"url\":\"https:\/\/www.emballagedigest.fr\/wp-content\/uploads\/dotclear\/images\/2020\/BONUS\/sep\/mimaki_article1.jpg\",\"contentUrl\":\"https:\/\/www.emballagedigest.fr\/wp-content\/uploads\/dotclear\/images\/2020\/BONUS\/sep\/mimaki_article1.jpg\"},{\"@type\":\"BreadcrumbList\",\"@id\":\"https:\/\/www.emballagedigest.fr\/mimaki-europe-se-dote-d-un-nouveau-directeur-general\/#breadcrumb\",\"itemListElement\":[{\"@type\":\"ListItem\",\"position\":1,\"name\":\"Accueil\",\"item\":\"https:\/\/www.emballagedigest.fr\/\"},{\"@type\":\"ListItem\",\"position\":2,\"name\":\"Mimaki Europe se dote d\u2019un nouveau directeur g\u00e9n\u00e9ral\"}]},{\"@type\":\"WebSite\",\"@id\":\"https:\/\/www.emballagedigest.fr\/#website\",\"url\":\"https:\/\/www.emballagedigest.fr\/\",\"name\":\"Emballage Digest\",\"description\":\"Revue professionnelle sur les emballages\",\"publisher\":{\"@id\":\"https:\/\/www.emballagedigest.fr\/#organization\"},\"potentialAction\":[{\"@type\":\"SearchAction\",\"target\":{\"@type\":\"EntryPoint\",\"urlTemplate\":\"https:\/\/www.emballagedigest.fr\/?s={search_term_string}\"},\"query-input\":{\"@type\":\"PropertyValueSpecification\",\"valueRequired\":true,\"valueName\":\"search_term_string\"}}],\"inLanguage\":\"en-GB\"},{\"@type\":\"Organization\",\"@id\":\"https:\/\/www.emballagedigest.fr\/#organization\",\"name\":\"Emballage Digest\",\"url\":\"https:\/\/www.emballagedigest.fr\/\",\"logo\":{\"@type\":\"ImageObject\",\"inLanguage\":\"en-GB\",\"@id\":\"https:\/\/www.emballagedigest.fr\/#\/schema\/logo\/image\/\",\"url\":\"https:\/\/www.emballagedigest.fr\/wp-content\/uploads\/2022\/07\/logo-ed.png\",\"contentUrl\":\"https:\/\/www.emballagedigest.fr\/wp-content\/uploads\/2022\/07\/logo-ed.png\",\"width\":379,\"height\":75,\"caption\":\"Emballage Digest\"},\"image\":{\"@id\":\"https:\/\/www.emballagedigest.fr\/#\/schema\/logo\/image\/\"}},{\"@type\":\"Person\",\"@id\":\"https:\/\/www.emballagedigest.fr\/#\/schema\/person\/d01fbac1f378e2f5e4096082cdf68ae5\",\"name\":\"admin_thopel\",\"image\":{\"@type\":\"ImageObject\",\"inLanguage\":\"en-GB\",\"@id\":\"https:\/\/www.emballagedigest.fr\/#\/schema\/person\/image\/\",\"url\":\"https:\/\/secure.gravatar.com\/avatar\/6cf644f6475359b596b81b10a64f989df38f1238649f7e33f97f69519e42dfbf?s=96&d=mm&r=g\",\"contentUrl\":\"https:\/\/secure.gravatar.com\/avatar\/6cf644f6475359b596b81b10a64f989df38f1238649f7e33f97f69519e42dfbf?s=96&d=mm&r=g\",\"caption\":\"admin_thopel\"},\"sameAs\":[\"http:\/\/localhost:8787\/emballage_digest\"],\"url\":\"https:\/\/www.emballagedigest.fr\/en\/author\/admin_thopel\/\"}]}<\/script>\n<!-- \/ Yoast SEO plugin. -->","yoast_head_json":{"title":"Mimaki Europe se dote d\u2019un nouveau directeur g\u00e9n\u00e9ral - Emballage Digest","robots":{"index":"index","follow":"follow","max-snippet":"max-snippet:-1","max-image-preview":"max-image-preview:large","max-video-preview":"max-video-preview:-1"},"canonical":"https:\/\/www.emballagedigest.fr\/en\/mimaki-europe-se-dote-d-un-nouveau-directeur-general\/","og_locale":"en_GB","og_type":"article","og_title":"Mimaki Europe se dote d\u2019un nouveau directeur g\u00e9n\u00e9ral - Emballage Digest","og_description":"Mimaki Europe, constructeur d\u2019imprimantes jet d\u2019encre et de syst\u00e8mes de d\u00e9coupe, annonce la nomination de Takahiro Hiraki (\u00e0 gauche) au poste de directeur g\u00e9n\u00e9ral.","og_url":"https:\/\/www.emballagedigest.fr\/en\/mimaki-europe-se-dote-d-un-nouveau-directeur-general\/","og_site_name":"Emballage Digest","article_published_time":"2020-09-01T09:21:56+00:00","author":"admin_thopel","twitter_card":"summary_large_image","twitter_misc":{"Written by":"admin_thopel","Estimated reading time":"1 minute"},"schema":{"@context":"https:\/\/schema.org","@graph":[{"@type":"Article","@id":"https:\/\/www.emballagedigest.fr\/mimaki-europe-se-dote-d-un-nouveau-directeur-general\/#article","isPartOf":{"@id":"https:\/\/www.emballagedigest.fr\/mimaki-europe-se-dote-d-un-nouveau-directeur-general\/"},"author":{"name":"admin_thopel","@id":"https:\/\/www.emballagedigest.fr\/#\/schema\/person\/d01fbac1f378e2f5e4096082cdf68ae5"},"headline":"Mimaki Europe se dote d\u2019un nouveau directeur g\u00e9n\u00e9ral","datePublished":"2020-09-01T09:21:56+00:00","mainEntityOfPage":{"@id":"https:\/\/www.emballagedigest.fr\/mimaki-europe-se-dote-d-un-nouveau-directeur-general\/"},"wordCount":174,"publisher":{"@id":"https:\/\/www.emballagedigest.fr\/#organization"},"image":{"@id":"https:\/\/www.emballagedigest.fr\/mimaki-europe-se-dote-d-un-nouveau-directeur-general\/#primaryimage"},"thumbnailUrl":"https:\/\/www.emballagedigest.fr\/wp-content\/uploads\/dotclear\/images\/2020\/BONUS\/sep\/mimaki_article1.jpg","articleSection":["Article entier"],"inLanguage":"en-GB"},{"@type":"WebPage","@id":"https:\/\/www.emballagedigest.fr\/mimaki-europe-se-dote-d-un-nouveau-directeur-general\/","url":"https:\/\/www.emballagedigest.fr\/mimaki-europe-se-dote-d-un-nouveau-directeur-general\/","name":"Mimaki Europe se dote d\u2019un nouveau directeur g\u00e9n\u00e9ral - Emballage Digest","isPartOf":{"@id":"https:\/\/www.emballagedigest.fr\/#website"},"primaryImageOfPage":{"@id":"https:\/\/www.emballagedigest.fr\/mimaki-europe-se-dote-d-un-nouveau-directeur-general\/#primaryimage"},"image":{"@id":"https:\/\/www.emballagedigest.fr\/mimaki-europe-se-dote-d-un-nouveau-directeur-general\/#primaryimage"},"thumbnailUrl":"https:\/\/www.emballagedigest.fr\/wp-content\/uploads\/dotclear\/images\/2020\/BONUS\/sep\/mimaki_article1.jpg","datePublished":"2020-09-01T09:21:56+00:00","breadcrumb":{"@id":"https:\/\/www.emballagedigest.fr\/mimaki-europe-se-dote-d-un-nouveau-directeur-general\/#breadcrumb"},"inLanguage":"en-GB","potentialAction":[{"@type":"ReadAction","target":["https:\/\/www.emballagedigest.fr\/mimaki-europe-se-dote-d-un-nouveau-directeur-general\/"]}]},{"@type":"ImageObject","inLanguage":"en-GB","@id":"https:\/\/www.emballagedigest.fr\/mimaki-europe-se-dote-d-un-nouveau-directeur-general\/#primaryimage","url":"https:\/\/www.emballagedigest.fr\/wp-content\/uploads\/dotclear\/images\/2020\/BONUS\/sep\/mimaki_article1.jpg","contentUrl":"https:\/\/www.emballagedigest.fr\/wp-content\/uploads\/dotclear\/images\/2020\/BONUS\/sep\/mimaki_article1.jpg"},{"@type":"BreadcrumbList","@id":"https:\/\/www.emballagedigest.fr\/mimaki-europe-se-dote-d-un-nouveau-directeur-general\/#breadcrumb","itemListElement":[{"@type":"ListItem","position":1,"name":"Accueil","item":"https:\/\/www.emballagedigest.fr\/"},{"@type":"ListItem","position":2,"name":"Mimaki Europe se dote d\u2019un nouveau directeur g\u00e9n\u00e9ral"}]},{"@type":"WebSite","@id":"https:\/\/www.emballagedigest.fr\/#website","url":"https:\/\/www.emballagedigest.fr\/","name":"Emballage Digest","description":"Revue professionnelle sur les emballages","publisher":{"@id":"https:\/\/www.emballagedigest.fr\/#organization"},"potentialAction":[{"@type":"SearchAction","target":{"@type":"EntryPoint","urlTemplate":"https:\/\/www.emballagedigest.fr\/?s={search_term_string}"},"query-input":{"@type":"PropertyValueSpecification","valueRequired":true,"valueName":"search_term_string"}}],"inLanguage":"en-GB"},{"@type":"Organization","@id":"https:\/\/www.emballagedigest.fr\/#organization","name":"Emballage Digest","url":"https:\/\/www.emballagedigest.fr\/","logo":{"@type":"ImageObject","inLanguage":"en-GB","@id":"https:\/\/www.emballagedigest.fr\/#\/schema\/logo\/image\/","url":"https:\/\/www.emballagedigest.fr\/wp-content\/uploads\/2022\/07\/logo-ed.png","contentUrl":"https:\/\/www.emballagedigest.fr\/wp-content\/uploads\/2022\/07\/logo-ed.png","width":379,"height":75,"caption":"Emballage Digest"},"image":{"@id":"https:\/\/www.emballagedigest.fr\/#\/schema\/logo\/image\/"}},{"@type":"Person","@id":"https:\/\/www.emballagedigest.fr\/#\/schema\/person\/d01fbac1f378e2f5e4096082cdf68ae5","name":"admin_thopel","image":{"@type":"ImageObject","inLanguage":"en-GB","@id":"https:\/\/www.emballagedigest.fr\/#\/schema\/person\/image\/","url":"https:\/\/secure.gravatar.com\/avatar\/6cf644f6475359b596b81b10a64f989df38f1238649f7e33f97f69519e42dfbf?s=96&d=mm&r=g","contentUrl":"https:\/\/secure.gravatar.com\/avatar\/6cf644f6475359b596b81b10a64f989df38f1238649f7e33f97f69519e42dfbf?s=96&d=mm&r=g","caption":"admin_thopel"},"sameAs":["http:\/\/localhost:8787\/emballage_digest"],"url":"https:\/\/www.emballagedigest.fr\/en\/author\/admin_thopel\/"}]}},"_links":{"self":[{"href":"https:\/\/www.emballagedigest.fr\/en\/wp-json\/wp\/v2\/posts\/22381","targetHints":{"allow":["GET"]}}],"collection":[{"href":"https:\/\/www.emballagedigest.fr\/en\/wp-json\/wp\/v2\/posts"}],"about":[{"href":"https:\/\/www.emballagedigest.fr\/en\/wp-json\/wp\/v2\/types\/post"}],"author":[{"embeddable":true,"href":"https:\/\/www.emballagedigest.fr\/en\/wp-json\/wp\/v2\/users\/1"}],"replies":[{"embeddable":true,"href":"https:\/\/www.emballagedigest.fr\/en\/wp-json\/wp\/v2\/comments?post=22381"}],"version-history":[{"count":0,"href":"https:\/\/www.emballagedigest.fr\/en\/wp-json\/wp\/v2\/posts\/22381\/revisions"}],"wp:featuredmedia":[{"embeddable":true,"href":"https:\/\/www.emballagedigest.fr\/en\/wp-json\/wp\/v2\/media\/32381"}],"wp:attachment":[{"href":"https:\/\/www.emballagedigest.fr\/en\/wp-json\/wp\/v2\/media?parent=22381"}],"wp:term":[{"taxonomy":"category","embeddable":true,"href":"https:\/\/www.emballagedigest.fr\/en\/wp-json\/wp\/v2\/categories?post=22381"},{"taxonomy":"post_tag","embeddable":true,"href":"https:\/\/www.emballagedigest.fr\/en\/wp-json\/wp\/v2\/tags?post=22381"}],"curies":[{"name":"wp","href":"https:\/\/api.w.org\/{rel}","templated":true}]}}