{"id":22383,"date":"2020-09-02T09:53:47","date_gmt":"2020-09-02T09:53:47","guid":{"rendered":"https:\/\/www.emballagedigest.fr\/?p=22383"},"modified":"2020-09-02T09:53:47","modified_gmt":"2020-09-02T09:53:47","slug":"sea-vision-annonce-l-acquisition-de-argo-vision","status":"publish","type":"post","link":"https:\/\/www.emballagedigest.fr\/en\/sea-vision-annonce-l-acquisition-de-argo-vision\/","title":{"rendered":"SEA Vision annonce l\u2019acquisition de Argo Vision"},"content":{"rendered":"<p>SEA Vision reprend 100% du capital de la start-up milanaise, Argo Vision, sp\u00e9cialis\u00e9e dans le d\u00e9veloppement de solutions IA (Intelligence Artificielle), avec un focus sp\u00e9cifique sur la vision artificielle.<\/p>\n<p>Cr\u00e9\u00e9e il y a 15 ans, la soci\u00e9t\u00e9 a b\u00e2ti son savoir-faire autour des technologies de \u00abMachine Learning\u00bb et de \u00abComputer Vision\u00bb. Avec cette acquisition, SEA Vision renforce son expertise dans le secteur de l\u2019IA et s\u2019ouvre \u00e0 de nouveaux march\u00e9s et applications. Et acc\u00e9l\u00e8re, en parall\u00e8le, les projets R&amp;D int\u00e9grant les technologies neuronales, pour la mise au point de produits plus rapides, fiables et performants gr\u00e2ce \u00e0 des algorithmes am\u00e9lior\u00e9s. <\/p>\n<p>Par ailleurs avec ce rachat, SEA Vision acquiert les droits de licence du logiciel Argo Vision qui sera int\u00e9gr\u00e9 dans la plateforme logicielle pharmaceutique. \u00abL&rsquo;acquisition d&rsquo;Argo Vision est une nouvelle \u00e9tape importante pour l&rsquo;am\u00e9lioration de la suite 4.0 yudoo, le point central de notre strat\u00e9gie actuelle, dans laquelle la technologie des r\u00e9seaux neuronaux apportera une contribution fondamentale aux processus d&rsquo;analyse des Big Data et \u00e0 la Business Intelligence. Avec Argo et ses technologies d&rsquo;excellence, SEA Vision est se positionne comme un partenaire privil\u00e9gi\u00e9 du secteur pharmaceutique et de ses acteurs, qui souhaitent faire \u00e9voluer leur production et leur organisation avec des solutions 4.0\u00bb, a comment\u00e9 Michele Cei, Pdg de SEA Vision.<\/p>\n<p><em>Reproduction interdite sauf accord \u00e9crit d&rsquo;Emballage Digest ou mention du support<\/em><\/p>","protected":false},"excerpt":{"rendered":"<p>SEA Vision reprend 100% du capital de la start-up milanaise, Argo Vision, sp\u00e9cialis\u00e9e dans le d\u00e9veloppement de solutions IA (Intelligence Artificielle), avec un focus sp\u00e9cifique sur la vision artificielle.<\/p>","protected":false},"author":1,"featured_media":32383,"comment_status":"closed","ping_status":"closed","sticky":false,"template":"","format":"standard","meta":{"_acf_changed":false,"inline_featured_image":false,"iawp_total_views":1,"footnotes":""},"categories":[28],"tags":[],"class_list":["post-22383","post","type-post","status-publish","format-standard","has-post-thumbnail","hentry","category-article-entier"],"acf":[],"yoast_head":"<!-- This site is optimized with the Yoast SEO plugin v24.4 - https:\/\/yoast.com\/wordpress\/plugins\/seo\/ -->\n<title>SEA Vision annonce l\u2019acquisition de Argo Vision - Emballage Digest<\/title>\n<meta name=\"robots\" content=\"index, follow, max-snippet:-1, max-image-preview:large, max-video-preview:-1\" \/>\n<link rel=\"canonical\" href=\"https:\/\/www.emballagedigest.fr\/en\/sea-vision-annonce-l-acquisition-de-argo-vision\/\" \/>\n<meta property=\"og:locale\" content=\"en_GB\" \/>\n<meta property=\"og:type\" content=\"article\" \/>\n<meta property=\"og:title\" content=\"SEA Vision annonce l\u2019acquisition de Argo Vision - Emballage Digest\" \/>\n<meta property=\"og:description\" content=\"SEA Vision reprend 100% du capital de la start-up milanaise, Argo Vision, sp\u00e9cialis\u00e9e dans le d\u00e9veloppement de solutions IA (Intelligence Artificielle), avec un focus sp\u00e9cifique sur la vision artificielle.\" \/>\n<meta property=\"og:url\" content=\"https:\/\/www.emballagedigest.fr\/en\/sea-vision-annonce-l-acquisition-de-argo-vision\/\" \/>\n<meta property=\"og:site_name\" content=\"Emballage Digest\" \/>\n<meta property=\"article:published_time\" content=\"2020-09-02T09:53:47+00:00\" \/>\n<meta name=\"author\" content=\"admin_thopel\" \/>\n<meta name=\"twitter:card\" content=\"summary_large_image\" \/>\n<meta name=\"twitter:label1\" content=\"Written by\" \/>\n\t<meta name=\"twitter:data1\" content=\"admin_thopel\" \/>\n\t<meta name=\"twitter:label2\" content=\"Estimated reading time\" \/>\n\t<meta name=\"twitter:data2\" content=\"1 minute\" \/>\n<script type=\"application\/ld+json\" class=\"yoast-schema-graph\">{\"@context\":\"https:\/\/schema.org\",\"@graph\":[{\"@type\":\"Article\",\"@id\":\"https:\/\/www.emballagedigest.fr\/sea-vision-annonce-l-acquisition-de-argo-vision\/#article\",\"isPartOf\":{\"@id\":\"https:\/\/www.emballagedigest.fr\/sea-vision-annonce-l-acquisition-de-argo-vision\/\"},\"author\":{\"name\":\"admin_thopel\",\"@id\":\"https:\/\/www.emballagedigest.fr\/#\/schema\/person\/d01fbac1f378e2f5e4096082cdf68ae5\"},\"headline\":\"SEA Vision annonce l\u2019acquisition de Argo Vision\",\"datePublished\":\"2020-09-02T09:53:47+00:00\",\"mainEntityOfPage\":{\"@id\":\"https:\/\/www.emballagedigest.fr\/sea-vision-annonce-l-acquisition-de-argo-vision\/\"},\"wordCount\":253,\"publisher\":{\"@id\":\"https:\/\/www.emballagedigest.fr\/#organization\"},\"image\":{\"@id\":\"https:\/\/www.emballagedigest.fr\/sea-vision-annonce-l-acquisition-de-argo-vision\/#primaryimage\"},\"thumbnailUrl\":\"https:\/\/www.emballagedigest.fr\/wp-content\/uploads\/dotclear\/images\/2020\/BONUS\/sep\/sea_article.jpg\",\"articleSection\":[\"Article entier\"],\"inLanguage\":\"en-GB\"},{\"@type\":\"WebPage\",\"@id\":\"https:\/\/www.emballagedigest.fr\/sea-vision-annonce-l-acquisition-de-argo-vision\/\",\"url\":\"https:\/\/www.emballagedigest.fr\/sea-vision-annonce-l-acquisition-de-argo-vision\/\",\"name\":\"SEA Vision annonce l\u2019acquisition de Argo Vision - Emballage Digest\",\"isPartOf\":{\"@id\":\"https:\/\/www.emballagedigest.fr\/#website\"},\"primaryImageOfPage\":{\"@id\":\"https:\/\/www.emballagedigest.fr\/sea-vision-annonce-l-acquisition-de-argo-vision\/#primaryimage\"},\"image\":{\"@id\":\"https:\/\/www.emballagedigest.fr\/sea-vision-annonce-l-acquisition-de-argo-vision\/#primaryimage\"},\"thumbnailUrl\":\"https:\/\/www.emballagedigest.fr\/wp-content\/uploads\/dotclear\/images\/2020\/BONUS\/sep\/sea_article.jpg\",\"datePublished\":\"2020-09-02T09:53:47+00:00\",\"breadcrumb\":{\"@id\":\"https:\/\/www.emballagedigest.fr\/sea-vision-annonce-l-acquisition-de-argo-vision\/#breadcrumb\"},\"inLanguage\":\"en-GB\",\"potentialAction\":[{\"@type\":\"ReadAction\",\"target\":[\"https:\/\/www.emballagedigest.fr\/sea-vision-annonce-l-acquisition-de-argo-vision\/\"]}]},{\"@type\":\"ImageObject\",\"inLanguage\":\"en-GB\",\"@id\":\"https:\/\/www.emballagedigest.fr\/sea-vision-annonce-l-acquisition-de-argo-vision\/#primaryimage\",\"url\":\"https:\/\/www.emballagedigest.fr\/wp-content\/uploads\/dotclear\/images\/2020\/BONUS\/sep\/sea_article.jpg\",\"contentUrl\":\"https:\/\/www.emballagedigest.fr\/wp-content\/uploads\/dotclear\/images\/2020\/BONUS\/sep\/sea_article.jpg\"},{\"@type\":\"BreadcrumbList\",\"@id\":\"https:\/\/www.emballagedigest.fr\/sea-vision-annonce-l-acquisition-de-argo-vision\/#breadcrumb\",\"itemListElement\":[{\"@type\":\"ListItem\",\"position\":1,\"name\":\"Accueil\",\"item\":\"https:\/\/www.emballagedigest.fr\/\"},{\"@type\":\"ListItem\",\"position\":2,\"name\":\"SEA Vision annonce l\u2019acquisition de Argo Vision\"}]},{\"@type\":\"WebSite\",\"@id\":\"https:\/\/www.emballagedigest.fr\/#website\",\"url\":\"https:\/\/www.emballagedigest.fr\/\",\"name\":\"Emballage Digest\",\"description\":\"Revue professionnelle sur les emballages\",\"publisher\":{\"@id\":\"https:\/\/www.emballagedigest.fr\/#organization\"},\"potentialAction\":[{\"@type\":\"SearchAction\",\"target\":{\"@type\":\"EntryPoint\",\"urlTemplate\":\"https:\/\/www.emballagedigest.fr\/?s={search_term_string}\"},\"query-input\":{\"@type\":\"PropertyValueSpecification\",\"valueRequired\":true,\"valueName\":\"search_term_string\"}}],\"inLanguage\":\"en-GB\"},{\"@type\":\"Organization\",\"@id\":\"https:\/\/www.emballagedigest.fr\/#organization\",\"name\":\"Emballage Digest\",\"url\":\"https:\/\/www.emballagedigest.fr\/\",\"logo\":{\"@type\":\"ImageObject\",\"inLanguage\":\"en-GB\",\"@id\":\"https:\/\/www.emballagedigest.fr\/#\/schema\/logo\/image\/\",\"url\":\"https:\/\/www.emballagedigest.fr\/wp-content\/uploads\/2022\/07\/logo-ed.png\",\"contentUrl\":\"https:\/\/www.emballagedigest.fr\/wp-content\/uploads\/2022\/07\/logo-ed.png\",\"width\":379,\"height\":75,\"caption\":\"Emballage Digest\"},\"image\":{\"@id\":\"https:\/\/www.emballagedigest.fr\/#\/schema\/logo\/image\/\"}},{\"@type\":\"Person\",\"@id\":\"https:\/\/www.emballagedigest.fr\/#\/schema\/person\/d01fbac1f378e2f5e4096082cdf68ae5\",\"name\":\"admin_thopel\",\"image\":{\"@type\":\"ImageObject\",\"inLanguage\":\"en-GB\",\"@id\":\"https:\/\/www.emballagedigest.fr\/#\/schema\/person\/image\/\",\"url\":\"https:\/\/secure.gravatar.com\/avatar\/6cf644f6475359b596b81b10a64f989df38f1238649f7e33f97f69519e42dfbf?s=96&d=mm&r=g\",\"contentUrl\":\"https:\/\/secure.gravatar.com\/avatar\/6cf644f6475359b596b81b10a64f989df38f1238649f7e33f97f69519e42dfbf?s=96&d=mm&r=g\",\"caption\":\"admin_thopel\"},\"sameAs\":[\"http:\/\/localhost:8787\/emballage_digest\"],\"url\":\"https:\/\/www.emballagedigest.fr\/en\/author\/admin_thopel\/\"}]}<\/script>\n<!-- \/ Yoast SEO plugin. -->","yoast_head_json":{"title":"SEA Vision annonce l\u2019acquisition de Argo Vision - Emballage Digest","robots":{"index":"index","follow":"follow","max-snippet":"max-snippet:-1","max-image-preview":"max-image-preview:large","max-video-preview":"max-video-preview:-1"},"canonical":"https:\/\/www.emballagedigest.fr\/en\/sea-vision-annonce-l-acquisition-de-argo-vision\/","og_locale":"en_GB","og_type":"article","og_title":"SEA Vision annonce l\u2019acquisition de Argo Vision - Emballage Digest","og_description":"SEA Vision reprend 100% du capital de la start-up milanaise, Argo Vision, sp\u00e9cialis\u00e9e dans le d\u00e9veloppement de solutions IA (Intelligence Artificielle), avec un focus sp\u00e9cifique sur la vision artificielle.","og_url":"https:\/\/www.emballagedigest.fr\/en\/sea-vision-annonce-l-acquisition-de-argo-vision\/","og_site_name":"Emballage Digest","article_published_time":"2020-09-02T09:53:47+00:00","author":"admin_thopel","twitter_card":"summary_large_image","twitter_misc":{"Written by":"admin_thopel","Estimated reading time":"1 minute"},"schema":{"@context":"https:\/\/schema.org","@graph":[{"@type":"Article","@id":"https:\/\/www.emballagedigest.fr\/sea-vision-annonce-l-acquisition-de-argo-vision\/#article","isPartOf":{"@id":"https:\/\/www.emballagedigest.fr\/sea-vision-annonce-l-acquisition-de-argo-vision\/"},"author":{"name":"admin_thopel","@id":"https:\/\/www.emballagedigest.fr\/#\/schema\/person\/d01fbac1f378e2f5e4096082cdf68ae5"},"headline":"SEA Vision annonce l\u2019acquisition de Argo Vision","datePublished":"2020-09-02T09:53:47+00:00","mainEntityOfPage":{"@id":"https:\/\/www.emballagedigest.fr\/sea-vision-annonce-l-acquisition-de-argo-vision\/"},"wordCount":253,"publisher":{"@id":"https:\/\/www.emballagedigest.fr\/#organization"},"image":{"@id":"https:\/\/www.emballagedigest.fr\/sea-vision-annonce-l-acquisition-de-argo-vision\/#primaryimage"},"thumbnailUrl":"https:\/\/www.emballagedigest.fr\/wp-content\/uploads\/dotclear\/images\/2020\/BONUS\/sep\/sea_article.jpg","articleSection":["Article entier"],"inLanguage":"en-GB"},{"@type":"WebPage","@id":"https:\/\/www.emballagedigest.fr\/sea-vision-annonce-l-acquisition-de-argo-vision\/","url":"https:\/\/www.emballagedigest.fr\/sea-vision-annonce-l-acquisition-de-argo-vision\/","name":"SEA Vision annonce l\u2019acquisition de Argo Vision - Emballage Digest","isPartOf":{"@id":"https:\/\/www.emballagedigest.fr\/#website"},"primaryImageOfPage":{"@id":"https:\/\/www.emballagedigest.fr\/sea-vision-annonce-l-acquisition-de-argo-vision\/#primaryimage"},"image":{"@id":"https:\/\/www.emballagedigest.fr\/sea-vision-annonce-l-acquisition-de-argo-vision\/#primaryimage"},"thumbnailUrl":"https:\/\/www.emballagedigest.fr\/wp-content\/uploads\/dotclear\/images\/2020\/BONUS\/sep\/sea_article.jpg","datePublished":"2020-09-02T09:53:47+00:00","breadcrumb":{"@id":"https:\/\/www.emballagedigest.fr\/sea-vision-annonce-l-acquisition-de-argo-vision\/#breadcrumb"},"inLanguage":"en-GB","potentialAction":[{"@type":"ReadAction","target":["https:\/\/www.emballagedigest.fr\/sea-vision-annonce-l-acquisition-de-argo-vision\/"]}]},{"@type":"ImageObject","inLanguage":"en-GB","@id":"https:\/\/www.emballagedigest.fr\/sea-vision-annonce-l-acquisition-de-argo-vision\/#primaryimage","url":"https:\/\/www.emballagedigest.fr\/wp-content\/uploads\/dotclear\/images\/2020\/BONUS\/sep\/sea_article.jpg","contentUrl":"https:\/\/www.emballagedigest.fr\/wp-content\/uploads\/dotclear\/images\/2020\/BONUS\/sep\/sea_article.jpg"},{"@type":"BreadcrumbList","@id":"https:\/\/www.emballagedigest.fr\/sea-vision-annonce-l-acquisition-de-argo-vision\/#breadcrumb","itemListElement":[{"@type":"ListItem","position":1,"name":"Accueil","item":"https:\/\/www.emballagedigest.fr\/"},{"@type":"ListItem","position":2,"name":"SEA Vision annonce l\u2019acquisition de Argo Vision"}]},{"@type":"WebSite","@id":"https:\/\/www.emballagedigest.fr\/#website","url":"https:\/\/www.emballagedigest.fr\/","name":"Emballage Digest","description":"Revue professionnelle sur les emballages","publisher":{"@id":"https:\/\/www.emballagedigest.fr\/#organization"},"potentialAction":[{"@type":"SearchAction","target":{"@type":"EntryPoint","urlTemplate":"https:\/\/www.emballagedigest.fr\/?s={search_term_string}"},"query-input":{"@type":"PropertyValueSpecification","valueRequired":true,"valueName":"search_term_string"}}],"inLanguage":"en-GB"},{"@type":"Organization","@id":"https:\/\/www.emballagedigest.fr\/#organization","name":"Emballage Digest","url":"https:\/\/www.emballagedigest.fr\/","logo":{"@type":"ImageObject","inLanguage":"en-GB","@id":"https:\/\/www.emballagedigest.fr\/#\/schema\/logo\/image\/","url":"https:\/\/www.emballagedigest.fr\/wp-content\/uploads\/2022\/07\/logo-ed.png","contentUrl":"https:\/\/www.emballagedigest.fr\/wp-content\/uploads\/2022\/07\/logo-ed.png","width":379,"height":75,"caption":"Emballage Digest"},"image":{"@id":"https:\/\/www.emballagedigest.fr\/#\/schema\/logo\/image\/"}},{"@type":"Person","@id":"https:\/\/www.emballagedigest.fr\/#\/schema\/person\/d01fbac1f378e2f5e4096082cdf68ae5","name":"admin_thopel","image":{"@type":"ImageObject","inLanguage":"en-GB","@id":"https:\/\/www.emballagedigest.fr\/#\/schema\/person\/image\/","url":"https:\/\/secure.gravatar.com\/avatar\/6cf644f6475359b596b81b10a64f989df38f1238649f7e33f97f69519e42dfbf?s=96&d=mm&r=g","contentUrl":"https:\/\/secure.gravatar.com\/avatar\/6cf644f6475359b596b81b10a64f989df38f1238649f7e33f97f69519e42dfbf?s=96&d=mm&r=g","caption":"admin_thopel"},"sameAs":["http:\/\/localhost:8787\/emballage_digest"],"url":"https:\/\/www.emballagedigest.fr\/en\/author\/admin_thopel\/"}]}},"_links":{"self":[{"href":"https:\/\/www.emballagedigest.fr\/en\/wp-json\/wp\/v2\/posts\/22383","targetHints":{"allow":["GET"]}}],"collection":[{"href":"https:\/\/www.emballagedigest.fr\/en\/wp-json\/wp\/v2\/posts"}],"about":[{"href":"https:\/\/www.emballagedigest.fr\/en\/wp-json\/wp\/v2\/types\/post"}],"author":[{"embeddable":true,"href":"https:\/\/www.emballagedigest.fr\/en\/wp-json\/wp\/v2\/users\/1"}],"replies":[{"embeddable":true,"href":"https:\/\/www.emballagedigest.fr\/en\/wp-json\/wp\/v2\/comments?post=22383"}],"version-history":[{"count":0,"href":"https:\/\/www.emballagedigest.fr\/en\/wp-json\/wp\/v2\/posts\/22383\/revisions"}],"wp:featuredmedia":[{"embeddable":true,"href":"https:\/\/www.emballagedigest.fr\/en\/wp-json\/wp\/v2\/media\/32383"}],"wp:attachment":[{"href":"https:\/\/www.emballagedigest.fr\/en\/wp-json\/wp\/v2\/media?parent=22383"}],"wp:term":[{"taxonomy":"category","embeddable":true,"href":"https:\/\/www.emballagedigest.fr\/en\/wp-json\/wp\/v2\/categories?post=22383"},{"taxonomy":"post_tag","embeddable":true,"href":"https:\/\/www.emballagedigest.fr\/en\/wp-json\/wp\/v2\/tags?post=22383"}],"curies":[{"name":"wp","href":"https:\/\/api.w.org\/{rel}","templated":true}]}}