{"id":22386,"date":"2020-09-03T09:13:46","date_gmt":"2020-09-03T09:13:46","guid":{"rendered":"https:\/\/www.emballagedigest.fr\/?p=22386"},"modified":"2020-09-03T09:13:46","modified_gmt":"2020-09-03T09:13:46","slug":"dernier-kilometre-un-nouveau-directeur-chez-chep-europe","status":"publish","type":"post","link":"https:\/\/www.emballagedigest.fr\/en\/dernier-kilometre-un-nouveau-directeur-chez-chep-europe\/","title":{"rendered":"Dernier kilom\u00e8tre : un nouveau directeur chez CHEP Europe"},"content":{"rendered":"<p>CHEP, sp\u00e9cialiste de la location-gestion de supports de manutention, a nomm\u00e9 S\u00e9bastien Deloume au poste de Directeur Last Mile Solutions Europe (LMS &#8211; Solutions du dernier kilom\u00e8tre), afin de renforcer sa strat\u00e9gie commerciale en accompagnant la croissance des industriels et des distributeurs de produits de grande consommation sur ce segment \u00e0 travers l\u2019Europe.<\/p>\n<p>S\u00e9bastien Deloume a 48 ans. Rattach\u00e9 \u00e0 Nicholas Gibbons, vice-pr\u00e9sident Strat\u00e9gie et Marketing Europe, il occupe sa nouvelle fonction depuis le 1er juillet 2020. En compl\u00e9ment de sa parfaite connaissance du groupe, acquise au long d\u2019un parcours d\u00e9but\u00e9 il y a 13 ans, S\u00e9bastien Deloume a \u00e9galement d\u00e9velopp\u00e9 une expertise des environnements clients (industriels, distributeurs) et la compr\u00e9hension de leurs attentes. Son exp\u00e9rience dans le domaine des PGC et de la distribution, combin\u00e9e \u00e0 celle de son \u00e9quipe europ\u00e9enne, constitue un atout cl\u00e9 pour le d\u00e9veloppement de relations de collaboration avec les marques et les distributeurs partenaires de CHEP. <\/p>\n<p><em>Reproduction interdite sauf accord \u00e9crit d&rsquo;Emballage Digest ou mention du support<\/em><\/p>","protected":false},"excerpt":{"rendered":"<p>CHEP, sp\u00e9cialiste de la location-gestion de supports de manutention, a nomm\u00e9 S\u00e9bastien Deloume au poste de Directeur Last Mile Solutions Europe (LMS &#8211; Solutions du dernier kilom\u00e8tre), afin de renforcer sa strat\u00e9gie commerciale en accompagnant la croissance des industriels et des distributeurs de produits de grande consommation sur ce segment \u00e0 travers l\u2019Europe.<\/p>","protected":false},"author":1,"featured_media":0,"comment_status":"closed","ping_status":"closed","sticky":false,"template":"","format":"standard","meta":{"_acf_changed":false,"inline_featured_image":false,"iawp_total_views":0,"footnotes":""},"categories":[28],"tags":[],"class_list":["post-22386","post","type-post","status-publish","format-standard","hentry","category-article-entier"],"acf":[],"yoast_head":"<!-- This site is optimized with the Yoast SEO plugin v24.4 - https:\/\/yoast.com\/wordpress\/plugins\/seo\/ -->\n<title>Dernier kilom\u00e8tre : un nouveau directeur chez CHEP Europe  - Emballage Digest<\/title>\n<meta name=\"robots\" content=\"index, follow, max-snippet:-1, max-image-preview:large, max-video-preview:-1\" \/>\n<link rel=\"canonical\" href=\"https:\/\/www.emballagedigest.fr\/en\/dernier-kilometre-un-nouveau-directeur-chez-chep-europe\/\" \/>\n<meta property=\"og:locale\" content=\"en_GB\" \/>\n<meta property=\"og:type\" content=\"article\" \/>\n<meta property=\"og:title\" content=\"Dernier kilom\u00e8tre : un nouveau directeur chez CHEP Europe  - Emballage Digest\" \/>\n<meta property=\"og:description\" content=\"CHEP, sp\u00e9cialiste de la location-gestion de supports de manutention, a nomm\u00e9 S\u00e9bastien Deloume au poste de Directeur Last Mile Solutions Europe (LMS - Solutions du dernier kilom\u00e8tre), afin de renforcer sa strat\u00e9gie commerciale en accompagnant la croissance des industriels et des distributeurs de produits de grande consommation sur ce segment \u00e0 travers l\u2019Europe.\" \/>\n<meta property=\"og:url\" content=\"https:\/\/www.emballagedigest.fr\/en\/dernier-kilometre-un-nouveau-directeur-chez-chep-europe\/\" \/>\n<meta property=\"og:site_name\" content=\"Emballage Digest\" \/>\n<meta property=\"article:published_time\" content=\"2020-09-03T09:13:46+00:00\" \/>\n<meta name=\"author\" content=\"admin_thopel\" \/>\n<meta name=\"twitter:card\" content=\"summary_large_image\" \/>\n<meta name=\"twitter:label1\" content=\"Written by\" \/>\n\t<meta name=\"twitter:data1\" content=\"admin_thopel\" \/>\n\t<meta name=\"twitter:label2\" content=\"Estimated reading time\" \/>\n\t<meta name=\"twitter:data2\" content=\"1 minute\" \/>\n<script type=\"application\/ld+json\" class=\"yoast-schema-graph\">{\"@context\":\"https:\/\/schema.org\",\"@graph\":[{\"@type\":\"Article\",\"@id\":\"https:\/\/www.emballagedigest.fr\/dernier-kilometre-un-nouveau-directeur-chez-chep-europe\/#article\",\"isPartOf\":{\"@id\":\"https:\/\/www.emballagedigest.fr\/dernier-kilometre-un-nouveau-directeur-chez-chep-europe\/\"},\"author\":{\"name\":\"admin_thopel\",\"@id\":\"https:\/\/www.emballagedigest.fr\/#\/schema\/person\/d01fbac1f378e2f5e4096082cdf68ae5\"},\"headline\":\"Dernier kilom\u00e8tre : un nouveau directeur chez CHEP Europe\",\"datePublished\":\"2020-09-03T09:13:46+00:00\",\"mainEntityOfPage\":{\"@id\":\"https:\/\/www.emballagedigest.fr\/dernier-kilometre-un-nouveau-directeur-chez-chep-europe\/\"},\"wordCount\":185,\"publisher\":{\"@id\":\"https:\/\/www.emballagedigest.fr\/#organization\"},\"articleSection\":[\"Article entier\"],\"inLanguage\":\"en-GB\"},{\"@type\":\"WebPage\",\"@id\":\"https:\/\/www.emballagedigest.fr\/dernier-kilometre-un-nouveau-directeur-chez-chep-europe\/\",\"url\":\"https:\/\/www.emballagedigest.fr\/dernier-kilometre-un-nouveau-directeur-chez-chep-europe\/\",\"name\":\"Dernier kilom\u00e8tre : un nouveau directeur chez CHEP Europe - Emballage Digest\",\"isPartOf\":{\"@id\":\"https:\/\/www.emballagedigest.fr\/#website\"},\"datePublished\":\"2020-09-03T09:13:46+00:00\",\"breadcrumb\":{\"@id\":\"https:\/\/www.emballagedigest.fr\/dernier-kilometre-un-nouveau-directeur-chez-chep-europe\/#breadcrumb\"},\"inLanguage\":\"en-GB\",\"potentialAction\":[{\"@type\":\"ReadAction\",\"target\":[\"https:\/\/www.emballagedigest.fr\/dernier-kilometre-un-nouveau-directeur-chez-chep-europe\/\"]}]},{\"@type\":\"BreadcrumbList\",\"@id\":\"https:\/\/www.emballagedigest.fr\/dernier-kilometre-un-nouveau-directeur-chez-chep-europe\/#breadcrumb\",\"itemListElement\":[{\"@type\":\"ListItem\",\"position\":1,\"name\":\"Accueil\",\"item\":\"https:\/\/www.emballagedigest.fr\/\"},{\"@type\":\"ListItem\",\"position\":2,\"name\":\"Dernier kilom\u00e8tre : un nouveau directeur chez CHEP Europe\"}]},{\"@type\":\"WebSite\",\"@id\":\"https:\/\/www.emballagedigest.fr\/#website\",\"url\":\"https:\/\/www.emballagedigest.fr\/\",\"name\":\"Emballage Digest\",\"description\":\"Revue professionnelle sur les emballages\",\"publisher\":{\"@id\":\"https:\/\/www.emballagedigest.fr\/#organization\"},\"potentialAction\":[{\"@type\":\"SearchAction\",\"target\":{\"@type\":\"EntryPoint\",\"urlTemplate\":\"https:\/\/www.emballagedigest.fr\/?s={search_term_string}\"},\"query-input\":{\"@type\":\"PropertyValueSpecification\",\"valueRequired\":true,\"valueName\":\"search_term_string\"}}],\"inLanguage\":\"en-GB\"},{\"@type\":\"Organization\",\"@id\":\"https:\/\/www.emballagedigest.fr\/#organization\",\"name\":\"Emballage Digest\",\"url\":\"https:\/\/www.emballagedigest.fr\/\",\"logo\":{\"@type\":\"ImageObject\",\"inLanguage\":\"en-GB\",\"@id\":\"https:\/\/www.emballagedigest.fr\/#\/schema\/logo\/image\/\",\"url\":\"https:\/\/www.emballagedigest.fr\/wp-content\/uploads\/2022\/07\/logo-ed.png\",\"contentUrl\":\"https:\/\/www.emballagedigest.fr\/wp-content\/uploads\/2022\/07\/logo-ed.png\",\"width\":379,\"height\":75,\"caption\":\"Emballage Digest\"},\"image\":{\"@id\":\"https:\/\/www.emballagedigest.fr\/#\/schema\/logo\/image\/\"}},{\"@type\":\"Person\",\"@id\":\"https:\/\/www.emballagedigest.fr\/#\/schema\/person\/d01fbac1f378e2f5e4096082cdf68ae5\",\"name\":\"admin_thopel\",\"image\":{\"@type\":\"ImageObject\",\"inLanguage\":\"en-GB\",\"@id\":\"https:\/\/www.emballagedigest.fr\/#\/schema\/person\/image\/\",\"url\":\"https:\/\/secure.gravatar.com\/avatar\/6cf644f6475359b596b81b10a64f989df38f1238649f7e33f97f69519e42dfbf?s=96&d=mm&r=g\",\"contentUrl\":\"https:\/\/secure.gravatar.com\/avatar\/6cf644f6475359b596b81b10a64f989df38f1238649f7e33f97f69519e42dfbf?s=96&d=mm&r=g\",\"caption\":\"admin_thopel\"},\"sameAs\":[\"http:\/\/localhost:8787\/emballage_digest\"],\"url\":\"https:\/\/www.emballagedigest.fr\/en\/author\/admin_thopel\/\"}]}<\/script>\n<!-- \/ Yoast SEO plugin. -->","yoast_head_json":{"title":"Dernier kilom\u00e8tre : un nouveau directeur chez CHEP Europe  - Emballage Digest","robots":{"index":"index","follow":"follow","max-snippet":"max-snippet:-1","max-image-preview":"max-image-preview:large","max-video-preview":"max-video-preview:-1"},"canonical":"https:\/\/www.emballagedigest.fr\/en\/dernier-kilometre-un-nouveau-directeur-chez-chep-europe\/","og_locale":"en_GB","og_type":"article","og_title":"Dernier kilom\u00e8tre : un nouveau directeur chez CHEP Europe  - Emballage Digest","og_description":"CHEP, sp\u00e9cialiste de la location-gestion de supports de manutention, a nomm\u00e9 S\u00e9bastien Deloume au poste de Directeur Last Mile Solutions Europe (LMS - Solutions du dernier kilom\u00e8tre), afin de renforcer sa strat\u00e9gie commerciale en accompagnant la croissance des industriels et des distributeurs de produits de grande consommation sur ce segment \u00e0 travers l\u2019Europe.","og_url":"https:\/\/www.emballagedigest.fr\/en\/dernier-kilometre-un-nouveau-directeur-chez-chep-europe\/","og_site_name":"Emballage Digest","article_published_time":"2020-09-03T09:13:46+00:00","author":"admin_thopel","twitter_card":"summary_large_image","twitter_misc":{"Written by":"admin_thopel","Estimated reading time":"1 minute"},"schema":{"@context":"https:\/\/schema.org","@graph":[{"@type":"Article","@id":"https:\/\/www.emballagedigest.fr\/dernier-kilometre-un-nouveau-directeur-chez-chep-europe\/#article","isPartOf":{"@id":"https:\/\/www.emballagedigest.fr\/dernier-kilometre-un-nouveau-directeur-chez-chep-europe\/"},"author":{"name":"admin_thopel","@id":"https:\/\/www.emballagedigest.fr\/#\/schema\/person\/d01fbac1f378e2f5e4096082cdf68ae5"},"headline":"Dernier kilom\u00e8tre : un nouveau directeur chez CHEP Europe","datePublished":"2020-09-03T09:13:46+00:00","mainEntityOfPage":{"@id":"https:\/\/www.emballagedigest.fr\/dernier-kilometre-un-nouveau-directeur-chez-chep-europe\/"},"wordCount":185,"publisher":{"@id":"https:\/\/www.emballagedigest.fr\/#organization"},"articleSection":["Article entier"],"inLanguage":"en-GB"},{"@type":"WebPage","@id":"https:\/\/www.emballagedigest.fr\/dernier-kilometre-un-nouveau-directeur-chez-chep-europe\/","url":"https:\/\/www.emballagedigest.fr\/dernier-kilometre-un-nouveau-directeur-chez-chep-europe\/","name":"Dernier kilom\u00e8tre : un nouveau directeur chez CHEP Europe - Emballage Digest","isPartOf":{"@id":"https:\/\/www.emballagedigest.fr\/#website"},"datePublished":"2020-09-03T09:13:46+00:00","breadcrumb":{"@id":"https:\/\/www.emballagedigest.fr\/dernier-kilometre-un-nouveau-directeur-chez-chep-europe\/#breadcrumb"},"inLanguage":"en-GB","potentialAction":[{"@type":"ReadAction","target":["https:\/\/www.emballagedigest.fr\/dernier-kilometre-un-nouveau-directeur-chez-chep-europe\/"]}]},{"@type":"BreadcrumbList","@id":"https:\/\/www.emballagedigest.fr\/dernier-kilometre-un-nouveau-directeur-chez-chep-europe\/#breadcrumb","itemListElement":[{"@type":"ListItem","position":1,"name":"Accueil","item":"https:\/\/www.emballagedigest.fr\/"},{"@type":"ListItem","position":2,"name":"Dernier kilom\u00e8tre : un nouveau directeur chez CHEP Europe"}]},{"@type":"WebSite","@id":"https:\/\/www.emballagedigest.fr\/#website","url":"https:\/\/www.emballagedigest.fr\/","name":"Emballage Digest","description":"Revue professionnelle sur les emballages","publisher":{"@id":"https:\/\/www.emballagedigest.fr\/#organization"},"potentialAction":[{"@type":"SearchAction","target":{"@type":"EntryPoint","urlTemplate":"https:\/\/www.emballagedigest.fr\/?s={search_term_string}"},"query-input":{"@type":"PropertyValueSpecification","valueRequired":true,"valueName":"search_term_string"}}],"inLanguage":"en-GB"},{"@type":"Organization","@id":"https:\/\/www.emballagedigest.fr\/#organization","name":"Emballage Digest","url":"https:\/\/www.emballagedigest.fr\/","logo":{"@type":"ImageObject","inLanguage":"en-GB","@id":"https:\/\/www.emballagedigest.fr\/#\/schema\/logo\/image\/","url":"https:\/\/www.emballagedigest.fr\/wp-content\/uploads\/2022\/07\/logo-ed.png","contentUrl":"https:\/\/www.emballagedigest.fr\/wp-content\/uploads\/2022\/07\/logo-ed.png","width":379,"height":75,"caption":"Emballage Digest"},"image":{"@id":"https:\/\/www.emballagedigest.fr\/#\/schema\/logo\/image\/"}},{"@type":"Person","@id":"https:\/\/www.emballagedigest.fr\/#\/schema\/person\/d01fbac1f378e2f5e4096082cdf68ae5","name":"admin_thopel","image":{"@type":"ImageObject","inLanguage":"en-GB","@id":"https:\/\/www.emballagedigest.fr\/#\/schema\/person\/image\/","url":"https:\/\/secure.gravatar.com\/avatar\/6cf644f6475359b596b81b10a64f989df38f1238649f7e33f97f69519e42dfbf?s=96&d=mm&r=g","contentUrl":"https:\/\/secure.gravatar.com\/avatar\/6cf644f6475359b596b81b10a64f989df38f1238649f7e33f97f69519e42dfbf?s=96&d=mm&r=g","caption":"admin_thopel"},"sameAs":["http:\/\/localhost:8787\/emballage_digest"],"url":"https:\/\/www.emballagedigest.fr\/en\/author\/admin_thopel\/"}]}},"_links":{"self":[{"href":"https:\/\/www.emballagedigest.fr\/en\/wp-json\/wp\/v2\/posts\/22386","targetHints":{"allow":["GET"]}}],"collection":[{"href":"https:\/\/www.emballagedigest.fr\/en\/wp-json\/wp\/v2\/posts"}],"about":[{"href":"https:\/\/www.emballagedigest.fr\/en\/wp-json\/wp\/v2\/types\/post"}],"author":[{"embeddable":true,"href":"https:\/\/www.emballagedigest.fr\/en\/wp-json\/wp\/v2\/users\/1"}],"replies":[{"embeddable":true,"href":"https:\/\/www.emballagedigest.fr\/en\/wp-json\/wp\/v2\/comments?post=22386"}],"version-history":[{"count":0,"href":"https:\/\/www.emballagedigest.fr\/en\/wp-json\/wp\/v2\/posts\/22386\/revisions"}],"wp:attachment":[{"href":"https:\/\/www.emballagedigest.fr\/en\/wp-json\/wp\/v2\/media?parent=22386"}],"wp:term":[{"taxonomy":"category","embeddable":true,"href":"https:\/\/www.emballagedigest.fr\/en\/wp-json\/wp\/v2\/categories?post=22386"},{"taxonomy":"post_tag","embeddable":true,"href":"https:\/\/www.emballagedigest.fr\/en\/wp-json\/wp\/v2\/tags?post=22386"}],"curies":[{"name":"wp","href":"https:\/\/api.w.org\/{rel}","templated":true}]}}