{"id":22517,"date":"2020-10-28T07:28:32","date_gmt":"2020-10-28T07:28:32","guid":{"rendered":"https:\/\/www.emballagedigest.fr\/?p=22517"},"modified":"2020-10-28T07:28:32","modified_gmt":"2020-10-28T07:28:32","slug":"screen-europe-nomme-juan-cano-pour-accompagner-le-developpement-de-sa-division-emballage-souple","status":"publish","type":"post","link":"https:\/\/www.emballagedigest.fr\/en\/screen-europe-nomme-juan-cano-pour-accompagner-le-developpement-de-sa-division-emballage-souple\/","title":{"rendered":"Screen Europe nomme Juan Cano pour accompagner le d\u00e9veloppement de sa division emballage souple"},"content":{"rendered":"<p>Le fabricant de solutions d\u2019impression jet d\u2019encre Screen Europe a nomm\u00e9 Juan Cano \u00e0 la direction du d\u00e9veloppement commercial de l\u2019emballage souple, afin guider la croissance de sa nouvelle division d\u2019impression num\u00e9rique d\u2019emballage souple.<\/p>\n<p>Plus t\u00f4t cette ann\u00e9e, Screen a annonc\u00e9 la sortie pr\u00e9vue en mars 2021 de Truepress PAC 830F, une nouvelle presse num\u00e9rique jet d\u2019encre \u00e0 base d\u2019eau innovante sp\u00e9cialement con\u00e7ue pour le secteur de l\u2019emballage souple. <\/p>\n<p>\u00c0 travers la Truepress PAC 830F, Screen r\u00e9pond \u00e0 la demande croissante pour une technologie permettant l\u2019impression de courts tirages avec des co\u00fbts de production tr\u00e8s inf\u00e9rieurs aux syst\u00e8mes d\u2019impression analogiques conventionnels (flexo, gravure ou offset) et un d\u00e9lai de commercialisation acc\u00e9l\u00e9r\u00e9. <\/p>\n<p>100% jet d\u2019encre num\u00e9rique, elle b\u00e9n\u00e9ficie d\u2019un processus d\u2019impression par d\u00e9p\u00f4t sans contact qui garantit une homog\u00e9n\u00e9it\u00e9 parfaite des couleurs, une d\u00e9finition exceptionnelle et des d\u00e9tails plus nets. Outre ses t\u00eates d\u2019impression CMJN, le moteur d\u2019impression assure une forte couverture d\u2019encre blanche pour un haut niveau d\u2019opacit\u00e9 sur les films PET et BoPP.<\/p>\n<p>Avec plus de 20 ans d\u2019exp\u00e9rience dans le d\u00e9veloppement commercial au niveau international, Juan Cano a occup\u00e9 plusieurs postes de haut niveau chez Bobst avant de rejoindre Screen. Auparavant, il a aussi travaill\u00e9 dans la vente et le marketing, contribuant \u00e0 fa\u00e7onner et \u00e0 d\u00e9velopper les march\u00e9s internationaux des fabricants d\u2019\u00e9quipements de pointe comme Russell Finex et Tate &amp; Lyle. Il est dipl\u00f4m\u00e9 en chimie de l\u2019universit\u00e9 de Grenade et d\u00e9tient un MBA de l\u2019universit\u00e9 Oxford Brookes.<\/p>\n<p><em>Reproduction interdite sauf accord \u00e9crit d&rsquo;Emballage Digest ou mention du support<\/em><\/p>","protected":false},"excerpt":{"rendered":"<p>Le fabricant de solutions d\u2019impression jet d\u2019encre Screen Europe a nomm\u00e9 Juan Cano \u00e0 la direction du d\u00e9veloppement commercial de l\u2019emballage souple, afin guider la croissance de sa nouvelle division d\u2019impression num\u00e9rique d\u2019emballage souple.<\/p>","protected":false},"author":1,"featured_media":32517,"comment_status":"closed","ping_status":"closed","sticky":false,"template":"","format":"standard","meta":{"_acf_changed":false,"inline_featured_image":false,"iawp_total_views":1,"footnotes":""},"categories":[28,11],"tags":[],"class_list":["post-22517","post","type-post","status-publish","format-standard","has-post-thumbnail","hentry","category-article-entier","category-emballages"],"acf":[],"yoast_head":"<!-- This site is optimized with the Yoast SEO plugin v24.4 - https:\/\/yoast.com\/wordpress\/plugins\/seo\/ -->\n<title>Screen Europe nomme Juan Cano pour accompagner le d\u00e9veloppement de sa division emballage souple - Emballage Digest<\/title>\n<meta name=\"robots\" content=\"index, follow, max-snippet:-1, max-image-preview:large, max-video-preview:-1\" \/>\n<link rel=\"canonical\" href=\"https:\/\/www.emballagedigest.fr\/en\/screen-europe-nomme-juan-cano-pour-accompagner-le-developpement-de-sa-division-emballage-souple\/\" \/>\n<meta property=\"og:locale\" content=\"en_GB\" \/>\n<meta property=\"og:type\" content=\"article\" \/>\n<meta property=\"og:title\" content=\"Screen Europe nomme Juan Cano pour accompagner le d\u00e9veloppement de sa division emballage souple - Emballage Digest\" \/>\n<meta property=\"og:description\" content=\"Le fabricant de solutions d\u2019impression jet d\u2019encre Screen Europe a nomm\u00e9 Juan Cano \u00e0 la direction du d\u00e9veloppement commercial de l\u2019emballage souple, afin guider la croissance de sa nouvelle division d\u2019impression num\u00e9rique d\u2019emballage souple.\" \/>\n<meta property=\"og:url\" content=\"https:\/\/www.emballagedigest.fr\/en\/screen-europe-nomme-juan-cano-pour-accompagner-le-developpement-de-sa-division-emballage-souple\/\" \/>\n<meta property=\"og:site_name\" content=\"Emballage Digest\" \/>\n<meta property=\"article:published_time\" content=\"2020-10-28T07:28:32+00:00\" \/>\n<meta name=\"author\" content=\"admin_thopel\" \/>\n<meta name=\"twitter:card\" content=\"summary_large_image\" \/>\n<meta name=\"twitter:label1\" content=\"Written by\" \/>\n\t<meta name=\"twitter:data1\" content=\"admin_thopel\" \/>\n\t<meta name=\"twitter:label2\" content=\"Estimated reading time\" \/>\n\t<meta name=\"twitter:data2\" content=\"1 minute\" \/>\n<script type=\"application\/ld+json\" class=\"yoast-schema-graph\">{\"@context\":\"https:\/\/schema.org\",\"@graph\":[{\"@type\":\"Article\",\"@id\":\"https:\/\/www.emballagedigest.fr\/screen-europe-nomme-juan-cano-pour-accompagner-le-developpement-de-sa-division-emballage-souple\/#article\",\"isPartOf\":{\"@id\":\"https:\/\/www.emballagedigest.fr\/screen-europe-nomme-juan-cano-pour-accompagner-le-developpement-de-sa-division-emballage-souple\/\"},\"author\":{\"name\":\"admin_thopel\",\"@id\":\"https:\/\/www.emballagedigest.fr\/#\/schema\/person\/d01fbac1f378e2f5e4096082cdf68ae5\"},\"headline\":\"Screen Europe nomme Juan Cano pour accompagner le d\u00e9veloppement de sa division emballage souple\",\"datePublished\":\"2020-10-28T07:28:32+00:00\",\"mainEntityOfPage\":{\"@id\":\"https:\/\/www.emballagedigest.fr\/screen-europe-nomme-juan-cano-pour-accompagner-le-developpement-de-sa-division-emballage-souple\/\"},\"wordCount\":313,\"publisher\":{\"@id\":\"https:\/\/www.emballagedigest.fr\/#organization\"},\"image\":{\"@id\":\"https:\/\/www.emballagedigest.fr\/screen-europe-nomme-juan-cano-pour-accompagner-le-developpement-de-sa-division-emballage-souple\/#primaryimage\"},\"thumbnailUrl\":\"https:\/\/www.emballagedigest.fr\/wp-content\/uploads\/dotclear\/images\/2020\/BONUS\/oct\/screen_article.jpg\",\"articleSection\":[\"Article entier\",\"Emballages\"],\"inLanguage\":\"en-GB\"},{\"@type\":\"WebPage\",\"@id\":\"https:\/\/www.emballagedigest.fr\/screen-europe-nomme-juan-cano-pour-accompagner-le-developpement-de-sa-division-emballage-souple\/\",\"url\":\"https:\/\/www.emballagedigest.fr\/screen-europe-nomme-juan-cano-pour-accompagner-le-developpement-de-sa-division-emballage-souple\/\",\"name\":\"Screen Europe nomme Juan Cano pour accompagner le d\u00e9veloppement de sa division emballage souple - Emballage Digest\",\"isPartOf\":{\"@id\":\"https:\/\/www.emballagedigest.fr\/#website\"},\"primaryImageOfPage\":{\"@id\":\"https:\/\/www.emballagedigest.fr\/screen-europe-nomme-juan-cano-pour-accompagner-le-developpement-de-sa-division-emballage-souple\/#primaryimage\"},\"image\":{\"@id\":\"https:\/\/www.emballagedigest.fr\/screen-europe-nomme-juan-cano-pour-accompagner-le-developpement-de-sa-division-emballage-souple\/#primaryimage\"},\"thumbnailUrl\":\"https:\/\/www.emballagedigest.fr\/wp-content\/uploads\/dotclear\/images\/2020\/BONUS\/oct\/screen_article.jpg\",\"datePublished\":\"2020-10-28T07:28:32+00:00\",\"breadcrumb\":{\"@id\":\"https:\/\/www.emballagedigest.fr\/screen-europe-nomme-juan-cano-pour-accompagner-le-developpement-de-sa-division-emballage-souple\/#breadcrumb\"},\"inLanguage\":\"en-GB\",\"potentialAction\":[{\"@type\":\"ReadAction\",\"target\":[\"https:\/\/www.emballagedigest.fr\/screen-europe-nomme-juan-cano-pour-accompagner-le-developpement-de-sa-division-emballage-souple\/\"]}]},{\"@type\":\"ImageObject\",\"inLanguage\":\"en-GB\",\"@id\":\"https:\/\/www.emballagedigest.fr\/screen-europe-nomme-juan-cano-pour-accompagner-le-developpement-de-sa-division-emballage-souple\/#primaryimage\",\"url\":\"https:\/\/www.emballagedigest.fr\/wp-content\/uploads\/dotclear\/images\/2020\/BONUS\/oct\/screen_article.jpg\",\"contentUrl\":\"https:\/\/www.emballagedigest.fr\/wp-content\/uploads\/dotclear\/images\/2020\/BONUS\/oct\/screen_article.jpg\"},{\"@type\":\"BreadcrumbList\",\"@id\":\"https:\/\/www.emballagedigest.fr\/screen-europe-nomme-juan-cano-pour-accompagner-le-developpement-de-sa-division-emballage-souple\/#breadcrumb\",\"itemListElement\":[{\"@type\":\"ListItem\",\"position\":1,\"name\":\"Accueil\",\"item\":\"https:\/\/www.emballagedigest.fr\/\"},{\"@type\":\"ListItem\",\"position\":2,\"name\":\"Screen Europe nomme Juan Cano pour accompagner le d\u00e9veloppement de sa division emballage souple\"}]},{\"@type\":\"WebSite\",\"@id\":\"https:\/\/www.emballagedigest.fr\/#website\",\"url\":\"https:\/\/www.emballagedigest.fr\/\",\"name\":\"Emballage Digest\",\"description\":\"Revue professionnelle sur les emballages\",\"publisher\":{\"@id\":\"https:\/\/www.emballagedigest.fr\/#organization\"},\"potentialAction\":[{\"@type\":\"SearchAction\",\"target\":{\"@type\":\"EntryPoint\",\"urlTemplate\":\"https:\/\/www.emballagedigest.fr\/?s={search_term_string}\"},\"query-input\":{\"@type\":\"PropertyValueSpecification\",\"valueRequired\":true,\"valueName\":\"search_term_string\"}}],\"inLanguage\":\"en-GB\"},{\"@type\":\"Organization\",\"@id\":\"https:\/\/www.emballagedigest.fr\/#organization\",\"name\":\"Emballage Digest\",\"url\":\"https:\/\/www.emballagedigest.fr\/\",\"logo\":{\"@type\":\"ImageObject\",\"inLanguage\":\"en-GB\",\"@id\":\"https:\/\/www.emballagedigest.fr\/#\/schema\/logo\/image\/\",\"url\":\"https:\/\/www.emballagedigest.fr\/wp-content\/uploads\/2022\/07\/logo-ed.png\",\"contentUrl\":\"https:\/\/www.emballagedigest.fr\/wp-content\/uploads\/2022\/07\/logo-ed.png\",\"width\":379,\"height\":75,\"caption\":\"Emballage Digest\"},\"image\":{\"@id\":\"https:\/\/www.emballagedigest.fr\/#\/schema\/logo\/image\/\"}},{\"@type\":\"Person\",\"@id\":\"https:\/\/www.emballagedigest.fr\/#\/schema\/person\/d01fbac1f378e2f5e4096082cdf68ae5\",\"name\":\"admin_thopel\",\"image\":{\"@type\":\"ImageObject\",\"inLanguage\":\"en-GB\",\"@id\":\"https:\/\/www.emballagedigest.fr\/#\/schema\/person\/image\/\",\"url\":\"https:\/\/secure.gravatar.com\/avatar\/6cf644f6475359b596b81b10a64f989df38f1238649f7e33f97f69519e42dfbf?s=96&d=mm&r=g\",\"contentUrl\":\"https:\/\/secure.gravatar.com\/avatar\/6cf644f6475359b596b81b10a64f989df38f1238649f7e33f97f69519e42dfbf?s=96&d=mm&r=g\",\"caption\":\"admin_thopel\"},\"sameAs\":[\"http:\/\/localhost:8787\/emballage_digest\"],\"url\":\"https:\/\/www.emballagedigest.fr\/en\/author\/admin_thopel\/\"}]}<\/script>\n<!-- \/ Yoast SEO plugin. -->","yoast_head_json":{"title":"Screen Europe nomme Juan Cano pour accompagner le d\u00e9veloppement de sa division emballage souple - Emballage Digest","robots":{"index":"index","follow":"follow","max-snippet":"max-snippet:-1","max-image-preview":"max-image-preview:large","max-video-preview":"max-video-preview:-1"},"canonical":"https:\/\/www.emballagedigest.fr\/en\/screen-europe-nomme-juan-cano-pour-accompagner-le-developpement-de-sa-division-emballage-souple\/","og_locale":"en_GB","og_type":"article","og_title":"Screen Europe nomme Juan Cano pour accompagner le d\u00e9veloppement de sa division emballage souple - Emballage Digest","og_description":"Le fabricant de solutions d\u2019impression jet d\u2019encre Screen Europe a nomm\u00e9 Juan Cano \u00e0 la direction du d\u00e9veloppement commercial de l\u2019emballage souple, afin guider la croissance de sa nouvelle division d\u2019impression num\u00e9rique d\u2019emballage souple.","og_url":"https:\/\/www.emballagedigest.fr\/en\/screen-europe-nomme-juan-cano-pour-accompagner-le-developpement-de-sa-division-emballage-souple\/","og_site_name":"Emballage Digest","article_published_time":"2020-10-28T07:28:32+00:00","author":"admin_thopel","twitter_card":"summary_large_image","twitter_misc":{"Written by":"admin_thopel","Estimated reading time":"1 minute"},"schema":{"@context":"https:\/\/schema.org","@graph":[{"@type":"Article","@id":"https:\/\/www.emballagedigest.fr\/screen-europe-nomme-juan-cano-pour-accompagner-le-developpement-de-sa-division-emballage-souple\/#article","isPartOf":{"@id":"https:\/\/www.emballagedigest.fr\/screen-europe-nomme-juan-cano-pour-accompagner-le-developpement-de-sa-division-emballage-souple\/"},"author":{"name":"admin_thopel","@id":"https:\/\/www.emballagedigest.fr\/#\/schema\/person\/d01fbac1f378e2f5e4096082cdf68ae5"},"headline":"Screen Europe nomme Juan Cano pour accompagner le d\u00e9veloppement de sa division emballage souple","datePublished":"2020-10-28T07:28:32+00:00","mainEntityOfPage":{"@id":"https:\/\/www.emballagedigest.fr\/screen-europe-nomme-juan-cano-pour-accompagner-le-developpement-de-sa-division-emballage-souple\/"},"wordCount":313,"publisher":{"@id":"https:\/\/www.emballagedigest.fr\/#organization"},"image":{"@id":"https:\/\/www.emballagedigest.fr\/screen-europe-nomme-juan-cano-pour-accompagner-le-developpement-de-sa-division-emballage-souple\/#primaryimage"},"thumbnailUrl":"https:\/\/www.emballagedigest.fr\/wp-content\/uploads\/dotclear\/images\/2020\/BONUS\/oct\/screen_article.jpg","articleSection":["Article entier","Emballages"],"inLanguage":"en-GB"},{"@type":"WebPage","@id":"https:\/\/www.emballagedigest.fr\/screen-europe-nomme-juan-cano-pour-accompagner-le-developpement-de-sa-division-emballage-souple\/","url":"https:\/\/www.emballagedigest.fr\/screen-europe-nomme-juan-cano-pour-accompagner-le-developpement-de-sa-division-emballage-souple\/","name":"Screen Europe nomme Juan Cano pour accompagner le d\u00e9veloppement de sa division emballage souple - Emballage Digest","isPartOf":{"@id":"https:\/\/www.emballagedigest.fr\/#website"},"primaryImageOfPage":{"@id":"https:\/\/www.emballagedigest.fr\/screen-europe-nomme-juan-cano-pour-accompagner-le-developpement-de-sa-division-emballage-souple\/#primaryimage"},"image":{"@id":"https:\/\/www.emballagedigest.fr\/screen-europe-nomme-juan-cano-pour-accompagner-le-developpement-de-sa-division-emballage-souple\/#primaryimage"},"thumbnailUrl":"https:\/\/www.emballagedigest.fr\/wp-content\/uploads\/dotclear\/images\/2020\/BONUS\/oct\/screen_article.jpg","datePublished":"2020-10-28T07:28:32+00:00","breadcrumb":{"@id":"https:\/\/www.emballagedigest.fr\/screen-europe-nomme-juan-cano-pour-accompagner-le-developpement-de-sa-division-emballage-souple\/#breadcrumb"},"inLanguage":"en-GB","potentialAction":[{"@type":"ReadAction","target":["https:\/\/www.emballagedigest.fr\/screen-europe-nomme-juan-cano-pour-accompagner-le-developpement-de-sa-division-emballage-souple\/"]}]},{"@type":"ImageObject","inLanguage":"en-GB","@id":"https:\/\/www.emballagedigest.fr\/screen-europe-nomme-juan-cano-pour-accompagner-le-developpement-de-sa-division-emballage-souple\/#primaryimage","url":"https:\/\/www.emballagedigest.fr\/wp-content\/uploads\/dotclear\/images\/2020\/BONUS\/oct\/screen_article.jpg","contentUrl":"https:\/\/www.emballagedigest.fr\/wp-content\/uploads\/dotclear\/images\/2020\/BONUS\/oct\/screen_article.jpg"},{"@type":"BreadcrumbList","@id":"https:\/\/www.emballagedigest.fr\/screen-europe-nomme-juan-cano-pour-accompagner-le-developpement-de-sa-division-emballage-souple\/#breadcrumb","itemListElement":[{"@type":"ListItem","position":1,"name":"Accueil","item":"https:\/\/www.emballagedigest.fr\/"},{"@type":"ListItem","position":2,"name":"Screen Europe nomme Juan Cano pour accompagner le d\u00e9veloppement de sa division emballage souple"}]},{"@type":"WebSite","@id":"https:\/\/www.emballagedigest.fr\/#website","url":"https:\/\/www.emballagedigest.fr\/","name":"Emballage Digest","description":"Revue professionnelle sur les emballages","publisher":{"@id":"https:\/\/www.emballagedigest.fr\/#organization"},"potentialAction":[{"@type":"SearchAction","target":{"@type":"EntryPoint","urlTemplate":"https:\/\/www.emballagedigest.fr\/?s={search_term_string}"},"query-input":{"@type":"PropertyValueSpecification","valueRequired":true,"valueName":"search_term_string"}}],"inLanguage":"en-GB"},{"@type":"Organization","@id":"https:\/\/www.emballagedigest.fr\/#organization","name":"Emballage Digest","url":"https:\/\/www.emballagedigest.fr\/","logo":{"@type":"ImageObject","inLanguage":"en-GB","@id":"https:\/\/www.emballagedigest.fr\/#\/schema\/logo\/image\/","url":"https:\/\/www.emballagedigest.fr\/wp-content\/uploads\/2022\/07\/logo-ed.png","contentUrl":"https:\/\/www.emballagedigest.fr\/wp-content\/uploads\/2022\/07\/logo-ed.png","width":379,"height":75,"caption":"Emballage Digest"},"image":{"@id":"https:\/\/www.emballagedigest.fr\/#\/schema\/logo\/image\/"}},{"@type":"Person","@id":"https:\/\/www.emballagedigest.fr\/#\/schema\/person\/d01fbac1f378e2f5e4096082cdf68ae5","name":"admin_thopel","image":{"@type":"ImageObject","inLanguage":"en-GB","@id":"https:\/\/www.emballagedigest.fr\/#\/schema\/person\/image\/","url":"https:\/\/secure.gravatar.com\/avatar\/6cf644f6475359b596b81b10a64f989df38f1238649f7e33f97f69519e42dfbf?s=96&d=mm&r=g","contentUrl":"https:\/\/secure.gravatar.com\/avatar\/6cf644f6475359b596b81b10a64f989df38f1238649f7e33f97f69519e42dfbf?s=96&d=mm&r=g","caption":"admin_thopel"},"sameAs":["http:\/\/localhost:8787\/emballage_digest"],"url":"https:\/\/www.emballagedigest.fr\/en\/author\/admin_thopel\/"}]}},"_links":{"self":[{"href":"https:\/\/www.emballagedigest.fr\/en\/wp-json\/wp\/v2\/posts\/22517","targetHints":{"allow":["GET"]}}],"collection":[{"href":"https:\/\/www.emballagedigest.fr\/en\/wp-json\/wp\/v2\/posts"}],"about":[{"href":"https:\/\/www.emballagedigest.fr\/en\/wp-json\/wp\/v2\/types\/post"}],"author":[{"embeddable":true,"href":"https:\/\/www.emballagedigest.fr\/en\/wp-json\/wp\/v2\/users\/1"}],"replies":[{"embeddable":true,"href":"https:\/\/www.emballagedigest.fr\/en\/wp-json\/wp\/v2\/comments?post=22517"}],"version-history":[{"count":0,"href":"https:\/\/www.emballagedigest.fr\/en\/wp-json\/wp\/v2\/posts\/22517\/revisions"}],"wp:featuredmedia":[{"embeddable":true,"href":"https:\/\/www.emballagedigest.fr\/en\/wp-json\/wp\/v2\/media\/32517"}],"wp:attachment":[{"href":"https:\/\/www.emballagedigest.fr\/en\/wp-json\/wp\/v2\/media?parent=22517"}],"wp:term":[{"taxonomy":"category","embeddable":true,"href":"https:\/\/www.emballagedigest.fr\/en\/wp-json\/wp\/v2\/categories?post=22517"},{"taxonomy":"post_tag","embeddable":true,"href":"https:\/\/www.emballagedigest.fr\/en\/wp-json\/wp\/v2\/tags?post=22517"}],"curies":[{"name":"wp","href":"https:\/\/api.w.org\/{rel}","templated":true}]}}