{"id":22775,"date":"2021-01-31T00:00:00","date_gmt":"2021-01-31T00:00:00","guid":{"rendered":"https:\/\/www.emballagedigest.fr\/?p=22775"},"modified":"2021-02-02T14:14:30","modified_gmt":"2021-02-02T14:14:30","slug":"un-besoin-croissant-d-encres-recyclables-et-durables","status":"publish","type":"post","link":"https:\/\/www.emballagedigest.fr\/en\/un-besoin-croissant-d-encres-recyclables-et-durables\/","title":{"rendered":"Un besoin croissant d\u2019encres recyclables et durables"},"content":{"rendered":"<p>Les fabricants sont sur tous les fronts pour r\u00e9pondre aux exigences des marques d\u2019avoir des encres recyclables, biosourc\u00e9es et durables (Encres Dubuit, Flint Group, Siegwerk) qui soient s\u00fbres et faciles d\u2019utilisation. La question des huiles min\u00e9rales continue de mobiliser les \u00e9nergies en Europe, alors que la France s\u2019est distingu\u00e9e d\u00e9but 2020 avec la premi\u00e8re loi \u00e9conomie circulaire qui les interdit sur les emballages et les papiers graphiques (Citeo). En outre, la pand\u00e9mie actuelle suscite de nouvelles applications pour les encres thermochromiques pour garantir la cha\u00eene du froid des vaccins (CTI).<\/p>\n<p>Le groupe fran\u00e7ais Encres Dubuitest sp\u00e9cialis\u00e9 dans l\u2019impression directe sur l\u2019emballage secondaire pour les industries alimentaire, parfumerie et cosm\u00e9tique. \u00abLa question de la recyclabilit\u00e9 des encres est r\u00e9currente dans ces industries\u00bb, pointe Caroline Bonnafoux, directrice marketing chez Encres Dubuit. Ses clients imprimeurs, pouss\u00e9s par les marques, pl\u00e9biscitent les encres biologiques ou v\u00e9g\u00e9tales. \u00abMais, contrairement \u00e0 la flexographie et l\u2019offset, la technologie UV et solvant ne permet pas d\u2019utiliser des encres dites vertes, explique-t-elle. <\/p>\n<p>Notre strat\u00e9gie est donc plut\u00f4t de travailler avec des encres biosourc\u00e9es et r\u00e8glementaires. En s\u00e9rigraphie, on peut ainsi utiliser jusqu\u2019\u00e0 un maximum de 20% de mati\u00e8res biosourc\u00e9es dans les formulations\u00bb. Tr\u00e8s souvent, un compromis est \u00e0 trouver entre la performance, les aspects s\u00e9curitaire et r\u00e8glementaire de l\u2019encre (charte L\u2019Or\u00e9al, charte Nestl\u00e9, basse migration, \u2026).<\/p>\n<p><strong>La question des huiles min\u00e9rales<\/strong><br \/>\n<img decoding=\"async\" src=\"https:\/\/www.emballagedigest.fr\/dotclear\/images\/2021\/REVUE\/janv\/01_21_encre2.jpg\" alt=\"Texte Alternatif\" style=\"float:right; margin: 0 0 1em 1em;\" \/>La loi \u00e9conomie circulaire, vot\u00e9e d\u00e9but 2020 en France, s\u2019ajoute maintenant \u00e0 la liste des r\u00e9glementations \u00e0 respecter pour les fabricants d&rsquo;encres. C\u2019est la premi\u00e8re loi europ\u00e9enne qui instaure l\u2019interdiction d\u2019utilisation de certaines huiles min\u00e9rales pour les emballages et papiers. Avec un calendrier bien d\u00e9fini&nbsp;: pour les emballages \u00e0 partir du 1er janvier 2022 et pour les papiers graphiques \u00e0 partir du 1er janvier 2025, avec une anticipation sur les imprim\u00e9s publicitaires au 1er janvier 2023. Les autorit\u00e9s sanitaires distinguent les compos\u00e9s d\u2019huiles min\u00e9rales satur\u00e9es (MOSH) des compos\u00e9s aromatiques (MOAH), ces derni\u00e8res \u00e9tant reconnues comme substances canc\u00e9rig\u00e8nes, mutag\u00e8nes et repro-toxiques (CMR). \u00abActuellement, moins de 5% des emballages papiers cartons sont imprim\u00e9s avec des encres contenant de tels compos\u00e9s d\u2019huiles min\u00e9rales, mais un gros travail reste \u00e0 faire sur les papiers graphiques dont 50% sont encore mis sur le march\u00e9 fran\u00e7ais contenant des huiles min\u00e9rales\u00bb, pointe Jean-Fran\u00e7ois Robert, directeur technique fibreux et verre chez Citeo, l\u2019entreprise \u00e0 mission en charge de la Responsabilit\u00e9 Elargie du Producteur (REP) sur la fili\u00e8re emballage m\u00e9nager et la fili\u00e8re des papiers graphiques. Citeo aide les entreprises \u00e0 ancrer l\u2019\u00e9conomie circulaire dans leurs strat\u00e9gies de croissance afin de r\u00e9duire l\u2019impact environnemental de leurs produits, avec l\u2019objectif de proposer 100 % de solutions de recyclage ou de r\u00e9emploi pour tous les emballages et les papiers, en contractualisant avec 700 collectivit\u00e9s locales (99% de la population nationale). <\/p>\n<p>La question des huiles min\u00e9rales a \u00e9t\u00e9 identifi\u00e9e depuis dix ans par les industries agro-alimentaire et des emballages papier-carton, qui ont mis en place des bonnes pratiques conjointes pour \u00e9liminer les encres \u00e0 base d\u2019huiles min\u00e9rales des papiers cartons. \u00abCela a \u00e9t\u00e9 tr\u00e8s efficace, mais on a n\u00e9anmoins constat\u00e9 qu\u2019il pouvait encore y avoir quelques traces d\u2019huiles min\u00e9rales dans certains emballages papier-carton recycl\u00e9s. Celles-ci proviennent des papiers graphiques recycl\u00e9s dans la fili\u00e8re emballage\u00bb, note-t-il. Il y a deux ans, Citeo a mis en place un groupe de travail transversal pour s\u2019attaquer au probl\u00e8me, en particulier mieux comprendre (les comportements, gisements concern\u00e9s, \u2026), explorer les sch\u00e9mas de collecte et de tri, mais aussi sensibiliser ses clients et fournisseurs. Ses travaux de R&amp;D visent \u00e9galement \u00e0 d\u00e9velopper des encres alternatives \u00e0 faible teneur sur les compos\u00e9s probl\u00e9matiques, comme les huiles raffin\u00e9es ou blanches, ou encore les huiles v\u00e9g\u00e9tales jusqu\u2019alors peu r\u00e9pandues dans la fili\u00e8re graphique.<\/p>\n<p><em>Extrait de la revue n\u00b0 653\/654 &#8211; D\u00e9cembre 2020\/Janvier 2021. Reproduction interdite sauf accord \u00e9crit d&rsquo;Emballage Digest ou mention du support<\/em><\/p>","protected":false},"excerpt":{"rendered":"<p>Les fabricants sont sur tous les fronts pour r\u00e9pondre aux exigences des marques d\u2019avoir des encres recyclables, biosourc\u00e9es et durables (Encres Dubuit, Flint Group, Siegwerk) qui soient s\u00fbres et faciles d\u2019utilisation. La question des huiles min\u00e9rales continue de mobiliser les \u00e9nergies en Europe, alors que la France s\u2019est distingu\u00e9e d\u00e9but 2020 avec la premi\u00e8re loi \u00e9conomie circulaire qui les interdit sur les emballages et les papiers graphiques (Citeo). En outre, la pand\u00e9mie actuelle suscite de nouvelles applications pour les encres thermochromiques pour garantir la cha\u00eene du froid des vaccins (CTI).<\/p>","protected":false},"author":1,"featured_media":32775,"comment_status":"closed","ping_status":"closed","sticky":false,"template":"","format":"standard","meta":{"_acf_changed":false,"inline_featured_image":false,"iawp_total_views":0,"footnotes":""},"categories":[5,28,11,8,6],"tags":[],"class_list":["post-22775","post","type-post","status-publish","format-standard","has-post-thumbnail","hentry","category-alimentaire","category-article-entier","category-emballages","category-industrie","category-parfumerie-cosmetique"],"acf":[],"yoast_head":"<!-- This site is optimized with the Yoast SEO plugin v24.4 - https:\/\/yoast.com\/wordpress\/plugins\/seo\/ -->\n<title>Un besoin croissant d\u2019encres recyclables et durables - Emballage Digest<\/title>\n<meta name=\"robots\" content=\"index, follow, max-snippet:-1, max-image-preview:large, max-video-preview:-1\" \/>\n<link rel=\"canonical\" href=\"https:\/\/www.emballagedigest.fr\/en\/un-besoin-croissant-d-encres-recyclables-et-durables\/\" \/>\n<meta property=\"og:locale\" content=\"en_GB\" \/>\n<meta property=\"og:type\" content=\"article\" \/>\n<meta property=\"og:title\" content=\"Un besoin croissant d\u2019encres recyclables et durables - Emballage Digest\" \/>\n<meta property=\"og:description\" content=\"Les fabricants sont sur tous les fronts pour r\u00e9pondre aux exigences des marques d\u2019avoir des encres recyclables, biosourc\u00e9es et durables (Encres Dubuit, Flint Group, Siegwerk) qui soient s\u00fbres et faciles d\u2019utilisation. La question des huiles min\u00e9rales continue de mobiliser les \u00e9nergies en Europe, alors que la France s\u2019est distingu\u00e9e d\u00e9but 2020 avec la premi\u00e8re loi \u00e9conomie circulaire qui les interdit sur les emballages et les papiers graphiques (Citeo). En outre, la pand\u00e9mie actuelle suscite de nouvelles applications pour les encres thermochromiques pour garantir la cha\u00eene du froid des vaccins (CTI).\" \/>\n<meta property=\"og:url\" content=\"https:\/\/www.emballagedigest.fr\/en\/un-besoin-croissant-d-encres-recyclables-et-durables\/\" \/>\n<meta property=\"og:site_name\" content=\"Emballage Digest\" \/>\n<meta property=\"article:published_time\" content=\"2021-01-31T00:00:00+00:00\" \/>\n<meta property=\"article:modified_time\" content=\"2021-02-02T14:14:30+00:00\" \/>\n<meta name=\"author\" content=\"admin_thopel\" \/>\n<meta name=\"twitter:card\" content=\"summary_large_image\" \/>\n<meta name=\"twitter:label1\" content=\"Written by\" \/>\n\t<meta name=\"twitter:data1\" content=\"admin_thopel\" \/>\n\t<meta name=\"twitter:label2\" content=\"Estimated reading time\" \/>\n\t<meta name=\"twitter:data2\" content=\"4 minutes\" \/>\n<script type=\"application\/ld+json\" class=\"yoast-schema-graph\">{\"@context\":\"https:\/\/schema.org\",\"@graph\":[{\"@type\":\"Article\",\"@id\":\"https:\/\/www.emballagedigest.fr\/un-besoin-croissant-d-encres-recyclables-et-durables\/#article\",\"isPartOf\":{\"@id\":\"https:\/\/www.emballagedigest.fr\/un-besoin-croissant-d-encres-recyclables-et-durables\/\"},\"author\":{\"name\":\"admin_thopel\",\"@id\":\"https:\/\/www.emballagedigest.fr\/#\/schema\/person\/d01fbac1f378e2f5e4096082cdf68ae5\"},\"headline\":\"Un besoin croissant d\u2019encres recyclables et durables\",\"datePublished\":\"2021-01-31T00:00:00+00:00\",\"dateModified\":\"2021-02-02T14:14:30+00:00\",\"mainEntityOfPage\":{\"@id\":\"https:\/\/www.emballagedigest.fr\/un-besoin-croissant-d-encres-recyclables-et-durables\/\"},\"wordCount\":714,\"publisher\":{\"@id\":\"https:\/\/www.emballagedigest.fr\/#organization\"},\"image\":{\"@id\":\"https:\/\/www.emballagedigest.fr\/un-besoin-croissant-d-encres-recyclables-et-durables\/#primaryimage\"},\"thumbnailUrl\":\"https:\/\/www.emballagedigest.fr\/wp-content\/uploads\/dotclear\/images\/2021\/REVUE\/janv\/01_21_encre1.jpg\",\"articleSection\":[\"Alimentaire\",\"Article entier\",\"Emballages\",\"Industrie\",\"Parfumerie &amp; Cosm\u00e9tique\"],\"inLanguage\":\"en-GB\"},{\"@type\":\"WebPage\",\"@id\":\"https:\/\/www.emballagedigest.fr\/un-besoin-croissant-d-encres-recyclables-et-durables\/\",\"url\":\"https:\/\/www.emballagedigest.fr\/un-besoin-croissant-d-encres-recyclables-et-durables\/\",\"name\":\"Un besoin croissant d\u2019encres recyclables et durables - Emballage Digest\",\"isPartOf\":{\"@id\":\"https:\/\/www.emballagedigest.fr\/#website\"},\"primaryImageOfPage\":{\"@id\":\"https:\/\/www.emballagedigest.fr\/un-besoin-croissant-d-encres-recyclables-et-durables\/#primaryimage\"},\"image\":{\"@id\":\"https:\/\/www.emballagedigest.fr\/un-besoin-croissant-d-encres-recyclables-et-durables\/#primaryimage\"},\"thumbnailUrl\":\"https:\/\/www.emballagedigest.fr\/wp-content\/uploads\/dotclear\/images\/2021\/REVUE\/janv\/01_21_encre1.jpg\",\"datePublished\":\"2021-01-31T00:00:00+00:00\",\"dateModified\":\"2021-02-02T14:14:30+00:00\",\"breadcrumb\":{\"@id\":\"https:\/\/www.emballagedigest.fr\/un-besoin-croissant-d-encres-recyclables-et-durables\/#breadcrumb\"},\"inLanguage\":\"en-GB\",\"potentialAction\":[{\"@type\":\"ReadAction\",\"target\":[\"https:\/\/www.emballagedigest.fr\/un-besoin-croissant-d-encres-recyclables-et-durables\/\"]}]},{\"@type\":\"ImageObject\",\"inLanguage\":\"en-GB\",\"@id\":\"https:\/\/www.emballagedigest.fr\/un-besoin-croissant-d-encres-recyclables-et-durables\/#primaryimage\",\"url\":\"https:\/\/www.emballagedigest.fr\/wp-content\/uploads\/dotclear\/images\/2021\/REVUE\/janv\/01_21_encre1.jpg\",\"contentUrl\":\"https:\/\/www.emballagedigest.fr\/wp-content\/uploads\/dotclear\/images\/2021\/REVUE\/janv\/01_21_encre1.jpg\"},{\"@type\":\"BreadcrumbList\",\"@id\":\"https:\/\/www.emballagedigest.fr\/un-besoin-croissant-d-encres-recyclables-et-durables\/#breadcrumb\",\"itemListElement\":[{\"@type\":\"ListItem\",\"position\":1,\"name\":\"Accueil\",\"item\":\"https:\/\/www.emballagedigest.fr\/\"},{\"@type\":\"ListItem\",\"position\":2,\"name\":\"Un besoin croissant d\u2019encres recyclables et durables\"}]},{\"@type\":\"WebSite\",\"@id\":\"https:\/\/www.emballagedigest.fr\/#website\",\"url\":\"https:\/\/www.emballagedigest.fr\/\",\"name\":\"Emballage Digest\",\"description\":\"Revue professionnelle sur les emballages\",\"publisher\":{\"@id\":\"https:\/\/www.emballagedigest.fr\/#organization\"},\"potentialAction\":[{\"@type\":\"SearchAction\",\"target\":{\"@type\":\"EntryPoint\",\"urlTemplate\":\"https:\/\/www.emballagedigest.fr\/?s={search_term_string}\"},\"query-input\":{\"@type\":\"PropertyValueSpecification\",\"valueRequired\":true,\"valueName\":\"search_term_string\"}}],\"inLanguage\":\"en-GB\"},{\"@type\":\"Organization\",\"@id\":\"https:\/\/www.emballagedigest.fr\/#organization\",\"name\":\"Emballage Digest\",\"url\":\"https:\/\/www.emballagedigest.fr\/\",\"logo\":{\"@type\":\"ImageObject\",\"inLanguage\":\"en-GB\",\"@id\":\"https:\/\/www.emballagedigest.fr\/#\/schema\/logo\/image\/\",\"url\":\"https:\/\/www.emballagedigest.fr\/wp-content\/uploads\/2022\/07\/logo-ed.png\",\"contentUrl\":\"https:\/\/www.emballagedigest.fr\/wp-content\/uploads\/2022\/07\/logo-ed.png\",\"width\":379,\"height\":75,\"caption\":\"Emballage Digest\"},\"image\":{\"@id\":\"https:\/\/www.emballagedigest.fr\/#\/schema\/logo\/image\/\"}},{\"@type\":\"Person\",\"@id\":\"https:\/\/www.emballagedigest.fr\/#\/schema\/person\/d01fbac1f378e2f5e4096082cdf68ae5\",\"name\":\"admin_thopel\",\"image\":{\"@type\":\"ImageObject\",\"inLanguage\":\"en-GB\",\"@id\":\"https:\/\/www.emballagedigest.fr\/#\/schema\/person\/image\/\",\"url\":\"https:\/\/secure.gravatar.com\/avatar\/6cf644f6475359b596b81b10a64f989df38f1238649f7e33f97f69519e42dfbf?s=96&d=mm&r=g\",\"contentUrl\":\"https:\/\/secure.gravatar.com\/avatar\/6cf644f6475359b596b81b10a64f989df38f1238649f7e33f97f69519e42dfbf?s=96&d=mm&r=g\",\"caption\":\"admin_thopel\"},\"sameAs\":[\"http:\/\/localhost:8787\/emballage_digest\"],\"url\":\"https:\/\/www.emballagedigest.fr\/en\/author\/admin_thopel\/\"}]}<\/script>\n<!-- \/ Yoast SEO plugin. -->","yoast_head_json":{"title":"Un besoin croissant d\u2019encres recyclables et durables - Emballage Digest","robots":{"index":"index","follow":"follow","max-snippet":"max-snippet:-1","max-image-preview":"max-image-preview:large","max-video-preview":"max-video-preview:-1"},"canonical":"https:\/\/www.emballagedigest.fr\/en\/un-besoin-croissant-d-encres-recyclables-et-durables\/","og_locale":"en_GB","og_type":"article","og_title":"Un besoin croissant d\u2019encres recyclables et durables - Emballage Digest","og_description":"Les fabricants sont sur tous les fronts pour r\u00e9pondre aux exigences des marques d\u2019avoir des encres recyclables, biosourc\u00e9es et durables (Encres Dubuit, Flint Group, Siegwerk) qui soient s\u00fbres et faciles d\u2019utilisation. La question des huiles min\u00e9rales continue de mobiliser les \u00e9nergies en Europe, alors que la France s\u2019est distingu\u00e9e d\u00e9but 2020 avec la premi\u00e8re loi \u00e9conomie circulaire qui les interdit sur les emballages et les papiers graphiques (Citeo). En outre, la pand\u00e9mie actuelle suscite de nouvelles applications pour les encres thermochromiques pour garantir la cha\u00eene du froid des vaccins (CTI).","og_url":"https:\/\/www.emballagedigest.fr\/en\/un-besoin-croissant-d-encres-recyclables-et-durables\/","og_site_name":"Emballage Digest","article_published_time":"2021-01-31T00:00:00+00:00","article_modified_time":"2021-02-02T14:14:30+00:00","author":"admin_thopel","twitter_card":"summary_large_image","twitter_misc":{"Written by":"admin_thopel","Estimated reading time":"4 minutes"},"schema":{"@context":"https:\/\/schema.org","@graph":[{"@type":"Article","@id":"https:\/\/www.emballagedigest.fr\/un-besoin-croissant-d-encres-recyclables-et-durables\/#article","isPartOf":{"@id":"https:\/\/www.emballagedigest.fr\/un-besoin-croissant-d-encres-recyclables-et-durables\/"},"author":{"name":"admin_thopel","@id":"https:\/\/www.emballagedigest.fr\/#\/schema\/person\/d01fbac1f378e2f5e4096082cdf68ae5"},"headline":"Un besoin croissant d\u2019encres recyclables et durables","datePublished":"2021-01-31T00:00:00+00:00","dateModified":"2021-02-02T14:14:30+00:00","mainEntityOfPage":{"@id":"https:\/\/www.emballagedigest.fr\/un-besoin-croissant-d-encres-recyclables-et-durables\/"},"wordCount":714,"publisher":{"@id":"https:\/\/www.emballagedigest.fr\/#organization"},"image":{"@id":"https:\/\/www.emballagedigest.fr\/un-besoin-croissant-d-encres-recyclables-et-durables\/#primaryimage"},"thumbnailUrl":"https:\/\/www.emballagedigest.fr\/wp-content\/uploads\/dotclear\/images\/2021\/REVUE\/janv\/01_21_encre1.jpg","articleSection":["Alimentaire","Article entier","Emballages","Industrie","Parfumerie &amp; Cosm\u00e9tique"],"inLanguage":"en-GB"},{"@type":"WebPage","@id":"https:\/\/www.emballagedigest.fr\/un-besoin-croissant-d-encres-recyclables-et-durables\/","url":"https:\/\/www.emballagedigest.fr\/un-besoin-croissant-d-encres-recyclables-et-durables\/","name":"Un besoin croissant d\u2019encres recyclables et durables - Emballage Digest","isPartOf":{"@id":"https:\/\/www.emballagedigest.fr\/#website"},"primaryImageOfPage":{"@id":"https:\/\/www.emballagedigest.fr\/un-besoin-croissant-d-encres-recyclables-et-durables\/#primaryimage"},"image":{"@id":"https:\/\/www.emballagedigest.fr\/un-besoin-croissant-d-encres-recyclables-et-durables\/#primaryimage"},"thumbnailUrl":"https:\/\/www.emballagedigest.fr\/wp-content\/uploads\/dotclear\/images\/2021\/REVUE\/janv\/01_21_encre1.jpg","datePublished":"2021-01-31T00:00:00+00:00","dateModified":"2021-02-02T14:14:30+00:00","breadcrumb":{"@id":"https:\/\/www.emballagedigest.fr\/un-besoin-croissant-d-encres-recyclables-et-durables\/#breadcrumb"},"inLanguage":"en-GB","potentialAction":[{"@type":"ReadAction","target":["https:\/\/www.emballagedigest.fr\/un-besoin-croissant-d-encres-recyclables-et-durables\/"]}]},{"@type":"ImageObject","inLanguage":"en-GB","@id":"https:\/\/www.emballagedigest.fr\/un-besoin-croissant-d-encres-recyclables-et-durables\/#primaryimage","url":"https:\/\/www.emballagedigest.fr\/wp-content\/uploads\/dotclear\/images\/2021\/REVUE\/janv\/01_21_encre1.jpg","contentUrl":"https:\/\/www.emballagedigest.fr\/wp-content\/uploads\/dotclear\/images\/2021\/REVUE\/janv\/01_21_encre1.jpg"},{"@type":"BreadcrumbList","@id":"https:\/\/www.emballagedigest.fr\/un-besoin-croissant-d-encres-recyclables-et-durables\/#breadcrumb","itemListElement":[{"@type":"ListItem","position":1,"name":"Accueil","item":"https:\/\/www.emballagedigest.fr\/"},{"@type":"ListItem","position":2,"name":"Un besoin croissant d\u2019encres recyclables et durables"}]},{"@type":"WebSite","@id":"https:\/\/www.emballagedigest.fr\/#website","url":"https:\/\/www.emballagedigest.fr\/","name":"Emballage Digest","description":"Revue professionnelle sur les emballages","publisher":{"@id":"https:\/\/www.emballagedigest.fr\/#organization"},"potentialAction":[{"@type":"SearchAction","target":{"@type":"EntryPoint","urlTemplate":"https:\/\/www.emballagedigest.fr\/?s={search_term_string}"},"query-input":{"@type":"PropertyValueSpecification","valueRequired":true,"valueName":"search_term_string"}}],"inLanguage":"en-GB"},{"@type":"Organization","@id":"https:\/\/www.emballagedigest.fr\/#organization","name":"Emballage Digest","url":"https:\/\/www.emballagedigest.fr\/","logo":{"@type":"ImageObject","inLanguage":"en-GB","@id":"https:\/\/www.emballagedigest.fr\/#\/schema\/logo\/image\/","url":"https:\/\/www.emballagedigest.fr\/wp-content\/uploads\/2022\/07\/logo-ed.png","contentUrl":"https:\/\/www.emballagedigest.fr\/wp-content\/uploads\/2022\/07\/logo-ed.png","width":379,"height":75,"caption":"Emballage Digest"},"image":{"@id":"https:\/\/www.emballagedigest.fr\/#\/schema\/logo\/image\/"}},{"@type":"Person","@id":"https:\/\/www.emballagedigest.fr\/#\/schema\/person\/d01fbac1f378e2f5e4096082cdf68ae5","name":"admin_thopel","image":{"@type":"ImageObject","inLanguage":"en-GB","@id":"https:\/\/www.emballagedigest.fr\/#\/schema\/person\/image\/","url":"https:\/\/secure.gravatar.com\/avatar\/6cf644f6475359b596b81b10a64f989df38f1238649f7e33f97f69519e42dfbf?s=96&d=mm&r=g","contentUrl":"https:\/\/secure.gravatar.com\/avatar\/6cf644f6475359b596b81b10a64f989df38f1238649f7e33f97f69519e42dfbf?s=96&d=mm&r=g","caption":"admin_thopel"},"sameAs":["http:\/\/localhost:8787\/emballage_digest"],"url":"https:\/\/www.emballagedigest.fr\/en\/author\/admin_thopel\/"}]}},"_links":{"self":[{"href":"https:\/\/www.emballagedigest.fr\/en\/wp-json\/wp\/v2\/posts\/22775","targetHints":{"allow":["GET"]}}],"collection":[{"href":"https:\/\/www.emballagedigest.fr\/en\/wp-json\/wp\/v2\/posts"}],"about":[{"href":"https:\/\/www.emballagedigest.fr\/en\/wp-json\/wp\/v2\/types\/post"}],"author":[{"embeddable":true,"href":"https:\/\/www.emballagedigest.fr\/en\/wp-json\/wp\/v2\/users\/1"}],"replies":[{"embeddable":true,"href":"https:\/\/www.emballagedigest.fr\/en\/wp-json\/wp\/v2\/comments?post=22775"}],"version-history":[{"count":0,"href":"https:\/\/www.emballagedigest.fr\/en\/wp-json\/wp\/v2\/posts\/22775\/revisions"}],"wp:featuredmedia":[{"embeddable":true,"href":"https:\/\/www.emballagedigest.fr\/en\/wp-json\/wp\/v2\/media\/32775"}],"wp:attachment":[{"href":"https:\/\/www.emballagedigest.fr\/en\/wp-json\/wp\/v2\/media?parent=22775"}],"wp:term":[{"taxonomy":"category","embeddable":true,"href":"https:\/\/www.emballagedigest.fr\/en\/wp-json\/wp\/v2\/categories?post=22775"},{"taxonomy":"post_tag","embeddable":true,"href":"https:\/\/www.emballagedigest.fr\/en\/wp-json\/wp\/v2\/tags?post=22775"}],"curies":[{"name":"wp","href":"https:\/\/api.w.org\/{rel}","templated":true}]}}