{"id":22830,"date":"2021-03-05T07:36:00","date_gmt":"2021-03-05T07:36:00","guid":{"rendered":"https:\/\/www.emballagedigest.fr\/?p=22830"},"modified":"2021-03-05T07:36:00","modified_gmt":"2021-03-05T07:36:00","slug":"verescence-investit-le-marche-asiatique","status":"publish","type":"post","link":"https:\/\/www.emballagedigest.fr\/en\/verescence-investit-le-marche-asiatique\/","title":{"rendered":"Verescence investit le march\u00e9 asiatique"},"content":{"rendered":"<p>Le groupe verrier, sp\u00e9cialis\u00e9 dans la fabrication de flacons haut de gamme en verre pour les industries de la parfumerie et de la cosm\u00e9tique, annonce une prise de participation majoritaire au capital de Pacificglas, leader cor\u00e9en du flaconnage en verre pour l\u2019industrie cosm\u00e9tique, ainsi qu\u2019un partenariat \u00e0 long terme avec Amorepacific.<\/p>\n<p>\u00abNous sommes ravis d\u2019entrer au capital de Pacificglas en tant qu\u2019actionnaire majoritaire et de d\u00e9marrer un partenariat \u00e0 long terme avec Amorepacific qui va devenir un client majeur du groupe Verescence. C\u2019est une \u00e9tape cl\u00e9 de notre plan strat\u00e9gique \u00abVerescence 2022 &#8211; Forming The Future\u00bb qui va nous permettre de renforcer notre leadership dans le flaconnage de luxe. Avec cette acquisition, Verescence a l\u2019ambition de devenir un leader panasiatique gr\u00e2ce \u00e0 des investissements technologiques et capacitaires r\u00e9pondant \u00e0 la demande croissante en verre haut-de gamme\u00bb, a d\u00e9clar\u00e9 Thomas Riou, Pr\u00e9sident Directeur G\u00e9n\u00e9ral de Verescence.<\/p>\n<p>Fort d\u2019un savoir-faire verrier de plus de 120 ans, Verescence produit 500 millions de flacons par an dans ses trois sites de production verriers et ses quatre sites de parach\u00e8vement en Europe et en Am\u00e9rique du Nord. En 2019, Verescence a enregistr\u00e9 un chiffre d\u2019affaires de 309 M\u20ac pour une \u00e9quipe de 2 300 salari\u00e9s r\u00e9partis dans le monde.<\/p>\n<p><em>Reproduction interdite sauf accord \u00e9crit d&rsquo;Emballage Digest ou mention du support<\/em><\/p>","protected":false},"excerpt":{"rendered":"<p>Le groupe verrier, sp\u00e9cialis\u00e9 dans la fabrication de flacons haut de gamme en verre pour les industries de la parfumerie et de la cosm\u00e9tique, annonce une prise de participation majoritaire au capital de Pacificglas, leader cor\u00e9en du flaconnage en verre pour l\u2019industrie cosm\u00e9tique, ainsi qu\u2019un partenariat \u00e0 long terme avec Amorepacific.<\/p>","protected":false},"author":1,"featured_media":32830,"comment_status":"closed","ping_status":"closed","sticky":false,"template":"","format":"standard","meta":{"_acf_changed":false,"inline_featured_image":false,"iawp_total_views":0,"footnotes":""},"categories":[28,6],"tags":[],"class_list":["post-22830","post","type-post","status-publish","format-standard","has-post-thumbnail","hentry","category-article-entier","category-parfumerie-cosmetique"],"acf":[],"yoast_head":"<!-- This site is optimized with the Yoast SEO plugin v24.4 - https:\/\/yoast.com\/wordpress\/plugins\/seo\/ -->\n<title>Verescence investit le march\u00e9 asiatique - Emballage Digest<\/title>\n<meta name=\"robots\" content=\"index, follow, max-snippet:-1, max-image-preview:large, max-video-preview:-1\" \/>\n<link rel=\"canonical\" href=\"https:\/\/www.emballagedigest.fr\/en\/verescence-investit-le-marche-asiatique\/\" \/>\n<meta property=\"og:locale\" content=\"en_GB\" \/>\n<meta property=\"og:type\" content=\"article\" \/>\n<meta property=\"og:title\" content=\"Verescence investit le march\u00e9 asiatique - Emballage Digest\" \/>\n<meta property=\"og:description\" content=\"Le groupe verrier, sp\u00e9cialis\u00e9 dans la fabrication de flacons haut de gamme en verre pour les industries de la parfumerie et de la cosm\u00e9tique, annonce une prise de participation majoritaire au capital de Pacificglas, leader cor\u00e9en du flaconnage en verre pour l\u2019industrie cosm\u00e9tique, ainsi qu\u2019un partenariat \u00e0 long terme avec Amorepacific.\" \/>\n<meta property=\"og:url\" content=\"https:\/\/www.emballagedigest.fr\/en\/verescence-investit-le-marche-asiatique\/\" \/>\n<meta property=\"og:site_name\" content=\"Emballage Digest\" \/>\n<meta property=\"article:published_time\" content=\"2021-03-05T07:36:00+00:00\" \/>\n<meta name=\"author\" content=\"admin_thopel\" \/>\n<meta name=\"twitter:card\" content=\"summary_large_image\" \/>\n<meta name=\"twitter:label1\" content=\"Written by\" \/>\n\t<meta name=\"twitter:data1\" content=\"admin_thopel\" \/>\n\t<meta name=\"twitter:label2\" content=\"Estimated reading time\" \/>\n\t<meta name=\"twitter:data2\" content=\"1 minute\" \/>\n<script type=\"application\/ld+json\" class=\"yoast-schema-graph\">{\"@context\":\"https:\/\/schema.org\",\"@graph\":[{\"@type\":\"Article\",\"@id\":\"https:\/\/www.emballagedigest.fr\/verescence-investit-le-marche-asiatique\/#article\",\"isPartOf\":{\"@id\":\"https:\/\/www.emballagedigest.fr\/verescence-investit-le-marche-asiatique\/\"},\"author\":{\"name\":\"admin_thopel\",\"@id\":\"https:\/\/www.emballagedigest.fr\/#\/schema\/person\/d01fbac1f378e2f5e4096082cdf68ae5\"},\"headline\":\"Verescence investit le march\u00e9 asiatique\",\"datePublished\":\"2021-03-05T07:36:00+00:00\",\"mainEntityOfPage\":{\"@id\":\"https:\/\/www.emballagedigest.fr\/verescence-investit-le-marche-asiatique\/\"},\"wordCount\":234,\"publisher\":{\"@id\":\"https:\/\/www.emballagedigest.fr\/#organization\"},\"image\":{\"@id\":\"https:\/\/www.emballagedigest.fr\/verescence-investit-le-marche-asiatique\/#primaryimage\"},\"thumbnailUrl\":\"https:\/\/www.emballagedigest.fr\/wp-content\/uploads\/dotclear\/images\/2021\/BONUS\/mars\/verescence_article.jpg\",\"articleSection\":[\"Article entier\",\"Parfumerie &amp; Cosm\u00e9tique\"],\"inLanguage\":\"en-GB\"},{\"@type\":\"WebPage\",\"@id\":\"https:\/\/www.emballagedigest.fr\/verescence-investit-le-marche-asiatique\/\",\"url\":\"https:\/\/www.emballagedigest.fr\/verescence-investit-le-marche-asiatique\/\",\"name\":\"Verescence investit le march\u00e9 asiatique - Emballage Digest\",\"isPartOf\":{\"@id\":\"https:\/\/www.emballagedigest.fr\/#website\"},\"primaryImageOfPage\":{\"@id\":\"https:\/\/www.emballagedigest.fr\/verescence-investit-le-marche-asiatique\/#primaryimage\"},\"image\":{\"@id\":\"https:\/\/www.emballagedigest.fr\/verescence-investit-le-marche-asiatique\/#primaryimage\"},\"thumbnailUrl\":\"https:\/\/www.emballagedigest.fr\/wp-content\/uploads\/dotclear\/images\/2021\/BONUS\/mars\/verescence_article.jpg\",\"datePublished\":\"2021-03-05T07:36:00+00:00\",\"breadcrumb\":{\"@id\":\"https:\/\/www.emballagedigest.fr\/verescence-investit-le-marche-asiatique\/#breadcrumb\"},\"inLanguage\":\"en-GB\",\"potentialAction\":[{\"@type\":\"ReadAction\",\"target\":[\"https:\/\/www.emballagedigest.fr\/verescence-investit-le-marche-asiatique\/\"]}]},{\"@type\":\"ImageObject\",\"inLanguage\":\"en-GB\",\"@id\":\"https:\/\/www.emballagedigest.fr\/verescence-investit-le-marche-asiatique\/#primaryimage\",\"url\":\"https:\/\/www.emballagedigest.fr\/wp-content\/uploads\/dotclear\/images\/2021\/BONUS\/mars\/verescence_article.jpg\",\"contentUrl\":\"https:\/\/www.emballagedigest.fr\/wp-content\/uploads\/dotclear\/images\/2021\/BONUS\/mars\/verescence_article.jpg\"},{\"@type\":\"BreadcrumbList\",\"@id\":\"https:\/\/www.emballagedigest.fr\/verescence-investit-le-marche-asiatique\/#breadcrumb\",\"itemListElement\":[{\"@type\":\"ListItem\",\"position\":1,\"name\":\"Accueil\",\"item\":\"https:\/\/www.emballagedigest.fr\/\"},{\"@type\":\"ListItem\",\"position\":2,\"name\":\"Verescence investit le march\u00e9 asiatique\"}]},{\"@type\":\"WebSite\",\"@id\":\"https:\/\/www.emballagedigest.fr\/#website\",\"url\":\"https:\/\/www.emballagedigest.fr\/\",\"name\":\"Emballage Digest\",\"description\":\"Revue professionnelle sur les emballages\",\"publisher\":{\"@id\":\"https:\/\/www.emballagedigest.fr\/#organization\"},\"potentialAction\":[{\"@type\":\"SearchAction\",\"target\":{\"@type\":\"EntryPoint\",\"urlTemplate\":\"https:\/\/www.emballagedigest.fr\/?s={search_term_string}\"},\"query-input\":{\"@type\":\"PropertyValueSpecification\",\"valueRequired\":true,\"valueName\":\"search_term_string\"}}],\"inLanguage\":\"en-GB\"},{\"@type\":\"Organization\",\"@id\":\"https:\/\/www.emballagedigest.fr\/#organization\",\"name\":\"Emballage Digest\",\"url\":\"https:\/\/www.emballagedigest.fr\/\",\"logo\":{\"@type\":\"ImageObject\",\"inLanguage\":\"en-GB\",\"@id\":\"https:\/\/www.emballagedigest.fr\/#\/schema\/logo\/image\/\",\"url\":\"https:\/\/www.emballagedigest.fr\/wp-content\/uploads\/2022\/07\/logo-ed.png\",\"contentUrl\":\"https:\/\/www.emballagedigest.fr\/wp-content\/uploads\/2022\/07\/logo-ed.png\",\"width\":379,\"height\":75,\"caption\":\"Emballage Digest\"},\"image\":{\"@id\":\"https:\/\/www.emballagedigest.fr\/#\/schema\/logo\/image\/\"}},{\"@type\":\"Person\",\"@id\":\"https:\/\/www.emballagedigest.fr\/#\/schema\/person\/d01fbac1f378e2f5e4096082cdf68ae5\",\"name\":\"admin_thopel\",\"image\":{\"@type\":\"ImageObject\",\"inLanguage\":\"en-GB\",\"@id\":\"https:\/\/www.emballagedigest.fr\/#\/schema\/person\/image\/\",\"url\":\"https:\/\/secure.gravatar.com\/avatar\/6cf644f6475359b596b81b10a64f989df38f1238649f7e33f97f69519e42dfbf?s=96&d=mm&r=g\",\"contentUrl\":\"https:\/\/secure.gravatar.com\/avatar\/6cf644f6475359b596b81b10a64f989df38f1238649f7e33f97f69519e42dfbf?s=96&d=mm&r=g\",\"caption\":\"admin_thopel\"},\"sameAs\":[\"http:\/\/localhost:8787\/emballage_digest\"],\"url\":\"https:\/\/www.emballagedigest.fr\/en\/author\/admin_thopel\/\"}]}<\/script>\n<!-- \/ Yoast SEO plugin. -->","yoast_head_json":{"title":"Verescence investit le march\u00e9 asiatique - Emballage Digest","robots":{"index":"index","follow":"follow","max-snippet":"max-snippet:-1","max-image-preview":"max-image-preview:large","max-video-preview":"max-video-preview:-1"},"canonical":"https:\/\/www.emballagedigest.fr\/en\/verescence-investit-le-marche-asiatique\/","og_locale":"en_GB","og_type":"article","og_title":"Verescence investit le march\u00e9 asiatique - Emballage Digest","og_description":"Le groupe verrier, sp\u00e9cialis\u00e9 dans la fabrication de flacons haut de gamme en verre pour les industries de la parfumerie et de la cosm\u00e9tique, annonce une prise de participation majoritaire au capital de Pacificglas, leader cor\u00e9en du flaconnage en verre pour l\u2019industrie cosm\u00e9tique, ainsi qu\u2019un partenariat \u00e0 long terme avec Amorepacific.","og_url":"https:\/\/www.emballagedigest.fr\/en\/verescence-investit-le-marche-asiatique\/","og_site_name":"Emballage Digest","article_published_time":"2021-03-05T07:36:00+00:00","author":"admin_thopel","twitter_card":"summary_large_image","twitter_misc":{"Written by":"admin_thopel","Estimated reading time":"1 minute"},"schema":{"@context":"https:\/\/schema.org","@graph":[{"@type":"Article","@id":"https:\/\/www.emballagedigest.fr\/verescence-investit-le-marche-asiatique\/#article","isPartOf":{"@id":"https:\/\/www.emballagedigest.fr\/verescence-investit-le-marche-asiatique\/"},"author":{"name":"admin_thopel","@id":"https:\/\/www.emballagedigest.fr\/#\/schema\/person\/d01fbac1f378e2f5e4096082cdf68ae5"},"headline":"Verescence investit le march\u00e9 asiatique","datePublished":"2021-03-05T07:36:00+00:00","mainEntityOfPage":{"@id":"https:\/\/www.emballagedigest.fr\/verescence-investit-le-marche-asiatique\/"},"wordCount":234,"publisher":{"@id":"https:\/\/www.emballagedigest.fr\/#organization"},"image":{"@id":"https:\/\/www.emballagedigest.fr\/verescence-investit-le-marche-asiatique\/#primaryimage"},"thumbnailUrl":"https:\/\/www.emballagedigest.fr\/wp-content\/uploads\/dotclear\/images\/2021\/BONUS\/mars\/verescence_article.jpg","articleSection":["Article entier","Parfumerie &amp; Cosm\u00e9tique"],"inLanguage":"en-GB"},{"@type":"WebPage","@id":"https:\/\/www.emballagedigest.fr\/verescence-investit-le-marche-asiatique\/","url":"https:\/\/www.emballagedigest.fr\/verescence-investit-le-marche-asiatique\/","name":"Verescence investit le march\u00e9 asiatique - Emballage Digest","isPartOf":{"@id":"https:\/\/www.emballagedigest.fr\/#website"},"primaryImageOfPage":{"@id":"https:\/\/www.emballagedigest.fr\/verescence-investit-le-marche-asiatique\/#primaryimage"},"image":{"@id":"https:\/\/www.emballagedigest.fr\/verescence-investit-le-marche-asiatique\/#primaryimage"},"thumbnailUrl":"https:\/\/www.emballagedigest.fr\/wp-content\/uploads\/dotclear\/images\/2021\/BONUS\/mars\/verescence_article.jpg","datePublished":"2021-03-05T07:36:00+00:00","breadcrumb":{"@id":"https:\/\/www.emballagedigest.fr\/verescence-investit-le-marche-asiatique\/#breadcrumb"},"inLanguage":"en-GB","potentialAction":[{"@type":"ReadAction","target":["https:\/\/www.emballagedigest.fr\/verescence-investit-le-marche-asiatique\/"]}]},{"@type":"ImageObject","inLanguage":"en-GB","@id":"https:\/\/www.emballagedigest.fr\/verescence-investit-le-marche-asiatique\/#primaryimage","url":"https:\/\/www.emballagedigest.fr\/wp-content\/uploads\/dotclear\/images\/2021\/BONUS\/mars\/verescence_article.jpg","contentUrl":"https:\/\/www.emballagedigest.fr\/wp-content\/uploads\/dotclear\/images\/2021\/BONUS\/mars\/verescence_article.jpg"},{"@type":"BreadcrumbList","@id":"https:\/\/www.emballagedigest.fr\/verescence-investit-le-marche-asiatique\/#breadcrumb","itemListElement":[{"@type":"ListItem","position":1,"name":"Accueil","item":"https:\/\/www.emballagedigest.fr\/"},{"@type":"ListItem","position":2,"name":"Verescence investit le march\u00e9 asiatique"}]},{"@type":"WebSite","@id":"https:\/\/www.emballagedigest.fr\/#website","url":"https:\/\/www.emballagedigest.fr\/","name":"Emballage Digest","description":"Revue professionnelle sur les emballages","publisher":{"@id":"https:\/\/www.emballagedigest.fr\/#organization"},"potentialAction":[{"@type":"SearchAction","target":{"@type":"EntryPoint","urlTemplate":"https:\/\/www.emballagedigest.fr\/?s={search_term_string}"},"query-input":{"@type":"PropertyValueSpecification","valueRequired":true,"valueName":"search_term_string"}}],"inLanguage":"en-GB"},{"@type":"Organization","@id":"https:\/\/www.emballagedigest.fr\/#organization","name":"Emballage Digest","url":"https:\/\/www.emballagedigest.fr\/","logo":{"@type":"ImageObject","inLanguage":"en-GB","@id":"https:\/\/www.emballagedigest.fr\/#\/schema\/logo\/image\/","url":"https:\/\/www.emballagedigest.fr\/wp-content\/uploads\/2022\/07\/logo-ed.png","contentUrl":"https:\/\/www.emballagedigest.fr\/wp-content\/uploads\/2022\/07\/logo-ed.png","width":379,"height":75,"caption":"Emballage Digest"},"image":{"@id":"https:\/\/www.emballagedigest.fr\/#\/schema\/logo\/image\/"}},{"@type":"Person","@id":"https:\/\/www.emballagedigest.fr\/#\/schema\/person\/d01fbac1f378e2f5e4096082cdf68ae5","name":"admin_thopel","image":{"@type":"ImageObject","inLanguage":"en-GB","@id":"https:\/\/www.emballagedigest.fr\/#\/schema\/person\/image\/","url":"https:\/\/secure.gravatar.com\/avatar\/6cf644f6475359b596b81b10a64f989df38f1238649f7e33f97f69519e42dfbf?s=96&d=mm&r=g","contentUrl":"https:\/\/secure.gravatar.com\/avatar\/6cf644f6475359b596b81b10a64f989df38f1238649f7e33f97f69519e42dfbf?s=96&d=mm&r=g","caption":"admin_thopel"},"sameAs":["http:\/\/localhost:8787\/emballage_digest"],"url":"https:\/\/www.emballagedigest.fr\/en\/author\/admin_thopel\/"}]}},"_links":{"self":[{"href":"https:\/\/www.emballagedigest.fr\/en\/wp-json\/wp\/v2\/posts\/22830","targetHints":{"allow":["GET"]}}],"collection":[{"href":"https:\/\/www.emballagedigest.fr\/en\/wp-json\/wp\/v2\/posts"}],"about":[{"href":"https:\/\/www.emballagedigest.fr\/en\/wp-json\/wp\/v2\/types\/post"}],"author":[{"embeddable":true,"href":"https:\/\/www.emballagedigest.fr\/en\/wp-json\/wp\/v2\/users\/1"}],"replies":[{"embeddable":true,"href":"https:\/\/www.emballagedigest.fr\/en\/wp-json\/wp\/v2\/comments?post=22830"}],"version-history":[{"count":0,"href":"https:\/\/www.emballagedigest.fr\/en\/wp-json\/wp\/v2\/posts\/22830\/revisions"}],"wp:featuredmedia":[{"embeddable":true,"href":"https:\/\/www.emballagedigest.fr\/en\/wp-json\/wp\/v2\/media\/32830"}],"wp:attachment":[{"href":"https:\/\/www.emballagedigest.fr\/en\/wp-json\/wp\/v2\/media?parent=22830"}],"wp:term":[{"taxonomy":"category","embeddable":true,"href":"https:\/\/www.emballagedigest.fr\/en\/wp-json\/wp\/v2\/categories?post=22830"},{"taxonomy":"post_tag","embeddable":true,"href":"https:\/\/www.emballagedigest.fr\/en\/wp-json\/wp\/v2\/tags?post=22830"}],"curies":[{"name":"wp","href":"https:\/\/api.w.org\/{rel}","templated":true}]}}