{"id":22951,"date":"2021-03-31T00:00:00","date_gmt":"2021-03-31T00:00:00","guid":{"rendered":"https:\/\/www.emballagedigest.fr\/?p=22951"},"modified":"2021-04-13T12:52:00","modified_gmt":"2021-04-13T12:52:00","slug":"tubes-le-choix-des-options-vertes","status":"publish","type":"post","link":"https:\/\/www.emballagedigest.fr\/en\/tubes-le-choix-des-options-vertes\/","title":{"rendered":"Tubes : le choix des options &quot;vertes&quot;"},"content":{"rendered":"<p>R\u00e9duire l\u2019utilisation des plastiques vierges et la quantit\u00e9 de mati\u00e8re utilis\u00e9e, proposer des tubes mono-mat\u00e9riaux\u2026 les tubes gagnent encore en \u00e9co-conception. Neopac a r\u00e9duit l\u2019\u00e9paisseur de jupe \u00e0 0,35 mm sur diff\u00e9rents diam\u00e8tres de tubes, et d\u00e9velopp\u00e9 une gamme de capsules en PE dans le but de proposer des emballages mono-mati\u00e8res. Chez Alb\u00e9a, Gilles Swyngedauw, vice-pr\u00e9sident Marketing et D\u00e9veloppement Durable pour le groupe, estime que \u00ables tubes et bouchons pourraient encore \u00eatre all\u00e9g\u00e9s de 20 \u00e0 50% par rapport \u00e0 ce qui existe. Il faudrait alors envisager de changer le design pour aller plus loin. Nous allons cependant bient\u00f4t lancer un nouveau tube encore plus all\u00e9g\u00e9\u00bb.<\/p>\n<p><img decoding=\"async\" src=\"https:\/\/www.emballagedigest.fr\/dotclear\/images\/2021\/REVUE\/mars\/03_21_tube2.jpg\" alt=\"Texte Alternatif\" style=\"float:right; margin: 0 0 1em 1em;\" \/>Actuellement, utiliser du plastique recycl\u00e9 est une voie privil\u00e9gi\u00e9e. Neopac a d\u00e9velopp\u00e9 un tube en PEHD incluant 64% de PCR et 6% de PIR. \u00abLa couche interne du tube est trois fois plus \u00e9paisse que la couche externe, afin de maximiser le pourcentage de mati\u00e8re recycl\u00e9e. Une couche d\u2019EVOH peut \u00eatre rajout\u00e9e pour obtenir des propri\u00e9t\u00e9s barri\u00e8res suppl\u00e9mentaires. La couche externe reste en plastique vierge, pour l\u2019aspect esth\u00e9tique. En compl\u00e9ment cette ann\u00e9e, nous proposerons une capsule en PE recycl\u00e9\u00bb, d\u00e9taille Fr\u00e9deric Fernandez, responsable commercial France pour Neopac. Quant au fournisseur Alb\u00e9a, il int\u00e8gre jusqu\u2019\u00e0 70% de PCR dans ses tubes. Fin 2020, la soci\u00e9t\u00e9 a mis sur le march\u00e9, avec la marque Origins d\u2019Est\u00e9e Lauder, un tube fabriqu\u00e9 avec du plastique recycl\u00e9 chimiquement par la multinationale Sabic. \u00abL\u2019atout d\u2019un tel plastique est son esth\u00e9tique et son innocuit\u00e9. Mais les quantit\u00e9s disponibles sont faibles pour l\u2019instant, et le prix encore \u00e9lev\u00e9\u00bb, remarque Gilles Swyngedauw. <\/p>\n<p><em>Extrait de la revue n\u00b0 656 &#8211; Mars 2021. Reproduction interdite sauf accord \u00e9crit d&rsquo;Emballage Digest ou mention du support<\/em><\/p>","protected":false},"excerpt":{"rendered":"<p>Les mat\u00e9riaux des tubes ont consid\u00e9rablement \u00e9volu\u00e9, et les fabricants de packaging sont aujourd\u2019hui en mesure de proposer des options vari\u00e9es aux marques. Mat\u00e9riaux recycl\u00e9s, papier et plastique, mati\u00e8res issues de ressources renouvelables\u2026 Reste \u00e0 v\u00e9rifier l\u2019analyse du cycle de vie de chaque solution pour y voir plus clair sur leur impact environnemental.<\/p>","protected":false},"author":1,"featured_media":32951,"comment_status":"closed","ping_status":"closed","sticky":false,"template":"","format":"standard","meta":{"_acf_changed":false,"inline_featured_image":false,"iawp_total_views":0,"footnotes":""},"categories":[28,6],"tags":[],"class_list":["post-22951","post","type-post","status-publish","format-standard","has-post-thumbnail","hentry","category-article-entier","category-parfumerie-cosmetique"],"acf":[],"yoast_head":"<!-- This site is optimized with the Yoast SEO plugin v24.4 - https:\/\/yoast.com\/wordpress\/plugins\/seo\/ -->\n<title>Tubes : le choix des options &quot;vertes&quot; - Emballage Digest<\/title>\n<meta name=\"robots\" content=\"index, follow, max-snippet:-1, max-image-preview:large, max-video-preview:-1\" \/>\n<link rel=\"canonical\" href=\"https:\/\/www.emballagedigest.fr\/en\/tubes-le-choix-des-options-vertes\/\" \/>\n<meta property=\"og:locale\" content=\"en_GB\" \/>\n<meta property=\"og:type\" content=\"article\" \/>\n<meta property=\"og:title\" content=\"Tubes : le choix des options &quot;vertes&quot; - Emballage Digest\" \/>\n<meta property=\"og:description\" content=\"Les mat\u00e9riaux des tubes ont consid\u00e9rablement \u00e9volu\u00e9, et les fabricants de packaging sont aujourd\u2019hui en mesure de proposer des options vari\u00e9es aux marques. Mat\u00e9riaux recycl\u00e9s, papier et plastique, mati\u00e8res issues de ressources renouvelables\u2026 Reste \u00e0 v\u00e9rifier l\u2019analyse du cycle de vie de chaque solution pour y voir plus clair sur leur impact environnemental.\" \/>\n<meta property=\"og:url\" content=\"https:\/\/www.emballagedigest.fr\/en\/tubes-le-choix-des-options-vertes\/\" \/>\n<meta property=\"og:site_name\" content=\"Emballage Digest\" \/>\n<meta property=\"article:published_time\" content=\"2021-03-31T00:00:00+00:00\" \/>\n<meta property=\"article:modified_time\" content=\"2021-04-13T12:52:00+00:00\" \/>\n<meta name=\"author\" content=\"admin_thopel\" \/>\n<meta name=\"twitter:card\" content=\"summary_large_image\" \/>\n<meta name=\"twitter:label1\" content=\"Written by\" \/>\n\t<meta name=\"twitter:data1\" content=\"admin_thopel\" \/>\n\t<meta name=\"twitter:label2\" content=\"Estimated reading time\" \/>\n\t<meta name=\"twitter:data2\" content=\"2 minutes\" \/>\n<script type=\"application\/ld+json\" class=\"yoast-schema-graph\">{\"@context\":\"https:\/\/schema.org\",\"@graph\":[{\"@type\":\"Article\",\"@id\":\"https:\/\/www.emballagedigest.fr\/tubes-le-choix-des-options-vertes\/#article\",\"isPartOf\":{\"@id\":\"https:\/\/www.emballagedigest.fr\/tubes-le-choix-des-options-vertes\/\"},\"author\":{\"name\":\"admin_thopel\",\"@id\":\"https:\/\/www.emballagedigest.fr\/#\/schema\/person\/d01fbac1f378e2f5e4096082cdf68ae5\"},\"headline\":\"Tubes : le choix des options &quot;vertes&quot;\",\"datePublished\":\"2021-03-31T00:00:00+00:00\",\"dateModified\":\"2021-04-13T12:52:00+00:00\",\"mainEntityOfPage\":{\"@id\":\"https:\/\/www.emballagedigest.fr\/tubes-le-choix-des-options-vertes\/\"},\"wordCount\":321,\"publisher\":{\"@id\":\"https:\/\/www.emballagedigest.fr\/#organization\"},\"image\":{\"@id\":\"https:\/\/www.emballagedigest.fr\/tubes-le-choix-des-options-vertes\/#primaryimage\"},\"thumbnailUrl\":\"https:\/\/www.emballagedigest.fr\/wp-content\/uploads\/dotclear\/images\/2021\/REVUE\/mars\/03_21_tube1.jpg\",\"articleSection\":[\"Article entier\",\"Parfumerie &amp; Cosm\u00e9tique\"],\"inLanguage\":\"en-GB\"},{\"@type\":\"WebPage\",\"@id\":\"https:\/\/www.emballagedigest.fr\/tubes-le-choix-des-options-vertes\/\",\"url\":\"https:\/\/www.emballagedigest.fr\/tubes-le-choix-des-options-vertes\/\",\"name\":\"Tubes : le choix des options &quot;vertes&quot; - Emballage Digest\",\"isPartOf\":{\"@id\":\"https:\/\/www.emballagedigest.fr\/#website\"},\"primaryImageOfPage\":{\"@id\":\"https:\/\/www.emballagedigest.fr\/tubes-le-choix-des-options-vertes\/#primaryimage\"},\"image\":{\"@id\":\"https:\/\/www.emballagedigest.fr\/tubes-le-choix-des-options-vertes\/#primaryimage\"},\"thumbnailUrl\":\"https:\/\/www.emballagedigest.fr\/wp-content\/uploads\/dotclear\/images\/2021\/REVUE\/mars\/03_21_tube1.jpg\",\"datePublished\":\"2021-03-31T00:00:00+00:00\",\"dateModified\":\"2021-04-13T12:52:00+00:00\",\"breadcrumb\":{\"@id\":\"https:\/\/www.emballagedigest.fr\/tubes-le-choix-des-options-vertes\/#breadcrumb\"},\"inLanguage\":\"en-GB\",\"potentialAction\":[{\"@type\":\"ReadAction\",\"target\":[\"https:\/\/www.emballagedigest.fr\/tubes-le-choix-des-options-vertes\/\"]}]},{\"@type\":\"ImageObject\",\"inLanguage\":\"en-GB\",\"@id\":\"https:\/\/www.emballagedigest.fr\/tubes-le-choix-des-options-vertes\/#primaryimage\",\"url\":\"https:\/\/www.emballagedigest.fr\/wp-content\/uploads\/dotclear\/images\/2021\/REVUE\/mars\/03_21_tube1.jpg\",\"contentUrl\":\"https:\/\/www.emballagedigest.fr\/wp-content\/uploads\/dotclear\/images\/2021\/REVUE\/mars\/03_21_tube1.jpg\"},{\"@type\":\"BreadcrumbList\",\"@id\":\"https:\/\/www.emballagedigest.fr\/tubes-le-choix-des-options-vertes\/#breadcrumb\",\"itemListElement\":[{\"@type\":\"ListItem\",\"position\":1,\"name\":\"Accueil\",\"item\":\"https:\/\/www.emballagedigest.fr\/\"},{\"@type\":\"ListItem\",\"position\":2,\"name\":\"Tubes : le choix des options &quot;vertes&quot;\"}]},{\"@type\":\"WebSite\",\"@id\":\"https:\/\/www.emballagedigest.fr\/#website\",\"url\":\"https:\/\/www.emballagedigest.fr\/\",\"name\":\"Emballage Digest\",\"description\":\"Revue professionnelle sur les emballages\",\"publisher\":{\"@id\":\"https:\/\/www.emballagedigest.fr\/#organization\"},\"potentialAction\":[{\"@type\":\"SearchAction\",\"target\":{\"@type\":\"EntryPoint\",\"urlTemplate\":\"https:\/\/www.emballagedigest.fr\/?s={search_term_string}\"},\"query-input\":{\"@type\":\"PropertyValueSpecification\",\"valueRequired\":true,\"valueName\":\"search_term_string\"}}],\"inLanguage\":\"en-GB\"},{\"@type\":\"Organization\",\"@id\":\"https:\/\/www.emballagedigest.fr\/#organization\",\"name\":\"Emballage Digest\",\"url\":\"https:\/\/www.emballagedigest.fr\/\",\"logo\":{\"@type\":\"ImageObject\",\"inLanguage\":\"en-GB\",\"@id\":\"https:\/\/www.emballagedigest.fr\/#\/schema\/logo\/image\/\",\"url\":\"https:\/\/www.emballagedigest.fr\/wp-content\/uploads\/2022\/07\/logo-ed.png\",\"contentUrl\":\"https:\/\/www.emballagedigest.fr\/wp-content\/uploads\/2022\/07\/logo-ed.png\",\"width\":379,\"height\":75,\"caption\":\"Emballage Digest\"},\"image\":{\"@id\":\"https:\/\/www.emballagedigest.fr\/#\/schema\/logo\/image\/\"}},{\"@type\":\"Person\",\"@id\":\"https:\/\/www.emballagedigest.fr\/#\/schema\/person\/d01fbac1f378e2f5e4096082cdf68ae5\",\"name\":\"admin_thopel\",\"image\":{\"@type\":\"ImageObject\",\"inLanguage\":\"en-GB\",\"@id\":\"https:\/\/www.emballagedigest.fr\/#\/schema\/person\/image\/\",\"url\":\"https:\/\/secure.gravatar.com\/avatar\/6cf644f6475359b596b81b10a64f989df38f1238649f7e33f97f69519e42dfbf?s=96&d=mm&r=g\",\"contentUrl\":\"https:\/\/secure.gravatar.com\/avatar\/6cf644f6475359b596b81b10a64f989df38f1238649f7e33f97f69519e42dfbf?s=96&d=mm&r=g\",\"caption\":\"admin_thopel\"},\"sameAs\":[\"http:\/\/localhost:8787\/emballage_digest\"],\"url\":\"https:\/\/www.emballagedigest.fr\/en\/author\/admin_thopel\/\"}]}<\/script>\n<!-- \/ Yoast SEO plugin. -->","yoast_head_json":{"title":"Tubes : le choix des options &quot;vertes&quot; - Emballage Digest","robots":{"index":"index","follow":"follow","max-snippet":"max-snippet:-1","max-image-preview":"max-image-preview:large","max-video-preview":"max-video-preview:-1"},"canonical":"https:\/\/www.emballagedigest.fr\/en\/tubes-le-choix-des-options-vertes\/","og_locale":"en_GB","og_type":"article","og_title":"Tubes : le choix des options &quot;vertes&quot; - Emballage Digest","og_description":"Les mat\u00e9riaux des tubes ont consid\u00e9rablement \u00e9volu\u00e9, et les fabricants de packaging sont aujourd\u2019hui en mesure de proposer des options vari\u00e9es aux marques. Mat\u00e9riaux recycl\u00e9s, papier et plastique, mati\u00e8res issues de ressources renouvelables\u2026 Reste \u00e0 v\u00e9rifier l\u2019analyse du cycle de vie de chaque solution pour y voir plus clair sur leur impact environnemental.","og_url":"https:\/\/www.emballagedigest.fr\/en\/tubes-le-choix-des-options-vertes\/","og_site_name":"Emballage Digest","article_published_time":"2021-03-31T00:00:00+00:00","article_modified_time":"2021-04-13T12:52:00+00:00","author":"admin_thopel","twitter_card":"summary_large_image","twitter_misc":{"Written by":"admin_thopel","Estimated reading time":"2 minutes"},"schema":{"@context":"https:\/\/schema.org","@graph":[{"@type":"Article","@id":"https:\/\/www.emballagedigest.fr\/tubes-le-choix-des-options-vertes\/#article","isPartOf":{"@id":"https:\/\/www.emballagedigest.fr\/tubes-le-choix-des-options-vertes\/"},"author":{"name":"admin_thopel","@id":"https:\/\/www.emballagedigest.fr\/#\/schema\/person\/d01fbac1f378e2f5e4096082cdf68ae5"},"headline":"Tubes : le choix des options &quot;vertes&quot;","datePublished":"2021-03-31T00:00:00+00:00","dateModified":"2021-04-13T12:52:00+00:00","mainEntityOfPage":{"@id":"https:\/\/www.emballagedigest.fr\/tubes-le-choix-des-options-vertes\/"},"wordCount":321,"publisher":{"@id":"https:\/\/www.emballagedigest.fr\/#organization"},"image":{"@id":"https:\/\/www.emballagedigest.fr\/tubes-le-choix-des-options-vertes\/#primaryimage"},"thumbnailUrl":"https:\/\/www.emballagedigest.fr\/wp-content\/uploads\/dotclear\/images\/2021\/REVUE\/mars\/03_21_tube1.jpg","articleSection":["Article entier","Parfumerie &amp; Cosm\u00e9tique"],"inLanguage":"en-GB"},{"@type":"WebPage","@id":"https:\/\/www.emballagedigest.fr\/tubes-le-choix-des-options-vertes\/","url":"https:\/\/www.emballagedigest.fr\/tubes-le-choix-des-options-vertes\/","name":"Tubes : le choix des options &quot;vertes&quot; - Emballage Digest","isPartOf":{"@id":"https:\/\/www.emballagedigest.fr\/#website"},"primaryImageOfPage":{"@id":"https:\/\/www.emballagedigest.fr\/tubes-le-choix-des-options-vertes\/#primaryimage"},"image":{"@id":"https:\/\/www.emballagedigest.fr\/tubes-le-choix-des-options-vertes\/#primaryimage"},"thumbnailUrl":"https:\/\/www.emballagedigest.fr\/wp-content\/uploads\/dotclear\/images\/2021\/REVUE\/mars\/03_21_tube1.jpg","datePublished":"2021-03-31T00:00:00+00:00","dateModified":"2021-04-13T12:52:00+00:00","breadcrumb":{"@id":"https:\/\/www.emballagedigest.fr\/tubes-le-choix-des-options-vertes\/#breadcrumb"},"inLanguage":"en-GB","potentialAction":[{"@type":"ReadAction","target":["https:\/\/www.emballagedigest.fr\/tubes-le-choix-des-options-vertes\/"]}]},{"@type":"ImageObject","inLanguage":"en-GB","@id":"https:\/\/www.emballagedigest.fr\/tubes-le-choix-des-options-vertes\/#primaryimage","url":"https:\/\/www.emballagedigest.fr\/wp-content\/uploads\/dotclear\/images\/2021\/REVUE\/mars\/03_21_tube1.jpg","contentUrl":"https:\/\/www.emballagedigest.fr\/wp-content\/uploads\/dotclear\/images\/2021\/REVUE\/mars\/03_21_tube1.jpg"},{"@type":"BreadcrumbList","@id":"https:\/\/www.emballagedigest.fr\/tubes-le-choix-des-options-vertes\/#breadcrumb","itemListElement":[{"@type":"ListItem","position":1,"name":"Accueil","item":"https:\/\/www.emballagedigest.fr\/"},{"@type":"ListItem","position":2,"name":"Tubes : le choix des options &quot;vertes&quot;"}]},{"@type":"WebSite","@id":"https:\/\/www.emballagedigest.fr\/#website","url":"https:\/\/www.emballagedigest.fr\/","name":"Emballage Digest","description":"Revue professionnelle sur les emballages","publisher":{"@id":"https:\/\/www.emballagedigest.fr\/#organization"},"potentialAction":[{"@type":"SearchAction","target":{"@type":"EntryPoint","urlTemplate":"https:\/\/www.emballagedigest.fr\/?s={search_term_string}"},"query-input":{"@type":"PropertyValueSpecification","valueRequired":true,"valueName":"search_term_string"}}],"inLanguage":"en-GB"},{"@type":"Organization","@id":"https:\/\/www.emballagedigest.fr\/#organization","name":"Emballage Digest","url":"https:\/\/www.emballagedigest.fr\/","logo":{"@type":"ImageObject","inLanguage":"en-GB","@id":"https:\/\/www.emballagedigest.fr\/#\/schema\/logo\/image\/","url":"https:\/\/www.emballagedigest.fr\/wp-content\/uploads\/2022\/07\/logo-ed.png","contentUrl":"https:\/\/www.emballagedigest.fr\/wp-content\/uploads\/2022\/07\/logo-ed.png","width":379,"height":75,"caption":"Emballage Digest"},"image":{"@id":"https:\/\/www.emballagedigest.fr\/#\/schema\/logo\/image\/"}},{"@type":"Person","@id":"https:\/\/www.emballagedigest.fr\/#\/schema\/person\/d01fbac1f378e2f5e4096082cdf68ae5","name":"admin_thopel","image":{"@type":"ImageObject","inLanguage":"en-GB","@id":"https:\/\/www.emballagedigest.fr\/#\/schema\/person\/image\/","url":"https:\/\/secure.gravatar.com\/avatar\/6cf644f6475359b596b81b10a64f989df38f1238649f7e33f97f69519e42dfbf?s=96&d=mm&r=g","contentUrl":"https:\/\/secure.gravatar.com\/avatar\/6cf644f6475359b596b81b10a64f989df38f1238649f7e33f97f69519e42dfbf?s=96&d=mm&r=g","caption":"admin_thopel"},"sameAs":["http:\/\/localhost:8787\/emballage_digest"],"url":"https:\/\/www.emballagedigest.fr\/en\/author\/admin_thopel\/"}]}},"_links":{"self":[{"href":"https:\/\/www.emballagedigest.fr\/en\/wp-json\/wp\/v2\/posts\/22951","targetHints":{"allow":["GET"]}}],"collection":[{"href":"https:\/\/www.emballagedigest.fr\/en\/wp-json\/wp\/v2\/posts"}],"about":[{"href":"https:\/\/www.emballagedigest.fr\/en\/wp-json\/wp\/v2\/types\/post"}],"author":[{"embeddable":true,"href":"https:\/\/www.emballagedigest.fr\/en\/wp-json\/wp\/v2\/users\/1"}],"replies":[{"embeddable":true,"href":"https:\/\/www.emballagedigest.fr\/en\/wp-json\/wp\/v2\/comments?post=22951"}],"version-history":[{"count":0,"href":"https:\/\/www.emballagedigest.fr\/en\/wp-json\/wp\/v2\/posts\/22951\/revisions"}],"wp:featuredmedia":[{"embeddable":true,"href":"https:\/\/www.emballagedigest.fr\/en\/wp-json\/wp\/v2\/media\/32951"}],"wp:attachment":[{"href":"https:\/\/www.emballagedigest.fr\/en\/wp-json\/wp\/v2\/media?parent=22951"}],"wp:term":[{"taxonomy":"category","embeddable":true,"href":"https:\/\/www.emballagedigest.fr\/en\/wp-json\/wp\/v2\/categories?post=22951"},{"taxonomy":"post_tag","embeddable":true,"href":"https:\/\/www.emballagedigest.fr\/en\/wp-json\/wp\/v2\/tags?post=22951"}],"curies":[{"name":"wp","href":"https:\/\/api.w.org\/{rel}","templated":true}]}}