{"id":23186,"date":"2021-07-01T08:09:21","date_gmt":"2021-07-01T08:09:21","guid":{"rendered":"https:\/\/www.emballagedigest.fr\/?p=23186"},"modified":"2021-07-01T08:09:21","modified_gmt":"2021-07-01T08:09:21","slug":"billerudkorsnas-recompense-le-concept-respice-a-son-concours-pida-france","status":"publish","type":"post","link":"https:\/\/www.emballagedigest.fr\/en\/billerudkorsnas-recompense-le-concept-respice-a-son-concours-pida-france\/","title":{"rendered":"BillerudKorsn\u00e4s r\u00e9compense le concept RESPICE \u00e0 son concours PIDA France"},"content":{"rendered":"<p>La derni\u00e8re \u00e9dition du concours de design PIDA France \u2013 Packaging Impact Design Award \u2013, organis\u00e9 par BillerudKorsn\u00e4s, a r\u00e9compens\u00e9 avec un Gold Award et le prix \u00ab&nbsp;Highest level of Sustainability \u00bb trois \u00e9tudiants&nbsp;: Romane Bazile, Jeanne Douchet et Marion Braconnier, de la Licence Pro \u00ab&nbsp;Conception Design Industriel et Emballage \u00bb de l\u2019IUT de Reims.<\/p>\n<p>Leur projet laur\u00e9at, \u00abRESPICE\u00bb, un kit d\u2019\u00e9pices qui a impressionn\u00e9 le jury par sa conception et sa construction innovantes, r\u00e9pondait parfaitement au th\u00e8me de cette ann\u00e9e&nbsp;: cr\u00e9er un emballage qui parle aux sens. \u00abCet emballage coche pratiquement toutes les cases de notre grille d\u2019\u00e9valuation, et c\u2019est pourquoi nous avons choisi de lui d\u00e9cerner le grand prix. Il offre un \u00e9quilibre parfait entre innovation, respect de l\u2019environnement, convivialit\u00e9 et facilit\u00e9 d\u2019utilisation. L\u2019\u00e9l\u00e9gance du design r\u00e9side dans la simplicit\u00e9 de l\u2019id\u00e9e, qui s\u2019accompagne d\u2019une ex\u00e9cution de haut niveau. Toutefois, c\u2019est par ses crit\u00e8res de durabilit\u00e9 qu\u2019il se d\u00e9marque particuli\u00e8rement, gr\u00e2ce aux \u00e9conomies de mat\u00e9riaux r\u00e9alis\u00e9es et \u00e0 son caract\u00e8re r\u00e9utilisable\u00bb, a comment\u00e9 le jury.<\/p>\n<p>L\u2019\u00e9quipe laur\u00e9ate se qualifie automatiquement pour la grande finale de la 16e \u00e9dition, qui se tiendra lors du salon Luxe Pack \u00e0 Monaco le 27 septembre. Le projet fran\u00e7ais y affrontera les laur\u00e9ats des trois autres demi-finales&nbsp;: \u00c9tats-Unis\/Royaume-Uni, Allemagne et Su\u00e8de. <\/p>\n<p><em>Reproduction interdite sauf accord \u00e9crit d&rsquo;Emballage Digest ou mention du support<\/em><\/p>","protected":false},"excerpt":{"rendered":"<p>La derni\u00e8re \u00e9dition du concours de design PIDA France \u2013 Packaging Impact Design Award \u2013, organis\u00e9 par BillerudKorsn\u00e4s, a r\u00e9compens\u00e9 avec un Gold Award et le prix \u00ab&nbsp;Highest level of Sustainability \u00bb trois \u00e9tudiants&nbsp;: Romane Bazile, Jeanne Douchet et Marion Braconnier, de la Licence Pro \u00ab&nbsp;Conception Design Industriel et Emballage \u00bb de l\u2019IUT de Reims.<\/p>","protected":false},"author":1,"featured_media":33186,"comment_status":"closed","ping_status":"closed","sticky":false,"template":"","format":"standard","meta":{"_acf_changed":false,"inline_featured_image":false,"iawp_total_views":1,"footnotes":""},"categories":[28],"tags":[],"class_list":["post-23186","post","type-post","status-publish","format-standard","has-post-thumbnail","hentry","category-article-entier"],"acf":[],"yoast_head":"<!-- This site is optimized with the Yoast SEO plugin v24.4 - https:\/\/yoast.com\/wordpress\/plugins\/seo\/ -->\n<title>BillerudKorsn\u00e4s r\u00e9compense le concept RESPICE \u00e0 son concours PIDA France - Emballage Digest<\/title>\n<meta name=\"robots\" content=\"index, follow, max-snippet:-1, max-image-preview:large, max-video-preview:-1\" \/>\n<link rel=\"canonical\" href=\"https:\/\/www.emballagedigest.fr\/en\/billerudkorsnas-recompense-le-concept-respice-a-son-concours-pida-france\/\" \/>\n<meta property=\"og:locale\" content=\"en_GB\" \/>\n<meta property=\"og:type\" content=\"article\" \/>\n<meta property=\"og:title\" content=\"BillerudKorsn\u00e4s r\u00e9compense le concept RESPICE \u00e0 son concours PIDA France - Emballage Digest\" \/>\n<meta property=\"og:description\" content=\"La derni\u00e8re \u00e9dition du concours de design PIDA France \u2013 Packaging Impact Design Award \u2013, organis\u00e9 par BillerudKorsn\u00e4s, a r\u00e9compens\u00e9 avec un Gold Award et le prix \u00ab&nbsp;Highest level of Sustainability \u00bb trois \u00e9tudiants&nbsp;: Romane Bazile, Jeanne Douchet et Marion Braconnier, de la Licence Pro \u00ab&nbsp;Conception Design Industriel et Emballage \u00bb de l\u2019IUT de Reims.\" \/>\n<meta property=\"og:url\" content=\"https:\/\/www.emballagedigest.fr\/en\/billerudkorsnas-recompense-le-concept-respice-a-son-concours-pida-france\/\" \/>\n<meta property=\"og:site_name\" content=\"Emballage Digest\" \/>\n<meta property=\"article:published_time\" content=\"2021-07-01T08:09:21+00:00\" \/>\n<meta name=\"author\" content=\"admin_thopel\" \/>\n<meta name=\"twitter:card\" content=\"summary_large_image\" \/>\n<meta name=\"twitter:label1\" content=\"Written by\" \/>\n\t<meta name=\"twitter:data1\" content=\"admin_thopel\" \/>\n\t<meta name=\"twitter:label2\" content=\"Estimated reading time\" \/>\n\t<meta name=\"twitter:data2\" content=\"1 minute\" \/>\n<script type=\"application\/ld+json\" class=\"yoast-schema-graph\">{\"@context\":\"https:\/\/schema.org\",\"@graph\":[{\"@type\":\"Article\",\"@id\":\"https:\/\/www.emballagedigest.fr\/billerudkorsnas-recompense-le-concept-respice-a-son-concours-pida-france\/#article\",\"isPartOf\":{\"@id\":\"https:\/\/www.emballagedigest.fr\/billerudkorsnas-recompense-le-concept-respice-a-son-concours-pida-france\/\"},\"author\":{\"name\":\"admin_thopel\",\"@id\":\"https:\/\/www.emballagedigest.fr\/#\/schema\/person\/d01fbac1f378e2f5e4096082cdf68ae5\"},\"headline\":\"BillerudKorsn\u00e4s r\u00e9compense le concept RESPICE \u00e0 son concours PIDA France\",\"datePublished\":\"2021-07-01T08:09:21+00:00\",\"mainEntityOfPage\":{\"@id\":\"https:\/\/www.emballagedigest.fr\/billerudkorsnas-recompense-le-concept-respice-a-son-concours-pida-france\/\"},\"wordCount\":269,\"publisher\":{\"@id\":\"https:\/\/www.emballagedigest.fr\/#organization\"},\"image\":{\"@id\":\"https:\/\/www.emballagedigest.fr\/billerudkorsnas-recompense-le-concept-respice-a-son-concours-pida-france\/#primaryimage\"},\"thumbnailUrl\":\"https:\/\/www.emballagedigest.fr\/wp-content\/uploads\/dotclear\/images\/2021\/BONUS\/juill\/respice_article.jpg\",\"articleSection\":[\"Article entier\"],\"inLanguage\":\"en-GB\"},{\"@type\":\"WebPage\",\"@id\":\"https:\/\/www.emballagedigest.fr\/billerudkorsnas-recompense-le-concept-respice-a-son-concours-pida-france\/\",\"url\":\"https:\/\/www.emballagedigest.fr\/billerudkorsnas-recompense-le-concept-respice-a-son-concours-pida-france\/\",\"name\":\"BillerudKorsn\u00e4s r\u00e9compense le concept RESPICE \u00e0 son concours PIDA France - Emballage Digest\",\"isPartOf\":{\"@id\":\"https:\/\/www.emballagedigest.fr\/#website\"},\"primaryImageOfPage\":{\"@id\":\"https:\/\/www.emballagedigest.fr\/billerudkorsnas-recompense-le-concept-respice-a-son-concours-pida-france\/#primaryimage\"},\"image\":{\"@id\":\"https:\/\/www.emballagedigest.fr\/billerudkorsnas-recompense-le-concept-respice-a-son-concours-pida-france\/#primaryimage\"},\"thumbnailUrl\":\"https:\/\/www.emballagedigest.fr\/wp-content\/uploads\/dotclear\/images\/2021\/BONUS\/juill\/respice_article.jpg\",\"datePublished\":\"2021-07-01T08:09:21+00:00\",\"breadcrumb\":{\"@id\":\"https:\/\/www.emballagedigest.fr\/billerudkorsnas-recompense-le-concept-respice-a-son-concours-pida-france\/#breadcrumb\"},\"inLanguage\":\"en-GB\",\"potentialAction\":[{\"@type\":\"ReadAction\",\"target\":[\"https:\/\/www.emballagedigest.fr\/billerudkorsnas-recompense-le-concept-respice-a-son-concours-pida-france\/\"]}]},{\"@type\":\"ImageObject\",\"inLanguage\":\"en-GB\",\"@id\":\"https:\/\/www.emballagedigest.fr\/billerudkorsnas-recompense-le-concept-respice-a-son-concours-pida-france\/#primaryimage\",\"url\":\"https:\/\/www.emballagedigest.fr\/wp-content\/uploads\/dotclear\/images\/2021\/BONUS\/juill\/respice_article.jpg\",\"contentUrl\":\"https:\/\/www.emballagedigest.fr\/wp-content\/uploads\/dotclear\/images\/2021\/BONUS\/juill\/respice_article.jpg\"},{\"@type\":\"BreadcrumbList\",\"@id\":\"https:\/\/www.emballagedigest.fr\/billerudkorsnas-recompense-le-concept-respice-a-son-concours-pida-france\/#breadcrumb\",\"itemListElement\":[{\"@type\":\"ListItem\",\"position\":1,\"name\":\"Accueil\",\"item\":\"https:\/\/www.emballagedigest.fr\/\"},{\"@type\":\"ListItem\",\"position\":2,\"name\":\"BillerudKorsn\u00e4s r\u00e9compense le concept RESPICE \u00e0 son concours PIDA France\"}]},{\"@type\":\"WebSite\",\"@id\":\"https:\/\/www.emballagedigest.fr\/#website\",\"url\":\"https:\/\/www.emballagedigest.fr\/\",\"name\":\"Emballage Digest\",\"description\":\"Revue professionnelle sur les emballages\",\"publisher\":{\"@id\":\"https:\/\/www.emballagedigest.fr\/#organization\"},\"potentialAction\":[{\"@type\":\"SearchAction\",\"target\":{\"@type\":\"EntryPoint\",\"urlTemplate\":\"https:\/\/www.emballagedigest.fr\/?s={search_term_string}\"},\"query-input\":{\"@type\":\"PropertyValueSpecification\",\"valueRequired\":true,\"valueName\":\"search_term_string\"}}],\"inLanguage\":\"en-GB\"},{\"@type\":\"Organization\",\"@id\":\"https:\/\/www.emballagedigest.fr\/#organization\",\"name\":\"Emballage Digest\",\"url\":\"https:\/\/www.emballagedigest.fr\/\",\"logo\":{\"@type\":\"ImageObject\",\"inLanguage\":\"en-GB\",\"@id\":\"https:\/\/www.emballagedigest.fr\/#\/schema\/logo\/image\/\",\"url\":\"https:\/\/www.emballagedigest.fr\/wp-content\/uploads\/2022\/07\/logo-ed.png\",\"contentUrl\":\"https:\/\/www.emballagedigest.fr\/wp-content\/uploads\/2022\/07\/logo-ed.png\",\"width\":379,\"height\":75,\"caption\":\"Emballage Digest\"},\"image\":{\"@id\":\"https:\/\/www.emballagedigest.fr\/#\/schema\/logo\/image\/\"}},{\"@type\":\"Person\",\"@id\":\"https:\/\/www.emballagedigest.fr\/#\/schema\/person\/d01fbac1f378e2f5e4096082cdf68ae5\",\"name\":\"admin_thopel\",\"image\":{\"@type\":\"ImageObject\",\"inLanguage\":\"en-GB\",\"@id\":\"https:\/\/www.emballagedigest.fr\/#\/schema\/person\/image\/\",\"url\":\"https:\/\/secure.gravatar.com\/avatar\/6cf644f6475359b596b81b10a64f989df38f1238649f7e33f97f69519e42dfbf?s=96&d=mm&r=g\",\"contentUrl\":\"https:\/\/secure.gravatar.com\/avatar\/6cf644f6475359b596b81b10a64f989df38f1238649f7e33f97f69519e42dfbf?s=96&d=mm&r=g\",\"caption\":\"admin_thopel\"},\"sameAs\":[\"http:\/\/localhost:8787\/emballage_digest\"],\"url\":\"https:\/\/www.emballagedigest.fr\/en\/author\/admin_thopel\/\"}]}<\/script>\n<!-- \/ Yoast SEO plugin. -->","yoast_head_json":{"title":"BillerudKorsn\u00e4s r\u00e9compense le concept RESPICE \u00e0 son concours PIDA France - Emballage Digest","robots":{"index":"index","follow":"follow","max-snippet":"max-snippet:-1","max-image-preview":"max-image-preview:large","max-video-preview":"max-video-preview:-1"},"canonical":"https:\/\/www.emballagedigest.fr\/en\/billerudkorsnas-recompense-le-concept-respice-a-son-concours-pida-france\/","og_locale":"en_GB","og_type":"article","og_title":"BillerudKorsn\u00e4s r\u00e9compense le concept RESPICE \u00e0 son concours PIDA France - Emballage Digest","og_description":"La derni\u00e8re \u00e9dition du concours de design PIDA France \u2013 Packaging Impact Design Award \u2013, organis\u00e9 par BillerudKorsn\u00e4s, a r\u00e9compens\u00e9 avec un Gold Award et le prix \u00ab&nbsp;Highest level of Sustainability \u00bb trois \u00e9tudiants&nbsp;: Romane Bazile, Jeanne Douchet et Marion Braconnier, de la Licence Pro \u00ab&nbsp;Conception Design Industriel et Emballage \u00bb de l\u2019IUT de Reims.","og_url":"https:\/\/www.emballagedigest.fr\/en\/billerudkorsnas-recompense-le-concept-respice-a-son-concours-pida-france\/","og_site_name":"Emballage Digest","article_published_time":"2021-07-01T08:09:21+00:00","author":"admin_thopel","twitter_card":"summary_large_image","twitter_misc":{"Written by":"admin_thopel","Estimated reading time":"1 minute"},"schema":{"@context":"https:\/\/schema.org","@graph":[{"@type":"Article","@id":"https:\/\/www.emballagedigest.fr\/billerudkorsnas-recompense-le-concept-respice-a-son-concours-pida-france\/#article","isPartOf":{"@id":"https:\/\/www.emballagedigest.fr\/billerudkorsnas-recompense-le-concept-respice-a-son-concours-pida-france\/"},"author":{"name":"admin_thopel","@id":"https:\/\/www.emballagedigest.fr\/#\/schema\/person\/d01fbac1f378e2f5e4096082cdf68ae5"},"headline":"BillerudKorsn\u00e4s r\u00e9compense le concept RESPICE \u00e0 son concours PIDA France","datePublished":"2021-07-01T08:09:21+00:00","mainEntityOfPage":{"@id":"https:\/\/www.emballagedigest.fr\/billerudkorsnas-recompense-le-concept-respice-a-son-concours-pida-france\/"},"wordCount":269,"publisher":{"@id":"https:\/\/www.emballagedigest.fr\/#organization"},"image":{"@id":"https:\/\/www.emballagedigest.fr\/billerudkorsnas-recompense-le-concept-respice-a-son-concours-pida-france\/#primaryimage"},"thumbnailUrl":"https:\/\/www.emballagedigest.fr\/wp-content\/uploads\/dotclear\/images\/2021\/BONUS\/juill\/respice_article.jpg","articleSection":["Article entier"],"inLanguage":"en-GB"},{"@type":"WebPage","@id":"https:\/\/www.emballagedigest.fr\/billerudkorsnas-recompense-le-concept-respice-a-son-concours-pida-france\/","url":"https:\/\/www.emballagedigest.fr\/billerudkorsnas-recompense-le-concept-respice-a-son-concours-pida-france\/","name":"BillerudKorsn\u00e4s r\u00e9compense le concept RESPICE \u00e0 son concours PIDA France - Emballage Digest","isPartOf":{"@id":"https:\/\/www.emballagedigest.fr\/#website"},"primaryImageOfPage":{"@id":"https:\/\/www.emballagedigest.fr\/billerudkorsnas-recompense-le-concept-respice-a-son-concours-pida-france\/#primaryimage"},"image":{"@id":"https:\/\/www.emballagedigest.fr\/billerudkorsnas-recompense-le-concept-respice-a-son-concours-pida-france\/#primaryimage"},"thumbnailUrl":"https:\/\/www.emballagedigest.fr\/wp-content\/uploads\/dotclear\/images\/2021\/BONUS\/juill\/respice_article.jpg","datePublished":"2021-07-01T08:09:21+00:00","breadcrumb":{"@id":"https:\/\/www.emballagedigest.fr\/billerudkorsnas-recompense-le-concept-respice-a-son-concours-pida-france\/#breadcrumb"},"inLanguage":"en-GB","potentialAction":[{"@type":"ReadAction","target":["https:\/\/www.emballagedigest.fr\/billerudkorsnas-recompense-le-concept-respice-a-son-concours-pida-france\/"]}]},{"@type":"ImageObject","inLanguage":"en-GB","@id":"https:\/\/www.emballagedigest.fr\/billerudkorsnas-recompense-le-concept-respice-a-son-concours-pida-france\/#primaryimage","url":"https:\/\/www.emballagedigest.fr\/wp-content\/uploads\/dotclear\/images\/2021\/BONUS\/juill\/respice_article.jpg","contentUrl":"https:\/\/www.emballagedigest.fr\/wp-content\/uploads\/dotclear\/images\/2021\/BONUS\/juill\/respice_article.jpg"},{"@type":"BreadcrumbList","@id":"https:\/\/www.emballagedigest.fr\/billerudkorsnas-recompense-le-concept-respice-a-son-concours-pida-france\/#breadcrumb","itemListElement":[{"@type":"ListItem","position":1,"name":"Accueil","item":"https:\/\/www.emballagedigest.fr\/"},{"@type":"ListItem","position":2,"name":"BillerudKorsn\u00e4s r\u00e9compense le concept RESPICE \u00e0 son concours PIDA France"}]},{"@type":"WebSite","@id":"https:\/\/www.emballagedigest.fr\/#website","url":"https:\/\/www.emballagedigest.fr\/","name":"Emballage Digest","description":"Revue professionnelle sur les emballages","publisher":{"@id":"https:\/\/www.emballagedigest.fr\/#organization"},"potentialAction":[{"@type":"SearchAction","target":{"@type":"EntryPoint","urlTemplate":"https:\/\/www.emballagedigest.fr\/?s={search_term_string}"},"query-input":{"@type":"PropertyValueSpecification","valueRequired":true,"valueName":"search_term_string"}}],"inLanguage":"en-GB"},{"@type":"Organization","@id":"https:\/\/www.emballagedigest.fr\/#organization","name":"Emballage Digest","url":"https:\/\/www.emballagedigest.fr\/","logo":{"@type":"ImageObject","inLanguage":"en-GB","@id":"https:\/\/www.emballagedigest.fr\/#\/schema\/logo\/image\/","url":"https:\/\/www.emballagedigest.fr\/wp-content\/uploads\/2022\/07\/logo-ed.png","contentUrl":"https:\/\/www.emballagedigest.fr\/wp-content\/uploads\/2022\/07\/logo-ed.png","width":379,"height":75,"caption":"Emballage Digest"},"image":{"@id":"https:\/\/www.emballagedigest.fr\/#\/schema\/logo\/image\/"}},{"@type":"Person","@id":"https:\/\/www.emballagedigest.fr\/#\/schema\/person\/d01fbac1f378e2f5e4096082cdf68ae5","name":"admin_thopel","image":{"@type":"ImageObject","inLanguage":"en-GB","@id":"https:\/\/www.emballagedigest.fr\/#\/schema\/person\/image\/","url":"https:\/\/secure.gravatar.com\/avatar\/6cf644f6475359b596b81b10a64f989df38f1238649f7e33f97f69519e42dfbf?s=96&d=mm&r=g","contentUrl":"https:\/\/secure.gravatar.com\/avatar\/6cf644f6475359b596b81b10a64f989df38f1238649f7e33f97f69519e42dfbf?s=96&d=mm&r=g","caption":"admin_thopel"},"sameAs":["http:\/\/localhost:8787\/emballage_digest"],"url":"https:\/\/www.emballagedigest.fr\/en\/author\/admin_thopel\/"}]}},"_links":{"self":[{"href":"https:\/\/www.emballagedigest.fr\/en\/wp-json\/wp\/v2\/posts\/23186","targetHints":{"allow":["GET"]}}],"collection":[{"href":"https:\/\/www.emballagedigest.fr\/en\/wp-json\/wp\/v2\/posts"}],"about":[{"href":"https:\/\/www.emballagedigest.fr\/en\/wp-json\/wp\/v2\/types\/post"}],"author":[{"embeddable":true,"href":"https:\/\/www.emballagedigest.fr\/en\/wp-json\/wp\/v2\/users\/1"}],"replies":[{"embeddable":true,"href":"https:\/\/www.emballagedigest.fr\/en\/wp-json\/wp\/v2\/comments?post=23186"}],"version-history":[{"count":0,"href":"https:\/\/www.emballagedigest.fr\/en\/wp-json\/wp\/v2\/posts\/23186\/revisions"}],"wp:featuredmedia":[{"embeddable":true,"href":"https:\/\/www.emballagedigest.fr\/en\/wp-json\/wp\/v2\/media\/33186"}],"wp:attachment":[{"href":"https:\/\/www.emballagedigest.fr\/en\/wp-json\/wp\/v2\/media?parent=23186"}],"wp:term":[{"taxonomy":"category","embeddable":true,"href":"https:\/\/www.emballagedigest.fr\/en\/wp-json\/wp\/v2\/categories?post=23186"},{"taxonomy":"post_tag","embeddable":true,"href":"https:\/\/www.emballagedigest.fr\/en\/wp-json\/wp\/v2\/tags?post=23186"}],"curies":[{"name":"wp","href":"https:\/\/api.w.org\/{rel}","templated":true}]}}