{"id":23188,"date":"2021-07-02T08:28:33","date_gmt":"2021-07-02T08:28:33","guid":{"rendered":"https:\/\/www.emballagedigest.fr\/?p=23188"},"modified":"2021-07-02T08:28:42","modified_gmt":"2021-07-02T08:28:42","slug":"antoine-fievet-prend-la-presidence-de-citeo","status":"publish","type":"post","link":"https:\/\/www.emballagedigest.fr\/en\/antoine-fievet-prend-la-presidence-de-citeo\/","title":{"rendered":"Antoine Fi\u00e9vet prend la pr\u00e9sidence de Citeo"},"content":{"rendered":"<p>Lors de la derni\u00e8re Assembl\u00e9e G\u00e9n\u00e9rale des actionnaires, le Conseil d\u2019administration de Citeo a choisi d\u2019\u00e9lire son nouveau pr\u00e9sident en la personne d\u2019Antoine Fi\u00e9vet, pdg du groupe Bel. Il succ\u00e8de ainsi \u00e0 Philippe-Lo\u00efc Jacob, pr\u00e9sident depuis 2009, pour un mandat de quatre ans, qui a d\u00e9but\u00e9 le 1er juillet.<\/p>\n<p>Dipl\u00f4m\u00e9 d&rsquo;une ma\u00eetrise en sciences \u00e9conomiques de l&rsquo;Universit\u00e9 Paris-II Assas et de l&rsquo;Institut sup\u00e9rieur de gestion de Paris, Antoine Fi\u00e9vet a occup\u00e9 plusieurs postes de direction dans des soci\u00e9t\u00e9s de communication et d&rsquo;\u00e9dition jusqu&rsquo;en 2001. Entre 2001 et 2009, il a pr\u00e9sid\u00e9 le Directoire et le Comit\u00e9 d&rsquo;orientations strat\u00e9giques d&rsquo;Unibel SA, dont il est associ\u00e9-g\u00e9rant, tout en si\u00e9geant au Conseil d&rsquo;administration de Bel. Il est depuis 2009 Pr\u00e9sident-Directeur g\u00e9n\u00e9ral du groupe familial fran\u00e7ais, fond\u00e9 en 1865 par son arri\u00e8re-arri\u00e8re-grand-p\u00e8re Jules Bel, o\u00f9 il \u0153uvre notamment \u00e0 r\u00e9duire les impacts environnementaux du groupe.<\/p>\n<p>Son exp\u00e9rience et son engagement seront utiles pour permettre \u00e0 Citeo d&rsquo;acc\u00e9l\u00e9rer les transformations qui s&rsquo;imposent pour d\u00e9velopper la performance du tri, du recyclage et du r\u00e9emploi et cr\u00e9er les conditions d&rsquo;une v\u00e9ritable \u00e9conomie circulaire. Antoine Fi\u00e9vet pourra compter sur l\u2019appui du directeur g\u00e9n\u00e9ral de Citeo, Jean Hornain, dont le mandat a \u00e9t\u00e9 renouvel\u00e9 au printemps 2021 et son Comit\u00e9 ex\u00e9cutif compos\u00e9 d&rsquo;Antoine Robichon, Directeur g\u00e9n\u00e9ral adjoint, Nicolas Furet, Secr\u00e9taire g\u00e9n\u00e9ral et S\u00e9verine L\u00e8bre-Badr\u00e9, Directrice Communication, mobilisation et RSE.<\/p>\n<p><em>Reproduction interdite sauf accord \u00e9crit d&rsquo;Emballage Digest ou mention du support<\/em><\/p>","protected":false},"excerpt":{"rendered":"<p>Lors de la derni\u00e8re Assembl\u00e9e G\u00e9n\u00e9rale des actionnaires, le Conseil d\u2019administration de Citeo a choisi d\u2019\u00e9lire son nouveau pr\u00e9sident en la personne d\u2019Antoine Fi\u00e9vet, pdg du groupe Bel. Il succ\u00e8de ainsi \u00e0 Philippe-Lo\u00efc Jacob, pr\u00e9sident depuis 2009, pour un mandat de quatre ans, qui a d\u00e9but\u00e9 le 1er juillet.<\/p>","protected":false},"author":1,"featured_media":0,"comment_status":"closed","ping_status":"closed","sticky":false,"template":"","format":"standard","meta":{"_acf_changed":false,"inline_featured_image":false,"iawp_total_views":1,"footnotes":""},"categories":[28],"tags":[],"class_list":["post-23188","post","type-post","status-publish","format-standard","hentry","category-article-entier"],"acf":[],"yoast_head":"<!-- This site is optimized with the Yoast SEO plugin v24.4 - https:\/\/yoast.com\/wordpress\/plugins\/seo\/ -->\n<title>Antoine Fi\u00e9vet prend la pr\u00e9sidence de Citeo - Emballage Digest<\/title>\n<meta name=\"robots\" content=\"index, follow, max-snippet:-1, max-image-preview:large, max-video-preview:-1\" \/>\n<link rel=\"canonical\" href=\"https:\/\/www.emballagedigest.fr\/en\/antoine-fievet-prend-la-presidence-de-citeo\/\" \/>\n<meta property=\"og:locale\" content=\"en_GB\" \/>\n<meta property=\"og:type\" content=\"article\" \/>\n<meta property=\"og:title\" content=\"Antoine Fi\u00e9vet prend la pr\u00e9sidence de Citeo - Emballage Digest\" \/>\n<meta property=\"og:description\" content=\"Lors de la derni\u00e8re Assembl\u00e9e G\u00e9n\u00e9rale des actionnaires, le Conseil d\u2019administration de Citeo a choisi d\u2019\u00e9lire son nouveau pr\u00e9sident en la personne d\u2019Antoine Fi\u00e9vet, pdg du groupe Bel. Il succ\u00e8de ainsi \u00e0 Philippe-Lo\u00efc Jacob, pr\u00e9sident depuis 2009, pour un mandat de quatre ans, qui a d\u00e9but\u00e9 le 1er juillet.\" \/>\n<meta property=\"og:url\" content=\"https:\/\/www.emballagedigest.fr\/en\/antoine-fievet-prend-la-presidence-de-citeo\/\" \/>\n<meta property=\"og:site_name\" content=\"Emballage Digest\" \/>\n<meta property=\"article:published_time\" content=\"2021-07-02T08:28:33+00:00\" \/>\n<meta property=\"article:modified_time\" content=\"2021-07-02T08:28:42+00:00\" \/>\n<meta name=\"author\" content=\"admin_thopel\" \/>\n<meta name=\"twitter:card\" content=\"summary_large_image\" \/>\n<meta name=\"twitter:label1\" content=\"Written by\" \/>\n\t<meta name=\"twitter:data1\" content=\"admin_thopel\" \/>\n\t<meta name=\"twitter:label2\" content=\"Estimated reading time\" \/>\n\t<meta name=\"twitter:data2\" content=\"1 minute\" \/>\n<script type=\"application\/ld+json\" class=\"yoast-schema-graph\">{\"@context\":\"https:\/\/schema.org\",\"@graph\":[{\"@type\":\"Article\",\"@id\":\"https:\/\/www.emballagedigest.fr\/antoine-fievet-prend-la-presidence-de-citeo\/#article\",\"isPartOf\":{\"@id\":\"https:\/\/www.emballagedigest.fr\/antoine-fievet-prend-la-presidence-de-citeo\/\"},\"author\":{\"name\":\"admin_thopel\",\"@id\":\"https:\/\/www.emballagedigest.fr\/#\/schema\/person\/d01fbac1f378e2f5e4096082cdf68ae5\"},\"headline\":\"Antoine Fi\u00e9vet prend la pr\u00e9sidence de Citeo\",\"datePublished\":\"2021-07-02T08:28:33+00:00\",\"dateModified\":\"2021-07-02T08:28:42+00:00\",\"mainEntityOfPage\":{\"@id\":\"https:\/\/www.emballagedigest.fr\/antoine-fievet-prend-la-presidence-de-citeo\/\"},\"wordCount\":294,\"publisher\":{\"@id\":\"https:\/\/www.emballagedigest.fr\/#organization\"},\"articleSection\":[\"Article entier\"],\"inLanguage\":\"en-GB\"},{\"@type\":\"WebPage\",\"@id\":\"https:\/\/www.emballagedigest.fr\/antoine-fievet-prend-la-presidence-de-citeo\/\",\"url\":\"https:\/\/www.emballagedigest.fr\/antoine-fievet-prend-la-presidence-de-citeo\/\",\"name\":\"Antoine Fi\u00e9vet prend la pr\u00e9sidence de Citeo - Emballage Digest\",\"isPartOf\":{\"@id\":\"https:\/\/www.emballagedigest.fr\/#website\"},\"datePublished\":\"2021-07-02T08:28:33+00:00\",\"dateModified\":\"2021-07-02T08:28:42+00:00\",\"breadcrumb\":{\"@id\":\"https:\/\/www.emballagedigest.fr\/antoine-fievet-prend-la-presidence-de-citeo\/#breadcrumb\"},\"inLanguage\":\"en-GB\",\"potentialAction\":[{\"@type\":\"ReadAction\",\"target\":[\"https:\/\/www.emballagedigest.fr\/antoine-fievet-prend-la-presidence-de-citeo\/\"]}]},{\"@type\":\"BreadcrumbList\",\"@id\":\"https:\/\/www.emballagedigest.fr\/antoine-fievet-prend-la-presidence-de-citeo\/#breadcrumb\",\"itemListElement\":[{\"@type\":\"ListItem\",\"position\":1,\"name\":\"Accueil\",\"item\":\"https:\/\/www.emballagedigest.fr\/\"},{\"@type\":\"ListItem\",\"position\":2,\"name\":\"Antoine Fi\u00e9vet prend la pr\u00e9sidence de Citeo\"}]},{\"@type\":\"WebSite\",\"@id\":\"https:\/\/www.emballagedigest.fr\/#website\",\"url\":\"https:\/\/www.emballagedigest.fr\/\",\"name\":\"Emballage Digest\",\"description\":\"Revue professionnelle sur les emballages\",\"publisher\":{\"@id\":\"https:\/\/www.emballagedigest.fr\/#organization\"},\"potentialAction\":[{\"@type\":\"SearchAction\",\"target\":{\"@type\":\"EntryPoint\",\"urlTemplate\":\"https:\/\/www.emballagedigest.fr\/?s={search_term_string}\"},\"query-input\":{\"@type\":\"PropertyValueSpecification\",\"valueRequired\":true,\"valueName\":\"search_term_string\"}}],\"inLanguage\":\"en-GB\"},{\"@type\":\"Organization\",\"@id\":\"https:\/\/www.emballagedigest.fr\/#organization\",\"name\":\"Emballage Digest\",\"url\":\"https:\/\/www.emballagedigest.fr\/\",\"logo\":{\"@type\":\"ImageObject\",\"inLanguage\":\"en-GB\",\"@id\":\"https:\/\/www.emballagedigest.fr\/#\/schema\/logo\/image\/\",\"url\":\"https:\/\/www.emballagedigest.fr\/wp-content\/uploads\/2022\/07\/logo-ed.png\",\"contentUrl\":\"https:\/\/www.emballagedigest.fr\/wp-content\/uploads\/2022\/07\/logo-ed.png\",\"width\":379,\"height\":75,\"caption\":\"Emballage Digest\"},\"image\":{\"@id\":\"https:\/\/www.emballagedigest.fr\/#\/schema\/logo\/image\/\"}},{\"@type\":\"Person\",\"@id\":\"https:\/\/www.emballagedigest.fr\/#\/schema\/person\/d01fbac1f378e2f5e4096082cdf68ae5\",\"name\":\"admin_thopel\",\"image\":{\"@type\":\"ImageObject\",\"inLanguage\":\"en-GB\",\"@id\":\"https:\/\/www.emballagedigest.fr\/#\/schema\/person\/image\/\",\"url\":\"https:\/\/secure.gravatar.com\/avatar\/6cf644f6475359b596b81b10a64f989df38f1238649f7e33f97f69519e42dfbf?s=96&d=mm&r=g\",\"contentUrl\":\"https:\/\/secure.gravatar.com\/avatar\/6cf644f6475359b596b81b10a64f989df38f1238649f7e33f97f69519e42dfbf?s=96&d=mm&r=g\",\"caption\":\"admin_thopel\"},\"sameAs\":[\"http:\/\/localhost:8787\/emballage_digest\"],\"url\":\"https:\/\/www.emballagedigest.fr\/en\/author\/admin_thopel\/\"}]}<\/script>\n<!-- \/ Yoast SEO plugin. -->","yoast_head_json":{"title":"Antoine Fi\u00e9vet prend la pr\u00e9sidence de Citeo - Emballage Digest","robots":{"index":"index","follow":"follow","max-snippet":"max-snippet:-1","max-image-preview":"max-image-preview:large","max-video-preview":"max-video-preview:-1"},"canonical":"https:\/\/www.emballagedigest.fr\/en\/antoine-fievet-prend-la-presidence-de-citeo\/","og_locale":"en_GB","og_type":"article","og_title":"Antoine Fi\u00e9vet prend la pr\u00e9sidence de Citeo - Emballage Digest","og_description":"Lors de la derni\u00e8re Assembl\u00e9e G\u00e9n\u00e9rale des actionnaires, le Conseil d\u2019administration de Citeo a choisi d\u2019\u00e9lire son nouveau pr\u00e9sident en la personne d\u2019Antoine Fi\u00e9vet, pdg du groupe Bel. Il succ\u00e8de ainsi \u00e0 Philippe-Lo\u00efc Jacob, pr\u00e9sident depuis 2009, pour un mandat de quatre ans, qui a d\u00e9but\u00e9 le 1er juillet.","og_url":"https:\/\/www.emballagedigest.fr\/en\/antoine-fievet-prend-la-presidence-de-citeo\/","og_site_name":"Emballage Digest","article_published_time":"2021-07-02T08:28:33+00:00","article_modified_time":"2021-07-02T08:28:42+00:00","author":"admin_thopel","twitter_card":"summary_large_image","twitter_misc":{"Written by":"admin_thopel","Estimated reading time":"1 minute"},"schema":{"@context":"https:\/\/schema.org","@graph":[{"@type":"Article","@id":"https:\/\/www.emballagedigest.fr\/antoine-fievet-prend-la-presidence-de-citeo\/#article","isPartOf":{"@id":"https:\/\/www.emballagedigest.fr\/antoine-fievet-prend-la-presidence-de-citeo\/"},"author":{"name":"admin_thopel","@id":"https:\/\/www.emballagedigest.fr\/#\/schema\/person\/d01fbac1f378e2f5e4096082cdf68ae5"},"headline":"Antoine Fi\u00e9vet prend la pr\u00e9sidence de Citeo","datePublished":"2021-07-02T08:28:33+00:00","dateModified":"2021-07-02T08:28:42+00:00","mainEntityOfPage":{"@id":"https:\/\/www.emballagedigest.fr\/antoine-fievet-prend-la-presidence-de-citeo\/"},"wordCount":294,"publisher":{"@id":"https:\/\/www.emballagedigest.fr\/#organization"},"articleSection":["Article entier"],"inLanguage":"en-GB"},{"@type":"WebPage","@id":"https:\/\/www.emballagedigest.fr\/antoine-fievet-prend-la-presidence-de-citeo\/","url":"https:\/\/www.emballagedigest.fr\/antoine-fievet-prend-la-presidence-de-citeo\/","name":"Antoine Fi\u00e9vet prend la pr\u00e9sidence de Citeo - Emballage Digest","isPartOf":{"@id":"https:\/\/www.emballagedigest.fr\/#website"},"datePublished":"2021-07-02T08:28:33+00:00","dateModified":"2021-07-02T08:28:42+00:00","breadcrumb":{"@id":"https:\/\/www.emballagedigest.fr\/antoine-fievet-prend-la-presidence-de-citeo\/#breadcrumb"},"inLanguage":"en-GB","potentialAction":[{"@type":"ReadAction","target":["https:\/\/www.emballagedigest.fr\/antoine-fievet-prend-la-presidence-de-citeo\/"]}]},{"@type":"BreadcrumbList","@id":"https:\/\/www.emballagedigest.fr\/antoine-fievet-prend-la-presidence-de-citeo\/#breadcrumb","itemListElement":[{"@type":"ListItem","position":1,"name":"Accueil","item":"https:\/\/www.emballagedigest.fr\/"},{"@type":"ListItem","position":2,"name":"Antoine Fi\u00e9vet prend la pr\u00e9sidence de Citeo"}]},{"@type":"WebSite","@id":"https:\/\/www.emballagedigest.fr\/#website","url":"https:\/\/www.emballagedigest.fr\/","name":"Emballage Digest","description":"Revue professionnelle sur les emballages","publisher":{"@id":"https:\/\/www.emballagedigest.fr\/#organization"},"potentialAction":[{"@type":"SearchAction","target":{"@type":"EntryPoint","urlTemplate":"https:\/\/www.emballagedigest.fr\/?s={search_term_string}"},"query-input":{"@type":"PropertyValueSpecification","valueRequired":true,"valueName":"search_term_string"}}],"inLanguage":"en-GB"},{"@type":"Organization","@id":"https:\/\/www.emballagedigest.fr\/#organization","name":"Emballage Digest","url":"https:\/\/www.emballagedigest.fr\/","logo":{"@type":"ImageObject","inLanguage":"en-GB","@id":"https:\/\/www.emballagedigest.fr\/#\/schema\/logo\/image\/","url":"https:\/\/www.emballagedigest.fr\/wp-content\/uploads\/2022\/07\/logo-ed.png","contentUrl":"https:\/\/www.emballagedigest.fr\/wp-content\/uploads\/2022\/07\/logo-ed.png","width":379,"height":75,"caption":"Emballage Digest"},"image":{"@id":"https:\/\/www.emballagedigest.fr\/#\/schema\/logo\/image\/"}},{"@type":"Person","@id":"https:\/\/www.emballagedigest.fr\/#\/schema\/person\/d01fbac1f378e2f5e4096082cdf68ae5","name":"admin_thopel","image":{"@type":"ImageObject","inLanguage":"en-GB","@id":"https:\/\/www.emballagedigest.fr\/#\/schema\/person\/image\/","url":"https:\/\/secure.gravatar.com\/avatar\/6cf644f6475359b596b81b10a64f989df38f1238649f7e33f97f69519e42dfbf?s=96&d=mm&r=g","contentUrl":"https:\/\/secure.gravatar.com\/avatar\/6cf644f6475359b596b81b10a64f989df38f1238649f7e33f97f69519e42dfbf?s=96&d=mm&r=g","caption":"admin_thopel"},"sameAs":["http:\/\/localhost:8787\/emballage_digest"],"url":"https:\/\/www.emballagedigest.fr\/en\/author\/admin_thopel\/"}]}},"_links":{"self":[{"href":"https:\/\/www.emballagedigest.fr\/en\/wp-json\/wp\/v2\/posts\/23188","targetHints":{"allow":["GET"]}}],"collection":[{"href":"https:\/\/www.emballagedigest.fr\/en\/wp-json\/wp\/v2\/posts"}],"about":[{"href":"https:\/\/www.emballagedigest.fr\/en\/wp-json\/wp\/v2\/types\/post"}],"author":[{"embeddable":true,"href":"https:\/\/www.emballagedigest.fr\/en\/wp-json\/wp\/v2\/users\/1"}],"replies":[{"embeddable":true,"href":"https:\/\/www.emballagedigest.fr\/en\/wp-json\/wp\/v2\/comments?post=23188"}],"version-history":[{"count":0,"href":"https:\/\/www.emballagedigest.fr\/en\/wp-json\/wp\/v2\/posts\/23188\/revisions"}],"wp:attachment":[{"href":"https:\/\/www.emballagedigest.fr\/en\/wp-json\/wp\/v2\/media?parent=23188"}],"wp:term":[{"taxonomy":"category","embeddable":true,"href":"https:\/\/www.emballagedigest.fr\/en\/wp-json\/wp\/v2\/categories?post=23188"},{"taxonomy":"post_tag","embeddable":true,"href":"https:\/\/www.emballagedigest.fr\/en\/wp-json\/wp\/v2\/tags?post=23188"}],"curies":[{"name":"wp","href":"https:\/\/api.w.org\/{rel}","templated":true}]}}