{"id":23214,"date":"2021-06-30T00:00:00","date_gmt":"2021-06-30T00:00:00","guid":{"rendered":"https:\/\/www.emballagedigest.fr\/?p=23214"},"modified":"2021-07-06T10:24:24","modified_gmt":"2021-07-06T10:24:24","slug":"un-flacon-masculin-personnalisable-a-l-infini","status":"publish","type":"post","link":"https:\/\/www.emballagedigest.fr\/en\/un-flacon-masculin-personnalisable-a-l-infini\/","title":{"rendered":"Un flacon masculin personnalisable \u00e0 l\u2019infini"},"content":{"rendered":"<p>Pour son dernier lancement White in Black, Eau de Parfum, la Maison Lalique a imagin\u00e9 une fragrance magn\u00e9tique et contrast\u00e9e, c\u00e9l\u00e9brant l\u2019\u00e9l\u00e9gance casual-chic de la g\u00e9n\u00e9ration masculine de nos jours.<\/p>\n<p>Pour traduire cet esprit audacieux, le flacon r\u00e9alis\u00e9 par Pochet du Courval se distingue par une finition noir mat fa\u00e7on \u00abtableau noir\u00bb, sur laquelle il est possible d\u2019\u00e9crire \u00e0 l\u2019aide d\u2019un crayon craie. Un syst\u00e8me qui permet de le personnaliser \u00e0 l\u2019infini et \u00e0 son utilisateur d\u2019exprimer son caract\u00e8re unique. Un rendu n\u00e9 de l\u2019expertise de Pochet du Courval sur son site de Gamaches, sp\u00e9cialis\u00e9 en parach\u00e8vement, qui a mis au point l\u2019application d\u2019une nouvelle mati\u00e8re de laquage effet \u00abtableau noir\u00bb au flacon Lalique traditionnel, r\u00e9alis\u00e9 par le verrier.<br \/>\n<strong>Fournisseur flacon \/ d\u00e9cor&nbsp;: Pochet du Courval<\/strong><\/p>\n<p><em>Extrait de la revue n\u00b0 659 &#8211; Juin 2021. Reproduction interdite sauf accord \u00e9crit d&rsquo;Emballage Digest ou mention du support<\/em><\/p>","protected":false},"excerpt":{"rendered":"<p>Pour son dernier lancement White in Black, Eau de Parfum, la Maison Lalique a imagin\u00e9 une fragrance magn\u00e9tique et contrast\u00e9e, c\u00e9l\u00e9brant l\u2019\u00e9l\u00e9gance casual-chic de la g\u00e9n\u00e9ration masculine de nos jours.<\/p>","protected":false},"author":1,"featured_media":33214,"comment_status":"closed","ping_status":"closed","sticky":false,"template":"","format":"standard","meta":{"_acf_changed":false,"inline_featured_image":false,"iawp_total_views":0,"footnotes":""},"categories":[28,4],"tags":[],"class_list":["post-23214","post","type-post","status-publish","format-standard","has-post-thumbnail","hentry","category-article-entier","category-lineaires"],"acf":[],"yoast_head":"<!-- This site is optimized with the Yoast SEO plugin v24.4 - https:\/\/yoast.com\/wordpress\/plugins\/seo\/ -->\n<title>Un flacon masculin personnalisable \u00e0 l\u2019infini - Emballage Digest<\/title>\n<meta name=\"robots\" content=\"index, follow, max-snippet:-1, max-image-preview:large, max-video-preview:-1\" \/>\n<link rel=\"canonical\" href=\"https:\/\/www.emballagedigest.fr\/en\/un-flacon-masculin-personnalisable-a-l-infini\/\" \/>\n<meta property=\"og:locale\" content=\"en_GB\" \/>\n<meta property=\"og:type\" content=\"article\" \/>\n<meta property=\"og:title\" content=\"Un flacon masculin personnalisable \u00e0 l\u2019infini - Emballage Digest\" \/>\n<meta property=\"og:description\" content=\"Pour son dernier lancement White in Black, Eau de Parfum, la Maison Lalique a imagin\u00e9 une fragrance magn\u00e9tique et contrast\u00e9e, c\u00e9l\u00e9brant l\u2019\u00e9l\u00e9gance casual-chic de la g\u00e9n\u00e9ration masculine de nos jours.\" \/>\n<meta property=\"og:url\" content=\"https:\/\/www.emballagedigest.fr\/en\/un-flacon-masculin-personnalisable-a-l-infini\/\" \/>\n<meta property=\"og:site_name\" content=\"Emballage Digest\" \/>\n<meta property=\"article:published_time\" content=\"2021-06-30T00:00:00+00:00\" \/>\n<meta property=\"article:modified_time\" content=\"2021-07-06T10:24:24+00:00\" \/>\n<meta name=\"author\" content=\"admin_thopel\" \/>\n<meta name=\"twitter:card\" content=\"summary_large_image\" \/>\n<meta name=\"twitter:label1\" content=\"Written by\" \/>\n\t<meta name=\"twitter:data1\" content=\"admin_thopel\" \/>\n\t<meta name=\"twitter:label2\" content=\"Estimated reading time\" \/>\n\t<meta name=\"twitter:data2\" content=\"1 minute\" \/>\n<script type=\"application\/ld+json\" class=\"yoast-schema-graph\">{\"@context\":\"https:\/\/schema.org\",\"@graph\":[{\"@type\":\"Article\",\"@id\":\"https:\/\/www.emballagedigest.fr\/un-flacon-masculin-personnalisable-a-l-infini\/#article\",\"isPartOf\":{\"@id\":\"https:\/\/www.emballagedigest.fr\/un-flacon-masculin-personnalisable-a-l-infini\/\"},\"author\":{\"name\":\"admin_thopel\",\"@id\":\"https:\/\/www.emballagedigest.fr\/#\/schema\/person\/d01fbac1f378e2f5e4096082cdf68ae5\"},\"headline\":\"Un flacon masculin personnalisable \u00e0 l\u2019infini\",\"datePublished\":\"2021-06-30T00:00:00+00:00\",\"dateModified\":\"2021-07-06T10:24:24+00:00\",\"mainEntityOfPage\":{\"@id\":\"https:\/\/www.emballagedigest.fr\/un-flacon-masculin-personnalisable-a-l-infini\/\"},\"wordCount\":173,\"publisher\":{\"@id\":\"https:\/\/www.emballagedigest.fr\/#organization\"},\"image\":{\"@id\":\"https:\/\/www.emballagedigest.fr\/un-flacon-masculin-personnalisable-a-l-infini\/#primaryimage\"},\"thumbnailUrl\":\"https:\/\/www.emballagedigest.fr\/wp-content\/uploads\/dotclear\/images\/2021\/REVUE\/juin\/06_21_lineaire8.jpg\",\"articleSection\":[\"Article entier\",\"Lin\u00e9aires\"],\"inLanguage\":\"en-GB\"},{\"@type\":\"WebPage\",\"@id\":\"https:\/\/www.emballagedigest.fr\/un-flacon-masculin-personnalisable-a-l-infini\/\",\"url\":\"https:\/\/www.emballagedigest.fr\/un-flacon-masculin-personnalisable-a-l-infini\/\",\"name\":\"Un flacon masculin personnalisable \u00e0 l\u2019infini - Emballage Digest\",\"isPartOf\":{\"@id\":\"https:\/\/www.emballagedigest.fr\/#website\"},\"primaryImageOfPage\":{\"@id\":\"https:\/\/www.emballagedigest.fr\/un-flacon-masculin-personnalisable-a-l-infini\/#primaryimage\"},\"image\":{\"@id\":\"https:\/\/www.emballagedigest.fr\/un-flacon-masculin-personnalisable-a-l-infini\/#primaryimage\"},\"thumbnailUrl\":\"https:\/\/www.emballagedigest.fr\/wp-content\/uploads\/dotclear\/images\/2021\/REVUE\/juin\/06_21_lineaire8.jpg\",\"datePublished\":\"2021-06-30T00:00:00+00:00\",\"dateModified\":\"2021-07-06T10:24:24+00:00\",\"breadcrumb\":{\"@id\":\"https:\/\/www.emballagedigest.fr\/un-flacon-masculin-personnalisable-a-l-infini\/#breadcrumb\"},\"inLanguage\":\"en-GB\",\"potentialAction\":[{\"@type\":\"ReadAction\",\"target\":[\"https:\/\/www.emballagedigest.fr\/un-flacon-masculin-personnalisable-a-l-infini\/\"]}]},{\"@type\":\"ImageObject\",\"inLanguage\":\"en-GB\",\"@id\":\"https:\/\/www.emballagedigest.fr\/un-flacon-masculin-personnalisable-a-l-infini\/#primaryimage\",\"url\":\"https:\/\/www.emballagedigest.fr\/wp-content\/uploads\/dotclear\/images\/2021\/REVUE\/juin\/06_21_lineaire8.jpg\",\"contentUrl\":\"https:\/\/www.emballagedigest.fr\/wp-content\/uploads\/dotclear\/images\/2021\/REVUE\/juin\/06_21_lineaire8.jpg\"},{\"@type\":\"BreadcrumbList\",\"@id\":\"https:\/\/www.emballagedigest.fr\/un-flacon-masculin-personnalisable-a-l-infini\/#breadcrumb\",\"itemListElement\":[{\"@type\":\"ListItem\",\"position\":1,\"name\":\"Accueil\",\"item\":\"https:\/\/www.emballagedigest.fr\/\"},{\"@type\":\"ListItem\",\"position\":2,\"name\":\"Un flacon masculin personnalisable \u00e0 l\u2019infini\"}]},{\"@type\":\"WebSite\",\"@id\":\"https:\/\/www.emballagedigest.fr\/#website\",\"url\":\"https:\/\/www.emballagedigest.fr\/\",\"name\":\"Emballage Digest\",\"description\":\"Revue professionnelle sur les emballages\",\"publisher\":{\"@id\":\"https:\/\/www.emballagedigest.fr\/#organization\"},\"potentialAction\":[{\"@type\":\"SearchAction\",\"target\":{\"@type\":\"EntryPoint\",\"urlTemplate\":\"https:\/\/www.emballagedigest.fr\/?s={search_term_string}\"},\"query-input\":{\"@type\":\"PropertyValueSpecification\",\"valueRequired\":true,\"valueName\":\"search_term_string\"}}],\"inLanguage\":\"en-GB\"},{\"@type\":\"Organization\",\"@id\":\"https:\/\/www.emballagedigest.fr\/#organization\",\"name\":\"Emballage Digest\",\"url\":\"https:\/\/www.emballagedigest.fr\/\",\"logo\":{\"@type\":\"ImageObject\",\"inLanguage\":\"en-GB\",\"@id\":\"https:\/\/www.emballagedigest.fr\/#\/schema\/logo\/image\/\",\"url\":\"https:\/\/www.emballagedigest.fr\/wp-content\/uploads\/2022\/07\/logo-ed.png\",\"contentUrl\":\"https:\/\/www.emballagedigest.fr\/wp-content\/uploads\/2022\/07\/logo-ed.png\",\"width\":379,\"height\":75,\"caption\":\"Emballage Digest\"},\"image\":{\"@id\":\"https:\/\/www.emballagedigest.fr\/#\/schema\/logo\/image\/\"}},{\"@type\":\"Person\",\"@id\":\"https:\/\/www.emballagedigest.fr\/#\/schema\/person\/d01fbac1f378e2f5e4096082cdf68ae5\",\"name\":\"admin_thopel\",\"image\":{\"@type\":\"ImageObject\",\"inLanguage\":\"en-GB\",\"@id\":\"https:\/\/www.emballagedigest.fr\/#\/schema\/person\/image\/\",\"url\":\"https:\/\/secure.gravatar.com\/avatar\/6cf644f6475359b596b81b10a64f989df38f1238649f7e33f97f69519e42dfbf?s=96&d=mm&r=g\",\"contentUrl\":\"https:\/\/secure.gravatar.com\/avatar\/6cf644f6475359b596b81b10a64f989df38f1238649f7e33f97f69519e42dfbf?s=96&d=mm&r=g\",\"caption\":\"admin_thopel\"},\"sameAs\":[\"http:\/\/localhost:8787\/emballage_digest\"],\"url\":\"https:\/\/www.emballagedigest.fr\/en\/author\/admin_thopel\/\"}]}<\/script>\n<!-- \/ Yoast SEO plugin. -->","yoast_head_json":{"title":"Un flacon masculin personnalisable \u00e0 l\u2019infini - Emballage Digest","robots":{"index":"index","follow":"follow","max-snippet":"max-snippet:-1","max-image-preview":"max-image-preview:large","max-video-preview":"max-video-preview:-1"},"canonical":"https:\/\/www.emballagedigest.fr\/en\/un-flacon-masculin-personnalisable-a-l-infini\/","og_locale":"en_GB","og_type":"article","og_title":"Un flacon masculin personnalisable \u00e0 l\u2019infini - Emballage Digest","og_description":"Pour son dernier lancement White in Black, Eau de Parfum, la Maison Lalique a imagin\u00e9 une fragrance magn\u00e9tique et contrast\u00e9e, c\u00e9l\u00e9brant l\u2019\u00e9l\u00e9gance casual-chic de la g\u00e9n\u00e9ration masculine de nos jours.","og_url":"https:\/\/www.emballagedigest.fr\/en\/un-flacon-masculin-personnalisable-a-l-infini\/","og_site_name":"Emballage Digest","article_published_time":"2021-06-30T00:00:00+00:00","article_modified_time":"2021-07-06T10:24:24+00:00","author":"admin_thopel","twitter_card":"summary_large_image","twitter_misc":{"Written by":"admin_thopel","Estimated reading time":"1 minute"},"schema":{"@context":"https:\/\/schema.org","@graph":[{"@type":"Article","@id":"https:\/\/www.emballagedigest.fr\/un-flacon-masculin-personnalisable-a-l-infini\/#article","isPartOf":{"@id":"https:\/\/www.emballagedigest.fr\/un-flacon-masculin-personnalisable-a-l-infini\/"},"author":{"name":"admin_thopel","@id":"https:\/\/www.emballagedigest.fr\/#\/schema\/person\/d01fbac1f378e2f5e4096082cdf68ae5"},"headline":"Un flacon masculin personnalisable \u00e0 l\u2019infini","datePublished":"2021-06-30T00:00:00+00:00","dateModified":"2021-07-06T10:24:24+00:00","mainEntityOfPage":{"@id":"https:\/\/www.emballagedigest.fr\/un-flacon-masculin-personnalisable-a-l-infini\/"},"wordCount":173,"publisher":{"@id":"https:\/\/www.emballagedigest.fr\/#organization"},"image":{"@id":"https:\/\/www.emballagedigest.fr\/un-flacon-masculin-personnalisable-a-l-infini\/#primaryimage"},"thumbnailUrl":"https:\/\/www.emballagedigest.fr\/wp-content\/uploads\/dotclear\/images\/2021\/REVUE\/juin\/06_21_lineaire8.jpg","articleSection":["Article entier","Lin\u00e9aires"],"inLanguage":"en-GB"},{"@type":"WebPage","@id":"https:\/\/www.emballagedigest.fr\/un-flacon-masculin-personnalisable-a-l-infini\/","url":"https:\/\/www.emballagedigest.fr\/un-flacon-masculin-personnalisable-a-l-infini\/","name":"Un flacon masculin personnalisable \u00e0 l\u2019infini - Emballage Digest","isPartOf":{"@id":"https:\/\/www.emballagedigest.fr\/#website"},"primaryImageOfPage":{"@id":"https:\/\/www.emballagedigest.fr\/un-flacon-masculin-personnalisable-a-l-infini\/#primaryimage"},"image":{"@id":"https:\/\/www.emballagedigest.fr\/un-flacon-masculin-personnalisable-a-l-infini\/#primaryimage"},"thumbnailUrl":"https:\/\/www.emballagedigest.fr\/wp-content\/uploads\/dotclear\/images\/2021\/REVUE\/juin\/06_21_lineaire8.jpg","datePublished":"2021-06-30T00:00:00+00:00","dateModified":"2021-07-06T10:24:24+00:00","breadcrumb":{"@id":"https:\/\/www.emballagedigest.fr\/un-flacon-masculin-personnalisable-a-l-infini\/#breadcrumb"},"inLanguage":"en-GB","potentialAction":[{"@type":"ReadAction","target":["https:\/\/www.emballagedigest.fr\/un-flacon-masculin-personnalisable-a-l-infini\/"]}]},{"@type":"ImageObject","inLanguage":"en-GB","@id":"https:\/\/www.emballagedigest.fr\/un-flacon-masculin-personnalisable-a-l-infini\/#primaryimage","url":"https:\/\/www.emballagedigest.fr\/wp-content\/uploads\/dotclear\/images\/2021\/REVUE\/juin\/06_21_lineaire8.jpg","contentUrl":"https:\/\/www.emballagedigest.fr\/wp-content\/uploads\/dotclear\/images\/2021\/REVUE\/juin\/06_21_lineaire8.jpg"},{"@type":"BreadcrumbList","@id":"https:\/\/www.emballagedigest.fr\/un-flacon-masculin-personnalisable-a-l-infini\/#breadcrumb","itemListElement":[{"@type":"ListItem","position":1,"name":"Accueil","item":"https:\/\/www.emballagedigest.fr\/"},{"@type":"ListItem","position":2,"name":"Un flacon masculin personnalisable \u00e0 l\u2019infini"}]},{"@type":"WebSite","@id":"https:\/\/www.emballagedigest.fr\/#website","url":"https:\/\/www.emballagedigest.fr\/","name":"Emballage Digest","description":"Revue professionnelle sur les emballages","publisher":{"@id":"https:\/\/www.emballagedigest.fr\/#organization"},"potentialAction":[{"@type":"SearchAction","target":{"@type":"EntryPoint","urlTemplate":"https:\/\/www.emballagedigest.fr\/?s={search_term_string}"},"query-input":{"@type":"PropertyValueSpecification","valueRequired":true,"valueName":"search_term_string"}}],"inLanguage":"en-GB"},{"@type":"Organization","@id":"https:\/\/www.emballagedigest.fr\/#organization","name":"Emballage Digest","url":"https:\/\/www.emballagedigest.fr\/","logo":{"@type":"ImageObject","inLanguage":"en-GB","@id":"https:\/\/www.emballagedigest.fr\/#\/schema\/logo\/image\/","url":"https:\/\/www.emballagedigest.fr\/wp-content\/uploads\/2022\/07\/logo-ed.png","contentUrl":"https:\/\/www.emballagedigest.fr\/wp-content\/uploads\/2022\/07\/logo-ed.png","width":379,"height":75,"caption":"Emballage Digest"},"image":{"@id":"https:\/\/www.emballagedigest.fr\/#\/schema\/logo\/image\/"}},{"@type":"Person","@id":"https:\/\/www.emballagedigest.fr\/#\/schema\/person\/d01fbac1f378e2f5e4096082cdf68ae5","name":"admin_thopel","image":{"@type":"ImageObject","inLanguage":"en-GB","@id":"https:\/\/www.emballagedigest.fr\/#\/schema\/person\/image\/","url":"https:\/\/secure.gravatar.com\/avatar\/6cf644f6475359b596b81b10a64f989df38f1238649f7e33f97f69519e42dfbf?s=96&d=mm&r=g","contentUrl":"https:\/\/secure.gravatar.com\/avatar\/6cf644f6475359b596b81b10a64f989df38f1238649f7e33f97f69519e42dfbf?s=96&d=mm&r=g","caption":"admin_thopel"},"sameAs":["http:\/\/localhost:8787\/emballage_digest"],"url":"https:\/\/www.emballagedigest.fr\/en\/author\/admin_thopel\/"}]}},"_links":{"self":[{"href":"https:\/\/www.emballagedigest.fr\/en\/wp-json\/wp\/v2\/posts\/23214","targetHints":{"allow":["GET"]}}],"collection":[{"href":"https:\/\/www.emballagedigest.fr\/en\/wp-json\/wp\/v2\/posts"}],"about":[{"href":"https:\/\/www.emballagedigest.fr\/en\/wp-json\/wp\/v2\/types\/post"}],"author":[{"embeddable":true,"href":"https:\/\/www.emballagedigest.fr\/en\/wp-json\/wp\/v2\/users\/1"}],"replies":[{"embeddable":true,"href":"https:\/\/www.emballagedigest.fr\/en\/wp-json\/wp\/v2\/comments?post=23214"}],"version-history":[{"count":0,"href":"https:\/\/www.emballagedigest.fr\/en\/wp-json\/wp\/v2\/posts\/23214\/revisions"}],"wp:featuredmedia":[{"embeddable":true,"href":"https:\/\/www.emballagedigest.fr\/en\/wp-json\/wp\/v2\/media\/33214"}],"wp:attachment":[{"href":"https:\/\/www.emballagedigest.fr\/en\/wp-json\/wp\/v2\/media?parent=23214"}],"wp:term":[{"taxonomy":"category","embeddable":true,"href":"https:\/\/www.emballagedigest.fr\/en\/wp-json\/wp\/v2\/categories?post=23214"},{"taxonomy":"post_tag","embeddable":true,"href":"https:\/\/www.emballagedigest.fr\/en\/wp-json\/wp\/v2\/tags?post=23214"}],"curies":[{"name":"wp","href":"https:\/\/api.w.org\/{rel}","templated":true}]}}