{"id":23225,"date":"2021-06-30T00:00:00","date_gmt":"2021-06-30T00:00:00","guid":{"rendered":"https:\/\/www.emballagedigest.fr\/?p=23225"},"modified":"2021-07-06T13:46:39","modified_gmt":"2021-07-06T13:46:39","slug":"allemagne-des-emballages-sante-plus-durables","status":"publish","type":"post","link":"https:\/\/www.emballagedigest.fr\/en\/allemagne-des-emballages-sante-plus-durables\/","title":{"rendered":"ALLEMAGNE : Des emballages sant\u00e9 plus durables"},"content":{"rendered":"<p>Le concept EcoLine de Gerresheimer permet de combiner la qualit\u00e9 et la durabilit\u00e9 \u00e0 partir de ses solutions d\u2019emballage plastiques pour les m\u00e9dicaments solides et liquides.<\/p>\n<p>Avec quatre axes d\u2019optimisation&nbsp;: le poids, le volume, les mat\u00e9riaux (\u00e9conomes en ressources ou recycl\u00e9s) et la recyclabilit\u00e9. Les mat\u00e9riaux et les ressources naturelles utilis\u00e9es en production peuvent \u00eatre recycl\u00e9s. L\u2019entreprise produit \u00e9galement des contenants en plastique \u00e0 partir de mat\u00e9riaux recycl\u00e9s, par exemple des bouteilles PET jusqu\u2019\u00e0 100% en plastique recycl\u00e9. Avec BioPack, Gerresheimer propose un plastique \u00e0 base de canne \u00e0 sucre, une mati\u00e8re premi\u00e8re renouvelable. Ce concept EcoLine peut \u00eatre appliqu\u00e9 aux gammes existantes telles que Duma, Triveni, les flacons compte-gouttes et les flacons en PET.<\/p>\n<p><em>Extrait de la revue n\u00b0 659 &#8211; Juin 2021. Reproduction interdite sauf accord \u00e9crit d&rsquo;Emballage Digest ou mention du support<\/em><\/p>","protected":false},"excerpt":{"rendered":"<p>Le concept EcoLine de Gerresheimer permet de combiner la qualit\u00e9 et la durabilit\u00e9 \u00e0 partir de ses solutions d\u2019emballage plastiques pour les m\u00e9dicaments solides et liquides.<\/p>","protected":false},"author":1,"featured_media":33225,"comment_status":"closed","ping_status":"closed","sticky":false,"template":"","format":"standard","meta":{"_acf_changed":false,"inline_featured_image":false,"iawp_total_views":0,"footnotes":""},"categories":[28,11],"tags":[],"class_list":["post-23225","post","type-post","status-publish","format-standard","has-post-thumbnail","hentry","category-article-entier","category-emballages"],"acf":[],"yoast_head":"<!-- This site is optimized with the Yoast SEO plugin v24.4 - https:\/\/yoast.com\/wordpress\/plugins\/seo\/ -->\n<title>ALLEMAGNE : Des emballages sant\u00e9 plus durables - Emballage Digest<\/title>\n<meta name=\"robots\" content=\"index, follow, max-snippet:-1, max-image-preview:large, max-video-preview:-1\" \/>\n<link rel=\"canonical\" href=\"https:\/\/www.emballagedigest.fr\/en\/allemagne-des-emballages-sante-plus-durables\/\" \/>\n<meta property=\"og:locale\" content=\"en_GB\" \/>\n<meta property=\"og:type\" content=\"article\" \/>\n<meta property=\"og:title\" content=\"ALLEMAGNE : Des emballages sant\u00e9 plus durables - Emballage Digest\" \/>\n<meta property=\"og:description\" content=\"Le concept EcoLine de Gerresheimer permet de combiner la qualit\u00e9 et la durabilit\u00e9 \u00e0 partir de ses solutions d\u2019emballage plastiques pour les m\u00e9dicaments solides et liquides.\" \/>\n<meta property=\"og:url\" content=\"https:\/\/www.emballagedigest.fr\/en\/allemagne-des-emballages-sante-plus-durables\/\" \/>\n<meta property=\"og:site_name\" content=\"Emballage Digest\" \/>\n<meta property=\"article:published_time\" content=\"2021-06-30T00:00:00+00:00\" \/>\n<meta property=\"article:modified_time\" content=\"2021-07-06T13:46:39+00:00\" \/>\n<meta name=\"author\" content=\"admin_thopel\" \/>\n<meta name=\"twitter:card\" content=\"summary_large_image\" \/>\n<meta name=\"twitter:label1\" content=\"Written by\" \/>\n\t<meta name=\"twitter:data1\" content=\"admin_thopel\" \/>\n\t<meta name=\"twitter:label2\" content=\"Estimated reading time\" \/>\n\t<meta name=\"twitter:data2\" content=\"1 minute\" \/>\n<script type=\"application\/ld+json\" class=\"yoast-schema-graph\">{\"@context\":\"https:\/\/schema.org\",\"@graph\":[{\"@type\":\"Article\",\"@id\":\"https:\/\/www.emballagedigest.fr\/allemagne-des-emballages-sante-plus-durables\/#article\",\"isPartOf\":{\"@id\":\"https:\/\/www.emballagedigest.fr\/allemagne-des-emballages-sante-plus-durables\/\"},\"author\":{\"name\":\"admin_thopel\",\"@id\":\"https:\/\/www.emballagedigest.fr\/#\/schema\/person\/d01fbac1f378e2f5e4096082cdf68ae5\"},\"headline\":\"ALLEMAGNE : Des emballages sant\u00e9 plus durables\",\"datePublished\":\"2021-06-30T00:00:00+00:00\",\"dateModified\":\"2021-07-06T13:46:39+00:00\",\"mainEntityOfPage\":{\"@id\":\"https:\/\/www.emballagedigest.fr\/allemagne-des-emballages-sante-plus-durables\/\"},\"wordCount\":149,\"publisher\":{\"@id\":\"https:\/\/www.emballagedigest.fr\/#organization\"},\"image\":{\"@id\":\"https:\/\/www.emballagedigest.fr\/allemagne-des-emballages-sante-plus-durables\/#primaryimage\"},\"thumbnailUrl\":\"https:\/\/www.emballagedigest.fr\/wp-content\/uploads\/dotclear\/images\/2021\/REVUE\/juin\/06_21_panorama2.jpg\",\"articleSection\":[\"Article entier\",\"Emballages\"],\"inLanguage\":\"en-GB\"},{\"@type\":\"WebPage\",\"@id\":\"https:\/\/www.emballagedigest.fr\/allemagne-des-emballages-sante-plus-durables\/\",\"url\":\"https:\/\/www.emballagedigest.fr\/allemagne-des-emballages-sante-plus-durables\/\",\"name\":\"ALLEMAGNE : Des emballages sant\u00e9 plus durables - Emballage Digest\",\"isPartOf\":{\"@id\":\"https:\/\/www.emballagedigest.fr\/#website\"},\"primaryImageOfPage\":{\"@id\":\"https:\/\/www.emballagedigest.fr\/allemagne-des-emballages-sante-plus-durables\/#primaryimage\"},\"image\":{\"@id\":\"https:\/\/www.emballagedigest.fr\/allemagne-des-emballages-sante-plus-durables\/#primaryimage\"},\"thumbnailUrl\":\"https:\/\/www.emballagedigest.fr\/wp-content\/uploads\/dotclear\/images\/2021\/REVUE\/juin\/06_21_panorama2.jpg\",\"datePublished\":\"2021-06-30T00:00:00+00:00\",\"dateModified\":\"2021-07-06T13:46:39+00:00\",\"breadcrumb\":{\"@id\":\"https:\/\/www.emballagedigest.fr\/allemagne-des-emballages-sante-plus-durables\/#breadcrumb\"},\"inLanguage\":\"en-GB\",\"potentialAction\":[{\"@type\":\"ReadAction\",\"target\":[\"https:\/\/www.emballagedigest.fr\/allemagne-des-emballages-sante-plus-durables\/\"]}]},{\"@type\":\"ImageObject\",\"inLanguage\":\"en-GB\",\"@id\":\"https:\/\/www.emballagedigest.fr\/allemagne-des-emballages-sante-plus-durables\/#primaryimage\",\"url\":\"https:\/\/www.emballagedigest.fr\/wp-content\/uploads\/dotclear\/images\/2021\/REVUE\/juin\/06_21_panorama2.jpg\",\"contentUrl\":\"https:\/\/www.emballagedigest.fr\/wp-content\/uploads\/dotclear\/images\/2021\/REVUE\/juin\/06_21_panorama2.jpg\"},{\"@type\":\"BreadcrumbList\",\"@id\":\"https:\/\/www.emballagedigest.fr\/allemagne-des-emballages-sante-plus-durables\/#breadcrumb\",\"itemListElement\":[{\"@type\":\"ListItem\",\"position\":1,\"name\":\"Accueil\",\"item\":\"https:\/\/www.emballagedigest.fr\/\"},{\"@type\":\"ListItem\",\"position\":2,\"name\":\"ALLEMAGNE : Des emballages sant\u00e9 plus durables\"}]},{\"@type\":\"WebSite\",\"@id\":\"https:\/\/www.emballagedigest.fr\/#website\",\"url\":\"https:\/\/www.emballagedigest.fr\/\",\"name\":\"Emballage Digest\",\"description\":\"Revue professionnelle sur les emballages\",\"publisher\":{\"@id\":\"https:\/\/www.emballagedigest.fr\/#organization\"},\"potentialAction\":[{\"@type\":\"SearchAction\",\"target\":{\"@type\":\"EntryPoint\",\"urlTemplate\":\"https:\/\/www.emballagedigest.fr\/?s={search_term_string}\"},\"query-input\":{\"@type\":\"PropertyValueSpecification\",\"valueRequired\":true,\"valueName\":\"search_term_string\"}}],\"inLanguage\":\"en-GB\"},{\"@type\":\"Organization\",\"@id\":\"https:\/\/www.emballagedigest.fr\/#organization\",\"name\":\"Emballage Digest\",\"url\":\"https:\/\/www.emballagedigest.fr\/\",\"logo\":{\"@type\":\"ImageObject\",\"inLanguage\":\"en-GB\",\"@id\":\"https:\/\/www.emballagedigest.fr\/#\/schema\/logo\/image\/\",\"url\":\"https:\/\/www.emballagedigest.fr\/wp-content\/uploads\/2022\/07\/logo-ed.png\",\"contentUrl\":\"https:\/\/www.emballagedigest.fr\/wp-content\/uploads\/2022\/07\/logo-ed.png\",\"width\":379,\"height\":75,\"caption\":\"Emballage Digest\"},\"image\":{\"@id\":\"https:\/\/www.emballagedigest.fr\/#\/schema\/logo\/image\/\"}},{\"@type\":\"Person\",\"@id\":\"https:\/\/www.emballagedigest.fr\/#\/schema\/person\/d01fbac1f378e2f5e4096082cdf68ae5\",\"name\":\"admin_thopel\",\"image\":{\"@type\":\"ImageObject\",\"inLanguage\":\"en-GB\",\"@id\":\"https:\/\/www.emballagedigest.fr\/#\/schema\/person\/image\/\",\"url\":\"https:\/\/secure.gravatar.com\/avatar\/6cf644f6475359b596b81b10a64f989df38f1238649f7e33f97f69519e42dfbf?s=96&d=mm&r=g\",\"contentUrl\":\"https:\/\/secure.gravatar.com\/avatar\/6cf644f6475359b596b81b10a64f989df38f1238649f7e33f97f69519e42dfbf?s=96&d=mm&r=g\",\"caption\":\"admin_thopel\"},\"sameAs\":[\"http:\/\/localhost:8787\/emballage_digest\"],\"url\":\"https:\/\/www.emballagedigest.fr\/en\/author\/admin_thopel\/\"}]}<\/script>\n<!-- \/ Yoast SEO plugin. -->","yoast_head_json":{"title":"ALLEMAGNE : Des emballages sant\u00e9 plus durables - Emballage Digest","robots":{"index":"index","follow":"follow","max-snippet":"max-snippet:-1","max-image-preview":"max-image-preview:large","max-video-preview":"max-video-preview:-1"},"canonical":"https:\/\/www.emballagedigest.fr\/en\/allemagne-des-emballages-sante-plus-durables\/","og_locale":"en_GB","og_type":"article","og_title":"ALLEMAGNE : Des emballages sant\u00e9 plus durables - Emballage Digest","og_description":"Le concept EcoLine de Gerresheimer permet de combiner la qualit\u00e9 et la durabilit\u00e9 \u00e0 partir de ses solutions d\u2019emballage plastiques pour les m\u00e9dicaments solides et liquides.","og_url":"https:\/\/www.emballagedigest.fr\/en\/allemagne-des-emballages-sante-plus-durables\/","og_site_name":"Emballage Digest","article_published_time":"2021-06-30T00:00:00+00:00","article_modified_time":"2021-07-06T13:46:39+00:00","author":"admin_thopel","twitter_card":"summary_large_image","twitter_misc":{"Written by":"admin_thopel","Estimated reading time":"1 minute"},"schema":{"@context":"https:\/\/schema.org","@graph":[{"@type":"Article","@id":"https:\/\/www.emballagedigest.fr\/allemagne-des-emballages-sante-plus-durables\/#article","isPartOf":{"@id":"https:\/\/www.emballagedigest.fr\/allemagne-des-emballages-sante-plus-durables\/"},"author":{"name":"admin_thopel","@id":"https:\/\/www.emballagedigest.fr\/#\/schema\/person\/d01fbac1f378e2f5e4096082cdf68ae5"},"headline":"ALLEMAGNE : Des emballages sant\u00e9 plus durables","datePublished":"2021-06-30T00:00:00+00:00","dateModified":"2021-07-06T13:46:39+00:00","mainEntityOfPage":{"@id":"https:\/\/www.emballagedigest.fr\/allemagne-des-emballages-sante-plus-durables\/"},"wordCount":149,"publisher":{"@id":"https:\/\/www.emballagedigest.fr\/#organization"},"image":{"@id":"https:\/\/www.emballagedigest.fr\/allemagne-des-emballages-sante-plus-durables\/#primaryimage"},"thumbnailUrl":"https:\/\/www.emballagedigest.fr\/wp-content\/uploads\/dotclear\/images\/2021\/REVUE\/juin\/06_21_panorama2.jpg","articleSection":["Article entier","Emballages"],"inLanguage":"en-GB"},{"@type":"WebPage","@id":"https:\/\/www.emballagedigest.fr\/allemagne-des-emballages-sante-plus-durables\/","url":"https:\/\/www.emballagedigest.fr\/allemagne-des-emballages-sante-plus-durables\/","name":"ALLEMAGNE : Des emballages sant\u00e9 plus durables - Emballage Digest","isPartOf":{"@id":"https:\/\/www.emballagedigest.fr\/#website"},"primaryImageOfPage":{"@id":"https:\/\/www.emballagedigest.fr\/allemagne-des-emballages-sante-plus-durables\/#primaryimage"},"image":{"@id":"https:\/\/www.emballagedigest.fr\/allemagne-des-emballages-sante-plus-durables\/#primaryimage"},"thumbnailUrl":"https:\/\/www.emballagedigest.fr\/wp-content\/uploads\/dotclear\/images\/2021\/REVUE\/juin\/06_21_panorama2.jpg","datePublished":"2021-06-30T00:00:00+00:00","dateModified":"2021-07-06T13:46:39+00:00","breadcrumb":{"@id":"https:\/\/www.emballagedigest.fr\/allemagne-des-emballages-sante-plus-durables\/#breadcrumb"},"inLanguage":"en-GB","potentialAction":[{"@type":"ReadAction","target":["https:\/\/www.emballagedigest.fr\/allemagne-des-emballages-sante-plus-durables\/"]}]},{"@type":"ImageObject","inLanguage":"en-GB","@id":"https:\/\/www.emballagedigest.fr\/allemagne-des-emballages-sante-plus-durables\/#primaryimage","url":"https:\/\/www.emballagedigest.fr\/wp-content\/uploads\/dotclear\/images\/2021\/REVUE\/juin\/06_21_panorama2.jpg","contentUrl":"https:\/\/www.emballagedigest.fr\/wp-content\/uploads\/dotclear\/images\/2021\/REVUE\/juin\/06_21_panorama2.jpg"},{"@type":"BreadcrumbList","@id":"https:\/\/www.emballagedigest.fr\/allemagne-des-emballages-sante-plus-durables\/#breadcrumb","itemListElement":[{"@type":"ListItem","position":1,"name":"Accueil","item":"https:\/\/www.emballagedigest.fr\/"},{"@type":"ListItem","position":2,"name":"ALLEMAGNE : Des emballages sant\u00e9 plus durables"}]},{"@type":"WebSite","@id":"https:\/\/www.emballagedigest.fr\/#website","url":"https:\/\/www.emballagedigest.fr\/","name":"Emballage Digest","description":"Revue professionnelle sur les emballages","publisher":{"@id":"https:\/\/www.emballagedigest.fr\/#organization"},"potentialAction":[{"@type":"SearchAction","target":{"@type":"EntryPoint","urlTemplate":"https:\/\/www.emballagedigest.fr\/?s={search_term_string}"},"query-input":{"@type":"PropertyValueSpecification","valueRequired":true,"valueName":"search_term_string"}}],"inLanguage":"en-GB"},{"@type":"Organization","@id":"https:\/\/www.emballagedigest.fr\/#organization","name":"Emballage Digest","url":"https:\/\/www.emballagedigest.fr\/","logo":{"@type":"ImageObject","inLanguage":"en-GB","@id":"https:\/\/www.emballagedigest.fr\/#\/schema\/logo\/image\/","url":"https:\/\/www.emballagedigest.fr\/wp-content\/uploads\/2022\/07\/logo-ed.png","contentUrl":"https:\/\/www.emballagedigest.fr\/wp-content\/uploads\/2022\/07\/logo-ed.png","width":379,"height":75,"caption":"Emballage Digest"},"image":{"@id":"https:\/\/www.emballagedigest.fr\/#\/schema\/logo\/image\/"}},{"@type":"Person","@id":"https:\/\/www.emballagedigest.fr\/#\/schema\/person\/d01fbac1f378e2f5e4096082cdf68ae5","name":"admin_thopel","image":{"@type":"ImageObject","inLanguage":"en-GB","@id":"https:\/\/www.emballagedigest.fr\/#\/schema\/person\/image\/","url":"https:\/\/secure.gravatar.com\/avatar\/6cf644f6475359b596b81b10a64f989df38f1238649f7e33f97f69519e42dfbf?s=96&d=mm&r=g","contentUrl":"https:\/\/secure.gravatar.com\/avatar\/6cf644f6475359b596b81b10a64f989df38f1238649f7e33f97f69519e42dfbf?s=96&d=mm&r=g","caption":"admin_thopel"},"sameAs":["http:\/\/localhost:8787\/emballage_digest"],"url":"https:\/\/www.emballagedigest.fr\/en\/author\/admin_thopel\/"}]}},"_links":{"self":[{"href":"https:\/\/www.emballagedigest.fr\/en\/wp-json\/wp\/v2\/posts\/23225","targetHints":{"allow":["GET"]}}],"collection":[{"href":"https:\/\/www.emballagedigest.fr\/en\/wp-json\/wp\/v2\/posts"}],"about":[{"href":"https:\/\/www.emballagedigest.fr\/en\/wp-json\/wp\/v2\/types\/post"}],"author":[{"embeddable":true,"href":"https:\/\/www.emballagedigest.fr\/en\/wp-json\/wp\/v2\/users\/1"}],"replies":[{"embeddable":true,"href":"https:\/\/www.emballagedigest.fr\/en\/wp-json\/wp\/v2\/comments?post=23225"}],"version-history":[{"count":0,"href":"https:\/\/www.emballagedigest.fr\/en\/wp-json\/wp\/v2\/posts\/23225\/revisions"}],"wp:featuredmedia":[{"embeddable":true,"href":"https:\/\/www.emballagedigest.fr\/en\/wp-json\/wp\/v2\/media\/33225"}],"wp:attachment":[{"href":"https:\/\/www.emballagedigest.fr\/en\/wp-json\/wp\/v2\/media?parent=23225"}],"wp:term":[{"taxonomy":"category","embeddable":true,"href":"https:\/\/www.emballagedigest.fr\/en\/wp-json\/wp\/v2\/categories?post=23225"},{"taxonomy":"post_tag","embeddable":true,"href":"https:\/\/www.emballagedigest.fr\/en\/wp-json\/wp\/v2\/tags?post=23225"}],"curies":[{"name":"wp","href":"https:\/\/api.w.org\/{rel}","templated":true}]}}