{"id":23228,"date":"2021-06-30T00:00:00","date_gmt":"2021-06-30T00:00:00","guid":{"rendered":"https:\/\/www.emballagedigest.fr\/?p=23228"},"modified":"2021-07-06T14:26:02","modified_gmt":"2021-07-06T14:26:02","slug":"le-bouchon-solidaire-un-peu-beaucoup-a-la-folie-par-doria-maiz-redactrice-en-chef","status":"publish","type":"post","link":"https:\/\/www.emballagedigest.fr\/en\/le-bouchon-solidaire-un-peu-beaucoup-a-la-folie-par-doria-maiz-redactrice-en-chef\/","title":{"rendered":"Le bouchon solidaire, un peu, beaucoup, \u00e0 la folie ! Par Doria Ma\u00efz, r\u00e9dactrice en chef"},"content":{"rendered":"<p>\nPour sonder l\u2019opinion du grand public quant \u00e0 la g\u00e9n\u00e9ralisation d\u2019ici juillet 2024 des bouchons solidaires pour tout contenant de moins de trois litres \u2013 impos\u00e9s par la r\u00e9glementation europ\u00e9enne pour lutter contre les d\u00e9chets sauvages \u2013 Sidel a sond\u00e9 plus de 3000 europ\u00e9ens sur le sujet*.<\/p>\n<p>Si les pan\u00e9listes sont d\u2019avis que les bouchons attach\u00e9s contribuent \u00e0 donner une image plus \u00e9cologique aux bouteilles en plastique, ils estiment qu\u2019un bouchon doit garantir, avant tout, la s\u00e9curit\u00e9 du produit et sa facilit\u00e9 d\u2019utilisation. Un rappel \u00e0 l\u2019ordre \u00e0 \u00ab&nbsp;une r\u00e9alit\u00e9 du terrain \u00bb basique et pragmatique. Mais sans grande surprise pour les fabricants de bouchons solidaires qui s\u2019att\u00e8lent depuis plusieurs mois, voire ann\u00e9es pour certains, \u00e0 optimiser la gestuelle famili\u00e8re de la bouteille plastique. Bouchons \u00e0 clipser ou \u00e0 vis, bouchons sport, etc. les mod\u00e8les ne cessent de gagner en performance depuis la fameuse et pionni\u00e8re bouteille Cristaline commercialis\u00e9e d\u00e8s 2016.<\/p>\n<p>L\u2019article 6 de cette nouvelle directive europ\u00e9enne 2019\/904 SUP aura eu le m\u00e9rite d\u2019acc\u00e9l\u00e9rer les investissements du c\u00f4t\u00e9 des outils de production, afin de se pr\u00e9parer \u00e0 l\u2019\u00e9ch\u00e9ance 2024. Et les bouteilles plastiques ne sont pas les seules concern\u00e9es. Dans le secteur des briques alimentaires, Tetra Pak vient ainsi d\u2019annoncer l\u2019extension de son site de bouchage de Ch\u00e2teaubriant et sa transition vers la production de bouchons solidaires d\u2019ici 2024. Une enveloppe de 100 millions d\u2019euros sera ainsi d\u00e9ploy\u00e9e entre 2021 et 2023 pour accompagner cette mutation. Avec \u00e0 la cl\u00e9, la cr\u00e9ation d\u2019au moins 30 nouveaux postes. Une note positive en ces temps moroses\u2026<\/p>\n<p><em>*Enqu\u00eat\u00e9 r\u00e9alis\u00e9e par Ales Research aupr\u00e8s de 3200 europ\u00e9ens \u00e2g\u00e9s de plus de 18 ans entre juin et septembre 2020.<\/em><\/p>\n<p><em>Extrait de la revue n\u00b0 659 &#8211; Juin 2021. Reproduction interdite sauf accord \u00e9crit d&rsquo;Emballage Digest ou mention du support<\/em><\/p>","protected":false},"excerpt":{"rendered":"<p>\nPour sonder l\u2019opinion du grand public quant \u00e0 la g\u00e9n\u00e9ralisation d\u2019ici juillet 2024 des bouchons solidaires pour tout contenant de moins de trois litres \u2013 impos\u00e9s par la r\u00e9glementation europ\u00e9enne pour lutter contre les d\u00e9chets sauvages \u2013 Sidel a sond\u00e9 plus de 3000 europ\u00e9ens sur le sujet*.<\/p>","protected":false},"author":1,"featured_media":0,"comment_status":"closed","ping_status":"closed","sticky":false,"template":"","format":"standard","meta":{"_acf_changed":false,"inline_featured_image":false,"iawp_total_views":0,"footnotes":""},"categories":[5,28,11],"tags":[],"class_list":["post-23228","post","type-post","status-publish","format-standard","hentry","category-alimentaire","category-article-entier","category-emballages"],"acf":[],"yoast_head":"<!-- This site is optimized with the Yoast SEO plugin v24.4 - https:\/\/yoast.com\/wordpress\/plugins\/seo\/ -->\n<title>Le bouchon solidaire, un peu, beaucoup, \u00e0 la folie ! Par Doria Ma\u00efz, r\u00e9dactrice en chef - Emballage Digest<\/title>\n<meta name=\"robots\" content=\"index, follow, max-snippet:-1, max-image-preview:large, max-video-preview:-1\" \/>\n<link rel=\"canonical\" href=\"https:\/\/www.emballagedigest.fr\/en\/le-bouchon-solidaire-un-peu-beaucoup-a-la-folie-par-doria-maiz-redactrice-en-chef\/\" \/>\n<meta property=\"og:locale\" content=\"en_GB\" \/>\n<meta property=\"og:type\" content=\"article\" \/>\n<meta property=\"og:title\" content=\"Le bouchon solidaire, un peu, beaucoup, \u00e0 la folie ! Par Doria Ma\u00efz, r\u00e9dactrice en chef - Emballage Digest\" \/>\n<meta property=\"og:description\" content=\"Pour sonder l\u2019opinion du grand public quant \u00e0 la g\u00e9n\u00e9ralisation d\u2019ici juillet 2024 des bouchons solidaires pour tout contenant de moins de trois litres \u2013 impos\u00e9s par la r\u00e9glementation europ\u00e9enne pour lutter contre les d\u00e9chets sauvages \u2013 Sidel a sond\u00e9 plus de 3000 europ\u00e9ens sur le sujet*.\" \/>\n<meta property=\"og:url\" content=\"https:\/\/www.emballagedigest.fr\/en\/le-bouchon-solidaire-un-peu-beaucoup-a-la-folie-par-doria-maiz-redactrice-en-chef\/\" \/>\n<meta property=\"og:site_name\" content=\"Emballage Digest\" \/>\n<meta property=\"article:published_time\" content=\"2021-06-30T00:00:00+00:00\" \/>\n<meta property=\"article:modified_time\" content=\"2021-07-06T14:26:02+00:00\" \/>\n<meta name=\"author\" content=\"admin_thopel\" \/>\n<meta name=\"twitter:card\" content=\"summary_large_image\" \/>\n<meta name=\"twitter:label1\" content=\"Written by\" \/>\n\t<meta name=\"twitter:data1\" content=\"admin_thopel\" \/>\n\t<meta name=\"twitter:label2\" content=\"Estimated reading time\" \/>\n\t<meta name=\"twitter:data2\" content=\"2 minutes\" \/>\n<script type=\"application\/ld+json\" class=\"yoast-schema-graph\">{\"@context\":\"https:\/\/schema.org\",\"@graph\":[{\"@type\":\"Article\",\"@id\":\"https:\/\/www.emballagedigest.fr\/le-bouchon-solidaire-un-peu-beaucoup-a-la-folie-par-doria-maiz-redactrice-en-chef\/#article\",\"isPartOf\":{\"@id\":\"https:\/\/www.emballagedigest.fr\/le-bouchon-solidaire-un-peu-beaucoup-a-la-folie-par-doria-maiz-redactrice-en-chef\/\"},\"author\":{\"name\":\"admin_thopel\",\"@id\":\"https:\/\/www.emballagedigest.fr\/#\/schema\/person\/d01fbac1f378e2f5e4096082cdf68ae5\"},\"headline\":\"Le bouchon solidaire, un peu, beaucoup, \u00e0 la folie ! Par Doria Ma\u00efz, r\u00e9dactrice en chef\",\"datePublished\":\"2021-06-30T00:00:00+00:00\",\"dateModified\":\"2021-07-06T14:26:02+00:00\",\"mainEntityOfPage\":{\"@id\":\"https:\/\/www.emballagedigest.fr\/le-bouchon-solidaire-un-peu-beaucoup-a-la-folie-par-doria-maiz-redactrice-en-chef\/\"},\"wordCount\":336,\"publisher\":{\"@id\":\"https:\/\/www.emballagedigest.fr\/#organization\"},\"articleSection\":[\"Alimentaire\",\"Article entier\",\"Emballages\"],\"inLanguage\":\"en-GB\"},{\"@type\":\"WebPage\",\"@id\":\"https:\/\/www.emballagedigest.fr\/le-bouchon-solidaire-un-peu-beaucoup-a-la-folie-par-doria-maiz-redactrice-en-chef\/\",\"url\":\"https:\/\/www.emballagedigest.fr\/le-bouchon-solidaire-un-peu-beaucoup-a-la-folie-par-doria-maiz-redactrice-en-chef\/\",\"name\":\"Le bouchon solidaire, un peu, beaucoup, \u00e0 la folie ! Par Doria Ma\u00efz, r\u00e9dactrice en chef - Emballage Digest\",\"isPartOf\":{\"@id\":\"https:\/\/www.emballagedigest.fr\/#website\"},\"datePublished\":\"2021-06-30T00:00:00+00:00\",\"dateModified\":\"2021-07-06T14:26:02+00:00\",\"breadcrumb\":{\"@id\":\"https:\/\/www.emballagedigest.fr\/le-bouchon-solidaire-un-peu-beaucoup-a-la-folie-par-doria-maiz-redactrice-en-chef\/#breadcrumb\"},\"inLanguage\":\"en-GB\",\"potentialAction\":[{\"@type\":\"ReadAction\",\"target\":[\"https:\/\/www.emballagedigest.fr\/le-bouchon-solidaire-un-peu-beaucoup-a-la-folie-par-doria-maiz-redactrice-en-chef\/\"]}]},{\"@type\":\"BreadcrumbList\",\"@id\":\"https:\/\/www.emballagedigest.fr\/le-bouchon-solidaire-un-peu-beaucoup-a-la-folie-par-doria-maiz-redactrice-en-chef\/#breadcrumb\",\"itemListElement\":[{\"@type\":\"ListItem\",\"position\":1,\"name\":\"Accueil\",\"item\":\"https:\/\/www.emballagedigest.fr\/\"},{\"@type\":\"ListItem\",\"position\":2,\"name\":\"Le bouchon solidaire, un peu, beaucoup, \u00e0 la folie ! Par Doria Ma\u00efz, r\u00e9dactrice en chef\"}]},{\"@type\":\"WebSite\",\"@id\":\"https:\/\/www.emballagedigest.fr\/#website\",\"url\":\"https:\/\/www.emballagedigest.fr\/\",\"name\":\"Emballage Digest\",\"description\":\"Revue professionnelle sur les emballages\",\"publisher\":{\"@id\":\"https:\/\/www.emballagedigest.fr\/#organization\"},\"potentialAction\":[{\"@type\":\"SearchAction\",\"target\":{\"@type\":\"EntryPoint\",\"urlTemplate\":\"https:\/\/www.emballagedigest.fr\/?s={search_term_string}\"},\"query-input\":{\"@type\":\"PropertyValueSpecification\",\"valueRequired\":true,\"valueName\":\"search_term_string\"}}],\"inLanguage\":\"en-GB\"},{\"@type\":\"Organization\",\"@id\":\"https:\/\/www.emballagedigest.fr\/#organization\",\"name\":\"Emballage Digest\",\"url\":\"https:\/\/www.emballagedigest.fr\/\",\"logo\":{\"@type\":\"ImageObject\",\"inLanguage\":\"en-GB\",\"@id\":\"https:\/\/www.emballagedigest.fr\/#\/schema\/logo\/image\/\",\"url\":\"https:\/\/www.emballagedigest.fr\/wp-content\/uploads\/2022\/07\/logo-ed.png\",\"contentUrl\":\"https:\/\/www.emballagedigest.fr\/wp-content\/uploads\/2022\/07\/logo-ed.png\",\"width\":379,\"height\":75,\"caption\":\"Emballage Digest\"},\"image\":{\"@id\":\"https:\/\/www.emballagedigest.fr\/#\/schema\/logo\/image\/\"}},{\"@type\":\"Person\",\"@id\":\"https:\/\/www.emballagedigest.fr\/#\/schema\/person\/d01fbac1f378e2f5e4096082cdf68ae5\",\"name\":\"admin_thopel\",\"image\":{\"@type\":\"ImageObject\",\"inLanguage\":\"en-GB\",\"@id\":\"https:\/\/www.emballagedigest.fr\/#\/schema\/person\/image\/\",\"url\":\"https:\/\/secure.gravatar.com\/avatar\/6cf644f6475359b596b81b10a64f989df38f1238649f7e33f97f69519e42dfbf?s=96&d=mm&r=g\",\"contentUrl\":\"https:\/\/secure.gravatar.com\/avatar\/6cf644f6475359b596b81b10a64f989df38f1238649f7e33f97f69519e42dfbf?s=96&d=mm&r=g\",\"caption\":\"admin_thopel\"},\"sameAs\":[\"http:\/\/localhost:8787\/emballage_digest\"],\"url\":\"https:\/\/www.emballagedigest.fr\/en\/author\/admin_thopel\/\"}]}<\/script>\n<!-- \/ Yoast SEO plugin. -->","yoast_head_json":{"title":"Le bouchon solidaire, un peu, beaucoup, \u00e0 la folie ! Par Doria Ma\u00efz, r\u00e9dactrice en chef - Emballage Digest","robots":{"index":"index","follow":"follow","max-snippet":"max-snippet:-1","max-image-preview":"max-image-preview:large","max-video-preview":"max-video-preview:-1"},"canonical":"https:\/\/www.emballagedigest.fr\/en\/le-bouchon-solidaire-un-peu-beaucoup-a-la-folie-par-doria-maiz-redactrice-en-chef\/","og_locale":"en_GB","og_type":"article","og_title":"Le bouchon solidaire, un peu, beaucoup, \u00e0 la folie ! Par Doria Ma\u00efz, r\u00e9dactrice en chef - Emballage Digest","og_description":"Pour sonder l\u2019opinion du grand public quant \u00e0 la g\u00e9n\u00e9ralisation d\u2019ici juillet 2024 des bouchons solidaires pour tout contenant de moins de trois litres \u2013 impos\u00e9s par la r\u00e9glementation europ\u00e9enne pour lutter contre les d\u00e9chets sauvages \u2013 Sidel a sond\u00e9 plus de 3000 europ\u00e9ens sur le sujet*.","og_url":"https:\/\/www.emballagedigest.fr\/en\/le-bouchon-solidaire-un-peu-beaucoup-a-la-folie-par-doria-maiz-redactrice-en-chef\/","og_site_name":"Emballage Digest","article_published_time":"2021-06-30T00:00:00+00:00","article_modified_time":"2021-07-06T14:26:02+00:00","author":"admin_thopel","twitter_card":"summary_large_image","twitter_misc":{"Written by":"admin_thopel","Estimated reading time":"2 minutes"},"schema":{"@context":"https:\/\/schema.org","@graph":[{"@type":"Article","@id":"https:\/\/www.emballagedigest.fr\/le-bouchon-solidaire-un-peu-beaucoup-a-la-folie-par-doria-maiz-redactrice-en-chef\/#article","isPartOf":{"@id":"https:\/\/www.emballagedigest.fr\/le-bouchon-solidaire-un-peu-beaucoup-a-la-folie-par-doria-maiz-redactrice-en-chef\/"},"author":{"name":"admin_thopel","@id":"https:\/\/www.emballagedigest.fr\/#\/schema\/person\/d01fbac1f378e2f5e4096082cdf68ae5"},"headline":"Le bouchon solidaire, un peu, beaucoup, \u00e0 la folie ! Par Doria Ma\u00efz, r\u00e9dactrice en chef","datePublished":"2021-06-30T00:00:00+00:00","dateModified":"2021-07-06T14:26:02+00:00","mainEntityOfPage":{"@id":"https:\/\/www.emballagedigest.fr\/le-bouchon-solidaire-un-peu-beaucoup-a-la-folie-par-doria-maiz-redactrice-en-chef\/"},"wordCount":336,"publisher":{"@id":"https:\/\/www.emballagedigest.fr\/#organization"},"articleSection":["Alimentaire","Article entier","Emballages"],"inLanguage":"en-GB"},{"@type":"WebPage","@id":"https:\/\/www.emballagedigest.fr\/le-bouchon-solidaire-un-peu-beaucoup-a-la-folie-par-doria-maiz-redactrice-en-chef\/","url":"https:\/\/www.emballagedigest.fr\/le-bouchon-solidaire-un-peu-beaucoup-a-la-folie-par-doria-maiz-redactrice-en-chef\/","name":"Le bouchon solidaire, un peu, beaucoup, \u00e0 la folie ! Par Doria Ma\u00efz, r\u00e9dactrice en chef - Emballage Digest","isPartOf":{"@id":"https:\/\/www.emballagedigest.fr\/#website"},"datePublished":"2021-06-30T00:00:00+00:00","dateModified":"2021-07-06T14:26:02+00:00","breadcrumb":{"@id":"https:\/\/www.emballagedigest.fr\/le-bouchon-solidaire-un-peu-beaucoup-a-la-folie-par-doria-maiz-redactrice-en-chef\/#breadcrumb"},"inLanguage":"en-GB","potentialAction":[{"@type":"ReadAction","target":["https:\/\/www.emballagedigest.fr\/le-bouchon-solidaire-un-peu-beaucoup-a-la-folie-par-doria-maiz-redactrice-en-chef\/"]}]},{"@type":"BreadcrumbList","@id":"https:\/\/www.emballagedigest.fr\/le-bouchon-solidaire-un-peu-beaucoup-a-la-folie-par-doria-maiz-redactrice-en-chef\/#breadcrumb","itemListElement":[{"@type":"ListItem","position":1,"name":"Accueil","item":"https:\/\/www.emballagedigest.fr\/"},{"@type":"ListItem","position":2,"name":"Le bouchon solidaire, un peu, beaucoup, \u00e0 la folie ! Par Doria Ma\u00efz, r\u00e9dactrice en chef"}]},{"@type":"WebSite","@id":"https:\/\/www.emballagedigest.fr\/#website","url":"https:\/\/www.emballagedigest.fr\/","name":"Emballage Digest","description":"Revue professionnelle sur les emballages","publisher":{"@id":"https:\/\/www.emballagedigest.fr\/#organization"},"potentialAction":[{"@type":"SearchAction","target":{"@type":"EntryPoint","urlTemplate":"https:\/\/www.emballagedigest.fr\/?s={search_term_string}"},"query-input":{"@type":"PropertyValueSpecification","valueRequired":true,"valueName":"search_term_string"}}],"inLanguage":"en-GB"},{"@type":"Organization","@id":"https:\/\/www.emballagedigest.fr\/#organization","name":"Emballage Digest","url":"https:\/\/www.emballagedigest.fr\/","logo":{"@type":"ImageObject","inLanguage":"en-GB","@id":"https:\/\/www.emballagedigest.fr\/#\/schema\/logo\/image\/","url":"https:\/\/www.emballagedigest.fr\/wp-content\/uploads\/2022\/07\/logo-ed.png","contentUrl":"https:\/\/www.emballagedigest.fr\/wp-content\/uploads\/2022\/07\/logo-ed.png","width":379,"height":75,"caption":"Emballage Digest"},"image":{"@id":"https:\/\/www.emballagedigest.fr\/#\/schema\/logo\/image\/"}},{"@type":"Person","@id":"https:\/\/www.emballagedigest.fr\/#\/schema\/person\/d01fbac1f378e2f5e4096082cdf68ae5","name":"admin_thopel","image":{"@type":"ImageObject","inLanguage":"en-GB","@id":"https:\/\/www.emballagedigest.fr\/#\/schema\/person\/image\/","url":"https:\/\/secure.gravatar.com\/avatar\/6cf644f6475359b596b81b10a64f989df38f1238649f7e33f97f69519e42dfbf?s=96&d=mm&r=g","contentUrl":"https:\/\/secure.gravatar.com\/avatar\/6cf644f6475359b596b81b10a64f989df38f1238649f7e33f97f69519e42dfbf?s=96&d=mm&r=g","caption":"admin_thopel"},"sameAs":["http:\/\/localhost:8787\/emballage_digest"],"url":"https:\/\/www.emballagedigest.fr\/en\/author\/admin_thopel\/"}]}},"_links":{"self":[{"href":"https:\/\/www.emballagedigest.fr\/en\/wp-json\/wp\/v2\/posts\/23228","targetHints":{"allow":["GET"]}}],"collection":[{"href":"https:\/\/www.emballagedigest.fr\/en\/wp-json\/wp\/v2\/posts"}],"about":[{"href":"https:\/\/www.emballagedigest.fr\/en\/wp-json\/wp\/v2\/types\/post"}],"author":[{"embeddable":true,"href":"https:\/\/www.emballagedigest.fr\/en\/wp-json\/wp\/v2\/users\/1"}],"replies":[{"embeddable":true,"href":"https:\/\/www.emballagedigest.fr\/en\/wp-json\/wp\/v2\/comments?post=23228"}],"version-history":[{"count":0,"href":"https:\/\/www.emballagedigest.fr\/en\/wp-json\/wp\/v2\/posts\/23228\/revisions"}],"wp:attachment":[{"href":"https:\/\/www.emballagedigest.fr\/en\/wp-json\/wp\/v2\/media?parent=23228"}],"wp:term":[{"taxonomy":"category","embeddable":true,"href":"https:\/\/www.emballagedigest.fr\/en\/wp-json\/wp\/v2\/categories?post=23228"},{"taxonomy":"post_tag","embeddable":true,"href":"https:\/\/www.emballagedigest.fr\/en\/wp-json\/wp\/v2\/tags?post=23228"}],"curies":[{"name":"wp","href":"https:\/\/api.w.org\/{rel}","templated":true}]}}