{"id":23230,"date":"2021-06-30T00:00:00","date_gmt":"2021-06-30T00:00:00","guid":{"rendered":"https:\/\/www.emballagedigest.fr\/?p=23230"},"modified":"2021-07-06T14:28:39","modified_gmt":"2021-07-06T14:28:39","slug":"lpr-renforce-sa-presence-en-europe-de-l-est","status":"publish","type":"post","link":"https:\/\/www.emballagedigest.fr\/en\/lpr-renforce-sa-presence-en-europe-de-l-est\/","title":{"rendered":"LPR renforce sa pr\u00e9sence en Europe de l\u2019Est"},"content":{"rendered":"<p>D\u00e9j\u00e0 tr\u00e8s pr\u00e9sent en Europe avec 8 filiales, La Palette Rouge (LPR) \u2013 acteur dans le secteur de la gestion-location de palettes \u2013 annonce l\u2019ouverture d\u2019une filiale en Roumanie.<\/p>\n<p>Cette nouvelle implantation permettra \u00e0 LPR de satisfaire les besoins d&rsquo;un nombre croissant de clients en Europe de l&rsquo;Est, explique Xavier Goube, Directeur G\u00e9n\u00e9ral de la division LPR. \u00ab&nbsp;Notre ambition est de renforcer rapidement notre positionnement sur l&rsquo;ensemble de la r\u00e9gion. De par sa situation g\u00e9ographique, l&rsquo;Europe de l&rsquo;Est joue un r\u00f4le strat\u00e9gique dans la croissance internationale de LPR et de nos clients \u00bb. En s&rsquo;implantant en Roumanie, LPR propose aux utilisateurs de palettes locatives une large gamme de palettes LPR, con\u00e7ues pour \u00eatre accept\u00e9es par tous les industriels et distributeurs europ\u00e9ens du FMCG et compatibles avec l\u2019ensemble des syst\u00e8mes de manutention et de stockage automatis\u00e9s. \u00abLa Roumanie est l&rsquo;une des plus grandes \u00e9conomies dans la r\u00e9gion de l\u2019Europe de l\u2019Est et pr\u00e9sente un grand potentiel pour LPR et ses clients. Afin de nous d\u00e9velopper de mani\u00e8re dynamique dans les ann\u00e9es \u00e0 venir, nous pourrons compter sur nos nombreux partenariats avec les principales cha\u00eenes de distribution \u2013 et producteurs internationaux et locaux de produits de grande consommation op\u00e9rant en Roumanie\u00bb, explique Andrei Nicolae, Directeur commercial de LPR en Roumanie. <\/p>\n<p><em>Extrait de la revue n\u00b0 659 &#8211; Juin 2021. Reproduction interdite sauf accord \u00e9crit d&rsquo;Emballage Digest ou mention du support<\/em><\/p>","protected":false},"excerpt":{"rendered":"<p>D\u00e9j\u00e0 tr\u00e8s pr\u00e9sent en Europe avec 8 filiales, La Palette Rouge (LPR) \u2013 acteur dans le secteur de la gestion-location de palettes \u2013 annonce l\u2019ouverture d\u2019une filiale en Roumanie.<\/p>","protected":false},"author":1,"featured_media":33230,"comment_status":"closed","ping_status":"closed","sticky":false,"template":"","format":"standard","meta":{"_acf_changed":false,"inline_featured_image":false,"iawp_total_views":0,"footnotes":""},"categories":[28],"tags":[],"class_list":["post-23230","post","type-post","status-publish","format-standard","has-post-thumbnail","hentry","category-article-entier"],"acf":[],"yoast_head":"<!-- This site is optimized with the Yoast SEO plugin v24.4 - https:\/\/yoast.com\/wordpress\/plugins\/seo\/ -->\n<title>LPR renforce sa pr\u00e9sence en Europe de l\u2019Est - Emballage Digest<\/title>\n<meta name=\"robots\" content=\"index, follow, max-snippet:-1, max-image-preview:large, max-video-preview:-1\" \/>\n<link rel=\"canonical\" href=\"https:\/\/www.emballagedigest.fr\/en\/lpr-renforce-sa-presence-en-europe-de-l-est\/\" \/>\n<meta property=\"og:locale\" content=\"en_GB\" \/>\n<meta property=\"og:type\" content=\"article\" \/>\n<meta property=\"og:title\" content=\"LPR renforce sa pr\u00e9sence en Europe de l\u2019Est - Emballage Digest\" \/>\n<meta property=\"og:description\" content=\"D\u00e9j\u00e0 tr\u00e8s pr\u00e9sent en Europe avec 8 filiales, La Palette Rouge (LPR) \u2013 acteur dans le secteur de la gestion-location de palettes \u2013 annonce l\u2019ouverture d\u2019une filiale en Roumanie.\" \/>\n<meta property=\"og:url\" content=\"https:\/\/www.emballagedigest.fr\/en\/lpr-renforce-sa-presence-en-europe-de-l-est\/\" \/>\n<meta property=\"og:site_name\" content=\"Emballage Digest\" \/>\n<meta property=\"article:published_time\" content=\"2021-06-30T00:00:00+00:00\" \/>\n<meta property=\"article:modified_time\" content=\"2021-07-06T14:28:39+00:00\" \/>\n<meta name=\"author\" content=\"admin_thopel\" \/>\n<meta name=\"twitter:card\" content=\"summary_large_image\" \/>\n<meta name=\"twitter:label1\" content=\"Written by\" \/>\n\t<meta name=\"twitter:data1\" content=\"admin_thopel\" \/>\n\t<meta name=\"twitter:label2\" content=\"Estimated reading time\" \/>\n\t<meta name=\"twitter:data2\" content=\"1 minute\" \/>\n<script type=\"application\/ld+json\" class=\"yoast-schema-graph\">{\"@context\":\"https:\/\/schema.org\",\"@graph\":[{\"@type\":\"Article\",\"@id\":\"https:\/\/www.emballagedigest.fr\/lpr-renforce-sa-presence-en-europe-de-l-est\/#article\",\"isPartOf\":{\"@id\":\"https:\/\/www.emballagedigest.fr\/lpr-renforce-sa-presence-en-europe-de-l-est\/\"},\"author\":{\"name\":\"admin_thopel\",\"@id\":\"https:\/\/www.emballagedigest.fr\/#\/schema\/person\/d01fbac1f378e2f5e4096082cdf68ae5\"},\"headline\":\"LPR renforce sa pr\u00e9sence en Europe de l\u2019Est\",\"datePublished\":\"2021-06-30T00:00:00+00:00\",\"dateModified\":\"2021-07-06T14:28:39+00:00\",\"mainEntityOfPage\":{\"@id\":\"https:\/\/www.emballagedigest.fr\/lpr-renforce-sa-presence-en-europe-de-l-est\/\"},\"wordCount\":264,\"publisher\":{\"@id\":\"https:\/\/www.emballagedigest.fr\/#organization\"},\"image\":{\"@id\":\"https:\/\/www.emballagedigest.fr\/lpr-renforce-sa-presence-en-europe-de-l-est\/#primaryimage\"},\"thumbnailUrl\":\"https:\/\/www.emballagedigest.fr\/wp-content\/uploads\/dotclear\/images\/2021\/REVUE\/juin\/06_21_actu_mt2.jpg\",\"articleSection\":[\"Article entier\"],\"inLanguage\":\"en-GB\"},{\"@type\":\"WebPage\",\"@id\":\"https:\/\/www.emballagedigest.fr\/lpr-renforce-sa-presence-en-europe-de-l-est\/\",\"url\":\"https:\/\/www.emballagedigest.fr\/lpr-renforce-sa-presence-en-europe-de-l-est\/\",\"name\":\"LPR renforce sa pr\u00e9sence en Europe de l\u2019Est - Emballage Digest\",\"isPartOf\":{\"@id\":\"https:\/\/www.emballagedigest.fr\/#website\"},\"primaryImageOfPage\":{\"@id\":\"https:\/\/www.emballagedigest.fr\/lpr-renforce-sa-presence-en-europe-de-l-est\/#primaryimage\"},\"image\":{\"@id\":\"https:\/\/www.emballagedigest.fr\/lpr-renforce-sa-presence-en-europe-de-l-est\/#primaryimage\"},\"thumbnailUrl\":\"https:\/\/www.emballagedigest.fr\/wp-content\/uploads\/dotclear\/images\/2021\/REVUE\/juin\/06_21_actu_mt2.jpg\",\"datePublished\":\"2021-06-30T00:00:00+00:00\",\"dateModified\":\"2021-07-06T14:28:39+00:00\",\"breadcrumb\":{\"@id\":\"https:\/\/www.emballagedigest.fr\/lpr-renforce-sa-presence-en-europe-de-l-est\/#breadcrumb\"},\"inLanguage\":\"en-GB\",\"potentialAction\":[{\"@type\":\"ReadAction\",\"target\":[\"https:\/\/www.emballagedigest.fr\/lpr-renforce-sa-presence-en-europe-de-l-est\/\"]}]},{\"@type\":\"ImageObject\",\"inLanguage\":\"en-GB\",\"@id\":\"https:\/\/www.emballagedigest.fr\/lpr-renforce-sa-presence-en-europe-de-l-est\/#primaryimage\",\"url\":\"https:\/\/www.emballagedigest.fr\/wp-content\/uploads\/dotclear\/images\/2021\/REVUE\/juin\/06_21_actu_mt2.jpg\",\"contentUrl\":\"https:\/\/www.emballagedigest.fr\/wp-content\/uploads\/dotclear\/images\/2021\/REVUE\/juin\/06_21_actu_mt2.jpg\"},{\"@type\":\"BreadcrumbList\",\"@id\":\"https:\/\/www.emballagedigest.fr\/lpr-renforce-sa-presence-en-europe-de-l-est\/#breadcrumb\",\"itemListElement\":[{\"@type\":\"ListItem\",\"position\":1,\"name\":\"Accueil\",\"item\":\"https:\/\/www.emballagedigest.fr\/\"},{\"@type\":\"ListItem\",\"position\":2,\"name\":\"LPR renforce sa pr\u00e9sence en Europe de l\u2019Est\"}]},{\"@type\":\"WebSite\",\"@id\":\"https:\/\/www.emballagedigest.fr\/#website\",\"url\":\"https:\/\/www.emballagedigest.fr\/\",\"name\":\"Emballage Digest\",\"description\":\"Revue professionnelle sur les emballages\",\"publisher\":{\"@id\":\"https:\/\/www.emballagedigest.fr\/#organization\"},\"potentialAction\":[{\"@type\":\"SearchAction\",\"target\":{\"@type\":\"EntryPoint\",\"urlTemplate\":\"https:\/\/www.emballagedigest.fr\/?s={search_term_string}\"},\"query-input\":{\"@type\":\"PropertyValueSpecification\",\"valueRequired\":true,\"valueName\":\"search_term_string\"}}],\"inLanguage\":\"en-GB\"},{\"@type\":\"Organization\",\"@id\":\"https:\/\/www.emballagedigest.fr\/#organization\",\"name\":\"Emballage Digest\",\"url\":\"https:\/\/www.emballagedigest.fr\/\",\"logo\":{\"@type\":\"ImageObject\",\"inLanguage\":\"en-GB\",\"@id\":\"https:\/\/www.emballagedigest.fr\/#\/schema\/logo\/image\/\",\"url\":\"https:\/\/www.emballagedigest.fr\/wp-content\/uploads\/2022\/07\/logo-ed.png\",\"contentUrl\":\"https:\/\/www.emballagedigest.fr\/wp-content\/uploads\/2022\/07\/logo-ed.png\",\"width\":379,\"height\":75,\"caption\":\"Emballage Digest\"},\"image\":{\"@id\":\"https:\/\/www.emballagedigest.fr\/#\/schema\/logo\/image\/\"}},{\"@type\":\"Person\",\"@id\":\"https:\/\/www.emballagedigest.fr\/#\/schema\/person\/d01fbac1f378e2f5e4096082cdf68ae5\",\"name\":\"admin_thopel\",\"image\":{\"@type\":\"ImageObject\",\"inLanguage\":\"en-GB\",\"@id\":\"https:\/\/www.emballagedigest.fr\/#\/schema\/person\/image\/\",\"url\":\"https:\/\/secure.gravatar.com\/avatar\/6cf644f6475359b596b81b10a64f989df38f1238649f7e33f97f69519e42dfbf?s=96&d=mm&r=g\",\"contentUrl\":\"https:\/\/secure.gravatar.com\/avatar\/6cf644f6475359b596b81b10a64f989df38f1238649f7e33f97f69519e42dfbf?s=96&d=mm&r=g\",\"caption\":\"admin_thopel\"},\"sameAs\":[\"http:\/\/localhost:8787\/emballage_digest\"],\"url\":\"https:\/\/www.emballagedigest.fr\/en\/author\/admin_thopel\/\"}]}<\/script>\n<!-- \/ Yoast SEO plugin. -->","yoast_head_json":{"title":"LPR renforce sa pr\u00e9sence en Europe de l\u2019Est - Emballage Digest","robots":{"index":"index","follow":"follow","max-snippet":"max-snippet:-1","max-image-preview":"max-image-preview:large","max-video-preview":"max-video-preview:-1"},"canonical":"https:\/\/www.emballagedigest.fr\/en\/lpr-renforce-sa-presence-en-europe-de-l-est\/","og_locale":"en_GB","og_type":"article","og_title":"LPR renforce sa pr\u00e9sence en Europe de l\u2019Est - Emballage Digest","og_description":"D\u00e9j\u00e0 tr\u00e8s pr\u00e9sent en Europe avec 8 filiales, La Palette Rouge (LPR) \u2013 acteur dans le secteur de la gestion-location de palettes \u2013 annonce l\u2019ouverture d\u2019une filiale en Roumanie.","og_url":"https:\/\/www.emballagedigest.fr\/en\/lpr-renforce-sa-presence-en-europe-de-l-est\/","og_site_name":"Emballage Digest","article_published_time":"2021-06-30T00:00:00+00:00","article_modified_time":"2021-07-06T14:28:39+00:00","author":"admin_thopel","twitter_card":"summary_large_image","twitter_misc":{"Written by":"admin_thopel","Estimated reading time":"1 minute"},"schema":{"@context":"https:\/\/schema.org","@graph":[{"@type":"Article","@id":"https:\/\/www.emballagedigest.fr\/lpr-renforce-sa-presence-en-europe-de-l-est\/#article","isPartOf":{"@id":"https:\/\/www.emballagedigest.fr\/lpr-renforce-sa-presence-en-europe-de-l-est\/"},"author":{"name":"admin_thopel","@id":"https:\/\/www.emballagedigest.fr\/#\/schema\/person\/d01fbac1f378e2f5e4096082cdf68ae5"},"headline":"LPR renforce sa pr\u00e9sence en Europe de l\u2019Est","datePublished":"2021-06-30T00:00:00+00:00","dateModified":"2021-07-06T14:28:39+00:00","mainEntityOfPage":{"@id":"https:\/\/www.emballagedigest.fr\/lpr-renforce-sa-presence-en-europe-de-l-est\/"},"wordCount":264,"publisher":{"@id":"https:\/\/www.emballagedigest.fr\/#organization"},"image":{"@id":"https:\/\/www.emballagedigest.fr\/lpr-renforce-sa-presence-en-europe-de-l-est\/#primaryimage"},"thumbnailUrl":"https:\/\/www.emballagedigest.fr\/wp-content\/uploads\/dotclear\/images\/2021\/REVUE\/juin\/06_21_actu_mt2.jpg","articleSection":["Article entier"],"inLanguage":"en-GB"},{"@type":"WebPage","@id":"https:\/\/www.emballagedigest.fr\/lpr-renforce-sa-presence-en-europe-de-l-est\/","url":"https:\/\/www.emballagedigest.fr\/lpr-renforce-sa-presence-en-europe-de-l-est\/","name":"LPR renforce sa pr\u00e9sence en Europe de l\u2019Est - Emballage Digest","isPartOf":{"@id":"https:\/\/www.emballagedigest.fr\/#website"},"primaryImageOfPage":{"@id":"https:\/\/www.emballagedigest.fr\/lpr-renforce-sa-presence-en-europe-de-l-est\/#primaryimage"},"image":{"@id":"https:\/\/www.emballagedigest.fr\/lpr-renforce-sa-presence-en-europe-de-l-est\/#primaryimage"},"thumbnailUrl":"https:\/\/www.emballagedigest.fr\/wp-content\/uploads\/dotclear\/images\/2021\/REVUE\/juin\/06_21_actu_mt2.jpg","datePublished":"2021-06-30T00:00:00+00:00","dateModified":"2021-07-06T14:28:39+00:00","breadcrumb":{"@id":"https:\/\/www.emballagedigest.fr\/lpr-renforce-sa-presence-en-europe-de-l-est\/#breadcrumb"},"inLanguage":"en-GB","potentialAction":[{"@type":"ReadAction","target":["https:\/\/www.emballagedigest.fr\/lpr-renforce-sa-presence-en-europe-de-l-est\/"]}]},{"@type":"ImageObject","inLanguage":"en-GB","@id":"https:\/\/www.emballagedigest.fr\/lpr-renforce-sa-presence-en-europe-de-l-est\/#primaryimage","url":"https:\/\/www.emballagedigest.fr\/wp-content\/uploads\/dotclear\/images\/2021\/REVUE\/juin\/06_21_actu_mt2.jpg","contentUrl":"https:\/\/www.emballagedigest.fr\/wp-content\/uploads\/dotclear\/images\/2021\/REVUE\/juin\/06_21_actu_mt2.jpg"},{"@type":"BreadcrumbList","@id":"https:\/\/www.emballagedigest.fr\/lpr-renforce-sa-presence-en-europe-de-l-est\/#breadcrumb","itemListElement":[{"@type":"ListItem","position":1,"name":"Accueil","item":"https:\/\/www.emballagedigest.fr\/"},{"@type":"ListItem","position":2,"name":"LPR renforce sa pr\u00e9sence en Europe de l\u2019Est"}]},{"@type":"WebSite","@id":"https:\/\/www.emballagedigest.fr\/#website","url":"https:\/\/www.emballagedigest.fr\/","name":"Emballage Digest","description":"Revue professionnelle sur les emballages","publisher":{"@id":"https:\/\/www.emballagedigest.fr\/#organization"},"potentialAction":[{"@type":"SearchAction","target":{"@type":"EntryPoint","urlTemplate":"https:\/\/www.emballagedigest.fr\/?s={search_term_string}"},"query-input":{"@type":"PropertyValueSpecification","valueRequired":true,"valueName":"search_term_string"}}],"inLanguage":"en-GB"},{"@type":"Organization","@id":"https:\/\/www.emballagedigest.fr\/#organization","name":"Emballage Digest","url":"https:\/\/www.emballagedigest.fr\/","logo":{"@type":"ImageObject","inLanguage":"en-GB","@id":"https:\/\/www.emballagedigest.fr\/#\/schema\/logo\/image\/","url":"https:\/\/www.emballagedigest.fr\/wp-content\/uploads\/2022\/07\/logo-ed.png","contentUrl":"https:\/\/www.emballagedigest.fr\/wp-content\/uploads\/2022\/07\/logo-ed.png","width":379,"height":75,"caption":"Emballage Digest"},"image":{"@id":"https:\/\/www.emballagedigest.fr\/#\/schema\/logo\/image\/"}},{"@type":"Person","@id":"https:\/\/www.emballagedigest.fr\/#\/schema\/person\/d01fbac1f378e2f5e4096082cdf68ae5","name":"admin_thopel","image":{"@type":"ImageObject","inLanguage":"en-GB","@id":"https:\/\/www.emballagedigest.fr\/#\/schema\/person\/image\/","url":"https:\/\/secure.gravatar.com\/avatar\/6cf644f6475359b596b81b10a64f989df38f1238649f7e33f97f69519e42dfbf?s=96&d=mm&r=g","contentUrl":"https:\/\/secure.gravatar.com\/avatar\/6cf644f6475359b596b81b10a64f989df38f1238649f7e33f97f69519e42dfbf?s=96&d=mm&r=g","caption":"admin_thopel"},"sameAs":["http:\/\/localhost:8787\/emballage_digest"],"url":"https:\/\/www.emballagedigest.fr\/en\/author\/admin_thopel\/"}]}},"_links":{"self":[{"href":"https:\/\/www.emballagedigest.fr\/en\/wp-json\/wp\/v2\/posts\/23230","targetHints":{"allow":["GET"]}}],"collection":[{"href":"https:\/\/www.emballagedigest.fr\/en\/wp-json\/wp\/v2\/posts"}],"about":[{"href":"https:\/\/www.emballagedigest.fr\/en\/wp-json\/wp\/v2\/types\/post"}],"author":[{"embeddable":true,"href":"https:\/\/www.emballagedigest.fr\/en\/wp-json\/wp\/v2\/users\/1"}],"replies":[{"embeddable":true,"href":"https:\/\/www.emballagedigest.fr\/en\/wp-json\/wp\/v2\/comments?post=23230"}],"version-history":[{"count":0,"href":"https:\/\/www.emballagedigest.fr\/en\/wp-json\/wp\/v2\/posts\/23230\/revisions"}],"wp:featuredmedia":[{"embeddable":true,"href":"https:\/\/www.emballagedigest.fr\/en\/wp-json\/wp\/v2\/media\/33230"}],"wp:attachment":[{"href":"https:\/\/www.emballagedigest.fr\/en\/wp-json\/wp\/v2\/media?parent=23230"}],"wp:term":[{"taxonomy":"category","embeddable":true,"href":"https:\/\/www.emballagedigest.fr\/en\/wp-json\/wp\/v2\/categories?post=23230"},{"taxonomy":"post_tag","embeddable":true,"href":"https:\/\/www.emballagedigest.fr\/en\/wp-json\/wp\/v2\/tags?post=23230"}],"curies":[{"name":"wp","href":"https:\/\/api.w.org\/{rel}","templated":true}]}}