{"id":23256,"date":"2021-07-19T08:35:09","date_gmt":"2021-07-19T08:35:09","guid":{"rendered":"https:\/\/www.emballagedigest.fr\/?p=23256"},"modified":"2021-07-19T14:39:53","modified_gmt":"2021-07-19T14:39:53","slug":"tournaire-cede-sa-filiale-equipement-a-groupe-adf","status":"publish","type":"post","link":"https:\/\/www.emballagedigest.fr\/en\/tournaire-cede-sa-filiale-equipement-a-groupe-adf\/","title":{"rendered":"Tournaire c\u00e8de sa filiale Equipement \u00e0 Groupe ADF"},"content":{"rendered":"<p>Pour mieux servir ses clients, rester performant, r\u00e9pondre aux nouvelles exigences des r\u00e9glementations et des enjeux environnementaux et faire face \u00e0 la mont\u00e9e en puissance de la concurrence asiatique, le groupe Tournaire change de mod\u00e8le en c\u00e9dant sa filiale Tournaire Equipement SAS \u00e0 Groupe ADF. Cette cession a pour but de mettre en \u0153uvre des projets ambitieux par les deux groupes pour les deux activit\u00e9s (Equipement et Emballage).<\/p>\n<p>La cession accompagne la mutation entam\u00e9e par le groupe depuis cinq ans pour son activit\u00e9 \u00abproc\u00e9d\u00e9s et ing\u00e9nierie\u00bb boost\u00e9e par le succ\u00e8s du WiNatLab, une plateforme d\u00e9veloppement et industrielle collaborative autour du naturel. Avec comme enjeu essentiel&nbsp;: l\u2019industrialisation de l&rsquo;atelier de fabrication des \u00e9quipements chaudronn\u00e9s pour lequel il est strat\u00e9gique de d\u00e9passer la taille critique des 10 M\u20ac de chiffre d&rsquo;affaires.<\/p>\n<p>Le choix port\u00e9 sur le Groupe ADF est bas\u00e9, explique Tournaire, sur des valeurs communes \u00e0 savoir une entreprise familiale, fran\u00e7aise de la r\u00e9gion Sud. <br \/>\n\u00abC&rsquo;est aussi pour sa connaissance du m\u00e9tier, la ma\u00eetrise des activit\u00e9s de projets, son offre compl\u00e8te de services, sa force commerciale internationale, la capacit\u00e9 de son outil industriel, sa solidit\u00e9 financi\u00e8re, sa saine gestion et ses ambitions pour Tournaire Equipement SAS que nous avons choisi le Groupe ADF\u00bb, a expliqu\u00e9 Luc Tournaire, pr\u00e9sident de Tournaire.<\/p>\n<p>Marc Eliayan, Pr\u00e9sident-Directeur G\u00e9n\u00e9ral de Groupe ADF compl\u00e8te&nbsp;: \u00abnous allons poursuivre l&rsquo;investissement et le plan de red\u00e9ploiement engag\u00e9, en profitant de synergies avec nos activit\u00e9s de production et de services, mais aussi en nous appuyant sur notre force commerciale internationale et nos \u00e9quipes de proximit\u00e9 pour acc\u00e9l\u00e9rer le rayonnement et la port\u00e9e du Naturel dans des secteurs de la Sant\u00e9 et de la Chimie en forte demande\u00bb.<\/p>\n<p><em>Reproduction interdite sauf accord \u00e9crit d&rsquo;Emballage Digest ou mention du support<\/em><\/p>","protected":false},"excerpt":{"rendered":"<p>Pour mieux servir ses clients, rester performant, r\u00e9pondre aux nouvelles exigences des r\u00e9glementations et des enjeux environnementaux et faire face \u00e0 la mont\u00e9e en puissance de la concurrence asiatique, le groupe Tournaire change de mod\u00e8le en c\u00e9dant sa filiale Tournaire Equipement SAS \u00e0 Groupe ADF. Cette cession a pour but de mettre en \u0153uvre des projets ambitieux par les deux groupes pour les deux activit\u00e9s (Equipement et Emballage).<\/p>","protected":false},"author":1,"featured_media":33256,"comment_status":"closed","ping_status":"closed","sticky":false,"template":"","format":"standard","meta":{"_acf_changed":false,"inline_featured_image":false,"iawp_total_views":0,"footnotes":""},"categories":[28],"tags":[],"class_list":["post-23256","post","type-post","status-publish","format-standard","has-post-thumbnail","hentry","category-article-entier"],"acf":[],"yoast_head":"<!-- This site is optimized with the Yoast SEO plugin v24.4 - https:\/\/yoast.com\/wordpress\/plugins\/seo\/ -->\n<title>Tournaire c\u00e8de sa filiale Equipement \u00e0 Groupe ADF - Emballage Digest<\/title>\n<meta name=\"robots\" content=\"index, follow, max-snippet:-1, max-image-preview:large, max-video-preview:-1\" \/>\n<link rel=\"canonical\" href=\"https:\/\/www.emballagedigest.fr\/en\/tournaire-cede-sa-filiale-equipement-a-groupe-adf\/\" \/>\n<meta property=\"og:locale\" content=\"en_GB\" \/>\n<meta property=\"og:type\" content=\"article\" \/>\n<meta property=\"og:title\" content=\"Tournaire c\u00e8de sa filiale Equipement \u00e0 Groupe ADF - Emballage Digest\" \/>\n<meta property=\"og:description\" content=\"Pour mieux servir ses clients, rester performant, r\u00e9pondre aux nouvelles exigences des r\u00e9glementations et des enjeux environnementaux et faire face \u00e0 la mont\u00e9e en puissance de la concurrence asiatique, le groupe Tournaire change de mod\u00e8le en c\u00e9dant sa filiale Tournaire Equipement SAS \u00e0 Groupe ADF. Cette cession a pour but de mettre en \u0153uvre des projets ambitieux par les deux groupes pour les deux activit\u00e9s (Equipement et Emballage).\" \/>\n<meta property=\"og:url\" content=\"https:\/\/www.emballagedigest.fr\/en\/tournaire-cede-sa-filiale-equipement-a-groupe-adf\/\" \/>\n<meta property=\"og:site_name\" content=\"Emballage Digest\" \/>\n<meta property=\"article:published_time\" content=\"2021-07-19T08:35:09+00:00\" \/>\n<meta property=\"article:modified_time\" content=\"2021-07-19T14:39:53+00:00\" \/>\n<meta name=\"author\" content=\"admin_thopel\" \/>\n<meta name=\"twitter:card\" content=\"summary_large_image\" \/>\n<meta name=\"twitter:label1\" content=\"Written by\" \/>\n\t<meta name=\"twitter:data1\" content=\"admin_thopel\" \/>\n\t<meta name=\"twitter:label2\" content=\"Estimated reading time\" \/>\n\t<meta name=\"twitter:data2\" content=\"2 minutes\" \/>\n<script type=\"application\/ld+json\" class=\"yoast-schema-graph\">{\"@context\":\"https:\/\/schema.org\",\"@graph\":[{\"@type\":\"Article\",\"@id\":\"https:\/\/www.emballagedigest.fr\/tournaire-cede-sa-filiale-equipement-a-groupe-adf\/#article\",\"isPartOf\":{\"@id\":\"https:\/\/www.emballagedigest.fr\/tournaire-cede-sa-filiale-equipement-a-groupe-adf\/\"},\"author\":{\"name\":\"admin_thopel\",\"@id\":\"https:\/\/www.emballagedigest.fr\/#\/schema\/person\/d01fbac1f378e2f5e4096082cdf68ae5\"},\"headline\":\"Tournaire c\u00e8de sa filiale Equipement \u00e0 Groupe ADF\",\"datePublished\":\"2021-07-19T08:35:09+00:00\",\"dateModified\":\"2021-07-19T14:39:53+00:00\",\"mainEntityOfPage\":{\"@id\":\"https:\/\/www.emballagedigest.fr\/tournaire-cede-sa-filiale-equipement-a-groupe-adf\/\"},\"wordCount\":332,\"publisher\":{\"@id\":\"https:\/\/www.emballagedigest.fr\/#organization\"},\"image\":{\"@id\":\"https:\/\/www.emballagedigest.fr\/tournaire-cede-sa-filiale-equipement-a-groupe-adf\/#primaryimage\"},\"thumbnailUrl\":\"https:\/\/www.emballagedigest.fr\/wp-content\/uploads\/dotclear\/images\/2021\/BONUS\/juill\/tournaire_article.jpg\",\"articleSection\":[\"Article entier\"],\"inLanguage\":\"en-GB\"},{\"@type\":\"WebPage\",\"@id\":\"https:\/\/www.emballagedigest.fr\/tournaire-cede-sa-filiale-equipement-a-groupe-adf\/\",\"url\":\"https:\/\/www.emballagedigest.fr\/tournaire-cede-sa-filiale-equipement-a-groupe-adf\/\",\"name\":\"Tournaire c\u00e8de sa filiale Equipement \u00e0 Groupe ADF - Emballage Digest\",\"isPartOf\":{\"@id\":\"https:\/\/www.emballagedigest.fr\/#website\"},\"primaryImageOfPage\":{\"@id\":\"https:\/\/www.emballagedigest.fr\/tournaire-cede-sa-filiale-equipement-a-groupe-adf\/#primaryimage\"},\"image\":{\"@id\":\"https:\/\/www.emballagedigest.fr\/tournaire-cede-sa-filiale-equipement-a-groupe-adf\/#primaryimage\"},\"thumbnailUrl\":\"https:\/\/www.emballagedigest.fr\/wp-content\/uploads\/dotclear\/images\/2021\/BONUS\/juill\/tournaire_article.jpg\",\"datePublished\":\"2021-07-19T08:35:09+00:00\",\"dateModified\":\"2021-07-19T14:39:53+00:00\",\"breadcrumb\":{\"@id\":\"https:\/\/www.emballagedigest.fr\/tournaire-cede-sa-filiale-equipement-a-groupe-adf\/#breadcrumb\"},\"inLanguage\":\"en-GB\",\"potentialAction\":[{\"@type\":\"ReadAction\",\"target\":[\"https:\/\/www.emballagedigest.fr\/tournaire-cede-sa-filiale-equipement-a-groupe-adf\/\"]}]},{\"@type\":\"ImageObject\",\"inLanguage\":\"en-GB\",\"@id\":\"https:\/\/www.emballagedigest.fr\/tournaire-cede-sa-filiale-equipement-a-groupe-adf\/#primaryimage\",\"url\":\"https:\/\/www.emballagedigest.fr\/wp-content\/uploads\/dotclear\/images\/2021\/BONUS\/juill\/tournaire_article.jpg\",\"contentUrl\":\"https:\/\/www.emballagedigest.fr\/wp-content\/uploads\/dotclear\/images\/2021\/BONUS\/juill\/tournaire_article.jpg\"},{\"@type\":\"BreadcrumbList\",\"@id\":\"https:\/\/www.emballagedigest.fr\/tournaire-cede-sa-filiale-equipement-a-groupe-adf\/#breadcrumb\",\"itemListElement\":[{\"@type\":\"ListItem\",\"position\":1,\"name\":\"Accueil\",\"item\":\"https:\/\/www.emballagedigest.fr\/\"},{\"@type\":\"ListItem\",\"position\":2,\"name\":\"Tournaire c\u00e8de sa filiale Equipement \u00e0 Groupe ADF\"}]},{\"@type\":\"WebSite\",\"@id\":\"https:\/\/www.emballagedigest.fr\/#website\",\"url\":\"https:\/\/www.emballagedigest.fr\/\",\"name\":\"Emballage Digest\",\"description\":\"Revue professionnelle sur les emballages\",\"publisher\":{\"@id\":\"https:\/\/www.emballagedigest.fr\/#organization\"},\"potentialAction\":[{\"@type\":\"SearchAction\",\"target\":{\"@type\":\"EntryPoint\",\"urlTemplate\":\"https:\/\/www.emballagedigest.fr\/?s={search_term_string}\"},\"query-input\":{\"@type\":\"PropertyValueSpecification\",\"valueRequired\":true,\"valueName\":\"search_term_string\"}}],\"inLanguage\":\"en-GB\"},{\"@type\":\"Organization\",\"@id\":\"https:\/\/www.emballagedigest.fr\/#organization\",\"name\":\"Emballage Digest\",\"url\":\"https:\/\/www.emballagedigest.fr\/\",\"logo\":{\"@type\":\"ImageObject\",\"inLanguage\":\"en-GB\",\"@id\":\"https:\/\/www.emballagedigest.fr\/#\/schema\/logo\/image\/\",\"url\":\"https:\/\/www.emballagedigest.fr\/wp-content\/uploads\/2022\/07\/logo-ed.png\",\"contentUrl\":\"https:\/\/www.emballagedigest.fr\/wp-content\/uploads\/2022\/07\/logo-ed.png\",\"width\":379,\"height\":75,\"caption\":\"Emballage Digest\"},\"image\":{\"@id\":\"https:\/\/www.emballagedigest.fr\/#\/schema\/logo\/image\/\"}},{\"@type\":\"Person\",\"@id\":\"https:\/\/www.emballagedigest.fr\/#\/schema\/person\/d01fbac1f378e2f5e4096082cdf68ae5\",\"name\":\"admin_thopel\",\"image\":{\"@type\":\"ImageObject\",\"inLanguage\":\"en-GB\",\"@id\":\"https:\/\/www.emballagedigest.fr\/#\/schema\/person\/image\/\",\"url\":\"https:\/\/secure.gravatar.com\/avatar\/6cf644f6475359b596b81b10a64f989df38f1238649f7e33f97f69519e42dfbf?s=96&d=mm&r=g\",\"contentUrl\":\"https:\/\/secure.gravatar.com\/avatar\/6cf644f6475359b596b81b10a64f989df38f1238649f7e33f97f69519e42dfbf?s=96&d=mm&r=g\",\"caption\":\"admin_thopel\"},\"sameAs\":[\"http:\/\/localhost:8787\/emballage_digest\"],\"url\":\"https:\/\/www.emballagedigest.fr\/en\/author\/admin_thopel\/\"}]}<\/script>\n<!-- \/ Yoast SEO plugin. -->","yoast_head_json":{"title":"Tournaire c\u00e8de sa filiale Equipement \u00e0 Groupe ADF - Emballage Digest","robots":{"index":"index","follow":"follow","max-snippet":"max-snippet:-1","max-image-preview":"max-image-preview:large","max-video-preview":"max-video-preview:-1"},"canonical":"https:\/\/www.emballagedigest.fr\/en\/tournaire-cede-sa-filiale-equipement-a-groupe-adf\/","og_locale":"en_GB","og_type":"article","og_title":"Tournaire c\u00e8de sa filiale Equipement \u00e0 Groupe ADF - Emballage Digest","og_description":"Pour mieux servir ses clients, rester performant, r\u00e9pondre aux nouvelles exigences des r\u00e9glementations et des enjeux environnementaux et faire face \u00e0 la mont\u00e9e en puissance de la concurrence asiatique, le groupe Tournaire change de mod\u00e8le en c\u00e9dant sa filiale Tournaire Equipement SAS \u00e0 Groupe ADF. Cette cession a pour but de mettre en \u0153uvre des projets ambitieux par les deux groupes pour les deux activit\u00e9s (Equipement et Emballage).","og_url":"https:\/\/www.emballagedigest.fr\/en\/tournaire-cede-sa-filiale-equipement-a-groupe-adf\/","og_site_name":"Emballage Digest","article_published_time":"2021-07-19T08:35:09+00:00","article_modified_time":"2021-07-19T14:39:53+00:00","author":"admin_thopel","twitter_card":"summary_large_image","twitter_misc":{"Written by":"admin_thopel","Estimated reading time":"2 minutes"},"schema":{"@context":"https:\/\/schema.org","@graph":[{"@type":"Article","@id":"https:\/\/www.emballagedigest.fr\/tournaire-cede-sa-filiale-equipement-a-groupe-adf\/#article","isPartOf":{"@id":"https:\/\/www.emballagedigest.fr\/tournaire-cede-sa-filiale-equipement-a-groupe-adf\/"},"author":{"name":"admin_thopel","@id":"https:\/\/www.emballagedigest.fr\/#\/schema\/person\/d01fbac1f378e2f5e4096082cdf68ae5"},"headline":"Tournaire c\u00e8de sa filiale Equipement \u00e0 Groupe ADF","datePublished":"2021-07-19T08:35:09+00:00","dateModified":"2021-07-19T14:39:53+00:00","mainEntityOfPage":{"@id":"https:\/\/www.emballagedigest.fr\/tournaire-cede-sa-filiale-equipement-a-groupe-adf\/"},"wordCount":332,"publisher":{"@id":"https:\/\/www.emballagedigest.fr\/#organization"},"image":{"@id":"https:\/\/www.emballagedigest.fr\/tournaire-cede-sa-filiale-equipement-a-groupe-adf\/#primaryimage"},"thumbnailUrl":"https:\/\/www.emballagedigest.fr\/wp-content\/uploads\/dotclear\/images\/2021\/BONUS\/juill\/tournaire_article.jpg","articleSection":["Article entier"],"inLanguage":"en-GB"},{"@type":"WebPage","@id":"https:\/\/www.emballagedigest.fr\/tournaire-cede-sa-filiale-equipement-a-groupe-adf\/","url":"https:\/\/www.emballagedigest.fr\/tournaire-cede-sa-filiale-equipement-a-groupe-adf\/","name":"Tournaire c\u00e8de sa filiale Equipement \u00e0 Groupe ADF - Emballage Digest","isPartOf":{"@id":"https:\/\/www.emballagedigest.fr\/#website"},"primaryImageOfPage":{"@id":"https:\/\/www.emballagedigest.fr\/tournaire-cede-sa-filiale-equipement-a-groupe-adf\/#primaryimage"},"image":{"@id":"https:\/\/www.emballagedigest.fr\/tournaire-cede-sa-filiale-equipement-a-groupe-adf\/#primaryimage"},"thumbnailUrl":"https:\/\/www.emballagedigest.fr\/wp-content\/uploads\/dotclear\/images\/2021\/BONUS\/juill\/tournaire_article.jpg","datePublished":"2021-07-19T08:35:09+00:00","dateModified":"2021-07-19T14:39:53+00:00","breadcrumb":{"@id":"https:\/\/www.emballagedigest.fr\/tournaire-cede-sa-filiale-equipement-a-groupe-adf\/#breadcrumb"},"inLanguage":"en-GB","potentialAction":[{"@type":"ReadAction","target":["https:\/\/www.emballagedigest.fr\/tournaire-cede-sa-filiale-equipement-a-groupe-adf\/"]}]},{"@type":"ImageObject","inLanguage":"en-GB","@id":"https:\/\/www.emballagedigest.fr\/tournaire-cede-sa-filiale-equipement-a-groupe-adf\/#primaryimage","url":"https:\/\/www.emballagedigest.fr\/wp-content\/uploads\/dotclear\/images\/2021\/BONUS\/juill\/tournaire_article.jpg","contentUrl":"https:\/\/www.emballagedigest.fr\/wp-content\/uploads\/dotclear\/images\/2021\/BONUS\/juill\/tournaire_article.jpg"},{"@type":"BreadcrumbList","@id":"https:\/\/www.emballagedigest.fr\/tournaire-cede-sa-filiale-equipement-a-groupe-adf\/#breadcrumb","itemListElement":[{"@type":"ListItem","position":1,"name":"Accueil","item":"https:\/\/www.emballagedigest.fr\/"},{"@type":"ListItem","position":2,"name":"Tournaire c\u00e8de sa filiale Equipement \u00e0 Groupe ADF"}]},{"@type":"WebSite","@id":"https:\/\/www.emballagedigest.fr\/#website","url":"https:\/\/www.emballagedigest.fr\/","name":"Emballage Digest","description":"Revue professionnelle sur les emballages","publisher":{"@id":"https:\/\/www.emballagedigest.fr\/#organization"},"potentialAction":[{"@type":"SearchAction","target":{"@type":"EntryPoint","urlTemplate":"https:\/\/www.emballagedigest.fr\/?s={search_term_string}"},"query-input":{"@type":"PropertyValueSpecification","valueRequired":true,"valueName":"search_term_string"}}],"inLanguage":"en-GB"},{"@type":"Organization","@id":"https:\/\/www.emballagedigest.fr\/#organization","name":"Emballage Digest","url":"https:\/\/www.emballagedigest.fr\/","logo":{"@type":"ImageObject","inLanguage":"en-GB","@id":"https:\/\/www.emballagedigest.fr\/#\/schema\/logo\/image\/","url":"https:\/\/www.emballagedigest.fr\/wp-content\/uploads\/2022\/07\/logo-ed.png","contentUrl":"https:\/\/www.emballagedigest.fr\/wp-content\/uploads\/2022\/07\/logo-ed.png","width":379,"height":75,"caption":"Emballage Digest"},"image":{"@id":"https:\/\/www.emballagedigest.fr\/#\/schema\/logo\/image\/"}},{"@type":"Person","@id":"https:\/\/www.emballagedigest.fr\/#\/schema\/person\/d01fbac1f378e2f5e4096082cdf68ae5","name":"admin_thopel","image":{"@type":"ImageObject","inLanguage":"en-GB","@id":"https:\/\/www.emballagedigest.fr\/#\/schema\/person\/image\/","url":"https:\/\/secure.gravatar.com\/avatar\/6cf644f6475359b596b81b10a64f989df38f1238649f7e33f97f69519e42dfbf?s=96&d=mm&r=g","contentUrl":"https:\/\/secure.gravatar.com\/avatar\/6cf644f6475359b596b81b10a64f989df38f1238649f7e33f97f69519e42dfbf?s=96&d=mm&r=g","caption":"admin_thopel"},"sameAs":["http:\/\/localhost:8787\/emballage_digest"],"url":"https:\/\/www.emballagedigest.fr\/en\/author\/admin_thopel\/"}]}},"_links":{"self":[{"href":"https:\/\/www.emballagedigest.fr\/en\/wp-json\/wp\/v2\/posts\/23256","targetHints":{"allow":["GET"]}}],"collection":[{"href":"https:\/\/www.emballagedigest.fr\/en\/wp-json\/wp\/v2\/posts"}],"about":[{"href":"https:\/\/www.emballagedigest.fr\/en\/wp-json\/wp\/v2\/types\/post"}],"author":[{"embeddable":true,"href":"https:\/\/www.emballagedigest.fr\/en\/wp-json\/wp\/v2\/users\/1"}],"replies":[{"embeddable":true,"href":"https:\/\/www.emballagedigest.fr\/en\/wp-json\/wp\/v2\/comments?post=23256"}],"version-history":[{"count":0,"href":"https:\/\/www.emballagedigest.fr\/en\/wp-json\/wp\/v2\/posts\/23256\/revisions"}],"wp:featuredmedia":[{"embeddable":true,"href":"https:\/\/www.emballagedigest.fr\/en\/wp-json\/wp\/v2\/media\/33256"}],"wp:attachment":[{"href":"https:\/\/www.emballagedigest.fr\/en\/wp-json\/wp\/v2\/media?parent=23256"}],"wp:term":[{"taxonomy":"category","embeddable":true,"href":"https:\/\/www.emballagedigest.fr\/en\/wp-json\/wp\/v2\/categories?post=23256"},{"taxonomy":"post_tag","embeddable":true,"href":"https:\/\/www.emballagedigest.fr\/en\/wp-json\/wp\/v2\/tags?post=23256"}],"curies":[{"name":"wp","href":"https:\/\/api.w.org\/{rel}","templated":true}]}}