{"id":23259,"date":"2021-07-21T08:14:48","date_gmt":"2021-07-21T08:14:48","guid":{"rendered":"https:\/\/www.emballagedigest.fr\/?p=23259"},"modified":"2021-07-21T08:14:48","modified_gmt":"2021-07-21T08:14:48","slug":"vision-industrielle-baumer-reorganise-son-activite-commerciale","status":"publish","type":"post","link":"https:\/\/www.emballagedigest.fr\/en\/vision-industrielle-baumer-reorganise-son-activite-commerciale\/","title":{"rendered":"Vision industrielle : Baumer r\u00e9organise son activit\u00e9 commerciale"},"content":{"rendered":"<p>Le Groupe Baumer r\u00e9organise ses activit\u00e9s commerciales en vision industrielle sur le march\u00e9 fran\u00e7ais. Confi\u00e9s auparavant \u00e0 un partenaire externe, la vente et le support des cam\u00e9ras industrielles Baumer sont d\u00e9sormais bas\u00e9s \u00e0 Fillinges, si\u00e8ge social de Baumer en France.<\/p>\n<p>Ce changement s\u2019inscrit dans une volont\u00e9 de simplification, d\u2019efficacit\u00e9 et de performance, pour Baumer et pour les clients. Depuis le 1er mai 2021, Baumer est donc le seul point d\u2019entr\u00e9e pour tous les clients sur le march\u00e9 fran\u00e7ais en vision industrielle&nbsp;: cam\u00e9ras et capteurs de vision VeriSens. Les \u00e9quipes commerciales pourront s\u2019appuyer sur la soci\u00e9t\u00e9 Baumer Optronic, install\u00e9e \u00e0 Radeberg en Allemagne, centre de comp\u00e9tences vision du Groupe Baumer qui d\u00e9veloppe et fabrique les cam\u00e9ras industrielles et les capteurs de vision. Avec cette r\u00e9organisation, les clients de Baumer b\u00e9n\u00e9ficient d\u00e9sormais de l\u2019exp\u00e9rience du groupe, de l\u2019\u00e9tude \u00e0 la livraison de chaque solution, qui se veut innovante et personnalis\u00e9e.<\/p>\n<p>Pour rappel, les cam\u00e9ras Baumer avec capteurs CMOS sont robustes et dot\u00e9es d\u2019une cadence allant jusqu\u2019\u00e0 1622 images\/s ou d\u2019une r\u00e9solution de 65 m\u00e9gapixels&nbsp;: elles assurent un investissement fiable dans l\u2019automatisation des processus et r\u00e9pondent aux exigences de vitesse plus \u00e9lev\u00e9e et de respect des d\u00e9tails. Les capteurs de vision VeriSens permettent, \u00e0 partir de l\u2019image, la r\u00e9solution de t\u00e2ches de commande de processus sans PC suppl\u00e9mentaire. Gr\u00e2ce \u00e0 la commande intuitive des mod\u00e8les de capteurs de vision, l\u2019int\u00e9gration est simple et rapide.<\/p>\n<p><em>Reproduction interdite sauf accord \u00e9crit d&rsquo;Emballage Digest ou mention du support<\/em><\/p>","protected":false},"excerpt":{"rendered":"<p>Le Groupe Baumer r\u00e9organise ses activit\u00e9s commerciales en vision industrielle sur le march\u00e9 fran\u00e7ais. Confi\u00e9s auparavant \u00e0 un partenaire externe, la vente et le support des cam\u00e9ras industrielles Baumer sont d\u00e9sormais bas\u00e9s \u00e0 Fillinges, si\u00e8ge social de Baumer en France.<\/p>","protected":false},"author":1,"featured_media":33259,"comment_status":"closed","ping_status":"closed","sticky":false,"template":"","format":"standard","meta":{"_acf_changed":false,"inline_featured_image":false,"iawp_total_views":0,"footnotes":""},"categories":[28],"tags":[],"class_list":["post-23259","post","type-post","status-publish","format-standard","has-post-thumbnail","hentry","category-article-entier"],"acf":[],"yoast_head":"<!-- This site is optimized with the Yoast SEO plugin v24.4 - https:\/\/yoast.com\/wordpress\/plugins\/seo\/ -->\n<title>Vision industrielle : Baumer r\u00e9organise son activit\u00e9 commerciale - Emballage Digest<\/title>\n<meta name=\"robots\" content=\"index, follow, max-snippet:-1, max-image-preview:large, max-video-preview:-1\" \/>\n<link rel=\"canonical\" href=\"https:\/\/www.emballagedigest.fr\/en\/vision-industrielle-baumer-reorganise-son-activite-commerciale\/\" \/>\n<meta property=\"og:locale\" content=\"en_GB\" \/>\n<meta property=\"og:type\" content=\"article\" \/>\n<meta property=\"og:title\" content=\"Vision industrielle : Baumer r\u00e9organise son activit\u00e9 commerciale - Emballage Digest\" \/>\n<meta property=\"og:description\" content=\"Le Groupe Baumer r\u00e9organise ses activit\u00e9s commerciales en vision industrielle sur le march\u00e9 fran\u00e7ais. Confi\u00e9s auparavant \u00e0 un partenaire externe, la vente et le support des cam\u00e9ras industrielles Baumer sont d\u00e9sormais bas\u00e9s \u00e0 Fillinges, si\u00e8ge social de Baumer en France.\" \/>\n<meta property=\"og:url\" content=\"https:\/\/www.emballagedigest.fr\/en\/vision-industrielle-baumer-reorganise-son-activite-commerciale\/\" \/>\n<meta property=\"og:site_name\" content=\"Emballage Digest\" \/>\n<meta property=\"article:published_time\" content=\"2021-07-21T08:14:48+00:00\" \/>\n<meta name=\"author\" content=\"admin_thopel\" \/>\n<meta name=\"twitter:card\" content=\"summary_large_image\" \/>\n<meta name=\"twitter:label1\" content=\"Written by\" \/>\n\t<meta name=\"twitter:data1\" content=\"admin_thopel\" \/>\n\t<meta name=\"twitter:label2\" content=\"Estimated reading time\" \/>\n\t<meta name=\"twitter:data2\" content=\"1 minute\" \/>\n<script type=\"application\/ld+json\" class=\"yoast-schema-graph\">{\"@context\":\"https:\/\/schema.org\",\"@graph\":[{\"@type\":\"Article\",\"@id\":\"https:\/\/www.emballagedigest.fr\/vision-industrielle-baumer-reorganise-son-activite-commerciale\/#article\",\"isPartOf\":{\"@id\":\"https:\/\/www.emballagedigest.fr\/vision-industrielle-baumer-reorganise-son-activite-commerciale\/\"},\"author\":{\"name\":\"admin_thopel\",\"@id\":\"https:\/\/www.emballagedigest.fr\/#\/schema\/person\/d01fbac1f378e2f5e4096082cdf68ae5\"},\"headline\":\"Vision industrielle : Baumer r\u00e9organise son activit\u00e9 commerciale\",\"datePublished\":\"2021-07-21T08:14:48+00:00\",\"mainEntityOfPage\":{\"@id\":\"https:\/\/www.emballagedigest.fr\/vision-industrielle-baumer-reorganise-son-activite-commerciale\/\"},\"wordCount\":291,\"publisher\":{\"@id\":\"https:\/\/www.emballagedigest.fr\/#organization\"},\"image\":{\"@id\":\"https:\/\/www.emballagedigest.fr\/vision-industrielle-baumer-reorganise-son-activite-commerciale\/#primaryimage\"},\"thumbnailUrl\":\"https:\/\/www.emballagedigest.fr\/wp-content\/uploads\/dotclear\/images\/2021\/BONUS\/juill\/baumer_article.jpg\",\"articleSection\":[\"Article entier\"],\"inLanguage\":\"en-GB\"},{\"@type\":\"WebPage\",\"@id\":\"https:\/\/www.emballagedigest.fr\/vision-industrielle-baumer-reorganise-son-activite-commerciale\/\",\"url\":\"https:\/\/www.emballagedigest.fr\/vision-industrielle-baumer-reorganise-son-activite-commerciale\/\",\"name\":\"Vision industrielle : Baumer r\u00e9organise son activit\u00e9 commerciale - Emballage Digest\",\"isPartOf\":{\"@id\":\"https:\/\/www.emballagedigest.fr\/#website\"},\"primaryImageOfPage\":{\"@id\":\"https:\/\/www.emballagedigest.fr\/vision-industrielle-baumer-reorganise-son-activite-commerciale\/#primaryimage\"},\"image\":{\"@id\":\"https:\/\/www.emballagedigest.fr\/vision-industrielle-baumer-reorganise-son-activite-commerciale\/#primaryimage\"},\"thumbnailUrl\":\"https:\/\/www.emballagedigest.fr\/wp-content\/uploads\/dotclear\/images\/2021\/BONUS\/juill\/baumer_article.jpg\",\"datePublished\":\"2021-07-21T08:14:48+00:00\",\"breadcrumb\":{\"@id\":\"https:\/\/www.emballagedigest.fr\/vision-industrielle-baumer-reorganise-son-activite-commerciale\/#breadcrumb\"},\"inLanguage\":\"en-GB\",\"potentialAction\":[{\"@type\":\"ReadAction\",\"target\":[\"https:\/\/www.emballagedigest.fr\/vision-industrielle-baumer-reorganise-son-activite-commerciale\/\"]}]},{\"@type\":\"ImageObject\",\"inLanguage\":\"en-GB\",\"@id\":\"https:\/\/www.emballagedigest.fr\/vision-industrielle-baumer-reorganise-son-activite-commerciale\/#primaryimage\",\"url\":\"https:\/\/www.emballagedigest.fr\/wp-content\/uploads\/dotclear\/images\/2021\/BONUS\/juill\/baumer_article.jpg\",\"contentUrl\":\"https:\/\/www.emballagedigest.fr\/wp-content\/uploads\/dotclear\/images\/2021\/BONUS\/juill\/baumer_article.jpg\"},{\"@type\":\"BreadcrumbList\",\"@id\":\"https:\/\/www.emballagedigest.fr\/vision-industrielle-baumer-reorganise-son-activite-commerciale\/#breadcrumb\",\"itemListElement\":[{\"@type\":\"ListItem\",\"position\":1,\"name\":\"Accueil\",\"item\":\"https:\/\/www.emballagedigest.fr\/\"},{\"@type\":\"ListItem\",\"position\":2,\"name\":\"Vision industrielle : Baumer r\u00e9organise son activit\u00e9 commerciale\"}]},{\"@type\":\"WebSite\",\"@id\":\"https:\/\/www.emballagedigest.fr\/#website\",\"url\":\"https:\/\/www.emballagedigest.fr\/\",\"name\":\"Emballage Digest\",\"description\":\"Revue professionnelle sur les emballages\",\"publisher\":{\"@id\":\"https:\/\/www.emballagedigest.fr\/#organization\"},\"potentialAction\":[{\"@type\":\"SearchAction\",\"target\":{\"@type\":\"EntryPoint\",\"urlTemplate\":\"https:\/\/www.emballagedigest.fr\/?s={search_term_string}\"},\"query-input\":{\"@type\":\"PropertyValueSpecification\",\"valueRequired\":true,\"valueName\":\"search_term_string\"}}],\"inLanguage\":\"en-GB\"},{\"@type\":\"Organization\",\"@id\":\"https:\/\/www.emballagedigest.fr\/#organization\",\"name\":\"Emballage Digest\",\"url\":\"https:\/\/www.emballagedigest.fr\/\",\"logo\":{\"@type\":\"ImageObject\",\"inLanguage\":\"en-GB\",\"@id\":\"https:\/\/www.emballagedigest.fr\/#\/schema\/logo\/image\/\",\"url\":\"https:\/\/www.emballagedigest.fr\/wp-content\/uploads\/2022\/07\/logo-ed.png\",\"contentUrl\":\"https:\/\/www.emballagedigest.fr\/wp-content\/uploads\/2022\/07\/logo-ed.png\",\"width\":379,\"height\":75,\"caption\":\"Emballage Digest\"},\"image\":{\"@id\":\"https:\/\/www.emballagedigest.fr\/#\/schema\/logo\/image\/\"}},{\"@type\":\"Person\",\"@id\":\"https:\/\/www.emballagedigest.fr\/#\/schema\/person\/d01fbac1f378e2f5e4096082cdf68ae5\",\"name\":\"admin_thopel\",\"image\":{\"@type\":\"ImageObject\",\"inLanguage\":\"en-GB\",\"@id\":\"https:\/\/www.emballagedigest.fr\/#\/schema\/person\/image\/\",\"url\":\"https:\/\/secure.gravatar.com\/avatar\/6cf644f6475359b596b81b10a64f989df38f1238649f7e33f97f69519e42dfbf?s=96&d=mm&r=g\",\"contentUrl\":\"https:\/\/secure.gravatar.com\/avatar\/6cf644f6475359b596b81b10a64f989df38f1238649f7e33f97f69519e42dfbf?s=96&d=mm&r=g\",\"caption\":\"admin_thopel\"},\"sameAs\":[\"http:\/\/localhost:8787\/emballage_digest\"],\"url\":\"https:\/\/www.emballagedigest.fr\/en\/author\/admin_thopel\/\"}]}<\/script>\n<!-- \/ Yoast SEO plugin. -->","yoast_head_json":{"title":"Vision industrielle : Baumer r\u00e9organise son activit\u00e9 commerciale - Emballage Digest","robots":{"index":"index","follow":"follow","max-snippet":"max-snippet:-1","max-image-preview":"max-image-preview:large","max-video-preview":"max-video-preview:-1"},"canonical":"https:\/\/www.emballagedigest.fr\/en\/vision-industrielle-baumer-reorganise-son-activite-commerciale\/","og_locale":"en_GB","og_type":"article","og_title":"Vision industrielle : Baumer r\u00e9organise son activit\u00e9 commerciale - Emballage Digest","og_description":"Le Groupe Baumer r\u00e9organise ses activit\u00e9s commerciales en vision industrielle sur le march\u00e9 fran\u00e7ais. Confi\u00e9s auparavant \u00e0 un partenaire externe, la vente et le support des cam\u00e9ras industrielles Baumer sont d\u00e9sormais bas\u00e9s \u00e0 Fillinges, si\u00e8ge social de Baumer en France.","og_url":"https:\/\/www.emballagedigest.fr\/en\/vision-industrielle-baumer-reorganise-son-activite-commerciale\/","og_site_name":"Emballage Digest","article_published_time":"2021-07-21T08:14:48+00:00","author":"admin_thopel","twitter_card":"summary_large_image","twitter_misc":{"Written by":"admin_thopel","Estimated reading time":"1 minute"},"schema":{"@context":"https:\/\/schema.org","@graph":[{"@type":"Article","@id":"https:\/\/www.emballagedigest.fr\/vision-industrielle-baumer-reorganise-son-activite-commerciale\/#article","isPartOf":{"@id":"https:\/\/www.emballagedigest.fr\/vision-industrielle-baumer-reorganise-son-activite-commerciale\/"},"author":{"name":"admin_thopel","@id":"https:\/\/www.emballagedigest.fr\/#\/schema\/person\/d01fbac1f378e2f5e4096082cdf68ae5"},"headline":"Vision industrielle : Baumer r\u00e9organise son activit\u00e9 commerciale","datePublished":"2021-07-21T08:14:48+00:00","mainEntityOfPage":{"@id":"https:\/\/www.emballagedigest.fr\/vision-industrielle-baumer-reorganise-son-activite-commerciale\/"},"wordCount":291,"publisher":{"@id":"https:\/\/www.emballagedigest.fr\/#organization"},"image":{"@id":"https:\/\/www.emballagedigest.fr\/vision-industrielle-baumer-reorganise-son-activite-commerciale\/#primaryimage"},"thumbnailUrl":"https:\/\/www.emballagedigest.fr\/wp-content\/uploads\/dotclear\/images\/2021\/BONUS\/juill\/baumer_article.jpg","articleSection":["Article entier"],"inLanguage":"en-GB"},{"@type":"WebPage","@id":"https:\/\/www.emballagedigest.fr\/vision-industrielle-baumer-reorganise-son-activite-commerciale\/","url":"https:\/\/www.emballagedigest.fr\/vision-industrielle-baumer-reorganise-son-activite-commerciale\/","name":"Vision industrielle : Baumer r\u00e9organise son activit\u00e9 commerciale - Emballage Digest","isPartOf":{"@id":"https:\/\/www.emballagedigest.fr\/#website"},"primaryImageOfPage":{"@id":"https:\/\/www.emballagedigest.fr\/vision-industrielle-baumer-reorganise-son-activite-commerciale\/#primaryimage"},"image":{"@id":"https:\/\/www.emballagedigest.fr\/vision-industrielle-baumer-reorganise-son-activite-commerciale\/#primaryimage"},"thumbnailUrl":"https:\/\/www.emballagedigest.fr\/wp-content\/uploads\/dotclear\/images\/2021\/BONUS\/juill\/baumer_article.jpg","datePublished":"2021-07-21T08:14:48+00:00","breadcrumb":{"@id":"https:\/\/www.emballagedigest.fr\/vision-industrielle-baumer-reorganise-son-activite-commerciale\/#breadcrumb"},"inLanguage":"en-GB","potentialAction":[{"@type":"ReadAction","target":["https:\/\/www.emballagedigest.fr\/vision-industrielle-baumer-reorganise-son-activite-commerciale\/"]}]},{"@type":"ImageObject","inLanguage":"en-GB","@id":"https:\/\/www.emballagedigest.fr\/vision-industrielle-baumer-reorganise-son-activite-commerciale\/#primaryimage","url":"https:\/\/www.emballagedigest.fr\/wp-content\/uploads\/dotclear\/images\/2021\/BONUS\/juill\/baumer_article.jpg","contentUrl":"https:\/\/www.emballagedigest.fr\/wp-content\/uploads\/dotclear\/images\/2021\/BONUS\/juill\/baumer_article.jpg"},{"@type":"BreadcrumbList","@id":"https:\/\/www.emballagedigest.fr\/vision-industrielle-baumer-reorganise-son-activite-commerciale\/#breadcrumb","itemListElement":[{"@type":"ListItem","position":1,"name":"Accueil","item":"https:\/\/www.emballagedigest.fr\/"},{"@type":"ListItem","position":2,"name":"Vision industrielle : Baumer r\u00e9organise son activit\u00e9 commerciale"}]},{"@type":"WebSite","@id":"https:\/\/www.emballagedigest.fr\/#website","url":"https:\/\/www.emballagedigest.fr\/","name":"Emballage Digest","description":"Revue professionnelle sur les emballages","publisher":{"@id":"https:\/\/www.emballagedigest.fr\/#organization"},"potentialAction":[{"@type":"SearchAction","target":{"@type":"EntryPoint","urlTemplate":"https:\/\/www.emballagedigest.fr\/?s={search_term_string}"},"query-input":{"@type":"PropertyValueSpecification","valueRequired":true,"valueName":"search_term_string"}}],"inLanguage":"en-GB"},{"@type":"Organization","@id":"https:\/\/www.emballagedigest.fr\/#organization","name":"Emballage Digest","url":"https:\/\/www.emballagedigest.fr\/","logo":{"@type":"ImageObject","inLanguage":"en-GB","@id":"https:\/\/www.emballagedigest.fr\/#\/schema\/logo\/image\/","url":"https:\/\/www.emballagedigest.fr\/wp-content\/uploads\/2022\/07\/logo-ed.png","contentUrl":"https:\/\/www.emballagedigest.fr\/wp-content\/uploads\/2022\/07\/logo-ed.png","width":379,"height":75,"caption":"Emballage Digest"},"image":{"@id":"https:\/\/www.emballagedigest.fr\/#\/schema\/logo\/image\/"}},{"@type":"Person","@id":"https:\/\/www.emballagedigest.fr\/#\/schema\/person\/d01fbac1f378e2f5e4096082cdf68ae5","name":"admin_thopel","image":{"@type":"ImageObject","inLanguage":"en-GB","@id":"https:\/\/www.emballagedigest.fr\/#\/schema\/person\/image\/","url":"https:\/\/secure.gravatar.com\/avatar\/6cf644f6475359b596b81b10a64f989df38f1238649f7e33f97f69519e42dfbf?s=96&d=mm&r=g","contentUrl":"https:\/\/secure.gravatar.com\/avatar\/6cf644f6475359b596b81b10a64f989df38f1238649f7e33f97f69519e42dfbf?s=96&d=mm&r=g","caption":"admin_thopel"},"sameAs":["http:\/\/localhost:8787\/emballage_digest"],"url":"https:\/\/www.emballagedigest.fr\/en\/author\/admin_thopel\/"}]}},"_links":{"self":[{"href":"https:\/\/www.emballagedigest.fr\/en\/wp-json\/wp\/v2\/posts\/23259","targetHints":{"allow":["GET"]}}],"collection":[{"href":"https:\/\/www.emballagedigest.fr\/en\/wp-json\/wp\/v2\/posts"}],"about":[{"href":"https:\/\/www.emballagedigest.fr\/en\/wp-json\/wp\/v2\/types\/post"}],"author":[{"embeddable":true,"href":"https:\/\/www.emballagedigest.fr\/en\/wp-json\/wp\/v2\/users\/1"}],"replies":[{"embeddable":true,"href":"https:\/\/www.emballagedigest.fr\/en\/wp-json\/wp\/v2\/comments?post=23259"}],"version-history":[{"count":0,"href":"https:\/\/www.emballagedigest.fr\/en\/wp-json\/wp\/v2\/posts\/23259\/revisions"}],"wp:featuredmedia":[{"embeddable":true,"href":"https:\/\/www.emballagedigest.fr\/en\/wp-json\/wp\/v2\/media\/33259"}],"wp:attachment":[{"href":"https:\/\/www.emballagedigest.fr\/en\/wp-json\/wp\/v2\/media?parent=23259"}],"wp:term":[{"taxonomy":"category","embeddable":true,"href":"https:\/\/www.emballagedigest.fr\/en\/wp-json\/wp\/v2\/categories?post=23259"},{"taxonomy":"post_tag","embeddable":true,"href":"https:\/\/www.emballagedigest.fr\/en\/wp-json\/wp\/v2\/tags?post=23259"}],"curies":[{"name":"wp","href":"https:\/\/api.w.org\/{rel}","templated":true}]}}