{"id":23271,"date":"2021-08-27T07:30:46","date_gmt":"2021-08-27T07:30:46","guid":{"rendered":"https:\/\/www.emballagedigest.fr\/?p=23271"},"modified":"2021-08-27T07:30:46","modified_gmt":"2021-08-27T07:30:46","slug":"beaurain-ms-change-de-direction","status":"publish","type":"post","link":"https:\/\/www.emballagedigest.fr\/en\/beaurain-ms-change-de-direction\/","title":{"rendered":"Beaurain MS change de direction"},"content":{"rendered":"<p>Pr\u00e9sidente de la familiale Beaurain MS depuis 1987, V\u00e9ronique Beaurain annonce avoir c\u00e9d\u00e9 l\u2019entreprise d\u00e9but juillet \u00e0 Guillaume Beaun\u00e9e. Ce dernier a rejoint la soci\u00e9t\u00e9 en 2019 en tant que responsable commercial pour la r\u00e9gion nord-est. Elle accompagnera le nouveau pr\u00e9sident ces prochains mois, et garde un pied dans le groupe en devenant actionnaire minoritaire de la holding HBC, nouvellement cr\u00e9\u00e9e.<\/p>\n<p>\u00abPour moi, c\u2019est une transmission, plus qu\u2019une cession. Guillaume connait nos valeurs et l\u2019histoire de la soci\u00e9t\u00e9&nbsp;: je sais qu\u2019il continuera l\u2019aventure dans un esprit proche du mien, et dans la dur\u00e9e\u00bb, souligne V\u00e9ronique Beaurain. <\/p>\n<p>Passionn\u00e9 par les process agro-alimentaires et l\u2019industrie, Guillaume Beaun\u00e9e a auparavant occup\u00e9 diff\u00e9rents postes pour Saint-Michel Biscuits, o\u00f9 il a d\u00e9velopp\u00e9 des comp\u00e9tences manag\u00e9riales, techniques, et de gestion. Il y a \u00e9galement rencontr\u00e9 Patrice Torchin, le directeur commercial de Beaurain MS, dont les locaux sont bas\u00e9s \u00e0 Tremblay-en-France, en r\u00e9gion parisienne.<\/p>\n<p>Avec l\u2019ensemble de l\u2019\u00e9quipe \u2013 une quinzaine de salari\u00e9s, et en s\u2019appuyant sur l\u2019expertise et le savoir-faire des marques d\u2019\u00e9quipements distribu\u00e9es par Beaurain MS, Guillaume Beaun\u00e9e entend poursuivre le d\u00e9veloppement de la soci\u00e9t\u00e9 en accompagnant les clients dans leurs nouveaux projets et d\u00e9fis industriels.<\/p>\n<p><em>Reproduction interdite sauf accord \u00e9crit d&rsquo;Emballage Digest ou mention du support<\/em><\/p>","protected":false},"excerpt":{"rendered":"<p>Pr\u00e9sidente de la familiale Beaurain MS depuis 1987, V\u00e9ronique Beaurain annonce avoir c\u00e9d\u00e9 l\u2019entreprise d\u00e9but juillet \u00e0 Guillaume Beaun\u00e9e. Ce dernier a rejoint la soci\u00e9t\u00e9 en 2019 en tant que responsable commercial pour la r\u00e9gion nord-est. Elle accompagnera le nouveau pr\u00e9sident ces prochains mois, et garde un pied dans le groupe en devenant actionnaire minoritaire de la holding HBC, nouvellement cr\u00e9\u00e9e.<\/p>","protected":false},"author":1,"featured_media":33271,"comment_status":"closed","ping_status":"closed","sticky":false,"template":"","format":"standard","meta":{"_acf_changed":false,"inline_featured_image":false,"iawp_total_views":1,"footnotes":""},"categories":[5,28],"tags":[],"class_list":["post-23271","post","type-post","status-publish","format-standard","has-post-thumbnail","hentry","category-alimentaire","category-article-entier"],"acf":[],"yoast_head":"<!-- This site is optimized with the Yoast SEO plugin v24.4 - https:\/\/yoast.com\/wordpress\/plugins\/seo\/ -->\n<title>Beaurain MS change de direction - Emballage Digest<\/title>\n<meta name=\"robots\" content=\"index, follow, max-snippet:-1, max-image-preview:large, max-video-preview:-1\" \/>\n<link rel=\"canonical\" href=\"https:\/\/www.emballagedigest.fr\/en\/beaurain-ms-change-de-direction\/\" \/>\n<meta property=\"og:locale\" content=\"en_GB\" \/>\n<meta property=\"og:type\" content=\"article\" \/>\n<meta property=\"og:title\" content=\"Beaurain MS change de direction - Emballage Digest\" \/>\n<meta property=\"og:description\" content=\"Pr\u00e9sidente de la familiale Beaurain MS depuis 1987, V\u00e9ronique Beaurain annonce avoir c\u00e9d\u00e9 l\u2019entreprise d\u00e9but juillet \u00e0 Guillaume Beaun\u00e9e. Ce dernier a rejoint la soci\u00e9t\u00e9 en 2019 en tant que responsable commercial pour la r\u00e9gion nord-est. Elle accompagnera le nouveau pr\u00e9sident ces prochains mois, et garde un pied dans le groupe en devenant actionnaire minoritaire de la holding HBC, nouvellement cr\u00e9\u00e9e.\" \/>\n<meta property=\"og:url\" content=\"https:\/\/www.emballagedigest.fr\/en\/beaurain-ms-change-de-direction\/\" \/>\n<meta property=\"og:site_name\" content=\"Emballage Digest\" \/>\n<meta property=\"article:published_time\" content=\"2021-08-27T07:30:46+00:00\" \/>\n<meta name=\"author\" content=\"admin_thopel\" \/>\n<meta name=\"twitter:card\" content=\"summary_large_image\" \/>\n<meta name=\"twitter:label1\" content=\"Written by\" \/>\n\t<meta name=\"twitter:data1\" content=\"admin_thopel\" \/>\n\t<meta name=\"twitter:label2\" content=\"Estimated reading time\" \/>\n\t<meta name=\"twitter:data2\" content=\"1 minute\" \/>\n<script type=\"application\/ld+json\" class=\"yoast-schema-graph\">{\"@context\":\"https:\/\/schema.org\",\"@graph\":[{\"@type\":\"Article\",\"@id\":\"https:\/\/www.emballagedigest.fr\/beaurain-ms-change-de-direction\/#article\",\"isPartOf\":{\"@id\":\"https:\/\/www.emballagedigest.fr\/beaurain-ms-change-de-direction\/\"},\"author\":{\"name\":\"admin_thopel\",\"@id\":\"https:\/\/www.emballagedigest.fr\/#\/schema\/person\/d01fbac1f378e2f5e4096082cdf68ae5\"},\"headline\":\"Beaurain MS change de direction\",\"datePublished\":\"2021-08-27T07:30:46+00:00\",\"mainEntityOfPage\":{\"@id\":\"https:\/\/www.emballagedigest.fr\/beaurain-ms-change-de-direction\/\"},\"wordCount\":241,\"publisher\":{\"@id\":\"https:\/\/www.emballagedigest.fr\/#organization\"},\"image\":{\"@id\":\"https:\/\/www.emballagedigest.fr\/beaurain-ms-change-de-direction\/#primaryimage\"},\"thumbnailUrl\":\"https:\/\/www.emballagedigest.fr\/wp-content\/uploads\/dotclear\/images\/2021\/BONUS\/aout\/beaurain_article.jpg\",\"articleSection\":[\"Alimentaire\",\"Article entier\"],\"inLanguage\":\"en-GB\"},{\"@type\":\"WebPage\",\"@id\":\"https:\/\/www.emballagedigest.fr\/beaurain-ms-change-de-direction\/\",\"url\":\"https:\/\/www.emballagedigest.fr\/beaurain-ms-change-de-direction\/\",\"name\":\"Beaurain MS change de direction - Emballage Digest\",\"isPartOf\":{\"@id\":\"https:\/\/www.emballagedigest.fr\/#website\"},\"primaryImageOfPage\":{\"@id\":\"https:\/\/www.emballagedigest.fr\/beaurain-ms-change-de-direction\/#primaryimage\"},\"image\":{\"@id\":\"https:\/\/www.emballagedigest.fr\/beaurain-ms-change-de-direction\/#primaryimage\"},\"thumbnailUrl\":\"https:\/\/www.emballagedigest.fr\/wp-content\/uploads\/dotclear\/images\/2021\/BONUS\/aout\/beaurain_article.jpg\",\"datePublished\":\"2021-08-27T07:30:46+00:00\",\"breadcrumb\":{\"@id\":\"https:\/\/www.emballagedigest.fr\/beaurain-ms-change-de-direction\/#breadcrumb\"},\"inLanguage\":\"en-GB\",\"potentialAction\":[{\"@type\":\"ReadAction\",\"target\":[\"https:\/\/www.emballagedigest.fr\/beaurain-ms-change-de-direction\/\"]}]},{\"@type\":\"ImageObject\",\"inLanguage\":\"en-GB\",\"@id\":\"https:\/\/www.emballagedigest.fr\/beaurain-ms-change-de-direction\/#primaryimage\",\"url\":\"https:\/\/www.emballagedigest.fr\/wp-content\/uploads\/dotclear\/images\/2021\/BONUS\/aout\/beaurain_article.jpg\",\"contentUrl\":\"https:\/\/www.emballagedigest.fr\/wp-content\/uploads\/dotclear\/images\/2021\/BONUS\/aout\/beaurain_article.jpg\"},{\"@type\":\"BreadcrumbList\",\"@id\":\"https:\/\/www.emballagedigest.fr\/beaurain-ms-change-de-direction\/#breadcrumb\",\"itemListElement\":[{\"@type\":\"ListItem\",\"position\":1,\"name\":\"Accueil\",\"item\":\"https:\/\/www.emballagedigest.fr\/\"},{\"@type\":\"ListItem\",\"position\":2,\"name\":\"Beaurain MS change de direction\"}]},{\"@type\":\"WebSite\",\"@id\":\"https:\/\/www.emballagedigest.fr\/#website\",\"url\":\"https:\/\/www.emballagedigest.fr\/\",\"name\":\"Emballage Digest\",\"description\":\"Revue professionnelle sur les emballages\",\"publisher\":{\"@id\":\"https:\/\/www.emballagedigest.fr\/#organization\"},\"potentialAction\":[{\"@type\":\"SearchAction\",\"target\":{\"@type\":\"EntryPoint\",\"urlTemplate\":\"https:\/\/www.emballagedigest.fr\/?s={search_term_string}\"},\"query-input\":{\"@type\":\"PropertyValueSpecification\",\"valueRequired\":true,\"valueName\":\"search_term_string\"}}],\"inLanguage\":\"en-GB\"},{\"@type\":\"Organization\",\"@id\":\"https:\/\/www.emballagedigest.fr\/#organization\",\"name\":\"Emballage Digest\",\"url\":\"https:\/\/www.emballagedigest.fr\/\",\"logo\":{\"@type\":\"ImageObject\",\"inLanguage\":\"en-GB\",\"@id\":\"https:\/\/www.emballagedigest.fr\/#\/schema\/logo\/image\/\",\"url\":\"https:\/\/www.emballagedigest.fr\/wp-content\/uploads\/2022\/07\/logo-ed.png\",\"contentUrl\":\"https:\/\/www.emballagedigest.fr\/wp-content\/uploads\/2022\/07\/logo-ed.png\",\"width\":379,\"height\":75,\"caption\":\"Emballage Digest\"},\"image\":{\"@id\":\"https:\/\/www.emballagedigest.fr\/#\/schema\/logo\/image\/\"}},{\"@type\":\"Person\",\"@id\":\"https:\/\/www.emballagedigest.fr\/#\/schema\/person\/d01fbac1f378e2f5e4096082cdf68ae5\",\"name\":\"admin_thopel\",\"image\":{\"@type\":\"ImageObject\",\"inLanguage\":\"en-GB\",\"@id\":\"https:\/\/www.emballagedigest.fr\/#\/schema\/person\/image\/\",\"url\":\"https:\/\/secure.gravatar.com\/avatar\/6cf644f6475359b596b81b10a64f989df38f1238649f7e33f97f69519e42dfbf?s=96&d=mm&r=g\",\"contentUrl\":\"https:\/\/secure.gravatar.com\/avatar\/6cf644f6475359b596b81b10a64f989df38f1238649f7e33f97f69519e42dfbf?s=96&d=mm&r=g\",\"caption\":\"admin_thopel\"},\"sameAs\":[\"http:\/\/localhost:8787\/emballage_digest\"],\"url\":\"https:\/\/www.emballagedigest.fr\/en\/author\/admin_thopel\/\"}]}<\/script>\n<!-- \/ Yoast SEO plugin. -->","yoast_head_json":{"title":"Beaurain MS change de direction - Emballage Digest","robots":{"index":"index","follow":"follow","max-snippet":"max-snippet:-1","max-image-preview":"max-image-preview:large","max-video-preview":"max-video-preview:-1"},"canonical":"https:\/\/www.emballagedigest.fr\/en\/beaurain-ms-change-de-direction\/","og_locale":"en_GB","og_type":"article","og_title":"Beaurain MS change de direction - Emballage Digest","og_description":"Pr\u00e9sidente de la familiale Beaurain MS depuis 1987, V\u00e9ronique Beaurain annonce avoir c\u00e9d\u00e9 l\u2019entreprise d\u00e9but juillet \u00e0 Guillaume Beaun\u00e9e. Ce dernier a rejoint la soci\u00e9t\u00e9 en 2019 en tant que responsable commercial pour la r\u00e9gion nord-est. Elle accompagnera le nouveau pr\u00e9sident ces prochains mois, et garde un pied dans le groupe en devenant actionnaire minoritaire de la holding HBC, nouvellement cr\u00e9\u00e9e.","og_url":"https:\/\/www.emballagedigest.fr\/en\/beaurain-ms-change-de-direction\/","og_site_name":"Emballage Digest","article_published_time":"2021-08-27T07:30:46+00:00","author":"admin_thopel","twitter_card":"summary_large_image","twitter_misc":{"Written by":"admin_thopel","Estimated reading time":"1 minute"},"schema":{"@context":"https:\/\/schema.org","@graph":[{"@type":"Article","@id":"https:\/\/www.emballagedigest.fr\/beaurain-ms-change-de-direction\/#article","isPartOf":{"@id":"https:\/\/www.emballagedigest.fr\/beaurain-ms-change-de-direction\/"},"author":{"name":"admin_thopel","@id":"https:\/\/www.emballagedigest.fr\/#\/schema\/person\/d01fbac1f378e2f5e4096082cdf68ae5"},"headline":"Beaurain MS change de direction","datePublished":"2021-08-27T07:30:46+00:00","mainEntityOfPage":{"@id":"https:\/\/www.emballagedigest.fr\/beaurain-ms-change-de-direction\/"},"wordCount":241,"publisher":{"@id":"https:\/\/www.emballagedigest.fr\/#organization"},"image":{"@id":"https:\/\/www.emballagedigest.fr\/beaurain-ms-change-de-direction\/#primaryimage"},"thumbnailUrl":"https:\/\/www.emballagedigest.fr\/wp-content\/uploads\/dotclear\/images\/2021\/BONUS\/aout\/beaurain_article.jpg","articleSection":["Alimentaire","Article entier"],"inLanguage":"en-GB"},{"@type":"WebPage","@id":"https:\/\/www.emballagedigest.fr\/beaurain-ms-change-de-direction\/","url":"https:\/\/www.emballagedigest.fr\/beaurain-ms-change-de-direction\/","name":"Beaurain MS change de direction - Emballage Digest","isPartOf":{"@id":"https:\/\/www.emballagedigest.fr\/#website"},"primaryImageOfPage":{"@id":"https:\/\/www.emballagedigest.fr\/beaurain-ms-change-de-direction\/#primaryimage"},"image":{"@id":"https:\/\/www.emballagedigest.fr\/beaurain-ms-change-de-direction\/#primaryimage"},"thumbnailUrl":"https:\/\/www.emballagedigest.fr\/wp-content\/uploads\/dotclear\/images\/2021\/BONUS\/aout\/beaurain_article.jpg","datePublished":"2021-08-27T07:30:46+00:00","breadcrumb":{"@id":"https:\/\/www.emballagedigest.fr\/beaurain-ms-change-de-direction\/#breadcrumb"},"inLanguage":"en-GB","potentialAction":[{"@type":"ReadAction","target":["https:\/\/www.emballagedigest.fr\/beaurain-ms-change-de-direction\/"]}]},{"@type":"ImageObject","inLanguage":"en-GB","@id":"https:\/\/www.emballagedigest.fr\/beaurain-ms-change-de-direction\/#primaryimage","url":"https:\/\/www.emballagedigest.fr\/wp-content\/uploads\/dotclear\/images\/2021\/BONUS\/aout\/beaurain_article.jpg","contentUrl":"https:\/\/www.emballagedigest.fr\/wp-content\/uploads\/dotclear\/images\/2021\/BONUS\/aout\/beaurain_article.jpg"},{"@type":"BreadcrumbList","@id":"https:\/\/www.emballagedigest.fr\/beaurain-ms-change-de-direction\/#breadcrumb","itemListElement":[{"@type":"ListItem","position":1,"name":"Accueil","item":"https:\/\/www.emballagedigest.fr\/"},{"@type":"ListItem","position":2,"name":"Beaurain MS change de direction"}]},{"@type":"WebSite","@id":"https:\/\/www.emballagedigest.fr\/#website","url":"https:\/\/www.emballagedigest.fr\/","name":"Emballage Digest","description":"Revue professionnelle sur les emballages","publisher":{"@id":"https:\/\/www.emballagedigest.fr\/#organization"},"potentialAction":[{"@type":"SearchAction","target":{"@type":"EntryPoint","urlTemplate":"https:\/\/www.emballagedigest.fr\/?s={search_term_string}"},"query-input":{"@type":"PropertyValueSpecification","valueRequired":true,"valueName":"search_term_string"}}],"inLanguage":"en-GB"},{"@type":"Organization","@id":"https:\/\/www.emballagedigest.fr\/#organization","name":"Emballage Digest","url":"https:\/\/www.emballagedigest.fr\/","logo":{"@type":"ImageObject","inLanguage":"en-GB","@id":"https:\/\/www.emballagedigest.fr\/#\/schema\/logo\/image\/","url":"https:\/\/www.emballagedigest.fr\/wp-content\/uploads\/2022\/07\/logo-ed.png","contentUrl":"https:\/\/www.emballagedigest.fr\/wp-content\/uploads\/2022\/07\/logo-ed.png","width":379,"height":75,"caption":"Emballage Digest"},"image":{"@id":"https:\/\/www.emballagedigest.fr\/#\/schema\/logo\/image\/"}},{"@type":"Person","@id":"https:\/\/www.emballagedigest.fr\/#\/schema\/person\/d01fbac1f378e2f5e4096082cdf68ae5","name":"admin_thopel","image":{"@type":"ImageObject","inLanguage":"en-GB","@id":"https:\/\/www.emballagedigest.fr\/#\/schema\/person\/image\/","url":"https:\/\/secure.gravatar.com\/avatar\/6cf644f6475359b596b81b10a64f989df38f1238649f7e33f97f69519e42dfbf?s=96&d=mm&r=g","contentUrl":"https:\/\/secure.gravatar.com\/avatar\/6cf644f6475359b596b81b10a64f989df38f1238649f7e33f97f69519e42dfbf?s=96&d=mm&r=g","caption":"admin_thopel"},"sameAs":["http:\/\/localhost:8787\/emballage_digest"],"url":"https:\/\/www.emballagedigest.fr\/en\/author\/admin_thopel\/"}]}},"_links":{"self":[{"href":"https:\/\/www.emballagedigest.fr\/en\/wp-json\/wp\/v2\/posts\/23271","targetHints":{"allow":["GET"]}}],"collection":[{"href":"https:\/\/www.emballagedigest.fr\/en\/wp-json\/wp\/v2\/posts"}],"about":[{"href":"https:\/\/www.emballagedigest.fr\/en\/wp-json\/wp\/v2\/types\/post"}],"author":[{"embeddable":true,"href":"https:\/\/www.emballagedigest.fr\/en\/wp-json\/wp\/v2\/users\/1"}],"replies":[{"embeddable":true,"href":"https:\/\/www.emballagedigest.fr\/en\/wp-json\/wp\/v2\/comments?post=23271"}],"version-history":[{"count":0,"href":"https:\/\/www.emballagedigest.fr\/en\/wp-json\/wp\/v2\/posts\/23271\/revisions"}],"wp:featuredmedia":[{"embeddable":true,"href":"https:\/\/www.emballagedigest.fr\/en\/wp-json\/wp\/v2\/media\/33271"}],"wp:attachment":[{"href":"https:\/\/www.emballagedigest.fr\/en\/wp-json\/wp\/v2\/media?parent=23271"}],"wp:term":[{"taxonomy":"category","embeddable":true,"href":"https:\/\/www.emballagedigest.fr\/en\/wp-json\/wp\/v2\/categories?post=23271"},{"taxonomy":"post_tag","embeddable":true,"href":"https:\/\/www.emballagedigest.fr\/en\/wp-json\/wp\/v2\/tags?post=23271"}],"curies":[{"name":"wp","href":"https:\/\/api.w.org\/{rel}","templated":true}]}}