{"id":23287,"date":"2021-09-03T08:24:50","date_gmt":"2021-09-03T08:24:50","guid":{"rendered":"https:\/\/www.emballagedigest.fr\/?p=23287"},"modified":"2021-09-03T08:24:50","modified_gmt":"2021-09-03T08:24:50","slug":"mg-tech-nomme-son-nouveau-directeur-general","status":"publish","type":"post","link":"https:\/\/www.emballagedigest.fr\/en\/mg-tech-nomme-son-nouveau-directeur-general\/","title":{"rendered":"MG Tech nomme son nouveau directeur g\u00e9n\u00e9ral"},"content":{"rendered":"<p>MG Tech annonce la prise de poste effective, depuis le 1er septembre, de Xavier Lucas \u00e0 la direction g\u00e9n\u00e9rale. Dans ses nouvelles fonctions, il prend en charge le pilotage de l\u2019ensemble des soci\u00e9t\u00e9s du groupe ainsi que les fonctions supports en France et \u00e0 l\u2019International. Sa mission principale sera d\u2019ex\u00e9cuter le plan strat\u00e9gique 2025.<\/p>\n<p>Dipl\u00f4m\u00e9 d\u2019une ma\u00eetrise en Administration \u00c9conomique et Sociale option Gestion des entreprises priv\u00e9es, Xavier Lucas (51 ans) est riche d\u2019une exp\u00e9rience internationale. Il a occup\u00e9 avec succ\u00e8s diff\u00e9rents postes au sein de Yaskawa, dont la fonction de CEO de la filiale fran\u00e7aise \u00e0 partir de 2010, puis a cumul\u00e9 la double casquette pour la filiale espagnole \u00e0 compter de 2016.<br \/>\nEn 2018, il rejoint l\u2019entreprise Sepro Robotique en tant que membre du Comex, o\u00f9 il a eu notamment en charge la direction commerciale monde, manageant ainsi en direct les filiales \u00e0 l\u2019\u00e9tranger. <\/p>\n<p>\u00abJe suis ravi de l\u2019opportunit\u00e9 qui m\u2019est donn\u00e9e de diriger MG-Tech et de l\u2019accompagner dans sa phase d\u2019acc\u00e9l\u00e9ration notamment \u00e0 l\u2019international. Nous partageons, avec Eric Gautier, les m\u00eames valeurs humaines. Je suis tr\u00e8s enthousiaste \u00e0 l\u2019\u00e9gard de ce nouveau d\u00e9fi. Je reste tr\u00e8s impressionn\u00e9 par le haut niveau technologique des machines et du savoir-faire du groupe MG Tech\u00bb, a comment\u00e9 Xavier Lucas, Directeur G\u00e9n\u00e9ral.<\/p>\n<p>\u00abLa nomination de Xavier Lucas (\u00e0 droite) me permettra de me concentrer sur la gouvernance du groupe, sur mon r\u00f4le de repr\u00e9sentation et enfin sur le d\u00e9veloppement commercial et la progression de nos parts de march\u00e9 en France ainsi qu\u2019\u00e0 l\u2019export. Ensemble, nous nourrissons de grandes ambitions avec pour objectif commun&nbsp;: devenir une marque incontournable en France et \u00e0 l\u2019international dans les domaines du packaging et de la robotique\u00bb, a ajout\u00e9 Eric Gautier (\u00e0 gauche), Pr\u00e9sident du groupe MG Tech.<\/p>\n<p><em>Reproduction interdite sauf accord \u00e9crit d&rsquo;Emballage Digest ou mention du support<\/em><\/p>","protected":false},"excerpt":{"rendered":"<p>MG Tech annonce la prise de poste effective, depuis le 1er septembre, de Xavier Lucas \u00e0 la direction g\u00e9n\u00e9rale. Dans ses nouvelles fonctions, il prend en charge le pilotage de l\u2019ensemble des soci\u00e9t\u00e9s du groupe ainsi que les fonctions supports en France et \u00e0 l\u2019International. Sa mission principale sera d\u2019ex\u00e9cuter le plan strat\u00e9gique 2025.<\/p>","protected":false},"author":1,"featured_media":33287,"comment_status":"closed","ping_status":"closed","sticky":false,"template":"","format":"standard","meta":{"_acf_changed":false,"inline_featured_image":false,"iawp_total_views":0,"footnotes":""},"categories":[28],"tags":[],"class_list":["post-23287","post","type-post","status-publish","format-standard","has-post-thumbnail","hentry","category-article-entier"],"acf":[],"yoast_head":"<!-- This site is optimized with the Yoast SEO plugin v24.4 - https:\/\/yoast.com\/wordpress\/plugins\/seo\/ -->\n<title>MG Tech nomme son nouveau directeur g\u00e9n\u00e9ral  - Emballage Digest<\/title>\n<meta name=\"robots\" content=\"index, follow, max-snippet:-1, max-image-preview:large, max-video-preview:-1\" \/>\n<link rel=\"canonical\" href=\"https:\/\/www.emballagedigest.fr\/en\/mg-tech-nomme-son-nouveau-directeur-general\/\" \/>\n<meta property=\"og:locale\" content=\"en_GB\" \/>\n<meta property=\"og:type\" content=\"article\" \/>\n<meta property=\"og:title\" content=\"MG Tech nomme son nouveau directeur g\u00e9n\u00e9ral  - Emballage Digest\" \/>\n<meta property=\"og:description\" content=\"MG Tech annonce la prise de poste effective, depuis le 1er septembre, de Xavier Lucas \u00e0 la direction g\u00e9n\u00e9rale. Dans ses nouvelles fonctions, il prend en charge le pilotage de l\u2019ensemble des soci\u00e9t\u00e9s du groupe ainsi que les fonctions supports en France et \u00e0 l\u2019International. Sa mission principale sera d\u2019ex\u00e9cuter le plan strat\u00e9gique 2025.\" \/>\n<meta property=\"og:url\" content=\"https:\/\/www.emballagedigest.fr\/en\/mg-tech-nomme-son-nouveau-directeur-general\/\" \/>\n<meta property=\"og:site_name\" content=\"Emballage Digest\" \/>\n<meta property=\"article:published_time\" content=\"2021-09-03T08:24:50+00:00\" \/>\n<meta name=\"author\" content=\"admin_thopel\" \/>\n<meta name=\"twitter:card\" content=\"summary_large_image\" \/>\n<meta name=\"twitter:label1\" content=\"Written by\" \/>\n\t<meta name=\"twitter:data1\" content=\"admin_thopel\" \/>\n\t<meta name=\"twitter:label2\" content=\"Estimated reading time\" \/>\n\t<meta name=\"twitter:data2\" content=\"2 minutes\" \/>\n<script type=\"application\/ld+json\" class=\"yoast-schema-graph\">{\"@context\":\"https:\/\/schema.org\",\"@graph\":[{\"@type\":\"Article\",\"@id\":\"https:\/\/www.emballagedigest.fr\/mg-tech-nomme-son-nouveau-directeur-general\/#article\",\"isPartOf\":{\"@id\":\"https:\/\/www.emballagedigest.fr\/mg-tech-nomme-son-nouveau-directeur-general\/\"},\"author\":{\"name\":\"admin_thopel\",\"@id\":\"https:\/\/www.emballagedigest.fr\/#\/schema\/person\/d01fbac1f378e2f5e4096082cdf68ae5\"},\"headline\":\"MG Tech nomme son nouveau directeur g\u00e9n\u00e9ral\",\"datePublished\":\"2021-09-03T08:24:50+00:00\",\"mainEntityOfPage\":{\"@id\":\"https:\/\/www.emballagedigest.fr\/mg-tech-nomme-son-nouveau-directeur-general\/\"},\"wordCount\":338,\"publisher\":{\"@id\":\"https:\/\/www.emballagedigest.fr\/#organization\"},\"image\":{\"@id\":\"https:\/\/www.emballagedigest.fr\/mg-tech-nomme-son-nouveau-directeur-general\/#primaryimage\"},\"thumbnailUrl\":\"https:\/\/www.emballagedigest.fr\/wp-content\/uploads\/dotclear\/images\/2021\/BONUS\/sep\/mgtech_article.jpg\",\"articleSection\":[\"Article entier\"],\"inLanguage\":\"en-GB\"},{\"@type\":\"WebPage\",\"@id\":\"https:\/\/www.emballagedigest.fr\/mg-tech-nomme-son-nouveau-directeur-general\/\",\"url\":\"https:\/\/www.emballagedigest.fr\/mg-tech-nomme-son-nouveau-directeur-general\/\",\"name\":\"MG Tech nomme son nouveau directeur g\u00e9n\u00e9ral - Emballage Digest\",\"isPartOf\":{\"@id\":\"https:\/\/www.emballagedigest.fr\/#website\"},\"primaryImageOfPage\":{\"@id\":\"https:\/\/www.emballagedigest.fr\/mg-tech-nomme-son-nouveau-directeur-general\/#primaryimage\"},\"image\":{\"@id\":\"https:\/\/www.emballagedigest.fr\/mg-tech-nomme-son-nouveau-directeur-general\/#primaryimage\"},\"thumbnailUrl\":\"https:\/\/www.emballagedigest.fr\/wp-content\/uploads\/dotclear\/images\/2021\/BONUS\/sep\/mgtech_article.jpg\",\"datePublished\":\"2021-09-03T08:24:50+00:00\",\"breadcrumb\":{\"@id\":\"https:\/\/www.emballagedigest.fr\/mg-tech-nomme-son-nouveau-directeur-general\/#breadcrumb\"},\"inLanguage\":\"en-GB\",\"potentialAction\":[{\"@type\":\"ReadAction\",\"target\":[\"https:\/\/www.emballagedigest.fr\/mg-tech-nomme-son-nouveau-directeur-general\/\"]}]},{\"@type\":\"ImageObject\",\"inLanguage\":\"en-GB\",\"@id\":\"https:\/\/www.emballagedigest.fr\/mg-tech-nomme-son-nouveau-directeur-general\/#primaryimage\",\"url\":\"https:\/\/www.emballagedigest.fr\/wp-content\/uploads\/dotclear\/images\/2021\/BONUS\/sep\/mgtech_article.jpg\",\"contentUrl\":\"https:\/\/www.emballagedigest.fr\/wp-content\/uploads\/dotclear\/images\/2021\/BONUS\/sep\/mgtech_article.jpg\"},{\"@type\":\"BreadcrumbList\",\"@id\":\"https:\/\/www.emballagedigest.fr\/mg-tech-nomme-son-nouveau-directeur-general\/#breadcrumb\",\"itemListElement\":[{\"@type\":\"ListItem\",\"position\":1,\"name\":\"Accueil\",\"item\":\"https:\/\/www.emballagedigest.fr\/\"},{\"@type\":\"ListItem\",\"position\":2,\"name\":\"MG Tech nomme son nouveau directeur g\u00e9n\u00e9ral\"}]},{\"@type\":\"WebSite\",\"@id\":\"https:\/\/www.emballagedigest.fr\/#website\",\"url\":\"https:\/\/www.emballagedigest.fr\/\",\"name\":\"Emballage Digest\",\"description\":\"Revue professionnelle sur les emballages\",\"publisher\":{\"@id\":\"https:\/\/www.emballagedigest.fr\/#organization\"},\"potentialAction\":[{\"@type\":\"SearchAction\",\"target\":{\"@type\":\"EntryPoint\",\"urlTemplate\":\"https:\/\/www.emballagedigest.fr\/?s={search_term_string}\"},\"query-input\":{\"@type\":\"PropertyValueSpecification\",\"valueRequired\":true,\"valueName\":\"search_term_string\"}}],\"inLanguage\":\"en-GB\"},{\"@type\":\"Organization\",\"@id\":\"https:\/\/www.emballagedigest.fr\/#organization\",\"name\":\"Emballage Digest\",\"url\":\"https:\/\/www.emballagedigest.fr\/\",\"logo\":{\"@type\":\"ImageObject\",\"inLanguage\":\"en-GB\",\"@id\":\"https:\/\/www.emballagedigest.fr\/#\/schema\/logo\/image\/\",\"url\":\"https:\/\/www.emballagedigest.fr\/wp-content\/uploads\/2022\/07\/logo-ed.png\",\"contentUrl\":\"https:\/\/www.emballagedigest.fr\/wp-content\/uploads\/2022\/07\/logo-ed.png\",\"width\":379,\"height\":75,\"caption\":\"Emballage Digest\"},\"image\":{\"@id\":\"https:\/\/www.emballagedigest.fr\/#\/schema\/logo\/image\/\"}},{\"@type\":\"Person\",\"@id\":\"https:\/\/www.emballagedigest.fr\/#\/schema\/person\/d01fbac1f378e2f5e4096082cdf68ae5\",\"name\":\"admin_thopel\",\"image\":{\"@type\":\"ImageObject\",\"inLanguage\":\"en-GB\",\"@id\":\"https:\/\/www.emballagedigest.fr\/#\/schema\/person\/image\/\",\"url\":\"https:\/\/secure.gravatar.com\/avatar\/6cf644f6475359b596b81b10a64f989df38f1238649f7e33f97f69519e42dfbf?s=96&d=mm&r=g\",\"contentUrl\":\"https:\/\/secure.gravatar.com\/avatar\/6cf644f6475359b596b81b10a64f989df38f1238649f7e33f97f69519e42dfbf?s=96&d=mm&r=g\",\"caption\":\"admin_thopel\"},\"sameAs\":[\"http:\/\/localhost:8787\/emballage_digest\"],\"url\":\"https:\/\/www.emballagedigest.fr\/en\/author\/admin_thopel\/\"}]}<\/script>\n<!-- \/ Yoast SEO plugin. -->","yoast_head_json":{"title":"MG Tech nomme son nouveau directeur g\u00e9n\u00e9ral  - Emballage Digest","robots":{"index":"index","follow":"follow","max-snippet":"max-snippet:-1","max-image-preview":"max-image-preview:large","max-video-preview":"max-video-preview:-1"},"canonical":"https:\/\/www.emballagedigest.fr\/en\/mg-tech-nomme-son-nouveau-directeur-general\/","og_locale":"en_GB","og_type":"article","og_title":"MG Tech nomme son nouveau directeur g\u00e9n\u00e9ral  - Emballage Digest","og_description":"MG Tech annonce la prise de poste effective, depuis le 1er septembre, de Xavier Lucas \u00e0 la direction g\u00e9n\u00e9rale. Dans ses nouvelles fonctions, il prend en charge le pilotage de l\u2019ensemble des soci\u00e9t\u00e9s du groupe ainsi que les fonctions supports en France et \u00e0 l\u2019International. Sa mission principale sera d\u2019ex\u00e9cuter le plan strat\u00e9gique 2025.","og_url":"https:\/\/www.emballagedigest.fr\/en\/mg-tech-nomme-son-nouveau-directeur-general\/","og_site_name":"Emballage Digest","article_published_time":"2021-09-03T08:24:50+00:00","author":"admin_thopel","twitter_card":"summary_large_image","twitter_misc":{"Written by":"admin_thopel","Estimated reading time":"2 minutes"},"schema":{"@context":"https:\/\/schema.org","@graph":[{"@type":"Article","@id":"https:\/\/www.emballagedigest.fr\/mg-tech-nomme-son-nouveau-directeur-general\/#article","isPartOf":{"@id":"https:\/\/www.emballagedigest.fr\/mg-tech-nomme-son-nouveau-directeur-general\/"},"author":{"name":"admin_thopel","@id":"https:\/\/www.emballagedigest.fr\/#\/schema\/person\/d01fbac1f378e2f5e4096082cdf68ae5"},"headline":"MG Tech nomme son nouveau directeur g\u00e9n\u00e9ral","datePublished":"2021-09-03T08:24:50+00:00","mainEntityOfPage":{"@id":"https:\/\/www.emballagedigest.fr\/mg-tech-nomme-son-nouveau-directeur-general\/"},"wordCount":338,"publisher":{"@id":"https:\/\/www.emballagedigest.fr\/#organization"},"image":{"@id":"https:\/\/www.emballagedigest.fr\/mg-tech-nomme-son-nouveau-directeur-general\/#primaryimage"},"thumbnailUrl":"https:\/\/www.emballagedigest.fr\/wp-content\/uploads\/dotclear\/images\/2021\/BONUS\/sep\/mgtech_article.jpg","articleSection":["Article entier"],"inLanguage":"en-GB"},{"@type":"WebPage","@id":"https:\/\/www.emballagedigest.fr\/mg-tech-nomme-son-nouveau-directeur-general\/","url":"https:\/\/www.emballagedigest.fr\/mg-tech-nomme-son-nouveau-directeur-general\/","name":"MG Tech nomme son nouveau directeur g\u00e9n\u00e9ral - Emballage Digest","isPartOf":{"@id":"https:\/\/www.emballagedigest.fr\/#website"},"primaryImageOfPage":{"@id":"https:\/\/www.emballagedigest.fr\/mg-tech-nomme-son-nouveau-directeur-general\/#primaryimage"},"image":{"@id":"https:\/\/www.emballagedigest.fr\/mg-tech-nomme-son-nouveau-directeur-general\/#primaryimage"},"thumbnailUrl":"https:\/\/www.emballagedigest.fr\/wp-content\/uploads\/dotclear\/images\/2021\/BONUS\/sep\/mgtech_article.jpg","datePublished":"2021-09-03T08:24:50+00:00","breadcrumb":{"@id":"https:\/\/www.emballagedigest.fr\/mg-tech-nomme-son-nouveau-directeur-general\/#breadcrumb"},"inLanguage":"en-GB","potentialAction":[{"@type":"ReadAction","target":["https:\/\/www.emballagedigest.fr\/mg-tech-nomme-son-nouveau-directeur-general\/"]}]},{"@type":"ImageObject","inLanguage":"en-GB","@id":"https:\/\/www.emballagedigest.fr\/mg-tech-nomme-son-nouveau-directeur-general\/#primaryimage","url":"https:\/\/www.emballagedigest.fr\/wp-content\/uploads\/dotclear\/images\/2021\/BONUS\/sep\/mgtech_article.jpg","contentUrl":"https:\/\/www.emballagedigest.fr\/wp-content\/uploads\/dotclear\/images\/2021\/BONUS\/sep\/mgtech_article.jpg"},{"@type":"BreadcrumbList","@id":"https:\/\/www.emballagedigest.fr\/mg-tech-nomme-son-nouveau-directeur-general\/#breadcrumb","itemListElement":[{"@type":"ListItem","position":1,"name":"Accueil","item":"https:\/\/www.emballagedigest.fr\/"},{"@type":"ListItem","position":2,"name":"MG Tech nomme son nouveau directeur g\u00e9n\u00e9ral"}]},{"@type":"WebSite","@id":"https:\/\/www.emballagedigest.fr\/#website","url":"https:\/\/www.emballagedigest.fr\/","name":"Emballage Digest","description":"Revue professionnelle sur les emballages","publisher":{"@id":"https:\/\/www.emballagedigest.fr\/#organization"},"potentialAction":[{"@type":"SearchAction","target":{"@type":"EntryPoint","urlTemplate":"https:\/\/www.emballagedigest.fr\/?s={search_term_string}"},"query-input":{"@type":"PropertyValueSpecification","valueRequired":true,"valueName":"search_term_string"}}],"inLanguage":"en-GB"},{"@type":"Organization","@id":"https:\/\/www.emballagedigest.fr\/#organization","name":"Emballage Digest","url":"https:\/\/www.emballagedigest.fr\/","logo":{"@type":"ImageObject","inLanguage":"en-GB","@id":"https:\/\/www.emballagedigest.fr\/#\/schema\/logo\/image\/","url":"https:\/\/www.emballagedigest.fr\/wp-content\/uploads\/2022\/07\/logo-ed.png","contentUrl":"https:\/\/www.emballagedigest.fr\/wp-content\/uploads\/2022\/07\/logo-ed.png","width":379,"height":75,"caption":"Emballage Digest"},"image":{"@id":"https:\/\/www.emballagedigest.fr\/#\/schema\/logo\/image\/"}},{"@type":"Person","@id":"https:\/\/www.emballagedigest.fr\/#\/schema\/person\/d01fbac1f378e2f5e4096082cdf68ae5","name":"admin_thopel","image":{"@type":"ImageObject","inLanguage":"en-GB","@id":"https:\/\/www.emballagedigest.fr\/#\/schema\/person\/image\/","url":"https:\/\/secure.gravatar.com\/avatar\/6cf644f6475359b596b81b10a64f989df38f1238649f7e33f97f69519e42dfbf?s=96&d=mm&r=g","contentUrl":"https:\/\/secure.gravatar.com\/avatar\/6cf644f6475359b596b81b10a64f989df38f1238649f7e33f97f69519e42dfbf?s=96&d=mm&r=g","caption":"admin_thopel"},"sameAs":["http:\/\/localhost:8787\/emballage_digest"],"url":"https:\/\/www.emballagedigest.fr\/en\/author\/admin_thopel\/"}]}},"_links":{"self":[{"href":"https:\/\/www.emballagedigest.fr\/en\/wp-json\/wp\/v2\/posts\/23287","targetHints":{"allow":["GET"]}}],"collection":[{"href":"https:\/\/www.emballagedigest.fr\/en\/wp-json\/wp\/v2\/posts"}],"about":[{"href":"https:\/\/www.emballagedigest.fr\/en\/wp-json\/wp\/v2\/types\/post"}],"author":[{"embeddable":true,"href":"https:\/\/www.emballagedigest.fr\/en\/wp-json\/wp\/v2\/users\/1"}],"replies":[{"embeddable":true,"href":"https:\/\/www.emballagedigest.fr\/en\/wp-json\/wp\/v2\/comments?post=23287"}],"version-history":[{"count":0,"href":"https:\/\/www.emballagedigest.fr\/en\/wp-json\/wp\/v2\/posts\/23287\/revisions"}],"wp:featuredmedia":[{"embeddable":true,"href":"https:\/\/www.emballagedigest.fr\/en\/wp-json\/wp\/v2\/media\/33287"}],"wp:attachment":[{"href":"https:\/\/www.emballagedigest.fr\/en\/wp-json\/wp\/v2\/media?parent=23287"}],"wp:term":[{"taxonomy":"category","embeddable":true,"href":"https:\/\/www.emballagedigest.fr\/en\/wp-json\/wp\/v2\/categories?post=23287"},{"taxonomy":"post_tag","embeddable":true,"href":"https:\/\/www.emballagedigest.fr\/en\/wp-json\/wp\/v2\/tags?post=23287"}],"curies":[{"name":"wp","href":"https:\/\/api.w.org\/{rel}","templated":true}]}}