{"id":23289,"date":"2021-09-06T08:34:14","date_gmt":"2021-09-06T08:34:14","guid":{"rendered":"https:\/\/www.emballagedigest.fr\/?p=23289"},"modified":"2021-09-06T08:34:14","modified_gmt":"2021-09-06T08:34:14","slug":"palettes-l-epal-se-dote-d-un-nouveau-directeur-general","status":"publish","type":"post","link":"https:\/\/www.emballagedigest.fr\/en\/palettes-l-epal-se-dote-d-un-nouveau-directeur-general\/","title":{"rendered":"Palettes : l\u2019EPAL se dote d\u2019un nouveau directeur g\u00e9n\u00e9ral"},"content":{"rendered":"<p>Le Comit\u00e9 de Direction de l\u2019European Pallet Association (EPAL) a nomm\u00e9 Bernd D\u00f6rre au poste de Directeur G\u00e9n\u00e9ral de l\u2019EPAL. Il succ\u00e8de \u00e0 Christian K\u00fchnhold, qui a exerc\u00e9 cette fonction jusqu\u2019au 31 mars 2021.<\/p>\n<p>Bernd D\u00f6rre, 54 ans, accompagne le d\u00e9veloppement de l\u2019EPAL depuis plus de 20 ann\u00e9es. Il a d\u2019abord commenc\u00e9 par exercer les fonctions d\u2019avocat de l\u2019EPAL \u00e0 partir de 1997, puis est devenu conseiller des instances dirigeantes et du Comit\u00e9 de Direction de l\u2019EPAL en 2009. <\/p>\n<p><img decoding=\"async\" src=\"https:\/\/www.emballagedigest.fr\/dotclear\/images\/2021\/BONUS\/sep\/epal_article2.jpg\" alt=\"Texte Alternatif\" style=\"float:right; margin: 0 0 1em 1em;\" \/>\u00abBernd D\u00f6rre conna\u00eet parfaitement le march\u00e9 des palettes et tous les enjeux du pool des palettes Europe EPAL. Ces derni\u00e8res ann\u00e9es, il a fait preuve de sa comp\u00e9tence dans son r\u00f4le de conseiller du Comit\u00e9 de Direction de l\u2019EPAL et men\u00e9 \u00e0 bien d\u2019importants projets de l\u2019EPAL\u00bb, explique Robert Holliger, pr\u00e9sident de l\u2019EPAL.<\/p>\n<p>Le nouveau directeur g\u00e9n\u00e9ral aura en charge de poursuivre l\u2019expansion du pool de palettes Europe EPAL et acc\u00e9l\u00e9rer sa num\u00e9risation.<\/p>\n<p>\u00abL&rsquo;EPAL c\u00e9l\u00e8bre cette ann\u00e9e son trenti\u00e8me anniversaire. Dans les ann\u00e9es \u00e0 venir, nous voulons renforcer l\u2019importance du pool de palettes Europe EPAL pour atteindre les objectifs de durabilit\u00e9 vis\u00e9s par les utilisateurs et rendre le pool de palettes Europe EPAL encore plus simple, plus efficace et en faire la solution la meilleure pour la grande distribution, l&rsquo;industrie et la logistique\u00bb, explique Bernd D\u00f6rre.<\/p>\n<p><em>Reproduction interdite sauf accord \u00e9crit d&rsquo;Emballage Digest ou mention du support<\/em><\/p>","protected":false},"excerpt":{"rendered":"<p>Le Comit\u00e9 de Direction de l\u2019European Pallet Association (EPAL) a nomm\u00e9 Bernd D\u00f6rre au poste de Directeur G\u00e9n\u00e9ral de l\u2019EPAL. Il succ\u00e8de \u00e0 Christian K\u00fchnhold, qui a exerc\u00e9 cette fonction jusqu\u2019au 31 mars 2021.<\/p>","protected":false},"author":1,"featured_media":33289,"comment_status":"closed","ping_status":"closed","sticky":false,"template":"","format":"standard","meta":{"_acf_changed":false,"inline_featured_image":false,"iawp_total_views":0,"footnotes":""},"categories":[28],"tags":[],"class_list":["post-23289","post","type-post","status-publish","format-standard","has-post-thumbnail","hentry","category-article-entier"],"acf":[],"yoast_head":"<!-- This site is optimized with the Yoast SEO plugin v24.4 - https:\/\/yoast.com\/wordpress\/plugins\/seo\/ -->\n<title>Palettes : l\u2019EPAL se dote d\u2019un nouveau directeur g\u00e9n\u00e9ral - Emballage Digest<\/title>\n<meta name=\"robots\" content=\"index, follow, max-snippet:-1, max-image-preview:large, max-video-preview:-1\" \/>\n<link rel=\"canonical\" href=\"https:\/\/www.emballagedigest.fr\/en\/palettes-l-epal-se-dote-d-un-nouveau-directeur-general\/\" \/>\n<meta property=\"og:locale\" content=\"en_GB\" \/>\n<meta property=\"og:type\" content=\"article\" \/>\n<meta property=\"og:title\" content=\"Palettes : l\u2019EPAL se dote d\u2019un nouveau directeur g\u00e9n\u00e9ral - Emballage Digest\" \/>\n<meta property=\"og:description\" content=\"Le Comit\u00e9 de Direction de l\u2019European Pallet Association (EPAL) a nomm\u00e9 Bernd D\u00f6rre au poste de Directeur G\u00e9n\u00e9ral de l\u2019EPAL. Il succ\u00e8de \u00e0 Christian K\u00fchnhold, qui a exerc\u00e9 cette fonction jusqu\u2019au 31 mars 2021.\" \/>\n<meta property=\"og:url\" content=\"https:\/\/www.emballagedigest.fr\/en\/palettes-l-epal-se-dote-d-un-nouveau-directeur-general\/\" \/>\n<meta property=\"og:site_name\" content=\"Emballage Digest\" \/>\n<meta property=\"article:published_time\" content=\"2021-09-06T08:34:14+00:00\" \/>\n<meta name=\"author\" content=\"admin_thopel\" \/>\n<meta name=\"twitter:card\" content=\"summary_large_image\" \/>\n<meta name=\"twitter:label1\" content=\"Written by\" \/>\n\t<meta name=\"twitter:data1\" content=\"admin_thopel\" \/>\n\t<meta name=\"twitter:label2\" content=\"Estimated reading time\" \/>\n\t<meta name=\"twitter:data2\" content=\"1 minute\" \/>\n<script type=\"application\/ld+json\" class=\"yoast-schema-graph\">{\"@context\":\"https:\/\/schema.org\",\"@graph\":[{\"@type\":\"Article\",\"@id\":\"https:\/\/www.emballagedigest.fr\/palettes-l-epal-se-dote-d-un-nouveau-directeur-general\/#article\",\"isPartOf\":{\"@id\":\"https:\/\/www.emballagedigest.fr\/palettes-l-epal-se-dote-d-un-nouveau-directeur-general\/\"},\"author\":{\"name\":\"admin_thopel\",\"@id\":\"https:\/\/www.emballagedigest.fr\/#\/schema\/person\/d01fbac1f378e2f5e4096082cdf68ae5\"},\"headline\":\"Palettes : l\u2019EPAL se dote d\u2019un nouveau directeur g\u00e9n\u00e9ral\",\"datePublished\":\"2021-09-06T08:34:14+00:00\",\"mainEntityOfPage\":{\"@id\":\"https:\/\/www.emballagedigest.fr\/palettes-l-epal-se-dote-d-un-nouveau-directeur-general\/\"},\"wordCount\":272,\"publisher\":{\"@id\":\"https:\/\/www.emballagedigest.fr\/#organization\"},\"image\":{\"@id\":\"https:\/\/www.emballagedigest.fr\/palettes-l-epal-se-dote-d-un-nouveau-directeur-general\/#primaryimage\"},\"thumbnailUrl\":\"https:\/\/www.emballagedigest.fr\/wp-content\/uploads\/dotclear\/images\/2021\/BONUS\/sep\/epal_article1.jpg\",\"articleSection\":[\"Article entier\"],\"inLanguage\":\"en-GB\"},{\"@type\":\"WebPage\",\"@id\":\"https:\/\/www.emballagedigest.fr\/palettes-l-epal-se-dote-d-un-nouveau-directeur-general\/\",\"url\":\"https:\/\/www.emballagedigest.fr\/palettes-l-epal-se-dote-d-un-nouveau-directeur-general\/\",\"name\":\"Palettes : l\u2019EPAL se dote d\u2019un nouveau directeur g\u00e9n\u00e9ral - Emballage Digest\",\"isPartOf\":{\"@id\":\"https:\/\/www.emballagedigest.fr\/#website\"},\"primaryImageOfPage\":{\"@id\":\"https:\/\/www.emballagedigest.fr\/palettes-l-epal-se-dote-d-un-nouveau-directeur-general\/#primaryimage\"},\"image\":{\"@id\":\"https:\/\/www.emballagedigest.fr\/palettes-l-epal-se-dote-d-un-nouveau-directeur-general\/#primaryimage\"},\"thumbnailUrl\":\"https:\/\/www.emballagedigest.fr\/wp-content\/uploads\/dotclear\/images\/2021\/BONUS\/sep\/epal_article1.jpg\",\"datePublished\":\"2021-09-06T08:34:14+00:00\",\"breadcrumb\":{\"@id\":\"https:\/\/www.emballagedigest.fr\/palettes-l-epal-se-dote-d-un-nouveau-directeur-general\/#breadcrumb\"},\"inLanguage\":\"en-GB\",\"potentialAction\":[{\"@type\":\"ReadAction\",\"target\":[\"https:\/\/www.emballagedigest.fr\/palettes-l-epal-se-dote-d-un-nouveau-directeur-general\/\"]}]},{\"@type\":\"ImageObject\",\"inLanguage\":\"en-GB\",\"@id\":\"https:\/\/www.emballagedigest.fr\/palettes-l-epal-se-dote-d-un-nouveau-directeur-general\/#primaryimage\",\"url\":\"https:\/\/www.emballagedigest.fr\/wp-content\/uploads\/dotclear\/images\/2021\/BONUS\/sep\/epal_article1.jpg\",\"contentUrl\":\"https:\/\/www.emballagedigest.fr\/wp-content\/uploads\/dotclear\/images\/2021\/BONUS\/sep\/epal_article1.jpg\"},{\"@type\":\"BreadcrumbList\",\"@id\":\"https:\/\/www.emballagedigest.fr\/palettes-l-epal-se-dote-d-un-nouveau-directeur-general\/#breadcrumb\",\"itemListElement\":[{\"@type\":\"ListItem\",\"position\":1,\"name\":\"Accueil\",\"item\":\"https:\/\/www.emballagedigest.fr\/\"},{\"@type\":\"ListItem\",\"position\":2,\"name\":\"Palettes : l\u2019EPAL se dote d\u2019un nouveau directeur g\u00e9n\u00e9ral\"}]},{\"@type\":\"WebSite\",\"@id\":\"https:\/\/www.emballagedigest.fr\/#website\",\"url\":\"https:\/\/www.emballagedigest.fr\/\",\"name\":\"Emballage Digest\",\"description\":\"Revue professionnelle sur les emballages\",\"publisher\":{\"@id\":\"https:\/\/www.emballagedigest.fr\/#organization\"},\"potentialAction\":[{\"@type\":\"SearchAction\",\"target\":{\"@type\":\"EntryPoint\",\"urlTemplate\":\"https:\/\/www.emballagedigest.fr\/?s={search_term_string}\"},\"query-input\":{\"@type\":\"PropertyValueSpecification\",\"valueRequired\":true,\"valueName\":\"search_term_string\"}}],\"inLanguage\":\"en-GB\"},{\"@type\":\"Organization\",\"@id\":\"https:\/\/www.emballagedigest.fr\/#organization\",\"name\":\"Emballage Digest\",\"url\":\"https:\/\/www.emballagedigest.fr\/\",\"logo\":{\"@type\":\"ImageObject\",\"inLanguage\":\"en-GB\",\"@id\":\"https:\/\/www.emballagedigest.fr\/#\/schema\/logo\/image\/\",\"url\":\"https:\/\/www.emballagedigest.fr\/wp-content\/uploads\/2022\/07\/logo-ed.png\",\"contentUrl\":\"https:\/\/www.emballagedigest.fr\/wp-content\/uploads\/2022\/07\/logo-ed.png\",\"width\":379,\"height\":75,\"caption\":\"Emballage Digest\"},\"image\":{\"@id\":\"https:\/\/www.emballagedigest.fr\/#\/schema\/logo\/image\/\"}},{\"@type\":\"Person\",\"@id\":\"https:\/\/www.emballagedigest.fr\/#\/schema\/person\/d01fbac1f378e2f5e4096082cdf68ae5\",\"name\":\"admin_thopel\",\"image\":{\"@type\":\"ImageObject\",\"inLanguage\":\"en-GB\",\"@id\":\"https:\/\/www.emballagedigest.fr\/#\/schema\/person\/image\/\",\"url\":\"https:\/\/secure.gravatar.com\/avatar\/6cf644f6475359b596b81b10a64f989df38f1238649f7e33f97f69519e42dfbf?s=96&d=mm&r=g\",\"contentUrl\":\"https:\/\/secure.gravatar.com\/avatar\/6cf644f6475359b596b81b10a64f989df38f1238649f7e33f97f69519e42dfbf?s=96&d=mm&r=g\",\"caption\":\"admin_thopel\"},\"sameAs\":[\"http:\/\/localhost:8787\/emballage_digest\"],\"url\":\"https:\/\/www.emballagedigest.fr\/en\/author\/admin_thopel\/\"}]}<\/script>\n<!-- \/ Yoast SEO plugin. -->","yoast_head_json":{"title":"Palettes : l\u2019EPAL se dote d\u2019un nouveau directeur g\u00e9n\u00e9ral - Emballage Digest","robots":{"index":"index","follow":"follow","max-snippet":"max-snippet:-1","max-image-preview":"max-image-preview:large","max-video-preview":"max-video-preview:-1"},"canonical":"https:\/\/www.emballagedigest.fr\/en\/palettes-l-epal-se-dote-d-un-nouveau-directeur-general\/","og_locale":"en_GB","og_type":"article","og_title":"Palettes : l\u2019EPAL se dote d\u2019un nouveau directeur g\u00e9n\u00e9ral - Emballage Digest","og_description":"Le Comit\u00e9 de Direction de l\u2019European Pallet Association (EPAL) a nomm\u00e9 Bernd D\u00f6rre au poste de Directeur G\u00e9n\u00e9ral de l\u2019EPAL. Il succ\u00e8de \u00e0 Christian K\u00fchnhold, qui a exerc\u00e9 cette fonction jusqu\u2019au 31 mars 2021.","og_url":"https:\/\/www.emballagedigest.fr\/en\/palettes-l-epal-se-dote-d-un-nouveau-directeur-general\/","og_site_name":"Emballage Digest","article_published_time":"2021-09-06T08:34:14+00:00","author":"admin_thopel","twitter_card":"summary_large_image","twitter_misc":{"Written by":"admin_thopel","Estimated reading time":"1 minute"},"schema":{"@context":"https:\/\/schema.org","@graph":[{"@type":"Article","@id":"https:\/\/www.emballagedigest.fr\/palettes-l-epal-se-dote-d-un-nouveau-directeur-general\/#article","isPartOf":{"@id":"https:\/\/www.emballagedigest.fr\/palettes-l-epal-se-dote-d-un-nouveau-directeur-general\/"},"author":{"name":"admin_thopel","@id":"https:\/\/www.emballagedigest.fr\/#\/schema\/person\/d01fbac1f378e2f5e4096082cdf68ae5"},"headline":"Palettes : l\u2019EPAL se dote d\u2019un nouveau directeur g\u00e9n\u00e9ral","datePublished":"2021-09-06T08:34:14+00:00","mainEntityOfPage":{"@id":"https:\/\/www.emballagedigest.fr\/palettes-l-epal-se-dote-d-un-nouveau-directeur-general\/"},"wordCount":272,"publisher":{"@id":"https:\/\/www.emballagedigest.fr\/#organization"},"image":{"@id":"https:\/\/www.emballagedigest.fr\/palettes-l-epal-se-dote-d-un-nouveau-directeur-general\/#primaryimage"},"thumbnailUrl":"https:\/\/www.emballagedigest.fr\/wp-content\/uploads\/dotclear\/images\/2021\/BONUS\/sep\/epal_article1.jpg","articleSection":["Article entier"],"inLanguage":"en-GB"},{"@type":"WebPage","@id":"https:\/\/www.emballagedigest.fr\/palettes-l-epal-se-dote-d-un-nouveau-directeur-general\/","url":"https:\/\/www.emballagedigest.fr\/palettes-l-epal-se-dote-d-un-nouveau-directeur-general\/","name":"Palettes : l\u2019EPAL se dote d\u2019un nouveau directeur g\u00e9n\u00e9ral - Emballage Digest","isPartOf":{"@id":"https:\/\/www.emballagedigest.fr\/#website"},"primaryImageOfPage":{"@id":"https:\/\/www.emballagedigest.fr\/palettes-l-epal-se-dote-d-un-nouveau-directeur-general\/#primaryimage"},"image":{"@id":"https:\/\/www.emballagedigest.fr\/palettes-l-epal-se-dote-d-un-nouveau-directeur-general\/#primaryimage"},"thumbnailUrl":"https:\/\/www.emballagedigest.fr\/wp-content\/uploads\/dotclear\/images\/2021\/BONUS\/sep\/epal_article1.jpg","datePublished":"2021-09-06T08:34:14+00:00","breadcrumb":{"@id":"https:\/\/www.emballagedigest.fr\/palettes-l-epal-se-dote-d-un-nouveau-directeur-general\/#breadcrumb"},"inLanguage":"en-GB","potentialAction":[{"@type":"ReadAction","target":["https:\/\/www.emballagedigest.fr\/palettes-l-epal-se-dote-d-un-nouveau-directeur-general\/"]}]},{"@type":"ImageObject","inLanguage":"en-GB","@id":"https:\/\/www.emballagedigest.fr\/palettes-l-epal-se-dote-d-un-nouveau-directeur-general\/#primaryimage","url":"https:\/\/www.emballagedigest.fr\/wp-content\/uploads\/dotclear\/images\/2021\/BONUS\/sep\/epal_article1.jpg","contentUrl":"https:\/\/www.emballagedigest.fr\/wp-content\/uploads\/dotclear\/images\/2021\/BONUS\/sep\/epal_article1.jpg"},{"@type":"BreadcrumbList","@id":"https:\/\/www.emballagedigest.fr\/palettes-l-epal-se-dote-d-un-nouveau-directeur-general\/#breadcrumb","itemListElement":[{"@type":"ListItem","position":1,"name":"Accueil","item":"https:\/\/www.emballagedigest.fr\/"},{"@type":"ListItem","position":2,"name":"Palettes : l\u2019EPAL se dote d\u2019un nouveau directeur g\u00e9n\u00e9ral"}]},{"@type":"WebSite","@id":"https:\/\/www.emballagedigest.fr\/#website","url":"https:\/\/www.emballagedigest.fr\/","name":"Emballage Digest","description":"Revue professionnelle sur les emballages","publisher":{"@id":"https:\/\/www.emballagedigest.fr\/#organization"},"potentialAction":[{"@type":"SearchAction","target":{"@type":"EntryPoint","urlTemplate":"https:\/\/www.emballagedigest.fr\/?s={search_term_string}"},"query-input":{"@type":"PropertyValueSpecification","valueRequired":true,"valueName":"search_term_string"}}],"inLanguage":"en-GB"},{"@type":"Organization","@id":"https:\/\/www.emballagedigest.fr\/#organization","name":"Emballage Digest","url":"https:\/\/www.emballagedigest.fr\/","logo":{"@type":"ImageObject","inLanguage":"en-GB","@id":"https:\/\/www.emballagedigest.fr\/#\/schema\/logo\/image\/","url":"https:\/\/www.emballagedigest.fr\/wp-content\/uploads\/2022\/07\/logo-ed.png","contentUrl":"https:\/\/www.emballagedigest.fr\/wp-content\/uploads\/2022\/07\/logo-ed.png","width":379,"height":75,"caption":"Emballage Digest"},"image":{"@id":"https:\/\/www.emballagedigest.fr\/#\/schema\/logo\/image\/"}},{"@type":"Person","@id":"https:\/\/www.emballagedigest.fr\/#\/schema\/person\/d01fbac1f378e2f5e4096082cdf68ae5","name":"admin_thopel","image":{"@type":"ImageObject","inLanguage":"en-GB","@id":"https:\/\/www.emballagedigest.fr\/#\/schema\/person\/image\/","url":"https:\/\/secure.gravatar.com\/avatar\/6cf644f6475359b596b81b10a64f989df38f1238649f7e33f97f69519e42dfbf?s=96&d=mm&r=g","contentUrl":"https:\/\/secure.gravatar.com\/avatar\/6cf644f6475359b596b81b10a64f989df38f1238649f7e33f97f69519e42dfbf?s=96&d=mm&r=g","caption":"admin_thopel"},"sameAs":["http:\/\/localhost:8787\/emballage_digest"],"url":"https:\/\/www.emballagedigest.fr\/en\/author\/admin_thopel\/"}]}},"_links":{"self":[{"href":"https:\/\/www.emballagedigest.fr\/en\/wp-json\/wp\/v2\/posts\/23289","targetHints":{"allow":["GET"]}}],"collection":[{"href":"https:\/\/www.emballagedigest.fr\/en\/wp-json\/wp\/v2\/posts"}],"about":[{"href":"https:\/\/www.emballagedigest.fr\/en\/wp-json\/wp\/v2\/types\/post"}],"author":[{"embeddable":true,"href":"https:\/\/www.emballagedigest.fr\/en\/wp-json\/wp\/v2\/users\/1"}],"replies":[{"embeddable":true,"href":"https:\/\/www.emballagedigest.fr\/en\/wp-json\/wp\/v2\/comments?post=23289"}],"version-history":[{"count":0,"href":"https:\/\/www.emballagedigest.fr\/en\/wp-json\/wp\/v2\/posts\/23289\/revisions"}],"wp:featuredmedia":[{"embeddable":true,"href":"https:\/\/www.emballagedigest.fr\/en\/wp-json\/wp\/v2\/media\/33289"}],"wp:attachment":[{"href":"https:\/\/www.emballagedigest.fr\/en\/wp-json\/wp\/v2\/media?parent=23289"}],"wp:term":[{"taxonomy":"category","embeddable":true,"href":"https:\/\/www.emballagedigest.fr\/en\/wp-json\/wp\/v2\/categories?post=23289"},{"taxonomy":"post_tag","embeddable":true,"href":"https:\/\/www.emballagedigest.fr\/en\/wp-json\/wp\/v2\/tags?post=23289"}],"curies":[{"name":"wp","href":"https:\/\/api.w.org\/{rel}","templated":true}]}}