{"id":23297,"date":"2021-08-31T00:00:00","date_gmt":"2021-08-31T00:00:00","guid":{"rendered":"https:\/\/www.emballagedigest.fr\/?p=23297"},"modified":"2021-09-06T09:52:32","modified_gmt":"2021-09-06T09:52:32","slug":"l-esepac-devoile-ses-nouveaux-equipements","status":"publish","type":"post","link":"https:\/\/www.emballagedigest.fr\/en\/l-esepac-devoile-ses-nouveaux-equipements\/","title":{"rendered":"L\u2019Esepac d\u00e9voile ses nouveaux \u00e9quipements"},"content":{"rendered":"<p>L\u2019\u00e9cole Sup\u00e9rieure du Packaging (Esepac) continue d\u2019\u00e9toffer son offre avec deux nouveaux \u00e9quipements. Dans le cadre de la nouvelle formation CTM carton (conception\/transformation\/m\u00e9canisation), l\u2019\u00e9cole acquiert une formeuse sur mandrin FCE 140 16S reconditionn\u00e9e, fournie par DS Smith.<\/p>\n<p>Cette derni\u00e8re permettra aux \u00e9l\u00e8ves de se faire \u00e0 l\u2019apprentissage des diverses \u00e9tapes de m\u00e9canisation&nbsp;: la conception des caisses \u00e0 plat qu\u2019ils devront ensuite mettre en forme sur la machine. Autre nouveaut\u00e9 pour la rentr\u00e9e&nbsp;: une salle immersive permettra aux entreprises comme aux \u00e9tudiants de d\u00e9couvrir toutes les possibilit\u00e9s des outils de r\u00e9alit\u00e9 3D dans le secteur du packaging. Gr\u00e2ce aux outils de cette salle, le rendu graphique et le r\u00e9alisme de la simulation physique sont tr\u00e8s qualitatives. La salle immersive permettra de valider les futurs prototypes avant la mise sur le march\u00e9 de l\u2019emballage, tout en testant son attractivit\u00e9 en rayon. L\u2019id\u00e9e est de stimuler le travail collaboratif tout en formant \u00e9galement les op\u00e9rateurs sur ligne en toute s\u00e9curit\u00e9. Avec comme avantages pour les industriels, un gain de productivit\u00e9, performance et contr\u00f4le qualit\u00e9 optimis\u00e9s et une meilleure r\u00e9activit\u00e9. <\/p>\n<p><em>Extrait de la revue n\u00b0 660 &#8211; Juillet\/Ao\u00fbt 2021. Reproduction interdite sauf accord \u00e9crit d&rsquo;Emballage Digest ou mention du support<\/em><\/p>","protected":false},"excerpt":{"rendered":"<p>L\u2019\u00e9cole Sup\u00e9rieure du Packaging (Esepac) continue d\u2019\u00e9toffer son offre avec deux nouveaux \u00e9quipements. Dans le cadre de la nouvelle formation CTM carton (conception\/transformation\/m\u00e9canisation), l\u2019\u00e9cole acquiert une formeuse sur mandrin FCE 140 16S reconditionn\u00e9e, fournie par DS Smith.<\/p>","protected":false},"author":1,"featured_media":33297,"comment_status":"closed","ping_status":"closed","sticky":false,"template":"","format":"standard","meta":{"_acf_changed":false,"inline_featured_image":false,"iawp_total_views":0,"footnotes":""},"categories":[28],"tags":[],"class_list":["post-23297","post","type-post","status-publish","format-standard","has-post-thumbnail","hentry","category-article-entier"],"acf":[],"yoast_head":"<!-- This site is optimized with the Yoast SEO plugin v24.4 - https:\/\/yoast.com\/wordpress\/plugins\/seo\/ -->\n<title>L\u2019Esepac d\u00e9voile ses nouveaux \u00e9quipements - Emballage Digest<\/title>\n<meta name=\"robots\" content=\"index, follow, max-snippet:-1, max-image-preview:large, max-video-preview:-1\" \/>\n<link rel=\"canonical\" href=\"https:\/\/www.emballagedigest.fr\/en\/l-esepac-devoile-ses-nouveaux-equipements\/\" \/>\n<meta property=\"og:locale\" content=\"en_GB\" \/>\n<meta property=\"og:type\" content=\"article\" \/>\n<meta property=\"og:title\" content=\"L\u2019Esepac d\u00e9voile ses nouveaux \u00e9quipements - Emballage Digest\" \/>\n<meta property=\"og:description\" content=\"L\u2019\u00e9cole Sup\u00e9rieure du Packaging (Esepac) continue d\u2019\u00e9toffer son offre avec deux nouveaux \u00e9quipements. Dans le cadre de la nouvelle formation CTM carton (conception\/transformation\/m\u00e9canisation), l\u2019\u00e9cole acquiert une formeuse sur mandrin FCE 140 16S reconditionn\u00e9e, fournie par DS Smith.\" \/>\n<meta property=\"og:url\" content=\"https:\/\/www.emballagedigest.fr\/en\/l-esepac-devoile-ses-nouveaux-equipements\/\" \/>\n<meta property=\"og:site_name\" content=\"Emballage Digest\" \/>\n<meta property=\"article:published_time\" content=\"2021-08-31T00:00:00+00:00\" \/>\n<meta property=\"article:modified_time\" content=\"2021-09-06T09:52:32+00:00\" \/>\n<meta name=\"author\" content=\"admin_thopel\" \/>\n<meta name=\"twitter:card\" content=\"summary_large_image\" \/>\n<meta name=\"twitter:label1\" content=\"Written by\" \/>\n\t<meta name=\"twitter:data1\" content=\"admin_thopel\" \/>\n\t<meta name=\"twitter:label2\" content=\"Estimated reading time\" \/>\n\t<meta name=\"twitter:data2\" content=\"1 minute\" \/>\n<script type=\"application\/ld+json\" class=\"yoast-schema-graph\">{\"@context\":\"https:\/\/schema.org\",\"@graph\":[{\"@type\":\"Article\",\"@id\":\"https:\/\/www.emballagedigest.fr\/l-esepac-devoile-ses-nouveaux-equipements\/#article\",\"isPartOf\":{\"@id\":\"https:\/\/www.emballagedigest.fr\/l-esepac-devoile-ses-nouveaux-equipements\/\"},\"author\":{\"name\":\"admin_thopel\",\"@id\":\"https:\/\/www.emballagedigest.fr\/#\/schema\/person\/d01fbac1f378e2f5e4096082cdf68ae5\"},\"headline\":\"L\u2019Esepac d\u00e9voile ses nouveaux \u00e9quipements\",\"datePublished\":\"2021-08-31T00:00:00+00:00\",\"dateModified\":\"2021-09-06T09:52:32+00:00\",\"mainEntityOfPage\":{\"@id\":\"https:\/\/www.emballagedigest.fr\/l-esepac-devoile-ses-nouveaux-equipements\/\"},\"wordCount\":231,\"publisher\":{\"@id\":\"https:\/\/www.emballagedigest.fr\/#organization\"},\"image\":{\"@id\":\"https:\/\/www.emballagedigest.fr\/l-esepac-devoile-ses-nouveaux-equipements\/#primaryimage\"},\"thumbnailUrl\":\"https:\/\/www.emballagedigest.fr\/wp-content\/uploads\/dotclear\/images\/2021\/REVUE\/aout\/08_21_actupack7.jpg\",\"articleSection\":[\"Article entier\"],\"inLanguage\":\"en-GB\"},{\"@type\":\"WebPage\",\"@id\":\"https:\/\/www.emballagedigest.fr\/l-esepac-devoile-ses-nouveaux-equipements\/\",\"url\":\"https:\/\/www.emballagedigest.fr\/l-esepac-devoile-ses-nouveaux-equipements\/\",\"name\":\"L\u2019Esepac d\u00e9voile ses nouveaux \u00e9quipements - Emballage Digest\",\"isPartOf\":{\"@id\":\"https:\/\/www.emballagedigest.fr\/#website\"},\"primaryImageOfPage\":{\"@id\":\"https:\/\/www.emballagedigest.fr\/l-esepac-devoile-ses-nouveaux-equipements\/#primaryimage\"},\"image\":{\"@id\":\"https:\/\/www.emballagedigest.fr\/l-esepac-devoile-ses-nouveaux-equipements\/#primaryimage\"},\"thumbnailUrl\":\"https:\/\/www.emballagedigest.fr\/wp-content\/uploads\/dotclear\/images\/2021\/REVUE\/aout\/08_21_actupack7.jpg\",\"datePublished\":\"2021-08-31T00:00:00+00:00\",\"dateModified\":\"2021-09-06T09:52:32+00:00\",\"breadcrumb\":{\"@id\":\"https:\/\/www.emballagedigest.fr\/l-esepac-devoile-ses-nouveaux-equipements\/#breadcrumb\"},\"inLanguage\":\"en-GB\",\"potentialAction\":[{\"@type\":\"ReadAction\",\"target\":[\"https:\/\/www.emballagedigest.fr\/l-esepac-devoile-ses-nouveaux-equipements\/\"]}]},{\"@type\":\"ImageObject\",\"inLanguage\":\"en-GB\",\"@id\":\"https:\/\/www.emballagedigest.fr\/l-esepac-devoile-ses-nouveaux-equipements\/#primaryimage\",\"url\":\"https:\/\/www.emballagedigest.fr\/wp-content\/uploads\/dotclear\/images\/2021\/REVUE\/aout\/08_21_actupack7.jpg\",\"contentUrl\":\"https:\/\/www.emballagedigest.fr\/wp-content\/uploads\/dotclear\/images\/2021\/REVUE\/aout\/08_21_actupack7.jpg\"},{\"@type\":\"BreadcrumbList\",\"@id\":\"https:\/\/www.emballagedigest.fr\/l-esepac-devoile-ses-nouveaux-equipements\/#breadcrumb\",\"itemListElement\":[{\"@type\":\"ListItem\",\"position\":1,\"name\":\"Accueil\",\"item\":\"https:\/\/www.emballagedigest.fr\/\"},{\"@type\":\"ListItem\",\"position\":2,\"name\":\"L\u2019Esepac d\u00e9voile ses nouveaux \u00e9quipements\"}]},{\"@type\":\"WebSite\",\"@id\":\"https:\/\/www.emballagedigest.fr\/#website\",\"url\":\"https:\/\/www.emballagedigest.fr\/\",\"name\":\"Emballage Digest\",\"description\":\"Revue professionnelle sur les emballages\",\"publisher\":{\"@id\":\"https:\/\/www.emballagedigest.fr\/#organization\"},\"potentialAction\":[{\"@type\":\"SearchAction\",\"target\":{\"@type\":\"EntryPoint\",\"urlTemplate\":\"https:\/\/www.emballagedigest.fr\/?s={search_term_string}\"},\"query-input\":{\"@type\":\"PropertyValueSpecification\",\"valueRequired\":true,\"valueName\":\"search_term_string\"}}],\"inLanguage\":\"en-GB\"},{\"@type\":\"Organization\",\"@id\":\"https:\/\/www.emballagedigest.fr\/#organization\",\"name\":\"Emballage Digest\",\"url\":\"https:\/\/www.emballagedigest.fr\/\",\"logo\":{\"@type\":\"ImageObject\",\"inLanguage\":\"en-GB\",\"@id\":\"https:\/\/www.emballagedigest.fr\/#\/schema\/logo\/image\/\",\"url\":\"https:\/\/www.emballagedigest.fr\/wp-content\/uploads\/2022\/07\/logo-ed.png\",\"contentUrl\":\"https:\/\/www.emballagedigest.fr\/wp-content\/uploads\/2022\/07\/logo-ed.png\",\"width\":379,\"height\":75,\"caption\":\"Emballage Digest\"},\"image\":{\"@id\":\"https:\/\/www.emballagedigest.fr\/#\/schema\/logo\/image\/\"}},{\"@type\":\"Person\",\"@id\":\"https:\/\/www.emballagedigest.fr\/#\/schema\/person\/d01fbac1f378e2f5e4096082cdf68ae5\",\"name\":\"admin_thopel\",\"image\":{\"@type\":\"ImageObject\",\"inLanguage\":\"en-GB\",\"@id\":\"https:\/\/www.emballagedigest.fr\/#\/schema\/person\/image\/\",\"url\":\"https:\/\/secure.gravatar.com\/avatar\/6cf644f6475359b596b81b10a64f989df38f1238649f7e33f97f69519e42dfbf?s=96&d=mm&r=g\",\"contentUrl\":\"https:\/\/secure.gravatar.com\/avatar\/6cf644f6475359b596b81b10a64f989df38f1238649f7e33f97f69519e42dfbf?s=96&d=mm&r=g\",\"caption\":\"admin_thopel\"},\"sameAs\":[\"http:\/\/localhost:8787\/emballage_digest\"],\"url\":\"https:\/\/www.emballagedigest.fr\/en\/author\/admin_thopel\/\"}]}<\/script>\n<!-- \/ Yoast SEO plugin. -->","yoast_head_json":{"title":"L\u2019Esepac d\u00e9voile ses nouveaux \u00e9quipements - Emballage Digest","robots":{"index":"index","follow":"follow","max-snippet":"max-snippet:-1","max-image-preview":"max-image-preview:large","max-video-preview":"max-video-preview:-1"},"canonical":"https:\/\/www.emballagedigest.fr\/en\/l-esepac-devoile-ses-nouveaux-equipements\/","og_locale":"en_GB","og_type":"article","og_title":"L\u2019Esepac d\u00e9voile ses nouveaux \u00e9quipements - Emballage Digest","og_description":"L\u2019\u00e9cole Sup\u00e9rieure du Packaging (Esepac) continue d\u2019\u00e9toffer son offre avec deux nouveaux \u00e9quipements. Dans le cadre de la nouvelle formation CTM carton (conception\/transformation\/m\u00e9canisation), l\u2019\u00e9cole acquiert une formeuse sur mandrin FCE 140 16S reconditionn\u00e9e, fournie par DS Smith.","og_url":"https:\/\/www.emballagedigest.fr\/en\/l-esepac-devoile-ses-nouveaux-equipements\/","og_site_name":"Emballage Digest","article_published_time":"2021-08-31T00:00:00+00:00","article_modified_time":"2021-09-06T09:52:32+00:00","author":"admin_thopel","twitter_card":"summary_large_image","twitter_misc":{"Written by":"admin_thopel","Estimated reading time":"1 minute"},"schema":{"@context":"https:\/\/schema.org","@graph":[{"@type":"Article","@id":"https:\/\/www.emballagedigest.fr\/l-esepac-devoile-ses-nouveaux-equipements\/#article","isPartOf":{"@id":"https:\/\/www.emballagedigest.fr\/l-esepac-devoile-ses-nouveaux-equipements\/"},"author":{"name":"admin_thopel","@id":"https:\/\/www.emballagedigest.fr\/#\/schema\/person\/d01fbac1f378e2f5e4096082cdf68ae5"},"headline":"L\u2019Esepac d\u00e9voile ses nouveaux \u00e9quipements","datePublished":"2021-08-31T00:00:00+00:00","dateModified":"2021-09-06T09:52:32+00:00","mainEntityOfPage":{"@id":"https:\/\/www.emballagedigest.fr\/l-esepac-devoile-ses-nouveaux-equipements\/"},"wordCount":231,"publisher":{"@id":"https:\/\/www.emballagedigest.fr\/#organization"},"image":{"@id":"https:\/\/www.emballagedigest.fr\/l-esepac-devoile-ses-nouveaux-equipements\/#primaryimage"},"thumbnailUrl":"https:\/\/www.emballagedigest.fr\/wp-content\/uploads\/dotclear\/images\/2021\/REVUE\/aout\/08_21_actupack7.jpg","articleSection":["Article entier"],"inLanguage":"en-GB"},{"@type":"WebPage","@id":"https:\/\/www.emballagedigest.fr\/l-esepac-devoile-ses-nouveaux-equipements\/","url":"https:\/\/www.emballagedigest.fr\/l-esepac-devoile-ses-nouveaux-equipements\/","name":"L\u2019Esepac d\u00e9voile ses nouveaux \u00e9quipements - Emballage Digest","isPartOf":{"@id":"https:\/\/www.emballagedigest.fr\/#website"},"primaryImageOfPage":{"@id":"https:\/\/www.emballagedigest.fr\/l-esepac-devoile-ses-nouveaux-equipements\/#primaryimage"},"image":{"@id":"https:\/\/www.emballagedigest.fr\/l-esepac-devoile-ses-nouveaux-equipements\/#primaryimage"},"thumbnailUrl":"https:\/\/www.emballagedigest.fr\/wp-content\/uploads\/dotclear\/images\/2021\/REVUE\/aout\/08_21_actupack7.jpg","datePublished":"2021-08-31T00:00:00+00:00","dateModified":"2021-09-06T09:52:32+00:00","breadcrumb":{"@id":"https:\/\/www.emballagedigest.fr\/l-esepac-devoile-ses-nouveaux-equipements\/#breadcrumb"},"inLanguage":"en-GB","potentialAction":[{"@type":"ReadAction","target":["https:\/\/www.emballagedigest.fr\/l-esepac-devoile-ses-nouveaux-equipements\/"]}]},{"@type":"ImageObject","inLanguage":"en-GB","@id":"https:\/\/www.emballagedigest.fr\/l-esepac-devoile-ses-nouveaux-equipements\/#primaryimage","url":"https:\/\/www.emballagedigest.fr\/wp-content\/uploads\/dotclear\/images\/2021\/REVUE\/aout\/08_21_actupack7.jpg","contentUrl":"https:\/\/www.emballagedigest.fr\/wp-content\/uploads\/dotclear\/images\/2021\/REVUE\/aout\/08_21_actupack7.jpg"},{"@type":"BreadcrumbList","@id":"https:\/\/www.emballagedigest.fr\/l-esepac-devoile-ses-nouveaux-equipements\/#breadcrumb","itemListElement":[{"@type":"ListItem","position":1,"name":"Accueil","item":"https:\/\/www.emballagedigest.fr\/"},{"@type":"ListItem","position":2,"name":"L\u2019Esepac d\u00e9voile ses nouveaux \u00e9quipements"}]},{"@type":"WebSite","@id":"https:\/\/www.emballagedigest.fr\/#website","url":"https:\/\/www.emballagedigest.fr\/","name":"Emballage Digest","description":"Revue professionnelle sur les emballages","publisher":{"@id":"https:\/\/www.emballagedigest.fr\/#organization"},"potentialAction":[{"@type":"SearchAction","target":{"@type":"EntryPoint","urlTemplate":"https:\/\/www.emballagedigest.fr\/?s={search_term_string}"},"query-input":{"@type":"PropertyValueSpecification","valueRequired":true,"valueName":"search_term_string"}}],"inLanguage":"en-GB"},{"@type":"Organization","@id":"https:\/\/www.emballagedigest.fr\/#organization","name":"Emballage Digest","url":"https:\/\/www.emballagedigest.fr\/","logo":{"@type":"ImageObject","inLanguage":"en-GB","@id":"https:\/\/www.emballagedigest.fr\/#\/schema\/logo\/image\/","url":"https:\/\/www.emballagedigest.fr\/wp-content\/uploads\/2022\/07\/logo-ed.png","contentUrl":"https:\/\/www.emballagedigest.fr\/wp-content\/uploads\/2022\/07\/logo-ed.png","width":379,"height":75,"caption":"Emballage Digest"},"image":{"@id":"https:\/\/www.emballagedigest.fr\/#\/schema\/logo\/image\/"}},{"@type":"Person","@id":"https:\/\/www.emballagedigest.fr\/#\/schema\/person\/d01fbac1f378e2f5e4096082cdf68ae5","name":"admin_thopel","image":{"@type":"ImageObject","inLanguage":"en-GB","@id":"https:\/\/www.emballagedigest.fr\/#\/schema\/person\/image\/","url":"https:\/\/secure.gravatar.com\/avatar\/6cf644f6475359b596b81b10a64f989df38f1238649f7e33f97f69519e42dfbf?s=96&d=mm&r=g","contentUrl":"https:\/\/secure.gravatar.com\/avatar\/6cf644f6475359b596b81b10a64f989df38f1238649f7e33f97f69519e42dfbf?s=96&d=mm&r=g","caption":"admin_thopel"},"sameAs":["http:\/\/localhost:8787\/emballage_digest"],"url":"https:\/\/www.emballagedigest.fr\/en\/author\/admin_thopel\/"}]}},"_links":{"self":[{"href":"https:\/\/www.emballagedigest.fr\/en\/wp-json\/wp\/v2\/posts\/23297","targetHints":{"allow":["GET"]}}],"collection":[{"href":"https:\/\/www.emballagedigest.fr\/en\/wp-json\/wp\/v2\/posts"}],"about":[{"href":"https:\/\/www.emballagedigest.fr\/en\/wp-json\/wp\/v2\/types\/post"}],"author":[{"embeddable":true,"href":"https:\/\/www.emballagedigest.fr\/en\/wp-json\/wp\/v2\/users\/1"}],"replies":[{"embeddable":true,"href":"https:\/\/www.emballagedigest.fr\/en\/wp-json\/wp\/v2\/comments?post=23297"}],"version-history":[{"count":0,"href":"https:\/\/www.emballagedigest.fr\/en\/wp-json\/wp\/v2\/posts\/23297\/revisions"}],"wp:featuredmedia":[{"embeddable":true,"href":"https:\/\/www.emballagedigest.fr\/en\/wp-json\/wp\/v2\/media\/33297"}],"wp:attachment":[{"href":"https:\/\/www.emballagedigest.fr\/en\/wp-json\/wp\/v2\/media?parent=23297"}],"wp:term":[{"taxonomy":"category","embeddable":true,"href":"https:\/\/www.emballagedigest.fr\/en\/wp-json\/wp\/v2\/categories?post=23297"},{"taxonomy":"post_tag","embeddable":true,"href":"https:\/\/www.emballagedigest.fr\/en\/wp-json\/wp\/v2\/tags?post=23297"}],"curies":[{"name":"wp","href":"https:\/\/api.w.org\/{rel}","templated":true}]}}