{"id":23340,"date":"2021-09-10T08:04:40","date_gmt":"2021-09-10T08:04:40","guid":{"rendered":"https:\/\/www.emballagedigest.fr\/?p=23340"},"modified":"2021-09-10T08:05:20","modified_gmt":"2021-09-10T08:05:20","slug":"koehler-paper-entre-en-cooperation-avec-clarus-films","status":"publish","type":"post","link":"https:\/\/www.emballagedigest.fr\/en\/koehler-paper-entre-en-cooperation-avec-clarus-films\/","title":{"rendered":"Koehler Paper entre en coop\u00e9ration avec Clarus Films"},"content":{"rendered":"<p>Koehler Paper, soci\u00e9t\u00e9 du groupe Koehler, annonce avoir pass\u00e9 un partenariat europ\u00e9en avec Clarus Films dans le domaine des papiers barri\u00e8res couch\u00e9s fonctionnels non imprim\u00e9s. Dans ce cadre, Koehler Paper et Clarus participeront conjointement pour la premi\u00e8re fois au Fachpack de Nuremberg, du 28 au 30 septembre 2021.<\/p>\n<p>Bas\u00e9 \u00e0 Dietzenbach, pr\u00e8s de Francfort-sur-le-Main, Clarus Films se concentre depuis plusieurs ann\u00e9es sur les solutions d\u2019emballage durables dans le contexte de l\u2019\u00e9conomie circulaire&nbsp;:  monofilms recyclables, PCR et films compostables. En se rapprochant de Koelher Paper, le fabricant souhaite allier l\u2019offre papier \u00e0 celle du march\u00e9 flexible de l\u2019emballage. <\/p>\n<p>\u00abCette coop\u00e9ration signifie une extension consid\u00e9rable de la gamme de produits et donc la possibilit\u00e9 de r\u00e9pondre \u00e0 la forte demande de papiers fonctionnels avec des propri\u00e9t\u00e9s barri\u00e8res correspondantes\u00bb, explique Norman Thom, pdg de Clarus.<\/p>\n<p>Le partenariat concernera plus particuli\u00e8rement les papiers NexPlus\u00ae de la marque Koehler, des papiers couch\u00e9s \u00e0 effet barri\u00e8re, pour les ar\u00f4mes, les graisses, les huiles min\u00e9rales, la vapeur d\u2019eau et aussi pour les gaz, qui se combinent aux fonctionnalit\u00e9s propres au papier, telles que les propri\u00e9t\u00e9s de grande r\u00e9sistance \u00e0 la d\u00e9chirure et le toucher naturel. <\/p>\n<p><em>Reproduction interdite sauf accord \u00e9crit d&rsquo;Emballage Digest ou mention du support<\/em><\/p>","protected":false},"excerpt":{"rendered":"<p>Koehler Paper, soci\u00e9t\u00e9 du groupe Koehler, annonce avoir pass\u00e9 un partenariat europ\u00e9en avec Clarus Films dans le domaine des papiers barri\u00e8res couch\u00e9s fonctionnels non imprim\u00e9s. Dans ce cadre, Koehler Paper et Clarus participeront conjointement pour la premi\u00e8re fois au Fachpack de Nuremberg, du 28 au 30 septembre 2021.<\/p>","protected":false},"author":1,"featured_media":33340,"comment_status":"closed","ping_status":"closed","sticky":false,"template":"","format":"standard","meta":{"_acf_changed":false,"inline_featured_image":false,"iawp_total_views":1,"footnotes":""},"categories":[28,9],"tags":[],"class_list":["post-23340","post","type-post","status-publish","format-standard","has-post-thumbnail","hentry","category-article-entier","category-materiel"],"acf":[],"yoast_head":"<!-- This site is optimized with the Yoast SEO plugin v24.4 - https:\/\/yoast.com\/wordpress\/plugins\/seo\/ -->\n<title>Koehler Paper entre en coop\u00e9ration avec Clarus Films - Emballage Digest<\/title>\n<meta name=\"robots\" content=\"index, follow, max-snippet:-1, max-image-preview:large, max-video-preview:-1\" \/>\n<link rel=\"canonical\" href=\"https:\/\/www.emballagedigest.fr\/en\/koehler-paper-entre-en-cooperation-avec-clarus-films\/\" \/>\n<meta property=\"og:locale\" content=\"en_GB\" \/>\n<meta property=\"og:type\" content=\"article\" \/>\n<meta property=\"og:title\" content=\"Koehler Paper entre en coop\u00e9ration avec Clarus Films - Emballage Digest\" \/>\n<meta property=\"og:description\" content=\"Koehler Paper, soci\u00e9t\u00e9 du groupe Koehler, annonce avoir pass\u00e9 un partenariat europ\u00e9en avec Clarus Films dans le domaine des papiers barri\u00e8res couch\u00e9s fonctionnels non imprim\u00e9s. Dans ce cadre, Koehler Paper et Clarus participeront conjointement pour la premi\u00e8re fois au Fachpack de Nuremberg, du 28 au 30 septembre 2021.\" \/>\n<meta property=\"og:url\" content=\"https:\/\/www.emballagedigest.fr\/en\/koehler-paper-entre-en-cooperation-avec-clarus-films\/\" \/>\n<meta property=\"og:site_name\" content=\"Emballage Digest\" \/>\n<meta property=\"article:published_time\" content=\"2021-09-10T08:04:40+00:00\" \/>\n<meta property=\"article:modified_time\" content=\"2021-09-10T08:05:20+00:00\" \/>\n<meta name=\"author\" content=\"admin_thopel\" \/>\n<meta name=\"twitter:card\" content=\"summary_large_image\" \/>\n<meta name=\"twitter:label1\" content=\"Written by\" \/>\n\t<meta name=\"twitter:data1\" content=\"admin_thopel\" \/>\n\t<meta name=\"twitter:label2\" content=\"Estimated reading time\" \/>\n\t<meta name=\"twitter:data2\" content=\"1 minute\" \/>\n<script type=\"application\/ld+json\" class=\"yoast-schema-graph\">{\"@context\":\"https:\/\/schema.org\",\"@graph\":[{\"@type\":\"Article\",\"@id\":\"https:\/\/www.emballagedigest.fr\/koehler-paper-entre-en-cooperation-avec-clarus-films\/#article\",\"isPartOf\":{\"@id\":\"https:\/\/www.emballagedigest.fr\/koehler-paper-entre-en-cooperation-avec-clarus-films\/\"},\"author\":{\"name\":\"admin_thopel\",\"@id\":\"https:\/\/www.emballagedigest.fr\/#\/schema\/person\/d01fbac1f378e2f5e4096082cdf68ae5\"},\"headline\":\"Koehler Paper entre en coop\u00e9ration avec Clarus Films\",\"datePublished\":\"2021-09-10T08:04:40+00:00\",\"dateModified\":\"2021-09-10T08:05:20+00:00\",\"mainEntityOfPage\":{\"@id\":\"https:\/\/www.emballagedigest.fr\/koehler-paper-entre-en-cooperation-avec-clarus-films\/\"},\"wordCount\":231,\"publisher\":{\"@id\":\"https:\/\/www.emballagedigest.fr\/#organization\"},\"image\":{\"@id\":\"https:\/\/www.emballagedigest.fr\/koehler-paper-entre-en-cooperation-avec-clarus-films\/#primaryimage\"},\"thumbnailUrl\":\"https:\/\/www.emballagedigest.fr\/wp-content\/uploads\/dotclear\/images\/2021\/BONUS\/sep\/koehler_article.jpg\",\"articleSection\":[\"Article entier\",\"Mat\u00e9riel\"],\"inLanguage\":\"en-GB\"},{\"@type\":\"WebPage\",\"@id\":\"https:\/\/www.emballagedigest.fr\/koehler-paper-entre-en-cooperation-avec-clarus-films\/\",\"url\":\"https:\/\/www.emballagedigest.fr\/koehler-paper-entre-en-cooperation-avec-clarus-films\/\",\"name\":\"Koehler Paper entre en coop\u00e9ration avec Clarus Films - Emballage Digest\",\"isPartOf\":{\"@id\":\"https:\/\/www.emballagedigest.fr\/#website\"},\"primaryImageOfPage\":{\"@id\":\"https:\/\/www.emballagedigest.fr\/koehler-paper-entre-en-cooperation-avec-clarus-films\/#primaryimage\"},\"image\":{\"@id\":\"https:\/\/www.emballagedigest.fr\/koehler-paper-entre-en-cooperation-avec-clarus-films\/#primaryimage\"},\"thumbnailUrl\":\"https:\/\/www.emballagedigest.fr\/wp-content\/uploads\/dotclear\/images\/2021\/BONUS\/sep\/koehler_article.jpg\",\"datePublished\":\"2021-09-10T08:04:40+00:00\",\"dateModified\":\"2021-09-10T08:05:20+00:00\",\"breadcrumb\":{\"@id\":\"https:\/\/www.emballagedigest.fr\/koehler-paper-entre-en-cooperation-avec-clarus-films\/#breadcrumb\"},\"inLanguage\":\"en-GB\",\"potentialAction\":[{\"@type\":\"ReadAction\",\"target\":[\"https:\/\/www.emballagedigest.fr\/koehler-paper-entre-en-cooperation-avec-clarus-films\/\"]}]},{\"@type\":\"ImageObject\",\"inLanguage\":\"en-GB\",\"@id\":\"https:\/\/www.emballagedigest.fr\/koehler-paper-entre-en-cooperation-avec-clarus-films\/#primaryimage\",\"url\":\"https:\/\/www.emballagedigest.fr\/wp-content\/uploads\/dotclear\/images\/2021\/BONUS\/sep\/koehler_article.jpg\",\"contentUrl\":\"https:\/\/www.emballagedigest.fr\/wp-content\/uploads\/dotclear\/images\/2021\/BONUS\/sep\/koehler_article.jpg\"},{\"@type\":\"BreadcrumbList\",\"@id\":\"https:\/\/www.emballagedigest.fr\/koehler-paper-entre-en-cooperation-avec-clarus-films\/#breadcrumb\",\"itemListElement\":[{\"@type\":\"ListItem\",\"position\":1,\"name\":\"Accueil\",\"item\":\"https:\/\/www.emballagedigest.fr\/\"},{\"@type\":\"ListItem\",\"position\":2,\"name\":\"Koehler Paper entre en coop\u00e9ration avec Clarus Films\"}]},{\"@type\":\"WebSite\",\"@id\":\"https:\/\/www.emballagedigest.fr\/#website\",\"url\":\"https:\/\/www.emballagedigest.fr\/\",\"name\":\"Emballage Digest\",\"description\":\"Revue professionnelle sur les emballages\",\"publisher\":{\"@id\":\"https:\/\/www.emballagedigest.fr\/#organization\"},\"potentialAction\":[{\"@type\":\"SearchAction\",\"target\":{\"@type\":\"EntryPoint\",\"urlTemplate\":\"https:\/\/www.emballagedigest.fr\/?s={search_term_string}\"},\"query-input\":{\"@type\":\"PropertyValueSpecification\",\"valueRequired\":true,\"valueName\":\"search_term_string\"}}],\"inLanguage\":\"en-GB\"},{\"@type\":\"Organization\",\"@id\":\"https:\/\/www.emballagedigest.fr\/#organization\",\"name\":\"Emballage Digest\",\"url\":\"https:\/\/www.emballagedigest.fr\/\",\"logo\":{\"@type\":\"ImageObject\",\"inLanguage\":\"en-GB\",\"@id\":\"https:\/\/www.emballagedigest.fr\/#\/schema\/logo\/image\/\",\"url\":\"https:\/\/www.emballagedigest.fr\/wp-content\/uploads\/2022\/07\/logo-ed.png\",\"contentUrl\":\"https:\/\/www.emballagedigest.fr\/wp-content\/uploads\/2022\/07\/logo-ed.png\",\"width\":379,\"height\":75,\"caption\":\"Emballage Digest\"},\"image\":{\"@id\":\"https:\/\/www.emballagedigest.fr\/#\/schema\/logo\/image\/\"}},{\"@type\":\"Person\",\"@id\":\"https:\/\/www.emballagedigest.fr\/#\/schema\/person\/d01fbac1f378e2f5e4096082cdf68ae5\",\"name\":\"admin_thopel\",\"image\":{\"@type\":\"ImageObject\",\"inLanguage\":\"en-GB\",\"@id\":\"https:\/\/www.emballagedigest.fr\/#\/schema\/person\/image\/\",\"url\":\"https:\/\/secure.gravatar.com\/avatar\/6cf644f6475359b596b81b10a64f989df38f1238649f7e33f97f69519e42dfbf?s=96&d=mm&r=g\",\"contentUrl\":\"https:\/\/secure.gravatar.com\/avatar\/6cf644f6475359b596b81b10a64f989df38f1238649f7e33f97f69519e42dfbf?s=96&d=mm&r=g\",\"caption\":\"admin_thopel\"},\"sameAs\":[\"http:\/\/localhost:8787\/emballage_digest\"],\"url\":\"https:\/\/www.emballagedigest.fr\/en\/author\/admin_thopel\/\"}]}<\/script>\n<!-- \/ Yoast SEO plugin. -->","yoast_head_json":{"title":"Koehler Paper entre en coop\u00e9ration avec Clarus Films - Emballage Digest","robots":{"index":"index","follow":"follow","max-snippet":"max-snippet:-1","max-image-preview":"max-image-preview:large","max-video-preview":"max-video-preview:-1"},"canonical":"https:\/\/www.emballagedigest.fr\/en\/koehler-paper-entre-en-cooperation-avec-clarus-films\/","og_locale":"en_GB","og_type":"article","og_title":"Koehler Paper entre en coop\u00e9ration avec Clarus Films - Emballage Digest","og_description":"Koehler Paper, soci\u00e9t\u00e9 du groupe Koehler, annonce avoir pass\u00e9 un partenariat europ\u00e9en avec Clarus Films dans le domaine des papiers barri\u00e8res couch\u00e9s fonctionnels non imprim\u00e9s. Dans ce cadre, Koehler Paper et Clarus participeront conjointement pour la premi\u00e8re fois au Fachpack de Nuremberg, du 28 au 30 septembre 2021.","og_url":"https:\/\/www.emballagedigest.fr\/en\/koehler-paper-entre-en-cooperation-avec-clarus-films\/","og_site_name":"Emballage Digest","article_published_time":"2021-09-10T08:04:40+00:00","article_modified_time":"2021-09-10T08:05:20+00:00","author":"admin_thopel","twitter_card":"summary_large_image","twitter_misc":{"Written by":"admin_thopel","Estimated reading time":"1 minute"},"schema":{"@context":"https:\/\/schema.org","@graph":[{"@type":"Article","@id":"https:\/\/www.emballagedigest.fr\/koehler-paper-entre-en-cooperation-avec-clarus-films\/#article","isPartOf":{"@id":"https:\/\/www.emballagedigest.fr\/koehler-paper-entre-en-cooperation-avec-clarus-films\/"},"author":{"name":"admin_thopel","@id":"https:\/\/www.emballagedigest.fr\/#\/schema\/person\/d01fbac1f378e2f5e4096082cdf68ae5"},"headline":"Koehler Paper entre en coop\u00e9ration avec Clarus Films","datePublished":"2021-09-10T08:04:40+00:00","dateModified":"2021-09-10T08:05:20+00:00","mainEntityOfPage":{"@id":"https:\/\/www.emballagedigest.fr\/koehler-paper-entre-en-cooperation-avec-clarus-films\/"},"wordCount":231,"publisher":{"@id":"https:\/\/www.emballagedigest.fr\/#organization"},"image":{"@id":"https:\/\/www.emballagedigest.fr\/koehler-paper-entre-en-cooperation-avec-clarus-films\/#primaryimage"},"thumbnailUrl":"https:\/\/www.emballagedigest.fr\/wp-content\/uploads\/dotclear\/images\/2021\/BONUS\/sep\/koehler_article.jpg","articleSection":["Article entier","Mat\u00e9riel"],"inLanguage":"en-GB"},{"@type":"WebPage","@id":"https:\/\/www.emballagedigest.fr\/koehler-paper-entre-en-cooperation-avec-clarus-films\/","url":"https:\/\/www.emballagedigest.fr\/koehler-paper-entre-en-cooperation-avec-clarus-films\/","name":"Koehler Paper entre en coop\u00e9ration avec Clarus Films - Emballage Digest","isPartOf":{"@id":"https:\/\/www.emballagedigest.fr\/#website"},"primaryImageOfPage":{"@id":"https:\/\/www.emballagedigest.fr\/koehler-paper-entre-en-cooperation-avec-clarus-films\/#primaryimage"},"image":{"@id":"https:\/\/www.emballagedigest.fr\/koehler-paper-entre-en-cooperation-avec-clarus-films\/#primaryimage"},"thumbnailUrl":"https:\/\/www.emballagedigest.fr\/wp-content\/uploads\/dotclear\/images\/2021\/BONUS\/sep\/koehler_article.jpg","datePublished":"2021-09-10T08:04:40+00:00","dateModified":"2021-09-10T08:05:20+00:00","breadcrumb":{"@id":"https:\/\/www.emballagedigest.fr\/koehler-paper-entre-en-cooperation-avec-clarus-films\/#breadcrumb"},"inLanguage":"en-GB","potentialAction":[{"@type":"ReadAction","target":["https:\/\/www.emballagedigest.fr\/koehler-paper-entre-en-cooperation-avec-clarus-films\/"]}]},{"@type":"ImageObject","inLanguage":"en-GB","@id":"https:\/\/www.emballagedigest.fr\/koehler-paper-entre-en-cooperation-avec-clarus-films\/#primaryimage","url":"https:\/\/www.emballagedigest.fr\/wp-content\/uploads\/dotclear\/images\/2021\/BONUS\/sep\/koehler_article.jpg","contentUrl":"https:\/\/www.emballagedigest.fr\/wp-content\/uploads\/dotclear\/images\/2021\/BONUS\/sep\/koehler_article.jpg"},{"@type":"BreadcrumbList","@id":"https:\/\/www.emballagedigest.fr\/koehler-paper-entre-en-cooperation-avec-clarus-films\/#breadcrumb","itemListElement":[{"@type":"ListItem","position":1,"name":"Accueil","item":"https:\/\/www.emballagedigest.fr\/"},{"@type":"ListItem","position":2,"name":"Koehler Paper entre en coop\u00e9ration avec Clarus Films"}]},{"@type":"WebSite","@id":"https:\/\/www.emballagedigest.fr\/#website","url":"https:\/\/www.emballagedigest.fr\/","name":"Emballage Digest","description":"Revue professionnelle sur les emballages","publisher":{"@id":"https:\/\/www.emballagedigest.fr\/#organization"},"potentialAction":[{"@type":"SearchAction","target":{"@type":"EntryPoint","urlTemplate":"https:\/\/www.emballagedigest.fr\/?s={search_term_string}"},"query-input":{"@type":"PropertyValueSpecification","valueRequired":true,"valueName":"search_term_string"}}],"inLanguage":"en-GB"},{"@type":"Organization","@id":"https:\/\/www.emballagedigest.fr\/#organization","name":"Emballage Digest","url":"https:\/\/www.emballagedigest.fr\/","logo":{"@type":"ImageObject","inLanguage":"en-GB","@id":"https:\/\/www.emballagedigest.fr\/#\/schema\/logo\/image\/","url":"https:\/\/www.emballagedigest.fr\/wp-content\/uploads\/2022\/07\/logo-ed.png","contentUrl":"https:\/\/www.emballagedigest.fr\/wp-content\/uploads\/2022\/07\/logo-ed.png","width":379,"height":75,"caption":"Emballage Digest"},"image":{"@id":"https:\/\/www.emballagedigest.fr\/#\/schema\/logo\/image\/"}},{"@type":"Person","@id":"https:\/\/www.emballagedigest.fr\/#\/schema\/person\/d01fbac1f378e2f5e4096082cdf68ae5","name":"admin_thopel","image":{"@type":"ImageObject","inLanguage":"en-GB","@id":"https:\/\/www.emballagedigest.fr\/#\/schema\/person\/image\/","url":"https:\/\/secure.gravatar.com\/avatar\/6cf644f6475359b596b81b10a64f989df38f1238649f7e33f97f69519e42dfbf?s=96&d=mm&r=g","contentUrl":"https:\/\/secure.gravatar.com\/avatar\/6cf644f6475359b596b81b10a64f989df38f1238649f7e33f97f69519e42dfbf?s=96&d=mm&r=g","caption":"admin_thopel"},"sameAs":["http:\/\/localhost:8787\/emballage_digest"],"url":"https:\/\/www.emballagedigest.fr\/en\/author\/admin_thopel\/"}]}},"_links":{"self":[{"href":"https:\/\/www.emballagedigest.fr\/en\/wp-json\/wp\/v2\/posts\/23340","targetHints":{"allow":["GET"]}}],"collection":[{"href":"https:\/\/www.emballagedigest.fr\/en\/wp-json\/wp\/v2\/posts"}],"about":[{"href":"https:\/\/www.emballagedigest.fr\/en\/wp-json\/wp\/v2\/types\/post"}],"author":[{"embeddable":true,"href":"https:\/\/www.emballagedigest.fr\/en\/wp-json\/wp\/v2\/users\/1"}],"replies":[{"embeddable":true,"href":"https:\/\/www.emballagedigest.fr\/en\/wp-json\/wp\/v2\/comments?post=23340"}],"version-history":[{"count":0,"href":"https:\/\/www.emballagedigest.fr\/en\/wp-json\/wp\/v2\/posts\/23340\/revisions"}],"wp:featuredmedia":[{"embeddable":true,"href":"https:\/\/www.emballagedigest.fr\/en\/wp-json\/wp\/v2\/media\/33340"}],"wp:attachment":[{"href":"https:\/\/www.emballagedigest.fr\/en\/wp-json\/wp\/v2\/media?parent=23340"}],"wp:term":[{"taxonomy":"category","embeddable":true,"href":"https:\/\/www.emballagedigest.fr\/en\/wp-json\/wp\/v2\/categories?post=23340"},{"taxonomy":"post_tag","embeddable":true,"href":"https:\/\/www.emballagedigest.fr\/en\/wp-json\/wp\/v2\/tags?post=23340"}],"curies":[{"name":"wp","href":"https:\/\/api.w.org\/{rel}","templated":true}]}}