{"id":23376,"date":"2021-10-06T07:51:43","date_gmt":"2021-10-06T07:51:43","guid":{"rendered":"https:\/\/www.emballagedigest.fr\/?p=23376"},"modified":"2021-10-06T07:51:43","modified_gmt":"2021-10-06T07:51:43","slug":"marco-moritsch-nomme-vice-president-directeur-de-chep-europe-du-sud","status":"publish","type":"post","link":"https:\/\/www.emballagedigest.fr\/en\/marco-moritsch-nomme-vice-president-directeur-de-chep-europe-du-sud\/","title":{"rendered":"Marco Moritsch nomm\u00e9 vice-pr\u00e9sident directeur de CHEP Europe du sud"},"content":{"rendered":"<p>CHEP, le sp\u00e9cialiste des solutions d\u00e9di\u00e9es \u00e0 la supply chain, annonce la nomination de Marco Moritsch au poste de vice-pr\u00e9sident directeur pour l\u2019Europe du sud. Marco Moritsch \u2013 membre du comit\u00e9 de direction europ\u00e9en et rattach\u00e9 \u00e0 David Cuenca, pr\u00e9sident de CHEP Europe \u2013 dirige depuis juillet dernier la zone qui comprend l\u2019Espagne, le Portugal, la France, le Maroc, l\u2019Italie et la Gr\u00e8ce.<\/p>\n<p>Marco Moritsch a rejoint le Groupe au poste de directeur g\u00e9n\u00e9ral de CHEP Italie de 2017 \u00e0 juin 2019. Il a su dynamiser la croissance de la filiale en proposant un mode de travail collaboratif et d\u00e9velopper de nouveaux partenariats avec des clients locaux. Au cours de ces deux derni\u00e8res ann\u00e9es, son objectif en tant que vice-pr\u00e9sident des initiatives strat\u00e9giques mondiales (de 2019 \u00e0 juin 2021) a \u00e9t\u00e9 d\u2019am\u00e9liorer le mod\u00e8le op\u00e9rationnel de CHEP dans toutes les r\u00e9gions et \u00e0 travers toutes les fonctions. <\/p>\n<p>Dans ses nouvelles fonctions, Marco Moritsch va concentrer ses efforts sur l\u2019am\u00e9lioration du programme strat\u00e9gique de la r\u00e9gion et la constitution d\u2019un riche vivier de talents pour \u00eatre toujours au plus pr\u00e8s des attentes des clients. \u00abMarco Moritsch poss\u00e8de une solide exp\u00e9rience dans le domaine de la strat\u00e9gie, de l\u2019exploitation, ainsi qu\u2019une excellente expertise commerciale ainsi que de la relation client\u00bb, souligne David Cuenca, Pr\u00e9sident de CHEP Europe. \u00abNous traversons une p\u00e9riode tr\u00e8s importante pour CHEP et pour nos clients dans cette r\u00e9gion, car nous nous effor\u00e7ons de les aider \u00e0 am\u00e9liorer leurs op\u00e9rations et \u00e0 r\u00e9duire les co\u00fbts de leur cha\u00eene d\u2019approvisionnement, tout en leur faisant b\u00e9n\u00e9ficier des avantages environnementaux du syst\u00e8me de r\u00e9utilisation CHEP\u00bb. <\/p>\n<p>Pr\u00e9c\u00e9demment, Marco Moritsch a occup\u00e9 diff\u00e9rentes fonctions au sein du groupe Mars. Il est dipl\u00f4m\u00e9 en Administration des Affaires (Universit\u00e9 de Bologne, Italie) apr\u00e8s avoir suivi un cursus au sein de l\u2019University of Virginia Darden School of Business (Design thinking) et de Gap Partnership (cabinet de conseil sp\u00e9cialis\u00e9 dans l&rsquo;\u00e9laboration de solutions de n\u00e9gociation). <\/p>\n<p><em>Reproduction interdite sauf accord \u00e9crit d&rsquo;Emballage Digest ou mention du support<\/em><\/p>","protected":false},"excerpt":{"rendered":"<p>CHEP, le sp\u00e9cialiste des solutions d\u00e9di\u00e9es \u00e0 la supply chain, annonce la nomination de Marco Moritsch au poste de vice-pr\u00e9sident directeur pour l\u2019Europe du sud. Marco Moritsch \u2013 membre du comit\u00e9 de direction europ\u00e9en et rattach\u00e9 \u00e0 David Cuenca, pr\u00e9sident de CHEP Europe \u2013 dirige depuis juillet dernier la zone qui comprend l\u2019Espagne, le Portugal, la France, le Maroc, l\u2019Italie et la Gr\u00e8ce.<\/p>","protected":false},"author":1,"featured_media":0,"comment_status":"closed","ping_status":"closed","sticky":false,"template":"","format":"standard","meta":{"_acf_changed":false,"inline_featured_image":false,"iawp_total_views":1,"footnotes":""},"categories":[28],"tags":[],"class_list":["post-23376","post","type-post","status-publish","format-standard","hentry","category-article-entier"],"acf":[],"yoast_head":"<!-- This site is optimized with the Yoast SEO plugin v24.4 - https:\/\/yoast.com\/wordpress\/plugins\/seo\/ -->\n<title>Marco Moritsch nomm\u00e9 vice-pr\u00e9sident directeur de CHEP Europe du sud  - Emballage Digest<\/title>\n<meta name=\"robots\" content=\"index, follow, max-snippet:-1, max-image-preview:large, max-video-preview:-1\" \/>\n<link rel=\"canonical\" href=\"https:\/\/www.emballagedigest.fr\/en\/marco-moritsch-nomme-vice-president-directeur-de-chep-europe-du-sud\/\" \/>\n<meta property=\"og:locale\" content=\"en_GB\" \/>\n<meta property=\"og:type\" content=\"article\" \/>\n<meta property=\"og:title\" content=\"Marco Moritsch nomm\u00e9 vice-pr\u00e9sident directeur de CHEP Europe du sud  - Emballage Digest\" \/>\n<meta property=\"og:description\" content=\"CHEP, le sp\u00e9cialiste des solutions d\u00e9di\u00e9es \u00e0 la supply chain, annonce la nomination de Marco Moritsch au poste de vice-pr\u00e9sident directeur pour l\u2019Europe du sud. Marco Moritsch \u2013 membre du comit\u00e9 de direction europ\u00e9en et rattach\u00e9 \u00e0 David Cuenca, pr\u00e9sident de CHEP Europe \u2013 dirige depuis juillet dernier la zone qui comprend l\u2019Espagne, le Portugal, la France, le Maroc, l\u2019Italie et la Gr\u00e8ce.\" \/>\n<meta property=\"og:url\" content=\"https:\/\/www.emballagedigest.fr\/en\/marco-moritsch-nomme-vice-president-directeur-de-chep-europe-du-sud\/\" \/>\n<meta property=\"og:site_name\" content=\"Emballage Digest\" \/>\n<meta property=\"article:published_time\" content=\"2021-10-06T07:51:43+00:00\" \/>\n<meta name=\"author\" content=\"admin_thopel\" \/>\n<meta name=\"twitter:card\" content=\"summary_large_image\" \/>\n<meta name=\"twitter:label1\" content=\"Written by\" \/>\n\t<meta name=\"twitter:data1\" content=\"admin_thopel\" \/>\n\t<meta name=\"twitter:label2\" content=\"Estimated reading time\" \/>\n\t<meta name=\"twitter:data2\" content=\"2 minutes\" \/>\n<script type=\"application\/ld+json\" class=\"yoast-schema-graph\">{\"@context\":\"https:\/\/schema.org\",\"@graph\":[{\"@type\":\"Article\",\"@id\":\"https:\/\/www.emballagedigest.fr\/marco-moritsch-nomme-vice-president-directeur-de-chep-europe-du-sud\/#article\",\"isPartOf\":{\"@id\":\"https:\/\/www.emballagedigest.fr\/marco-moritsch-nomme-vice-president-directeur-de-chep-europe-du-sud\/\"},\"author\":{\"name\":\"admin_thopel\",\"@id\":\"https:\/\/www.emballagedigest.fr\/#\/schema\/person\/d01fbac1f378e2f5e4096082cdf68ae5\"},\"headline\":\"Marco Moritsch nomm\u00e9 vice-pr\u00e9sident directeur de CHEP Europe du sud\",\"datePublished\":\"2021-10-06T07:51:43+00:00\",\"mainEntityOfPage\":{\"@id\":\"https:\/\/www.emballagedigest.fr\/marco-moritsch-nomme-vice-president-directeur-de-chep-europe-du-sud\/\"},\"wordCount\":384,\"publisher\":{\"@id\":\"https:\/\/www.emballagedigest.fr\/#organization\"},\"articleSection\":[\"Article entier\"],\"inLanguage\":\"en-GB\"},{\"@type\":\"WebPage\",\"@id\":\"https:\/\/www.emballagedigest.fr\/marco-moritsch-nomme-vice-president-directeur-de-chep-europe-du-sud\/\",\"url\":\"https:\/\/www.emballagedigest.fr\/marco-moritsch-nomme-vice-president-directeur-de-chep-europe-du-sud\/\",\"name\":\"Marco Moritsch nomm\u00e9 vice-pr\u00e9sident directeur de CHEP Europe du sud - Emballage Digest\",\"isPartOf\":{\"@id\":\"https:\/\/www.emballagedigest.fr\/#website\"},\"datePublished\":\"2021-10-06T07:51:43+00:00\",\"breadcrumb\":{\"@id\":\"https:\/\/www.emballagedigest.fr\/marco-moritsch-nomme-vice-president-directeur-de-chep-europe-du-sud\/#breadcrumb\"},\"inLanguage\":\"en-GB\",\"potentialAction\":[{\"@type\":\"ReadAction\",\"target\":[\"https:\/\/www.emballagedigest.fr\/marco-moritsch-nomme-vice-president-directeur-de-chep-europe-du-sud\/\"]}]},{\"@type\":\"BreadcrumbList\",\"@id\":\"https:\/\/www.emballagedigest.fr\/marco-moritsch-nomme-vice-president-directeur-de-chep-europe-du-sud\/#breadcrumb\",\"itemListElement\":[{\"@type\":\"ListItem\",\"position\":1,\"name\":\"Accueil\",\"item\":\"https:\/\/www.emballagedigest.fr\/\"},{\"@type\":\"ListItem\",\"position\":2,\"name\":\"Marco Moritsch nomm\u00e9 vice-pr\u00e9sident directeur de CHEP Europe du sud\"}]},{\"@type\":\"WebSite\",\"@id\":\"https:\/\/www.emballagedigest.fr\/#website\",\"url\":\"https:\/\/www.emballagedigest.fr\/\",\"name\":\"Emballage Digest\",\"description\":\"Revue professionnelle sur les emballages\",\"publisher\":{\"@id\":\"https:\/\/www.emballagedigest.fr\/#organization\"},\"potentialAction\":[{\"@type\":\"SearchAction\",\"target\":{\"@type\":\"EntryPoint\",\"urlTemplate\":\"https:\/\/www.emballagedigest.fr\/?s={search_term_string}\"},\"query-input\":{\"@type\":\"PropertyValueSpecification\",\"valueRequired\":true,\"valueName\":\"search_term_string\"}}],\"inLanguage\":\"en-GB\"},{\"@type\":\"Organization\",\"@id\":\"https:\/\/www.emballagedigest.fr\/#organization\",\"name\":\"Emballage Digest\",\"url\":\"https:\/\/www.emballagedigest.fr\/\",\"logo\":{\"@type\":\"ImageObject\",\"inLanguage\":\"en-GB\",\"@id\":\"https:\/\/www.emballagedigest.fr\/#\/schema\/logo\/image\/\",\"url\":\"https:\/\/www.emballagedigest.fr\/wp-content\/uploads\/2022\/07\/logo-ed.png\",\"contentUrl\":\"https:\/\/www.emballagedigest.fr\/wp-content\/uploads\/2022\/07\/logo-ed.png\",\"width\":379,\"height\":75,\"caption\":\"Emballage Digest\"},\"image\":{\"@id\":\"https:\/\/www.emballagedigest.fr\/#\/schema\/logo\/image\/\"}},{\"@type\":\"Person\",\"@id\":\"https:\/\/www.emballagedigest.fr\/#\/schema\/person\/d01fbac1f378e2f5e4096082cdf68ae5\",\"name\":\"admin_thopel\",\"image\":{\"@type\":\"ImageObject\",\"inLanguage\":\"en-GB\",\"@id\":\"https:\/\/www.emballagedigest.fr\/#\/schema\/person\/image\/\",\"url\":\"https:\/\/secure.gravatar.com\/avatar\/6cf644f6475359b596b81b10a64f989df38f1238649f7e33f97f69519e42dfbf?s=96&d=mm&r=g\",\"contentUrl\":\"https:\/\/secure.gravatar.com\/avatar\/6cf644f6475359b596b81b10a64f989df38f1238649f7e33f97f69519e42dfbf?s=96&d=mm&r=g\",\"caption\":\"admin_thopel\"},\"sameAs\":[\"http:\/\/localhost:8787\/emballage_digest\"],\"url\":\"https:\/\/www.emballagedigest.fr\/en\/author\/admin_thopel\/\"}]}<\/script>\n<!-- \/ Yoast SEO plugin. -->","yoast_head_json":{"title":"Marco Moritsch nomm\u00e9 vice-pr\u00e9sident directeur de CHEP Europe du sud  - Emballage Digest","robots":{"index":"index","follow":"follow","max-snippet":"max-snippet:-1","max-image-preview":"max-image-preview:large","max-video-preview":"max-video-preview:-1"},"canonical":"https:\/\/www.emballagedigest.fr\/en\/marco-moritsch-nomme-vice-president-directeur-de-chep-europe-du-sud\/","og_locale":"en_GB","og_type":"article","og_title":"Marco Moritsch nomm\u00e9 vice-pr\u00e9sident directeur de CHEP Europe du sud  - Emballage Digest","og_description":"CHEP, le sp\u00e9cialiste des solutions d\u00e9di\u00e9es \u00e0 la supply chain, annonce la nomination de Marco Moritsch au poste de vice-pr\u00e9sident directeur pour l\u2019Europe du sud. Marco Moritsch \u2013 membre du comit\u00e9 de direction europ\u00e9en et rattach\u00e9 \u00e0 David Cuenca, pr\u00e9sident de CHEP Europe \u2013 dirige depuis juillet dernier la zone qui comprend l\u2019Espagne, le Portugal, la France, le Maroc, l\u2019Italie et la Gr\u00e8ce.","og_url":"https:\/\/www.emballagedigest.fr\/en\/marco-moritsch-nomme-vice-president-directeur-de-chep-europe-du-sud\/","og_site_name":"Emballage Digest","article_published_time":"2021-10-06T07:51:43+00:00","author":"admin_thopel","twitter_card":"summary_large_image","twitter_misc":{"Written by":"admin_thopel","Estimated reading time":"2 minutes"},"schema":{"@context":"https:\/\/schema.org","@graph":[{"@type":"Article","@id":"https:\/\/www.emballagedigest.fr\/marco-moritsch-nomme-vice-president-directeur-de-chep-europe-du-sud\/#article","isPartOf":{"@id":"https:\/\/www.emballagedigest.fr\/marco-moritsch-nomme-vice-president-directeur-de-chep-europe-du-sud\/"},"author":{"name":"admin_thopel","@id":"https:\/\/www.emballagedigest.fr\/#\/schema\/person\/d01fbac1f378e2f5e4096082cdf68ae5"},"headline":"Marco Moritsch nomm\u00e9 vice-pr\u00e9sident directeur de CHEP Europe du sud","datePublished":"2021-10-06T07:51:43+00:00","mainEntityOfPage":{"@id":"https:\/\/www.emballagedigest.fr\/marco-moritsch-nomme-vice-president-directeur-de-chep-europe-du-sud\/"},"wordCount":384,"publisher":{"@id":"https:\/\/www.emballagedigest.fr\/#organization"},"articleSection":["Article entier"],"inLanguage":"en-GB"},{"@type":"WebPage","@id":"https:\/\/www.emballagedigest.fr\/marco-moritsch-nomme-vice-president-directeur-de-chep-europe-du-sud\/","url":"https:\/\/www.emballagedigest.fr\/marco-moritsch-nomme-vice-president-directeur-de-chep-europe-du-sud\/","name":"Marco Moritsch nomm\u00e9 vice-pr\u00e9sident directeur de CHEP Europe du sud - Emballage Digest","isPartOf":{"@id":"https:\/\/www.emballagedigest.fr\/#website"},"datePublished":"2021-10-06T07:51:43+00:00","breadcrumb":{"@id":"https:\/\/www.emballagedigest.fr\/marco-moritsch-nomme-vice-president-directeur-de-chep-europe-du-sud\/#breadcrumb"},"inLanguage":"en-GB","potentialAction":[{"@type":"ReadAction","target":["https:\/\/www.emballagedigest.fr\/marco-moritsch-nomme-vice-president-directeur-de-chep-europe-du-sud\/"]}]},{"@type":"BreadcrumbList","@id":"https:\/\/www.emballagedigest.fr\/marco-moritsch-nomme-vice-president-directeur-de-chep-europe-du-sud\/#breadcrumb","itemListElement":[{"@type":"ListItem","position":1,"name":"Accueil","item":"https:\/\/www.emballagedigest.fr\/"},{"@type":"ListItem","position":2,"name":"Marco Moritsch nomm\u00e9 vice-pr\u00e9sident directeur de CHEP Europe du sud"}]},{"@type":"WebSite","@id":"https:\/\/www.emballagedigest.fr\/#website","url":"https:\/\/www.emballagedigest.fr\/","name":"Emballage Digest","description":"Revue professionnelle sur les emballages","publisher":{"@id":"https:\/\/www.emballagedigest.fr\/#organization"},"potentialAction":[{"@type":"SearchAction","target":{"@type":"EntryPoint","urlTemplate":"https:\/\/www.emballagedigest.fr\/?s={search_term_string}"},"query-input":{"@type":"PropertyValueSpecification","valueRequired":true,"valueName":"search_term_string"}}],"inLanguage":"en-GB"},{"@type":"Organization","@id":"https:\/\/www.emballagedigest.fr\/#organization","name":"Emballage Digest","url":"https:\/\/www.emballagedigest.fr\/","logo":{"@type":"ImageObject","inLanguage":"en-GB","@id":"https:\/\/www.emballagedigest.fr\/#\/schema\/logo\/image\/","url":"https:\/\/www.emballagedigest.fr\/wp-content\/uploads\/2022\/07\/logo-ed.png","contentUrl":"https:\/\/www.emballagedigest.fr\/wp-content\/uploads\/2022\/07\/logo-ed.png","width":379,"height":75,"caption":"Emballage Digest"},"image":{"@id":"https:\/\/www.emballagedigest.fr\/#\/schema\/logo\/image\/"}},{"@type":"Person","@id":"https:\/\/www.emballagedigest.fr\/#\/schema\/person\/d01fbac1f378e2f5e4096082cdf68ae5","name":"admin_thopel","image":{"@type":"ImageObject","inLanguage":"en-GB","@id":"https:\/\/www.emballagedigest.fr\/#\/schema\/person\/image\/","url":"https:\/\/secure.gravatar.com\/avatar\/6cf644f6475359b596b81b10a64f989df38f1238649f7e33f97f69519e42dfbf?s=96&d=mm&r=g","contentUrl":"https:\/\/secure.gravatar.com\/avatar\/6cf644f6475359b596b81b10a64f989df38f1238649f7e33f97f69519e42dfbf?s=96&d=mm&r=g","caption":"admin_thopel"},"sameAs":["http:\/\/localhost:8787\/emballage_digest"],"url":"https:\/\/www.emballagedigest.fr\/en\/author\/admin_thopel\/"}]}},"_links":{"self":[{"href":"https:\/\/www.emballagedigest.fr\/en\/wp-json\/wp\/v2\/posts\/23376","targetHints":{"allow":["GET"]}}],"collection":[{"href":"https:\/\/www.emballagedigest.fr\/en\/wp-json\/wp\/v2\/posts"}],"about":[{"href":"https:\/\/www.emballagedigest.fr\/en\/wp-json\/wp\/v2\/types\/post"}],"author":[{"embeddable":true,"href":"https:\/\/www.emballagedigest.fr\/en\/wp-json\/wp\/v2\/users\/1"}],"replies":[{"embeddable":true,"href":"https:\/\/www.emballagedigest.fr\/en\/wp-json\/wp\/v2\/comments?post=23376"}],"version-history":[{"count":0,"href":"https:\/\/www.emballagedigest.fr\/en\/wp-json\/wp\/v2\/posts\/23376\/revisions"}],"wp:attachment":[{"href":"https:\/\/www.emballagedigest.fr\/en\/wp-json\/wp\/v2\/media?parent=23376"}],"wp:term":[{"taxonomy":"category","embeddable":true,"href":"https:\/\/www.emballagedigest.fr\/en\/wp-json\/wp\/v2\/categories?post=23376"},{"taxonomy":"post_tag","embeddable":true,"href":"https:\/\/www.emballagedigest.fr\/en\/wp-json\/wp\/v2\/tags?post=23376"}],"curies":[{"name":"wp","href":"https:\/\/api.w.org\/{rel}","templated":true}]}}