{"id":23386,"date":"2021-09-30T00:00:00","date_gmt":"2021-09-30T00:00:00","guid":{"rendered":"https:\/\/www.emballagedigest.fr\/?p=23386"},"modified":"2021-10-11T14:36:36","modified_gmt":"2021-10-11T14:36:36","slug":"lever-les-freins-du-vrac-et-du-reemploi-des-contenants-par-xavier-hua-directeur-general-institut-du-commerce","status":"publish","type":"post","link":"https:\/\/www.emballagedigest.fr\/en\/lever-les-freins-du-vrac-et-du-reemploi-des-contenants-par-xavier-hua-directeur-general-institut-du-commerce\/","title":{"rendered":"Lever les freins du vrac et du r\u00e9emploi des contenants &#8211; Par Xavier HUA, Directeur G\u00e9n\u00e9ral, Institut du Commerce"},"content":{"rendered":"<p>L\u2019Institut du Commerce a d\u00e9marr\u00e9 ses travaux sur l\u2018\u00e9conomie circulaire d\u00e8s 2018 pour contribuer \u00e0 la prise de conscience des acteurs du commerce de leur responsabilit\u00e9, faciliter la mont\u00e9e en maturit\u00e9 du march\u00e9 et comprendre les cl\u00e9s essentielles pour y parvenir. Le contexte l\u00e9gislatif s\u2019est renforc\u00e9 avec la loi AGEC en 2020 puis la loi Climat et R\u00e9silience en 2021. Les enseignes ont dans le m\u00eame temps multipli\u00e9 les tests pour lever les freins op\u00e9rationnels et gommer les irritants consommateurs.<\/p>\n<p>En 2021, notre comit\u00e9 RSE a souhait\u00e9 faire remonter toutes les bonnes pratiques et sc\u00e9narios \u00e9tudi\u00e9s par les adh\u00e9rents. L\u2019Institut du Commerce s\u2019est alors mis au travail avec R\u00e9seau Vrac, des marques, des enseignes et un panel d&rsquo;experts de l&rsquo;\u00e9conomie circulaire, du parcours d&rsquo;achat et de la logistique retour pour consigner dans un guide p\u00e9dagogique in\u00e9dit les choix strat\u00e9giques et op\u00e9rationnels que les acteurs du commerce doivent prendre face aux enjeux \u00e9cologiques, \u00e9conomiques et r\u00e9glementaires.<\/p>\n<p>Notre \u00ab&nbsp;Guide de la vente en vrac et du r\u00e9emploi des contenants \u00bb qui para\u00eetra mi-octobre explicite les 10 cl\u00e9s pour d\u00e9velopper une offre qualitative en vrac et en contenants r\u00e9employables. Nos travaux collaboratifs ont, en effet, montr\u00e9 que ces deux axes vertueux sont indissociables pour le commerce de demain. Notre Guide est destin\u00e9 \u00e0 accompagner les acteurs dans leur nouvelle approche qui n\u00e9cessite d\u2019int\u00e9grer l\u2019\u00e9coconception dans tous les processus de l\u2019entreprise et de revisiter les 4 \u00ab&nbsp;P \u00bb du mix marketing pour les rendre coh\u00e9rents avec les enjeux de l\u2019\u00e9conomie circulaire&nbsp;: produit-prix-promotion-place.<\/p>\n<p>En magasin, le d\u00e9veloppement du vrac et des contenants r\u00e9employables suppose de concevoir un parcours d\u2019achat d\u00e9di\u00e9 pour cr\u00e9er une exp\u00e9rience consommateur qui l\u2019encourage \u00e0 se tourner vers l\u2019\u00e9conomie circulaire, incluant un retour possible d\u2019un point de collecte pour recyclage, r\u00e9emploi ou r\u00e9paration. La r\u00e9ussite n\u00e9cessite la formation et l\u2019implication des \u00e9quipes en magasin pour accompagner et encourager les consommateurs. Elle suppose \u00e9galement de faire \u00e9voluer le mod\u00e8le d\u2019organisation logistique pour inclure les \u00e9tapes de logistique retour en vue de la collecte, du nettoyage, du transport et du remplissage des contenants\/emballages.<\/p>\n<p>Un chapitre de notre \u00ab&nbsp;Guide de la vente en vrac et du r\u00e9emploi des contenants \u00bb est \u00e9galement consacr\u00e9 \u00e0 la ma\u00eetrise de la cha\u00eene de responsabilit\u00e9 sanitaire pour les marques et les enseignes, qui constitue une pierre angulaire absolument essentielle. La vente en vrac et le r\u00e9emploi des contenants impliquent de mettre en place des protocoles s\u00e9rieux et certifi\u00e9s de nettoyage, stockage et conservation dans les meubles de distribution de vrac. Au-del\u00e0 de cet aspect back-office, cette forme de vente implique aussi en magasin une d\u00e9marche d\u2019accompagnement positif des consommateurs les plus engag\u00e9s qui souhaitent se faire servir avec leurs contenants personnels.<\/p>\n<p>Autant d\u2019\u00e9tapes aussi incontournables que complexes qui ont \u00e9t\u00e9 \u00e9tudi\u00e9es par nos entreprises membres ces trois derni\u00e8res ann\u00e9es au sein de l\u2019Atelier \u00ab&nbsp;Parcours d\u2019achat \u00e9coresponsable \u00bb et du Groupe de Travail \u00ab&nbsp;Logistique retour au service de l\u2019\u00e9conomie circulaire \u00bb. Comme sur d\u2019autres th\u00e9matiques au c\u0153ur du commerce de demain, l\u2019Institut du Commerce a r\u00e9ussi \u00e0 coconstruire en toute neutralit\u00e9 des solutions concr\u00e8tes et innovantes pour le d\u00e9veloppement du vrac et du r\u00e9emploi, qui r\u00e9pondent aux enjeux communs de tous les intervenants du secteur de la consommation alimentaire, dans un esprit d\u2019ouverture et de progr\u00e8s et dans un cadre d\u00e9ontologique accept\u00e9 par tous.<\/p>\n<p><em>Extrait de la revue n\u00b0 661 &#8211; Septembre 2021. Reproduction interdite sauf accord \u00e9crit d&rsquo;Emballage Digest ou mention du support<\/em><\/p>","protected":false},"excerpt":{"rendered":"<p>L\u2019Institut du Commerce a d\u00e9marr\u00e9 ses travaux sur l\u2018\u00e9conomie circulaire d\u00e8s 2018 pour contribuer \u00e0 la prise de conscience des acteurs du commerce de leur responsabilit\u00e9, faciliter la mont\u00e9e en maturit\u00e9 du march\u00e9 et comprendre les cl\u00e9s essentielles pour y parvenir. Le contexte l\u00e9gislatif s\u2019est renforc\u00e9 avec la loi AGEC en 2020 puis la loi Climat et R\u00e9silience en 2021. Les enseignes ont dans le m\u00eame temps multipli\u00e9 les tests pour lever les freins op\u00e9rationnels et gommer les irritants consommateurs.<\/p>","protected":false},"author":1,"featured_media":0,"comment_status":"closed","ping_status":"closed","sticky":false,"template":"","format":"standard","meta":{"_acf_changed":false,"inline_featured_image":false,"iawp_total_views":0,"footnotes":""},"categories":[5,28],"tags":[],"class_list":["post-23386","post","type-post","status-publish","format-standard","hentry","category-alimentaire","category-article-entier"],"acf":[],"yoast_head":"<!-- This site is optimized with the Yoast SEO plugin v24.4 - https:\/\/yoast.com\/wordpress\/plugins\/seo\/ -->\n<title>Lever les freins du vrac et du r\u00e9emploi des contenants - Par Xavier HUA, Directeur G\u00e9n\u00e9ral, Institut du Commerce - Emballage Digest<\/title>\n<meta name=\"robots\" content=\"index, follow, max-snippet:-1, max-image-preview:large, max-video-preview:-1\" \/>\n<link rel=\"canonical\" href=\"https:\/\/www.emballagedigest.fr\/en\/lever-les-freins-du-vrac-et-du-reemploi-des-contenants-par-xavier-hua-directeur-general-institut-du-commerce\/\" \/>\n<meta property=\"og:locale\" content=\"en_GB\" \/>\n<meta property=\"og:type\" content=\"article\" \/>\n<meta property=\"og:title\" content=\"Lever les freins du vrac et du r\u00e9emploi des contenants - Par Xavier HUA, Directeur G\u00e9n\u00e9ral, Institut du Commerce - Emballage Digest\" \/>\n<meta property=\"og:description\" content=\"L\u2019Institut du Commerce a d\u00e9marr\u00e9 ses travaux sur l\u2018\u00e9conomie circulaire d\u00e8s 2018 pour contribuer \u00e0 la prise de conscience des acteurs du commerce de leur responsabilit\u00e9, faciliter la mont\u00e9e en maturit\u00e9 du march\u00e9 et comprendre les cl\u00e9s essentielles pour y parvenir. Le contexte l\u00e9gislatif s\u2019est renforc\u00e9 avec la loi AGEC en 2020 puis la loi Climat et R\u00e9silience en 2021. Les enseignes ont dans le m\u00eame temps multipli\u00e9 les tests pour lever les freins op\u00e9rationnels et gommer les irritants consommateurs.\" \/>\n<meta property=\"og:url\" content=\"https:\/\/www.emballagedigest.fr\/en\/lever-les-freins-du-vrac-et-du-reemploi-des-contenants-par-xavier-hua-directeur-general-institut-du-commerce\/\" \/>\n<meta property=\"og:site_name\" content=\"Emballage Digest\" \/>\n<meta property=\"article:published_time\" content=\"2021-09-30T00:00:00+00:00\" \/>\n<meta property=\"article:modified_time\" content=\"2021-10-11T14:36:36+00:00\" \/>\n<meta name=\"author\" content=\"admin_thopel\" \/>\n<meta name=\"twitter:card\" content=\"summary_large_image\" \/>\n<meta name=\"twitter:label1\" content=\"Written by\" \/>\n\t<meta name=\"twitter:data1\" content=\"admin_thopel\" \/>\n\t<meta name=\"twitter:label2\" content=\"Estimated reading time\" \/>\n\t<meta name=\"twitter:data2\" content=\"3 minutes\" \/>\n<script type=\"application\/ld+json\" class=\"yoast-schema-graph\">{\"@context\":\"https:\/\/schema.org\",\"@graph\":[{\"@type\":\"Article\",\"@id\":\"https:\/\/www.emballagedigest.fr\/lever-les-freins-du-vrac-et-du-reemploi-des-contenants-par-xavier-hua-directeur-general-institut-du-commerce\/#article\",\"isPartOf\":{\"@id\":\"https:\/\/www.emballagedigest.fr\/lever-les-freins-du-vrac-et-du-reemploi-des-contenants-par-xavier-hua-directeur-general-institut-du-commerce\/\"},\"author\":{\"name\":\"admin_thopel\",\"@id\":\"https:\/\/www.emballagedigest.fr\/#\/schema\/person\/d01fbac1f378e2f5e4096082cdf68ae5\"},\"headline\":\"Lever les freins du vrac et du r\u00e9emploi des contenants &#8211; Par Xavier HUA, Directeur G\u00e9n\u00e9ral, Institut du Commerce\",\"datePublished\":\"2021-09-30T00:00:00+00:00\",\"dateModified\":\"2021-10-11T14:36:36+00:00\",\"mainEntityOfPage\":{\"@id\":\"https:\/\/www.emballagedigest.fr\/lever-les-freins-du-vrac-et-du-reemploi-des-contenants-par-xavier-hua-directeur-general-institut-du-commerce\/\"},\"wordCount\":657,\"publisher\":{\"@id\":\"https:\/\/www.emballagedigest.fr\/#organization\"},\"articleSection\":[\"Alimentaire\",\"Article entier\"],\"inLanguage\":\"en-GB\"},{\"@type\":\"WebPage\",\"@id\":\"https:\/\/www.emballagedigest.fr\/lever-les-freins-du-vrac-et-du-reemploi-des-contenants-par-xavier-hua-directeur-general-institut-du-commerce\/\",\"url\":\"https:\/\/www.emballagedigest.fr\/lever-les-freins-du-vrac-et-du-reemploi-des-contenants-par-xavier-hua-directeur-general-institut-du-commerce\/\",\"name\":\"Lever les freins du vrac et du r\u00e9emploi des contenants - Par Xavier HUA, Directeur G\u00e9n\u00e9ral, Institut du Commerce - Emballage Digest\",\"isPartOf\":{\"@id\":\"https:\/\/www.emballagedigest.fr\/#website\"},\"datePublished\":\"2021-09-30T00:00:00+00:00\",\"dateModified\":\"2021-10-11T14:36:36+00:00\",\"breadcrumb\":{\"@id\":\"https:\/\/www.emballagedigest.fr\/lever-les-freins-du-vrac-et-du-reemploi-des-contenants-par-xavier-hua-directeur-general-institut-du-commerce\/#breadcrumb\"},\"inLanguage\":\"en-GB\",\"potentialAction\":[{\"@type\":\"ReadAction\",\"target\":[\"https:\/\/www.emballagedigest.fr\/lever-les-freins-du-vrac-et-du-reemploi-des-contenants-par-xavier-hua-directeur-general-institut-du-commerce\/\"]}]},{\"@type\":\"BreadcrumbList\",\"@id\":\"https:\/\/www.emballagedigest.fr\/lever-les-freins-du-vrac-et-du-reemploi-des-contenants-par-xavier-hua-directeur-general-institut-du-commerce\/#breadcrumb\",\"itemListElement\":[{\"@type\":\"ListItem\",\"position\":1,\"name\":\"Accueil\",\"item\":\"https:\/\/www.emballagedigest.fr\/\"},{\"@type\":\"ListItem\",\"position\":2,\"name\":\"Lever les freins du vrac et du r\u00e9emploi des contenants &#8211; Par Xavier HUA, Directeur G\u00e9n\u00e9ral, Institut du Commerce\"}]},{\"@type\":\"WebSite\",\"@id\":\"https:\/\/www.emballagedigest.fr\/#website\",\"url\":\"https:\/\/www.emballagedigest.fr\/\",\"name\":\"Emballage Digest\",\"description\":\"Revue professionnelle sur les emballages\",\"publisher\":{\"@id\":\"https:\/\/www.emballagedigest.fr\/#organization\"},\"potentialAction\":[{\"@type\":\"SearchAction\",\"target\":{\"@type\":\"EntryPoint\",\"urlTemplate\":\"https:\/\/www.emballagedigest.fr\/?s={search_term_string}\"},\"query-input\":{\"@type\":\"PropertyValueSpecification\",\"valueRequired\":true,\"valueName\":\"search_term_string\"}}],\"inLanguage\":\"en-GB\"},{\"@type\":\"Organization\",\"@id\":\"https:\/\/www.emballagedigest.fr\/#organization\",\"name\":\"Emballage Digest\",\"url\":\"https:\/\/www.emballagedigest.fr\/\",\"logo\":{\"@type\":\"ImageObject\",\"inLanguage\":\"en-GB\",\"@id\":\"https:\/\/www.emballagedigest.fr\/#\/schema\/logo\/image\/\",\"url\":\"https:\/\/www.emballagedigest.fr\/wp-content\/uploads\/2022\/07\/logo-ed.png\",\"contentUrl\":\"https:\/\/www.emballagedigest.fr\/wp-content\/uploads\/2022\/07\/logo-ed.png\",\"width\":379,\"height\":75,\"caption\":\"Emballage Digest\"},\"image\":{\"@id\":\"https:\/\/www.emballagedigest.fr\/#\/schema\/logo\/image\/\"}},{\"@type\":\"Person\",\"@id\":\"https:\/\/www.emballagedigest.fr\/#\/schema\/person\/d01fbac1f378e2f5e4096082cdf68ae5\",\"name\":\"admin_thopel\",\"image\":{\"@type\":\"ImageObject\",\"inLanguage\":\"en-GB\",\"@id\":\"https:\/\/www.emballagedigest.fr\/#\/schema\/person\/image\/\",\"url\":\"https:\/\/secure.gravatar.com\/avatar\/6cf644f6475359b596b81b10a64f989df38f1238649f7e33f97f69519e42dfbf?s=96&d=mm&r=g\",\"contentUrl\":\"https:\/\/secure.gravatar.com\/avatar\/6cf644f6475359b596b81b10a64f989df38f1238649f7e33f97f69519e42dfbf?s=96&d=mm&r=g\",\"caption\":\"admin_thopel\"},\"sameAs\":[\"http:\/\/localhost:8787\/emballage_digest\"],\"url\":\"https:\/\/www.emballagedigest.fr\/en\/author\/admin_thopel\/\"}]}<\/script>\n<!-- \/ Yoast SEO plugin. -->","yoast_head_json":{"title":"Lever les freins du vrac et du r\u00e9emploi des contenants - Par Xavier HUA, Directeur G\u00e9n\u00e9ral, Institut du Commerce - Emballage Digest","robots":{"index":"index","follow":"follow","max-snippet":"max-snippet:-1","max-image-preview":"max-image-preview:large","max-video-preview":"max-video-preview:-1"},"canonical":"https:\/\/www.emballagedigest.fr\/en\/lever-les-freins-du-vrac-et-du-reemploi-des-contenants-par-xavier-hua-directeur-general-institut-du-commerce\/","og_locale":"en_GB","og_type":"article","og_title":"Lever les freins du vrac et du r\u00e9emploi des contenants - Par Xavier HUA, Directeur G\u00e9n\u00e9ral, Institut du Commerce - Emballage Digest","og_description":"L\u2019Institut du Commerce a d\u00e9marr\u00e9 ses travaux sur l\u2018\u00e9conomie circulaire d\u00e8s 2018 pour contribuer \u00e0 la prise de conscience des acteurs du commerce de leur responsabilit\u00e9, faciliter la mont\u00e9e en maturit\u00e9 du march\u00e9 et comprendre les cl\u00e9s essentielles pour y parvenir. Le contexte l\u00e9gislatif s\u2019est renforc\u00e9 avec la loi AGEC en 2020 puis la loi Climat et R\u00e9silience en 2021. Les enseignes ont dans le m\u00eame temps multipli\u00e9 les tests pour lever les freins op\u00e9rationnels et gommer les irritants consommateurs.","og_url":"https:\/\/www.emballagedigest.fr\/en\/lever-les-freins-du-vrac-et-du-reemploi-des-contenants-par-xavier-hua-directeur-general-institut-du-commerce\/","og_site_name":"Emballage Digest","article_published_time":"2021-09-30T00:00:00+00:00","article_modified_time":"2021-10-11T14:36:36+00:00","author":"admin_thopel","twitter_card":"summary_large_image","twitter_misc":{"Written by":"admin_thopel","Estimated reading time":"3 minutes"},"schema":{"@context":"https:\/\/schema.org","@graph":[{"@type":"Article","@id":"https:\/\/www.emballagedigest.fr\/lever-les-freins-du-vrac-et-du-reemploi-des-contenants-par-xavier-hua-directeur-general-institut-du-commerce\/#article","isPartOf":{"@id":"https:\/\/www.emballagedigest.fr\/lever-les-freins-du-vrac-et-du-reemploi-des-contenants-par-xavier-hua-directeur-general-institut-du-commerce\/"},"author":{"name":"admin_thopel","@id":"https:\/\/www.emballagedigest.fr\/#\/schema\/person\/d01fbac1f378e2f5e4096082cdf68ae5"},"headline":"Lever les freins du vrac et du r\u00e9emploi des contenants &#8211; Par Xavier HUA, Directeur G\u00e9n\u00e9ral, Institut du Commerce","datePublished":"2021-09-30T00:00:00+00:00","dateModified":"2021-10-11T14:36:36+00:00","mainEntityOfPage":{"@id":"https:\/\/www.emballagedigest.fr\/lever-les-freins-du-vrac-et-du-reemploi-des-contenants-par-xavier-hua-directeur-general-institut-du-commerce\/"},"wordCount":657,"publisher":{"@id":"https:\/\/www.emballagedigest.fr\/#organization"},"articleSection":["Alimentaire","Article entier"],"inLanguage":"en-GB"},{"@type":"WebPage","@id":"https:\/\/www.emballagedigest.fr\/lever-les-freins-du-vrac-et-du-reemploi-des-contenants-par-xavier-hua-directeur-general-institut-du-commerce\/","url":"https:\/\/www.emballagedigest.fr\/lever-les-freins-du-vrac-et-du-reemploi-des-contenants-par-xavier-hua-directeur-general-institut-du-commerce\/","name":"Lever les freins du vrac et du r\u00e9emploi des contenants - Par Xavier HUA, Directeur G\u00e9n\u00e9ral, Institut du Commerce - Emballage Digest","isPartOf":{"@id":"https:\/\/www.emballagedigest.fr\/#website"},"datePublished":"2021-09-30T00:00:00+00:00","dateModified":"2021-10-11T14:36:36+00:00","breadcrumb":{"@id":"https:\/\/www.emballagedigest.fr\/lever-les-freins-du-vrac-et-du-reemploi-des-contenants-par-xavier-hua-directeur-general-institut-du-commerce\/#breadcrumb"},"inLanguage":"en-GB","potentialAction":[{"@type":"ReadAction","target":["https:\/\/www.emballagedigest.fr\/lever-les-freins-du-vrac-et-du-reemploi-des-contenants-par-xavier-hua-directeur-general-institut-du-commerce\/"]}]},{"@type":"BreadcrumbList","@id":"https:\/\/www.emballagedigest.fr\/lever-les-freins-du-vrac-et-du-reemploi-des-contenants-par-xavier-hua-directeur-general-institut-du-commerce\/#breadcrumb","itemListElement":[{"@type":"ListItem","position":1,"name":"Accueil","item":"https:\/\/www.emballagedigest.fr\/"},{"@type":"ListItem","position":2,"name":"Lever les freins du vrac et du r\u00e9emploi des contenants &#8211; Par Xavier HUA, Directeur G\u00e9n\u00e9ral, Institut du Commerce"}]},{"@type":"WebSite","@id":"https:\/\/www.emballagedigest.fr\/#website","url":"https:\/\/www.emballagedigest.fr\/","name":"Emballage Digest","description":"Revue professionnelle sur les emballages","publisher":{"@id":"https:\/\/www.emballagedigest.fr\/#organization"},"potentialAction":[{"@type":"SearchAction","target":{"@type":"EntryPoint","urlTemplate":"https:\/\/www.emballagedigest.fr\/?s={search_term_string}"},"query-input":{"@type":"PropertyValueSpecification","valueRequired":true,"valueName":"search_term_string"}}],"inLanguage":"en-GB"},{"@type":"Organization","@id":"https:\/\/www.emballagedigest.fr\/#organization","name":"Emballage Digest","url":"https:\/\/www.emballagedigest.fr\/","logo":{"@type":"ImageObject","inLanguage":"en-GB","@id":"https:\/\/www.emballagedigest.fr\/#\/schema\/logo\/image\/","url":"https:\/\/www.emballagedigest.fr\/wp-content\/uploads\/2022\/07\/logo-ed.png","contentUrl":"https:\/\/www.emballagedigest.fr\/wp-content\/uploads\/2022\/07\/logo-ed.png","width":379,"height":75,"caption":"Emballage Digest"},"image":{"@id":"https:\/\/www.emballagedigest.fr\/#\/schema\/logo\/image\/"}},{"@type":"Person","@id":"https:\/\/www.emballagedigest.fr\/#\/schema\/person\/d01fbac1f378e2f5e4096082cdf68ae5","name":"admin_thopel","image":{"@type":"ImageObject","inLanguage":"en-GB","@id":"https:\/\/www.emballagedigest.fr\/#\/schema\/person\/image\/","url":"https:\/\/secure.gravatar.com\/avatar\/6cf644f6475359b596b81b10a64f989df38f1238649f7e33f97f69519e42dfbf?s=96&d=mm&r=g","contentUrl":"https:\/\/secure.gravatar.com\/avatar\/6cf644f6475359b596b81b10a64f989df38f1238649f7e33f97f69519e42dfbf?s=96&d=mm&r=g","caption":"admin_thopel"},"sameAs":["http:\/\/localhost:8787\/emballage_digest"],"url":"https:\/\/www.emballagedigest.fr\/en\/author\/admin_thopel\/"}]}},"_links":{"self":[{"href":"https:\/\/www.emballagedigest.fr\/en\/wp-json\/wp\/v2\/posts\/23386","targetHints":{"allow":["GET"]}}],"collection":[{"href":"https:\/\/www.emballagedigest.fr\/en\/wp-json\/wp\/v2\/posts"}],"about":[{"href":"https:\/\/www.emballagedigest.fr\/en\/wp-json\/wp\/v2\/types\/post"}],"author":[{"embeddable":true,"href":"https:\/\/www.emballagedigest.fr\/en\/wp-json\/wp\/v2\/users\/1"}],"replies":[{"embeddable":true,"href":"https:\/\/www.emballagedigest.fr\/en\/wp-json\/wp\/v2\/comments?post=23386"}],"version-history":[{"count":0,"href":"https:\/\/www.emballagedigest.fr\/en\/wp-json\/wp\/v2\/posts\/23386\/revisions"}],"wp:attachment":[{"href":"https:\/\/www.emballagedigest.fr\/en\/wp-json\/wp\/v2\/media?parent=23386"}],"wp:term":[{"taxonomy":"category","embeddable":true,"href":"https:\/\/www.emballagedigest.fr\/en\/wp-json\/wp\/v2\/categories?post=23386"},{"taxonomy":"post_tag","embeddable":true,"href":"https:\/\/www.emballagedigest.fr\/en\/wp-json\/wp\/v2\/tags?post=23386"}],"curies":[{"name":"wp","href":"https:\/\/api.w.org\/{rel}","templated":true}]}}