{"id":23404,"date":"2021-09-30T00:00:00","date_gmt":"2021-09-30T00:00:00","guid":{"rendered":"https:\/\/www.emballagedigest.fr\/?p=23404"},"modified":"2021-10-14T13:49:50","modified_gmt":"2021-10-14T13:49:50","slug":"des-bocaux-reutilisables-pour-produits-a-tartiner","status":"publish","type":"post","link":"https:\/\/www.emballagedigest.fr\/en\/des-bocaux-reutilisables-pour-produits-a-tartiner\/","title":{"rendered":"Des bocaux r\u00e9utilisables pour produits \u00e0 tartiner"},"content":{"rendered":"<p>La soci\u00e9t\u00e9 de transformation de fruits Zentis adopte les bocaux en verre r\u00e9utilisables du fabricant Ardagh pour sa gamme de confitures et de p\u00e2tes \u00e0 tartiner NaturRein.<\/p>\n<p>Affichant des lignes \u00e9pur\u00e9es, les nouveaux pots dot\u00e9s d\u2019un couvercle en li\u00e8ge durable pr\u00e9sentent des bords arrondis pour s\u2019adapter parfaitement \u00e0 la main. Avec ce choix, Zentis offre aux consommateurs une seconde vie \u00e0 l\u2019emballage, une fois le produit termin\u00e9&nbsp;: pot \u00e0 \u00e9pices, vases, emballage cadeau ou transformation du couvercle en li\u00e8ge en sous-verre. La nouvelle gamme de bocaux NaturRein est en accord avec la strat\u00e9gie de durabilit\u00e9 de Zentis, qui vise \u00e0 rendre son site d&rsquo;Aix-la-Chapelle enti\u00e8rement neutre sur le plan climatique. \u00abLa gamme est d\u00e9j\u00e0 neutre sur le plan climatique. Les \u00e9missions de CO2 tout au long de la cha\u00eene de valeur de NaturRein, par exemple, sont enti\u00e8rement compens\u00e9es par l&rsquo;investissement dans un projet de conservation des for\u00eats au P\u00e9rou\u00bb, commente Oliver B\u00f6cker, vice-pr\u00e9sident commercial B2C. Le pot arbore le design imagin\u00e9 par les agences Dragon Rouge et Anke Lambrecht Product Design, et se d\u00e9cline en version 200 ou 250 g selon les r\u00e9f\u00e9rences de la gamme.<br \/>\n<strong>Fournisseur&nbsp;: Ardagh Glass Packaging<\/strong> <\/p>\n<p><em>Extrait de la revue n\u00b0 661 &#8211; Septembre 2021. Reproduction interdite sauf accord \u00e9crit d&rsquo;Emballage Digest ou mention du support<\/em><\/p>","protected":false},"excerpt":{"rendered":"<p>La soci\u00e9t\u00e9 de transformation de fruits Zentis adopte les bocaux en verre r\u00e9utilisables du fabricant Ardagh pour sa gamme de confitures et de p\u00e2tes \u00e0 tartiner NaturRein.<\/p>","protected":false},"author":1,"featured_media":33404,"comment_status":"closed","ping_status":"closed","sticky":false,"template":"","format":"standard","meta":{"_acf_changed":false,"inline_featured_image":false,"iawp_total_views":0,"footnotes":""},"categories":[28,4],"tags":[],"class_list":["post-23404","post","type-post","status-publish","format-standard","has-post-thumbnail","hentry","category-article-entier","category-lineaires"],"acf":[],"yoast_head":"<!-- This site is optimized with the Yoast SEO plugin v24.4 - https:\/\/yoast.com\/wordpress\/plugins\/seo\/ -->\n<title>Des bocaux r\u00e9utilisables pour produits \u00e0 tartiner - Emballage Digest<\/title>\n<meta name=\"robots\" content=\"index, follow, max-snippet:-1, max-image-preview:large, max-video-preview:-1\" \/>\n<link rel=\"canonical\" href=\"https:\/\/www.emballagedigest.fr\/en\/des-bocaux-reutilisables-pour-produits-a-tartiner\/\" \/>\n<meta property=\"og:locale\" content=\"en_GB\" \/>\n<meta property=\"og:type\" content=\"article\" \/>\n<meta property=\"og:title\" content=\"Des bocaux r\u00e9utilisables pour produits \u00e0 tartiner - Emballage Digest\" \/>\n<meta property=\"og:description\" content=\"La soci\u00e9t\u00e9 de transformation de fruits Zentis adopte les bocaux en verre r\u00e9utilisables du fabricant Ardagh pour sa gamme de confitures et de p\u00e2tes \u00e0 tartiner NaturRein.\" \/>\n<meta property=\"og:url\" content=\"https:\/\/www.emballagedigest.fr\/en\/des-bocaux-reutilisables-pour-produits-a-tartiner\/\" \/>\n<meta property=\"og:site_name\" content=\"Emballage Digest\" \/>\n<meta property=\"article:published_time\" content=\"2021-09-30T00:00:00+00:00\" \/>\n<meta property=\"article:modified_time\" content=\"2021-10-14T13:49:50+00:00\" \/>\n<meta name=\"author\" content=\"admin_thopel\" \/>\n<meta name=\"twitter:card\" content=\"summary_large_image\" \/>\n<meta name=\"twitter:label1\" content=\"Written by\" \/>\n\t<meta name=\"twitter:data1\" content=\"admin_thopel\" \/>\n\t<meta name=\"twitter:label2\" content=\"Estimated reading time\" \/>\n\t<meta name=\"twitter:data2\" content=\"1 minute\" \/>\n<script type=\"application\/ld+json\" class=\"yoast-schema-graph\">{\"@context\":\"https:\/\/schema.org\",\"@graph\":[{\"@type\":\"Article\",\"@id\":\"https:\/\/www.emballagedigest.fr\/des-bocaux-reutilisables-pour-produits-a-tartiner\/#article\",\"isPartOf\":{\"@id\":\"https:\/\/www.emballagedigest.fr\/des-bocaux-reutilisables-pour-produits-a-tartiner\/\"},\"author\":{\"name\":\"admin_thopel\",\"@id\":\"https:\/\/www.emballagedigest.fr\/#\/schema\/person\/d01fbac1f378e2f5e4096082cdf68ae5\"},\"headline\":\"Des bocaux r\u00e9utilisables pour produits \u00e0 tartiner\",\"datePublished\":\"2021-09-30T00:00:00+00:00\",\"dateModified\":\"2021-10-14T13:49:50+00:00\",\"mainEntityOfPage\":{\"@id\":\"https:\/\/www.emballagedigest.fr\/des-bocaux-reutilisables-pour-produits-a-tartiner\/\"},\"wordCount\":238,\"publisher\":{\"@id\":\"https:\/\/www.emballagedigest.fr\/#organization\"},\"image\":{\"@id\":\"https:\/\/www.emballagedigest.fr\/des-bocaux-reutilisables-pour-produits-a-tartiner\/#primaryimage\"},\"thumbnailUrl\":\"https:\/\/www.emballagedigest.fr\/wp-content\/uploads\/dotclear\/images\/2021\/REVUE\/sep\/09_21_lineaire6.jpg\",\"articleSection\":[\"Article entier\",\"Lin\u00e9aires\"],\"inLanguage\":\"en-GB\"},{\"@type\":\"WebPage\",\"@id\":\"https:\/\/www.emballagedigest.fr\/des-bocaux-reutilisables-pour-produits-a-tartiner\/\",\"url\":\"https:\/\/www.emballagedigest.fr\/des-bocaux-reutilisables-pour-produits-a-tartiner\/\",\"name\":\"Des bocaux r\u00e9utilisables pour produits \u00e0 tartiner - Emballage Digest\",\"isPartOf\":{\"@id\":\"https:\/\/www.emballagedigest.fr\/#website\"},\"primaryImageOfPage\":{\"@id\":\"https:\/\/www.emballagedigest.fr\/des-bocaux-reutilisables-pour-produits-a-tartiner\/#primaryimage\"},\"image\":{\"@id\":\"https:\/\/www.emballagedigest.fr\/des-bocaux-reutilisables-pour-produits-a-tartiner\/#primaryimage\"},\"thumbnailUrl\":\"https:\/\/www.emballagedigest.fr\/wp-content\/uploads\/dotclear\/images\/2021\/REVUE\/sep\/09_21_lineaire6.jpg\",\"datePublished\":\"2021-09-30T00:00:00+00:00\",\"dateModified\":\"2021-10-14T13:49:50+00:00\",\"breadcrumb\":{\"@id\":\"https:\/\/www.emballagedigest.fr\/des-bocaux-reutilisables-pour-produits-a-tartiner\/#breadcrumb\"},\"inLanguage\":\"en-GB\",\"potentialAction\":[{\"@type\":\"ReadAction\",\"target\":[\"https:\/\/www.emballagedigest.fr\/des-bocaux-reutilisables-pour-produits-a-tartiner\/\"]}]},{\"@type\":\"ImageObject\",\"inLanguage\":\"en-GB\",\"@id\":\"https:\/\/www.emballagedigest.fr\/des-bocaux-reutilisables-pour-produits-a-tartiner\/#primaryimage\",\"url\":\"https:\/\/www.emballagedigest.fr\/wp-content\/uploads\/dotclear\/images\/2021\/REVUE\/sep\/09_21_lineaire6.jpg\",\"contentUrl\":\"https:\/\/www.emballagedigest.fr\/wp-content\/uploads\/dotclear\/images\/2021\/REVUE\/sep\/09_21_lineaire6.jpg\"},{\"@type\":\"BreadcrumbList\",\"@id\":\"https:\/\/www.emballagedigest.fr\/des-bocaux-reutilisables-pour-produits-a-tartiner\/#breadcrumb\",\"itemListElement\":[{\"@type\":\"ListItem\",\"position\":1,\"name\":\"Accueil\",\"item\":\"https:\/\/www.emballagedigest.fr\/\"},{\"@type\":\"ListItem\",\"position\":2,\"name\":\"Des bocaux r\u00e9utilisables pour produits \u00e0 tartiner\"}]},{\"@type\":\"WebSite\",\"@id\":\"https:\/\/www.emballagedigest.fr\/#website\",\"url\":\"https:\/\/www.emballagedigest.fr\/\",\"name\":\"Emballage Digest\",\"description\":\"Revue professionnelle sur les emballages\",\"publisher\":{\"@id\":\"https:\/\/www.emballagedigest.fr\/#organization\"},\"potentialAction\":[{\"@type\":\"SearchAction\",\"target\":{\"@type\":\"EntryPoint\",\"urlTemplate\":\"https:\/\/www.emballagedigest.fr\/?s={search_term_string}\"},\"query-input\":{\"@type\":\"PropertyValueSpecification\",\"valueRequired\":true,\"valueName\":\"search_term_string\"}}],\"inLanguage\":\"en-GB\"},{\"@type\":\"Organization\",\"@id\":\"https:\/\/www.emballagedigest.fr\/#organization\",\"name\":\"Emballage Digest\",\"url\":\"https:\/\/www.emballagedigest.fr\/\",\"logo\":{\"@type\":\"ImageObject\",\"inLanguage\":\"en-GB\",\"@id\":\"https:\/\/www.emballagedigest.fr\/#\/schema\/logo\/image\/\",\"url\":\"https:\/\/www.emballagedigest.fr\/wp-content\/uploads\/2022\/07\/logo-ed.png\",\"contentUrl\":\"https:\/\/www.emballagedigest.fr\/wp-content\/uploads\/2022\/07\/logo-ed.png\",\"width\":379,\"height\":75,\"caption\":\"Emballage Digest\"},\"image\":{\"@id\":\"https:\/\/www.emballagedigest.fr\/#\/schema\/logo\/image\/\"}},{\"@type\":\"Person\",\"@id\":\"https:\/\/www.emballagedigest.fr\/#\/schema\/person\/d01fbac1f378e2f5e4096082cdf68ae5\",\"name\":\"admin_thopel\",\"image\":{\"@type\":\"ImageObject\",\"inLanguage\":\"en-GB\",\"@id\":\"https:\/\/www.emballagedigest.fr\/#\/schema\/person\/image\/\",\"url\":\"https:\/\/secure.gravatar.com\/avatar\/6cf644f6475359b596b81b10a64f989df38f1238649f7e33f97f69519e42dfbf?s=96&d=mm&r=g\",\"contentUrl\":\"https:\/\/secure.gravatar.com\/avatar\/6cf644f6475359b596b81b10a64f989df38f1238649f7e33f97f69519e42dfbf?s=96&d=mm&r=g\",\"caption\":\"admin_thopel\"},\"sameAs\":[\"http:\/\/localhost:8787\/emballage_digest\"],\"url\":\"https:\/\/www.emballagedigest.fr\/en\/author\/admin_thopel\/\"}]}<\/script>\n<!-- \/ Yoast SEO plugin. -->","yoast_head_json":{"title":"Des bocaux r\u00e9utilisables pour produits \u00e0 tartiner - Emballage Digest","robots":{"index":"index","follow":"follow","max-snippet":"max-snippet:-1","max-image-preview":"max-image-preview:large","max-video-preview":"max-video-preview:-1"},"canonical":"https:\/\/www.emballagedigest.fr\/en\/des-bocaux-reutilisables-pour-produits-a-tartiner\/","og_locale":"en_GB","og_type":"article","og_title":"Des bocaux r\u00e9utilisables pour produits \u00e0 tartiner - Emballage Digest","og_description":"La soci\u00e9t\u00e9 de transformation de fruits Zentis adopte les bocaux en verre r\u00e9utilisables du fabricant Ardagh pour sa gamme de confitures et de p\u00e2tes \u00e0 tartiner NaturRein.","og_url":"https:\/\/www.emballagedigest.fr\/en\/des-bocaux-reutilisables-pour-produits-a-tartiner\/","og_site_name":"Emballage Digest","article_published_time":"2021-09-30T00:00:00+00:00","article_modified_time":"2021-10-14T13:49:50+00:00","author":"admin_thopel","twitter_card":"summary_large_image","twitter_misc":{"Written by":"admin_thopel","Estimated reading time":"1 minute"},"schema":{"@context":"https:\/\/schema.org","@graph":[{"@type":"Article","@id":"https:\/\/www.emballagedigest.fr\/des-bocaux-reutilisables-pour-produits-a-tartiner\/#article","isPartOf":{"@id":"https:\/\/www.emballagedigest.fr\/des-bocaux-reutilisables-pour-produits-a-tartiner\/"},"author":{"name":"admin_thopel","@id":"https:\/\/www.emballagedigest.fr\/#\/schema\/person\/d01fbac1f378e2f5e4096082cdf68ae5"},"headline":"Des bocaux r\u00e9utilisables pour produits \u00e0 tartiner","datePublished":"2021-09-30T00:00:00+00:00","dateModified":"2021-10-14T13:49:50+00:00","mainEntityOfPage":{"@id":"https:\/\/www.emballagedigest.fr\/des-bocaux-reutilisables-pour-produits-a-tartiner\/"},"wordCount":238,"publisher":{"@id":"https:\/\/www.emballagedigest.fr\/#organization"},"image":{"@id":"https:\/\/www.emballagedigest.fr\/des-bocaux-reutilisables-pour-produits-a-tartiner\/#primaryimage"},"thumbnailUrl":"https:\/\/www.emballagedigest.fr\/wp-content\/uploads\/dotclear\/images\/2021\/REVUE\/sep\/09_21_lineaire6.jpg","articleSection":["Article entier","Lin\u00e9aires"],"inLanguage":"en-GB"},{"@type":"WebPage","@id":"https:\/\/www.emballagedigest.fr\/des-bocaux-reutilisables-pour-produits-a-tartiner\/","url":"https:\/\/www.emballagedigest.fr\/des-bocaux-reutilisables-pour-produits-a-tartiner\/","name":"Des bocaux r\u00e9utilisables pour produits \u00e0 tartiner - Emballage Digest","isPartOf":{"@id":"https:\/\/www.emballagedigest.fr\/#website"},"primaryImageOfPage":{"@id":"https:\/\/www.emballagedigest.fr\/des-bocaux-reutilisables-pour-produits-a-tartiner\/#primaryimage"},"image":{"@id":"https:\/\/www.emballagedigest.fr\/des-bocaux-reutilisables-pour-produits-a-tartiner\/#primaryimage"},"thumbnailUrl":"https:\/\/www.emballagedigest.fr\/wp-content\/uploads\/dotclear\/images\/2021\/REVUE\/sep\/09_21_lineaire6.jpg","datePublished":"2021-09-30T00:00:00+00:00","dateModified":"2021-10-14T13:49:50+00:00","breadcrumb":{"@id":"https:\/\/www.emballagedigest.fr\/des-bocaux-reutilisables-pour-produits-a-tartiner\/#breadcrumb"},"inLanguage":"en-GB","potentialAction":[{"@type":"ReadAction","target":["https:\/\/www.emballagedigest.fr\/des-bocaux-reutilisables-pour-produits-a-tartiner\/"]}]},{"@type":"ImageObject","inLanguage":"en-GB","@id":"https:\/\/www.emballagedigest.fr\/des-bocaux-reutilisables-pour-produits-a-tartiner\/#primaryimage","url":"https:\/\/www.emballagedigest.fr\/wp-content\/uploads\/dotclear\/images\/2021\/REVUE\/sep\/09_21_lineaire6.jpg","contentUrl":"https:\/\/www.emballagedigest.fr\/wp-content\/uploads\/dotclear\/images\/2021\/REVUE\/sep\/09_21_lineaire6.jpg"},{"@type":"BreadcrumbList","@id":"https:\/\/www.emballagedigest.fr\/des-bocaux-reutilisables-pour-produits-a-tartiner\/#breadcrumb","itemListElement":[{"@type":"ListItem","position":1,"name":"Accueil","item":"https:\/\/www.emballagedigest.fr\/"},{"@type":"ListItem","position":2,"name":"Des bocaux r\u00e9utilisables pour produits \u00e0 tartiner"}]},{"@type":"WebSite","@id":"https:\/\/www.emballagedigest.fr\/#website","url":"https:\/\/www.emballagedigest.fr\/","name":"Emballage Digest","description":"Revue professionnelle sur les emballages","publisher":{"@id":"https:\/\/www.emballagedigest.fr\/#organization"},"potentialAction":[{"@type":"SearchAction","target":{"@type":"EntryPoint","urlTemplate":"https:\/\/www.emballagedigest.fr\/?s={search_term_string}"},"query-input":{"@type":"PropertyValueSpecification","valueRequired":true,"valueName":"search_term_string"}}],"inLanguage":"en-GB"},{"@type":"Organization","@id":"https:\/\/www.emballagedigest.fr\/#organization","name":"Emballage Digest","url":"https:\/\/www.emballagedigest.fr\/","logo":{"@type":"ImageObject","inLanguage":"en-GB","@id":"https:\/\/www.emballagedigest.fr\/#\/schema\/logo\/image\/","url":"https:\/\/www.emballagedigest.fr\/wp-content\/uploads\/2022\/07\/logo-ed.png","contentUrl":"https:\/\/www.emballagedigest.fr\/wp-content\/uploads\/2022\/07\/logo-ed.png","width":379,"height":75,"caption":"Emballage Digest"},"image":{"@id":"https:\/\/www.emballagedigest.fr\/#\/schema\/logo\/image\/"}},{"@type":"Person","@id":"https:\/\/www.emballagedigest.fr\/#\/schema\/person\/d01fbac1f378e2f5e4096082cdf68ae5","name":"admin_thopel","image":{"@type":"ImageObject","inLanguage":"en-GB","@id":"https:\/\/www.emballagedigest.fr\/#\/schema\/person\/image\/","url":"https:\/\/secure.gravatar.com\/avatar\/6cf644f6475359b596b81b10a64f989df38f1238649f7e33f97f69519e42dfbf?s=96&d=mm&r=g","contentUrl":"https:\/\/secure.gravatar.com\/avatar\/6cf644f6475359b596b81b10a64f989df38f1238649f7e33f97f69519e42dfbf?s=96&d=mm&r=g","caption":"admin_thopel"},"sameAs":["http:\/\/localhost:8787\/emballage_digest"],"url":"https:\/\/www.emballagedigest.fr\/en\/author\/admin_thopel\/"}]}},"_links":{"self":[{"href":"https:\/\/www.emballagedigest.fr\/en\/wp-json\/wp\/v2\/posts\/23404","targetHints":{"allow":["GET"]}}],"collection":[{"href":"https:\/\/www.emballagedigest.fr\/en\/wp-json\/wp\/v2\/posts"}],"about":[{"href":"https:\/\/www.emballagedigest.fr\/en\/wp-json\/wp\/v2\/types\/post"}],"author":[{"embeddable":true,"href":"https:\/\/www.emballagedigest.fr\/en\/wp-json\/wp\/v2\/users\/1"}],"replies":[{"embeddable":true,"href":"https:\/\/www.emballagedigest.fr\/en\/wp-json\/wp\/v2\/comments?post=23404"}],"version-history":[{"count":0,"href":"https:\/\/www.emballagedigest.fr\/en\/wp-json\/wp\/v2\/posts\/23404\/revisions"}],"wp:featuredmedia":[{"embeddable":true,"href":"https:\/\/www.emballagedigest.fr\/en\/wp-json\/wp\/v2\/media\/33404"}],"wp:attachment":[{"href":"https:\/\/www.emballagedigest.fr\/en\/wp-json\/wp\/v2\/media?parent=23404"}],"wp:term":[{"taxonomy":"category","embeddable":true,"href":"https:\/\/www.emballagedigest.fr\/en\/wp-json\/wp\/v2\/categories?post=23404"},{"taxonomy":"post_tag","embeddable":true,"href":"https:\/\/www.emballagedigest.fr\/en\/wp-json\/wp\/v2\/tags?post=23404"}],"curies":[{"name":"wp","href":"https:\/\/api.w.org\/{rel}","templated":true}]}}