{"id":23412,"date":"2021-09-30T00:00:00","date_gmt":"2021-09-30T00:00:00","guid":{"rendered":"https:\/\/www.emballagedigest.fr\/?p=23412"},"modified":"2021-10-18T13:42:15","modified_gmt":"2021-10-18T13:42:15","slug":"luxe-pack-l-edition-speciale-a-paris-fait-la-part-belle-a-l-eco-conception","status":"publish","type":"post","link":"https:\/\/www.emballagedigest.fr\/en\/luxe-pack-l-edition-speciale-a-paris-fait-la-part-belle-a-l-eco-conception\/","title":{"rendered":"Luxe Pack : l\u2019\u00e9dition sp\u00e9ciale \u00e0 Paris fait la part belle \u00e0 l\u2019\u00e9co-conception"},"content":{"rendered":"<p>Le rendez-vous \u00e9tait attendu et l\u2019envie de se retrouver physiquement palpable dans les all\u00e9es du Carreau du Temple pour ce rendez-vous de la rentr\u00e9e. L\u2019\u00e9dition parisienne du Luxe Pack, qui s\u2019est tenue les 31 ao\u00fbt et 1er septembre, a accueilli plus de 2000 visiteurs autour de 65 stands sur le th\u00e8me de l\u2019innovation packaging pour l\u2019\u00e9cologie. Mat\u00e9riaux recycl\u00e9s ou biosourc\u00e9s, durabilit\u00e9, r\u00e9duction des plastiques et des d\u00e9chets sont autant de leviers travaill\u00e9s par les industriels. Emballage Digest vous propose un petit condens\u00e9 des initiatives d\u00e9ploy\u00e9es par les exposants.<\/p>\n<p>L\u2019upcycling est, par exemple, au c\u0153ur de la d\u00e9marche du papetier Favini. La nouvelle gamme Tree Freeest ainsi compos\u00e9e de 75% de bambou certifi\u00e9 FSC et de 25% de linters de coton, des fibres courtes de coton inutilisables dans la fabrication textile. Le papier carbone neutre offre l\u2019apparence d\u2019un papier classique, blanc ou ivoire, \u00e0 la surface lisse facile \u00e0 imprimer. Pour Icma Sartorial Paper, \u00e9co-conception rime avec \u00abless is more\u00bb. La soci\u00e9t\u00e9 italienne a derni\u00e8rement lanc\u00e9 sa collection Kind, un papier 100% recycl\u00e9, recyclable et responsable, dont le proc\u00e9d\u00e9 de fabrication se veut plus \u00e9conome en \u00e9nergie, eau et en \u00e9missions de CO2. Autres sp\u00e9cificit\u00e9s&nbsp;: les papiers sont r\u00e9alis\u00e9s sans chlore et blanchiments optiques, aucun d\u00e9sencrage n\u2019est effectu\u00e9 pour les papiers bruns et noirs. Sur le stand de la Papeterie de Monts\u00e9gur, \u00e9tait mis en avant le \u00abpremier papier de soie 100% certifi\u00e9 FSC\u00bb, qui trouve sa place dans diff\u00e9rents types d\u2019applications&nbsp;: coffrets, produits cosm\u00e9tiques ou m\u00eame pour garnir des bo\u00eetes de popcorn. D\u00e9clin\u00e9 dans pr\u00e8s de 240 coloris, le papier est d\u00e9cor\u00e9 par flexographie \u00e0 encre aqueuse. Ce proc\u00e9d\u00e9 renforce les propri\u00e9t\u00e9s 100% recyclables, biod\u00e9gradables et compostables industriellement et \u00e0 domicile de ce papier de soie.<\/p>\n<p><img decoding=\"async\" src=\"https:\/\/www.emballagedigest.fr\/dotclear\/images\/2021\/REVUE\/sep\/09_21_cosmetopack3.jpg\" alt=\"Texte Alternatif\" style=\"float:left; margin: 0 1em 1em 0;\" \/>Du c\u00f4t\u00e9 des rubans, Neyret a su \u00e9toffer son portefeuille au fil des ann\u00e9es avec un large panel de mat\u00e9riaux&nbsp;: coton biologique certifi\u00e9 GOTS, Tencel biod\u00e9gradable et compostable, polyester recycl\u00e9 ou lin cultiv\u00e9. Derni\u00e8res nouveaut\u00e9s&nbsp;: des rubans aux fibres naturelles et biosourc\u00e9es comme le lin, le chanvre ou encore le jute, ou d\u2019origine animale (laine, cachemire, soie). Ou encore le ruban S-caf\u00e9, compos\u00e9 \u00e0 5% de marbre de caf\u00e9 et \u00e0 95% de bouteilles recycl\u00e9es. Dans le m\u00eame esprit, le ruban Seacell int\u00e8gre 4% d\u2019algues maritimes et 96% de bio-cellulose. Chez Sin Rejac, l\u2019on planche au d\u00e9veloppement d\u2019un ruban Tencel int\u00e9gralement fabriqu\u00e9 \u00e0 partir d\u2019eucalyptus, une nouvelle piste de ressource biod\u00e9gradable apportant une grande finesse au tissage.<\/p>\n<p><img decoding=\"async\" src=\"https:\/\/www.emballagedigest.fr\/dotclear\/images\/2021\/REVUE\/sep\/09_21_cosmetopack4.jpg\" alt=\"Texte Alternatif\" style=\"float:right; margin: 0 0 1em 1em;\" \/>Les autres mat\u00e9riaux ne sont pas en reste. Chez Heinz Glas, la rechargeabilit\u00e9 est \u00e0 l\u2019honneur. Pour l\u2019Eco Powder Compact, le verrier a collabor\u00e9 avec la division Heinz Plastics pour mettre au point un boitier combinant verre et plastique. La base du boitier est en verre press\u00e9-souffl\u00e9 et accueille la recharge compact teint. Sur cette base, vient se visser la partie sup\u00e9rieure du boitier plastique \u00e9quip\u00e9 d\u2019un couvercle PP et d\u2019un miroir interne. <\/p>\n<p><img decoding=\"async\" src=\"https:\/\/www.emballagedigest.fr\/dotclear\/images\/2021\/REVUE\/sep\/09_21_cosmetopack5.jpg\" alt=\"Texte Alternatif\" style=\"float:left; margin: 0 1em 1em 0;\" \/>Du c\u00f4t\u00e9 des solutions m\u00e9talliques, g.Pivaudranpoursuit ses tentatives d\u2019int\u00e9gration d\u2019aluminium recycl\u00e9 dans ses d\u00e9veloppements. \u00abNous menons des essais avec une nouvelle qualit\u00e9 d\u2019aluminium afin d\u2019obtenir des niveaux de brillance et d\u2019\u00e9lasticit\u00e9 proches de ceux qu\u2019offre l\u2019aluminium non recycl\u00e9. L\u2019autre point clef reste le sourcing. Nous devons trouver une fili\u00e8re de recyclage capable d\u2019assurer des approvisionnements stables en quantit\u00e9 mais aussi et bien s\u00fbr en qualit\u00e9\u00bb, pr\u00e9cise Herv\u00e9 Delaigue, directeur commercial et d\u00e9veloppement de g.Pivaudran. \u00c0 terme, l\u2019objectif est de pouvoir proposer aux marques des solutions en int\u00e9grant de l\u2019aluminium recycl\u00e9 dans les pi\u00e8ces embouties produites, sans limiter les possibilit\u00e9s de transformation avanc\u00e9e qu\u2019offre ce mat\u00e9riau. Sur le stand de Sintermat, le visiteur pouvait \u00e9galement d\u00e9couvrir de nouvelles t\u00eates de bouchon d\u00e9di\u00e9es aux spiritueux, aux produits cosm\u00e9tiques et \u00e0 la parfumerie en mati\u00e8re 100% naturelle&nbsp;: cosse de cacao, caf\u00e9, cuir, sarment de vigne, dr\u00e8che, gen\u00e9vrier, \u2026<\/p>\n<p><img decoding=\"async\" src=\"https:\/\/www.emballagedigest.fr\/dotclear\/images\/2021\/REVUE\/sep\/09_21_cosmetopack6.jpg\" alt=\"Texte Alternatif\" style=\"float:right; margin: 0 0 1em 1em;\" \/>Enfin, en d\u00e9coration, Kurz a d\u00e9voil\u00e9 son nouveau mode transfert de d\u00e9cors \u00e9co-con\u00e7u pour r\u00e9pondre aux exigences en mati\u00e8re de recyclabilit\u00e9 et d\u2019\u00e9conomie circulaire, o\u00f9 le film PET ne sert que de support interm\u00e9diaire. \u00abUn carton de 250 g d\u00e9cor\u00e9 sur 100% de sa surface resterait en dessous du seuil des 1%. Cette dorure, 6000 fois plus fine qu\u2019un cheveu, est compos\u00e9e d\u2019une couche de 2 \u00e0 4 microns de laque sur une couche de 0,02 micron d\u2019aluminium\u00bb, souligne Alexis Tonneau, chef de projet d\u00e9veloppement durable au sein du d\u00e9partement graphique chez Kurz. Autre avantage&nbsp;: une fois le proc\u00e9d\u00e9 termin\u00e9, le film r\u00e9siduel de transfert peut \u00eatre r\u00e9cup\u00e9r\u00e9 et valoris\u00e9 gr\u00e2ce \u00e0 Kurz Recosys, en un mat\u00e9riau de moulage par injection appel\u00e9 Recopound.<\/p>\n<p><img decoding=\"async\" src=\"https:\/\/www.emballagedigest.fr\/dotclear\/images\/2021\/REVUE\/sep\/09_21_cosmetopack7.jpg\" alt=\"Texte Alternatif\" style=\"float:left; margin: 0 1em 1em 0;\" \/>Enfin, comme \u00e0 chaque \u00e9dition, le Luxe Pack \u00e9dition sp\u00e9ciale a d\u00e9cern\u00e9 son Green Award au fournisseur de papier et de solutions d\u2019emballage Procoppour sa collection Bio Cycle et ses cinq vari\u00e9t\u00e9s aux fibres exclusives. Le papier Chlorophylle, \u00e0 l\u2019herbe coup\u00e9e et s\u00e9ch\u00e9e pour une structure \u00e0 longues fibres&nbsp;; Bl\u00e9, compos\u00e9 de 50% de cellulose de paille de bl\u00e9 et 5% de paille non transform\u00e9e au toucher et aspect unique&nbsp;; Cannabis, \u00e0 base de chanvre et de cellulose de cannabis cultiv\u00e9 en Europe&nbsp;; Coton, combinaison de coton et de cellulose vierge certifi\u00e9e FSC&nbsp;; et Recycl\u00e9 compos\u00e9 de 100% de cellulose recycl\u00e9e.<\/p>\n<p><em>Extrait de la revue n\u00b0 661 &#8211; Septembre 2021. Reproduction interdite sauf accord \u00e9crit d&rsquo;Emballage Digest ou mention du support<\/em><\/p>","protected":false},"excerpt":{"rendered":"<p>Le rendez-vous \u00e9tait attendu et l\u2019envie de se retrouver physiquement palpable dans les all\u00e9es du Carreau du Temple pour ce rendez-vous de la rentr\u00e9e. L\u2019\u00e9dition parisienne du Luxe Pack, qui s\u2019est tenue les 31 ao\u00fbt et 1er septembre, a accueilli plus de 2000 visiteurs autour de 65 stands sur le th\u00e8me de l\u2019innovation packaging pour l\u2019\u00e9cologie. Mat\u00e9riaux recycl\u00e9s ou biosourc\u00e9s, durabilit\u00e9, r\u00e9duction des plastiques et des d\u00e9chets sont autant de leviers travaill\u00e9s par les industriels. Emballage Digest vous propose un petit condens\u00e9 des initiatives d\u00e9ploy\u00e9es par les exposants.<\/p>","protected":false},"author":1,"featured_media":33412,"comment_status":"closed","ping_status":"closed","sticky":false,"template":"","format":"standard","meta":{"_acf_changed":false,"inline_featured_image":false,"iawp_total_views":1,"footnotes":""},"categories":[28,6],"tags":[],"class_list":["post-23412","post","type-post","status-publish","format-standard","has-post-thumbnail","hentry","category-article-entier","category-parfumerie-cosmetique"],"acf":[],"yoast_head":"<!-- This site is optimized with the Yoast SEO plugin v24.4 - https:\/\/yoast.com\/wordpress\/plugins\/seo\/ -->\n<title>Luxe Pack : l\u2019\u00e9dition sp\u00e9ciale \u00e0 Paris fait la part belle \u00e0 l\u2019\u00e9co-conception - Emballage Digest<\/title>\n<meta name=\"robots\" content=\"index, follow, max-snippet:-1, max-image-preview:large, max-video-preview:-1\" \/>\n<link rel=\"canonical\" href=\"https:\/\/www.emballagedigest.fr\/en\/luxe-pack-l-edition-speciale-a-paris-fait-la-part-belle-a-l-eco-conception\/\" \/>\n<meta property=\"og:locale\" content=\"en_GB\" \/>\n<meta property=\"og:type\" content=\"article\" \/>\n<meta property=\"og:title\" content=\"Luxe Pack : l\u2019\u00e9dition sp\u00e9ciale \u00e0 Paris fait la part belle \u00e0 l\u2019\u00e9co-conception - Emballage Digest\" \/>\n<meta property=\"og:description\" content=\"Le rendez-vous \u00e9tait attendu et l\u2019envie de se retrouver physiquement palpable dans les all\u00e9es du Carreau du Temple pour ce rendez-vous de la rentr\u00e9e. L\u2019\u00e9dition parisienne du Luxe Pack, qui s\u2019est tenue les 31 ao\u00fbt et 1er septembre, a accueilli plus de 2000 visiteurs autour de 65 stands sur le th\u00e8me de l\u2019innovation packaging pour l\u2019\u00e9cologie. Mat\u00e9riaux recycl\u00e9s ou biosourc\u00e9s, durabilit\u00e9, r\u00e9duction des plastiques et des d\u00e9chets sont autant de leviers travaill\u00e9s par les industriels. Emballage Digest vous propose un petit condens\u00e9 des initiatives d\u00e9ploy\u00e9es par les exposants.\" \/>\n<meta property=\"og:url\" content=\"https:\/\/www.emballagedigest.fr\/en\/luxe-pack-l-edition-speciale-a-paris-fait-la-part-belle-a-l-eco-conception\/\" \/>\n<meta property=\"og:site_name\" content=\"Emballage Digest\" \/>\n<meta property=\"article:published_time\" content=\"2021-09-30T00:00:00+00:00\" \/>\n<meta property=\"article:modified_time\" content=\"2021-10-18T13:42:15+00:00\" \/>\n<meta name=\"author\" content=\"admin_thopel\" \/>\n<meta name=\"twitter:card\" content=\"summary_large_image\" \/>\n<meta name=\"twitter:label1\" content=\"Written by\" \/>\n\t<meta name=\"twitter:data1\" content=\"admin_thopel\" \/>\n\t<meta name=\"twitter:label2\" content=\"Estimated reading time\" \/>\n\t<meta name=\"twitter:data2\" content=\"5 minutes\" \/>\n<script type=\"application\/ld+json\" class=\"yoast-schema-graph\">{\"@context\":\"https:\/\/schema.org\",\"@graph\":[{\"@type\":\"Article\",\"@id\":\"https:\/\/www.emballagedigest.fr\/luxe-pack-l-edition-speciale-a-paris-fait-la-part-belle-a-l-eco-conception\/#article\",\"isPartOf\":{\"@id\":\"https:\/\/www.emballagedigest.fr\/luxe-pack-l-edition-speciale-a-paris-fait-la-part-belle-a-l-eco-conception\/\"},\"author\":{\"name\":\"admin_thopel\",\"@id\":\"https:\/\/www.emballagedigest.fr\/#\/schema\/person\/d01fbac1f378e2f5e4096082cdf68ae5\"},\"headline\":\"Luxe Pack : l\u2019\u00e9dition sp\u00e9ciale \u00e0 Paris fait la part belle \u00e0 l\u2019\u00e9co-conception\",\"datePublished\":\"2021-09-30T00:00:00+00:00\",\"dateModified\":\"2021-10-18T13:42:15+00:00\",\"mainEntityOfPage\":{\"@id\":\"https:\/\/www.emballagedigest.fr\/luxe-pack-l-edition-speciale-a-paris-fait-la-part-belle-a-l-eco-conception\/\"},\"wordCount\":984,\"publisher\":{\"@id\":\"https:\/\/www.emballagedigest.fr\/#organization\"},\"image\":{\"@id\":\"https:\/\/www.emballagedigest.fr\/luxe-pack-l-edition-speciale-a-paris-fait-la-part-belle-a-l-eco-conception\/#primaryimage\"},\"thumbnailUrl\":\"https:\/\/www.emballagedigest.fr\/wp-content\/uploads\/dotclear\/images\/2021\/REVUE\/sep\/09_21_cosmetopack2.jpg\",\"articleSection\":[\"Article entier\",\"Parfumerie &amp; Cosm\u00e9tique\"],\"inLanguage\":\"en-GB\"},{\"@type\":\"WebPage\",\"@id\":\"https:\/\/www.emballagedigest.fr\/luxe-pack-l-edition-speciale-a-paris-fait-la-part-belle-a-l-eco-conception\/\",\"url\":\"https:\/\/www.emballagedigest.fr\/luxe-pack-l-edition-speciale-a-paris-fait-la-part-belle-a-l-eco-conception\/\",\"name\":\"Luxe Pack : l\u2019\u00e9dition sp\u00e9ciale \u00e0 Paris fait la part belle \u00e0 l\u2019\u00e9co-conception - Emballage Digest\",\"isPartOf\":{\"@id\":\"https:\/\/www.emballagedigest.fr\/#website\"},\"primaryImageOfPage\":{\"@id\":\"https:\/\/www.emballagedigest.fr\/luxe-pack-l-edition-speciale-a-paris-fait-la-part-belle-a-l-eco-conception\/#primaryimage\"},\"image\":{\"@id\":\"https:\/\/www.emballagedigest.fr\/luxe-pack-l-edition-speciale-a-paris-fait-la-part-belle-a-l-eco-conception\/#primaryimage\"},\"thumbnailUrl\":\"https:\/\/www.emballagedigest.fr\/wp-content\/uploads\/dotclear\/images\/2021\/REVUE\/sep\/09_21_cosmetopack2.jpg\",\"datePublished\":\"2021-09-30T00:00:00+00:00\",\"dateModified\":\"2021-10-18T13:42:15+00:00\",\"breadcrumb\":{\"@id\":\"https:\/\/www.emballagedigest.fr\/luxe-pack-l-edition-speciale-a-paris-fait-la-part-belle-a-l-eco-conception\/#breadcrumb\"},\"inLanguage\":\"en-GB\",\"potentialAction\":[{\"@type\":\"ReadAction\",\"target\":[\"https:\/\/www.emballagedigest.fr\/luxe-pack-l-edition-speciale-a-paris-fait-la-part-belle-a-l-eco-conception\/\"]}]},{\"@type\":\"ImageObject\",\"inLanguage\":\"en-GB\",\"@id\":\"https:\/\/www.emballagedigest.fr\/luxe-pack-l-edition-speciale-a-paris-fait-la-part-belle-a-l-eco-conception\/#primaryimage\",\"url\":\"https:\/\/www.emballagedigest.fr\/wp-content\/uploads\/dotclear\/images\/2021\/REVUE\/sep\/09_21_cosmetopack2.jpg\",\"contentUrl\":\"https:\/\/www.emballagedigest.fr\/wp-content\/uploads\/dotclear\/images\/2021\/REVUE\/sep\/09_21_cosmetopack2.jpg\"},{\"@type\":\"BreadcrumbList\",\"@id\":\"https:\/\/www.emballagedigest.fr\/luxe-pack-l-edition-speciale-a-paris-fait-la-part-belle-a-l-eco-conception\/#breadcrumb\",\"itemListElement\":[{\"@type\":\"ListItem\",\"position\":1,\"name\":\"Accueil\",\"item\":\"https:\/\/www.emballagedigest.fr\/\"},{\"@type\":\"ListItem\",\"position\":2,\"name\":\"Luxe Pack : l\u2019\u00e9dition sp\u00e9ciale \u00e0 Paris fait la part belle \u00e0 l\u2019\u00e9co-conception\"}]},{\"@type\":\"WebSite\",\"@id\":\"https:\/\/www.emballagedigest.fr\/#website\",\"url\":\"https:\/\/www.emballagedigest.fr\/\",\"name\":\"Emballage Digest\",\"description\":\"Revue professionnelle sur les emballages\",\"publisher\":{\"@id\":\"https:\/\/www.emballagedigest.fr\/#organization\"},\"potentialAction\":[{\"@type\":\"SearchAction\",\"target\":{\"@type\":\"EntryPoint\",\"urlTemplate\":\"https:\/\/www.emballagedigest.fr\/?s={search_term_string}\"},\"query-input\":{\"@type\":\"PropertyValueSpecification\",\"valueRequired\":true,\"valueName\":\"search_term_string\"}}],\"inLanguage\":\"en-GB\"},{\"@type\":\"Organization\",\"@id\":\"https:\/\/www.emballagedigest.fr\/#organization\",\"name\":\"Emballage Digest\",\"url\":\"https:\/\/www.emballagedigest.fr\/\",\"logo\":{\"@type\":\"ImageObject\",\"inLanguage\":\"en-GB\",\"@id\":\"https:\/\/www.emballagedigest.fr\/#\/schema\/logo\/image\/\",\"url\":\"https:\/\/www.emballagedigest.fr\/wp-content\/uploads\/2022\/07\/logo-ed.png\",\"contentUrl\":\"https:\/\/www.emballagedigest.fr\/wp-content\/uploads\/2022\/07\/logo-ed.png\",\"width\":379,\"height\":75,\"caption\":\"Emballage Digest\"},\"image\":{\"@id\":\"https:\/\/www.emballagedigest.fr\/#\/schema\/logo\/image\/\"}},{\"@type\":\"Person\",\"@id\":\"https:\/\/www.emballagedigest.fr\/#\/schema\/person\/d01fbac1f378e2f5e4096082cdf68ae5\",\"name\":\"admin_thopel\",\"image\":{\"@type\":\"ImageObject\",\"inLanguage\":\"en-GB\",\"@id\":\"https:\/\/www.emballagedigest.fr\/#\/schema\/person\/image\/\",\"url\":\"https:\/\/secure.gravatar.com\/avatar\/6cf644f6475359b596b81b10a64f989df38f1238649f7e33f97f69519e42dfbf?s=96&d=mm&r=g\",\"contentUrl\":\"https:\/\/secure.gravatar.com\/avatar\/6cf644f6475359b596b81b10a64f989df38f1238649f7e33f97f69519e42dfbf?s=96&d=mm&r=g\",\"caption\":\"admin_thopel\"},\"sameAs\":[\"http:\/\/localhost:8787\/emballage_digest\"],\"url\":\"https:\/\/www.emballagedigest.fr\/en\/author\/admin_thopel\/\"}]}<\/script>\n<!-- \/ Yoast SEO plugin. -->","yoast_head_json":{"title":"Luxe Pack : l\u2019\u00e9dition sp\u00e9ciale \u00e0 Paris fait la part belle \u00e0 l\u2019\u00e9co-conception - Emballage Digest","robots":{"index":"index","follow":"follow","max-snippet":"max-snippet:-1","max-image-preview":"max-image-preview:large","max-video-preview":"max-video-preview:-1"},"canonical":"https:\/\/www.emballagedigest.fr\/en\/luxe-pack-l-edition-speciale-a-paris-fait-la-part-belle-a-l-eco-conception\/","og_locale":"en_GB","og_type":"article","og_title":"Luxe Pack : l\u2019\u00e9dition sp\u00e9ciale \u00e0 Paris fait la part belle \u00e0 l\u2019\u00e9co-conception - Emballage Digest","og_description":"Le rendez-vous \u00e9tait attendu et l\u2019envie de se retrouver physiquement palpable dans les all\u00e9es du Carreau du Temple pour ce rendez-vous de la rentr\u00e9e. L\u2019\u00e9dition parisienne du Luxe Pack, qui s\u2019est tenue les 31 ao\u00fbt et 1er septembre, a accueilli plus de 2000 visiteurs autour de 65 stands sur le th\u00e8me de l\u2019innovation packaging pour l\u2019\u00e9cologie. Mat\u00e9riaux recycl\u00e9s ou biosourc\u00e9s, durabilit\u00e9, r\u00e9duction des plastiques et des d\u00e9chets sont autant de leviers travaill\u00e9s par les industriels. Emballage Digest vous propose un petit condens\u00e9 des initiatives d\u00e9ploy\u00e9es par les exposants.","og_url":"https:\/\/www.emballagedigest.fr\/en\/luxe-pack-l-edition-speciale-a-paris-fait-la-part-belle-a-l-eco-conception\/","og_site_name":"Emballage Digest","article_published_time":"2021-09-30T00:00:00+00:00","article_modified_time":"2021-10-18T13:42:15+00:00","author":"admin_thopel","twitter_card":"summary_large_image","twitter_misc":{"Written by":"admin_thopel","Estimated reading time":"5 minutes"},"schema":{"@context":"https:\/\/schema.org","@graph":[{"@type":"Article","@id":"https:\/\/www.emballagedigest.fr\/luxe-pack-l-edition-speciale-a-paris-fait-la-part-belle-a-l-eco-conception\/#article","isPartOf":{"@id":"https:\/\/www.emballagedigest.fr\/luxe-pack-l-edition-speciale-a-paris-fait-la-part-belle-a-l-eco-conception\/"},"author":{"name":"admin_thopel","@id":"https:\/\/www.emballagedigest.fr\/#\/schema\/person\/d01fbac1f378e2f5e4096082cdf68ae5"},"headline":"Luxe Pack : l\u2019\u00e9dition sp\u00e9ciale \u00e0 Paris fait la part belle \u00e0 l\u2019\u00e9co-conception","datePublished":"2021-09-30T00:00:00+00:00","dateModified":"2021-10-18T13:42:15+00:00","mainEntityOfPage":{"@id":"https:\/\/www.emballagedigest.fr\/luxe-pack-l-edition-speciale-a-paris-fait-la-part-belle-a-l-eco-conception\/"},"wordCount":984,"publisher":{"@id":"https:\/\/www.emballagedigest.fr\/#organization"},"image":{"@id":"https:\/\/www.emballagedigest.fr\/luxe-pack-l-edition-speciale-a-paris-fait-la-part-belle-a-l-eco-conception\/#primaryimage"},"thumbnailUrl":"https:\/\/www.emballagedigest.fr\/wp-content\/uploads\/dotclear\/images\/2021\/REVUE\/sep\/09_21_cosmetopack2.jpg","articleSection":["Article entier","Parfumerie &amp; Cosm\u00e9tique"],"inLanguage":"en-GB"},{"@type":"WebPage","@id":"https:\/\/www.emballagedigest.fr\/luxe-pack-l-edition-speciale-a-paris-fait-la-part-belle-a-l-eco-conception\/","url":"https:\/\/www.emballagedigest.fr\/luxe-pack-l-edition-speciale-a-paris-fait-la-part-belle-a-l-eco-conception\/","name":"Luxe Pack : l\u2019\u00e9dition sp\u00e9ciale \u00e0 Paris fait la part belle \u00e0 l\u2019\u00e9co-conception - Emballage Digest","isPartOf":{"@id":"https:\/\/www.emballagedigest.fr\/#website"},"primaryImageOfPage":{"@id":"https:\/\/www.emballagedigest.fr\/luxe-pack-l-edition-speciale-a-paris-fait-la-part-belle-a-l-eco-conception\/#primaryimage"},"image":{"@id":"https:\/\/www.emballagedigest.fr\/luxe-pack-l-edition-speciale-a-paris-fait-la-part-belle-a-l-eco-conception\/#primaryimage"},"thumbnailUrl":"https:\/\/www.emballagedigest.fr\/wp-content\/uploads\/dotclear\/images\/2021\/REVUE\/sep\/09_21_cosmetopack2.jpg","datePublished":"2021-09-30T00:00:00+00:00","dateModified":"2021-10-18T13:42:15+00:00","breadcrumb":{"@id":"https:\/\/www.emballagedigest.fr\/luxe-pack-l-edition-speciale-a-paris-fait-la-part-belle-a-l-eco-conception\/#breadcrumb"},"inLanguage":"en-GB","potentialAction":[{"@type":"ReadAction","target":["https:\/\/www.emballagedigest.fr\/luxe-pack-l-edition-speciale-a-paris-fait-la-part-belle-a-l-eco-conception\/"]}]},{"@type":"ImageObject","inLanguage":"en-GB","@id":"https:\/\/www.emballagedigest.fr\/luxe-pack-l-edition-speciale-a-paris-fait-la-part-belle-a-l-eco-conception\/#primaryimage","url":"https:\/\/www.emballagedigest.fr\/wp-content\/uploads\/dotclear\/images\/2021\/REVUE\/sep\/09_21_cosmetopack2.jpg","contentUrl":"https:\/\/www.emballagedigest.fr\/wp-content\/uploads\/dotclear\/images\/2021\/REVUE\/sep\/09_21_cosmetopack2.jpg"},{"@type":"BreadcrumbList","@id":"https:\/\/www.emballagedigest.fr\/luxe-pack-l-edition-speciale-a-paris-fait-la-part-belle-a-l-eco-conception\/#breadcrumb","itemListElement":[{"@type":"ListItem","position":1,"name":"Accueil","item":"https:\/\/www.emballagedigest.fr\/"},{"@type":"ListItem","position":2,"name":"Luxe Pack : l\u2019\u00e9dition sp\u00e9ciale \u00e0 Paris fait la part belle \u00e0 l\u2019\u00e9co-conception"}]},{"@type":"WebSite","@id":"https:\/\/www.emballagedigest.fr\/#website","url":"https:\/\/www.emballagedigest.fr\/","name":"Emballage Digest","description":"Revue professionnelle sur les emballages","publisher":{"@id":"https:\/\/www.emballagedigest.fr\/#organization"},"potentialAction":[{"@type":"SearchAction","target":{"@type":"EntryPoint","urlTemplate":"https:\/\/www.emballagedigest.fr\/?s={search_term_string}"},"query-input":{"@type":"PropertyValueSpecification","valueRequired":true,"valueName":"search_term_string"}}],"inLanguage":"en-GB"},{"@type":"Organization","@id":"https:\/\/www.emballagedigest.fr\/#organization","name":"Emballage Digest","url":"https:\/\/www.emballagedigest.fr\/","logo":{"@type":"ImageObject","inLanguage":"en-GB","@id":"https:\/\/www.emballagedigest.fr\/#\/schema\/logo\/image\/","url":"https:\/\/www.emballagedigest.fr\/wp-content\/uploads\/2022\/07\/logo-ed.png","contentUrl":"https:\/\/www.emballagedigest.fr\/wp-content\/uploads\/2022\/07\/logo-ed.png","width":379,"height":75,"caption":"Emballage Digest"},"image":{"@id":"https:\/\/www.emballagedigest.fr\/#\/schema\/logo\/image\/"}},{"@type":"Person","@id":"https:\/\/www.emballagedigest.fr\/#\/schema\/person\/d01fbac1f378e2f5e4096082cdf68ae5","name":"admin_thopel","image":{"@type":"ImageObject","inLanguage":"en-GB","@id":"https:\/\/www.emballagedigest.fr\/#\/schema\/person\/image\/","url":"https:\/\/secure.gravatar.com\/avatar\/6cf644f6475359b596b81b10a64f989df38f1238649f7e33f97f69519e42dfbf?s=96&d=mm&r=g","contentUrl":"https:\/\/secure.gravatar.com\/avatar\/6cf644f6475359b596b81b10a64f989df38f1238649f7e33f97f69519e42dfbf?s=96&d=mm&r=g","caption":"admin_thopel"},"sameAs":["http:\/\/localhost:8787\/emballage_digest"],"url":"https:\/\/www.emballagedigest.fr\/en\/author\/admin_thopel\/"}]}},"_links":{"self":[{"href":"https:\/\/www.emballagedigest.fr\/en\/wp-json\/wp\/v2\/posts\/23412","targetHints":{"allow":["GET"]}}],"collection":[{"href":"https:\/\/www.emballagedigest.fr\/en\/wp-json\/wp\/v2\/posts"}],"about":[{"href":"https:\/\/www.emballagedigest.fr\/en\/wp-json\/wp\/v2\/types\/post"}],"author":[{"embeddable":true,"href":"https:\/\/www.emballagedigest.fr\/en\/wp-json\/wp\/v2\/users\/1"}],"replies":[{"embeddable":true,"href":"https:\/\/www.emballagedigest.fr\/en\/wp-json\/wp\/v2\/comments?post=23412"}],"version-history":[{"count":0,"href":"https:\/\/www.emballagedigest.fr\/en\/wp-json\/wp\/v2\/posts\/23412\/revisions"}],"wp:featuredmedia":[{"embeddable":true,"href":"https:\/\/www.emballagedigest.fr\/en\/wp-json\/wp\/v2\/media\/33412"}],"wp:attachment":[{"href":"https:\/\/www.emballagedigest.fr\/en\/wp-json\/wp\/v2\/media?parent=23412"}],"wp:term":[{"taxonomy":"category","embeddable":true,"href":"https:\/\/www.emballagedigest.fr\/en\/wp-json\/wp\/v2\/categories?post=23412"},{"taxonomy":"post_tag","embeddable":true,"href":"https:\/\/www.emballagedigest.fr\/en\/wp-json\/wp\/v2\/tags?post=23412"}],"curies":[{"name":"wp","href":"https:\/\/api.w.org\/{rel}","templated":true}]}}