{"id":23427,"date":"2021-09-30T00:00:00","date_gmt":"2021-09-30T00:00:00","guid":{"rendered":"https:\/\/www.emballagedigest.fr\/?p=23427"},"modified":"2021-10-19T08:46:27","modified_gmt":"2021-10-19T08:46:27","slug":"rkw-inaugure-une-nouvelle-ligne-d-extrusion","status":"publish","type":"post","link":"https:\/\/www.emballagedigest.fr\/en\/rkw-inaugure-une-nouvelle-ligne-d-extrusion\/","title":{"rendered":"RKW inaugure une nouvelle ligne d\u2019extrusion"},"content":{"rendered":"<p>Le groupe RKW agrandit son parc de machines en s\u2019\u00e9quipant d\u2019une nouvelle ligne d\u2019extrusion \u00e0 cinq couches sur son site bas\u00e9 \u00e0 Echte, en Allemagne.<\/p>\n<p>Alors que l\u2019usine de 240 employ\u00e9s \u00e9tend ses capacit\u00e9s de production dans les emballages industriels, la ligne vient s\u2019inscrire dans l\u2019engagement RSE de la soci\u00e9t\u00e9 favorisant la production de films plastiques \u00e0 forte teneur en mati\u00e8res recycl\u00e9es. \u00abNous voulons offrir \u00e0 nos clients des solutions d&#8217;emballage plus durables pour les emballages industriels avec de nouvelles formulations. Cela inclut, par exemple, une proportion sans cesse croissante de plastiques recycl\u00e9s dans les emballages. Un \u00e9quipement de pointe comme celui-ci nous permet d&rsquo;y parvenir\u00bb, explique Markus Brinkmann, directeur du site. RKW met en service une nouvelle ligne enti\u00e8rement pens\u00e9e pour prendre en compte la robustesse, la protection \u00e9lev\u00e9e et la recyclabilit\u00e9 totale des films en poly\u00e9thyl\u00e8ne. La durabilit\u00e9 \u00e0 tous les niveaux, l\u2019entreprise promet la revalorisation des films plastique, pour laquelle \u00abdes recettes innovantes ont d\u00fb \u00eatre d\u00e9velopp\u00e9es sp\u00e9cialement pour cette ligne d&rsquo;extrusion \u00e0 cinq couches\u00bb. Le site d\u2019Echte est le centre de comp\u00e9tence de RKW pour les emballages industriels&nbsp;: la recherche, le d\u00e9veloppement et la production des sacs FFS et ProVent y sont r\u00e9alis\u00e9s. <\/p>\n<p><em>Extrait de la revue n\u00b0 661 &#8211; Septembre 2021. Reproduction interdite sauf accord \u00e9crit d&rsquo;Emballage Digest ou mention du support<\/em><\/p>","protected":false},"excerpt":{"rendered":"<p>Le groupe RKW agrandit son parc de machines en s\u2019\u00e9quipant d\u2019une nouvelle ligne d\u2019extrusion \u00e0 cinq couches sur son site bas\u00e9 \u00e0 Echte, en Allemagne.<\/p>","protected":false},"author":1,"featured_media":33427,"comment_status":"closed","ping_status":"closed","sticky":false,"template":"","format":"standard","meta":{"_acf_changed":false,"inline_featured_image":false,"iawp_total_views":1,"footnotes":""},"categories":[28],"tags":[],"class_list":["post-23427","post","type-post","status-publish","format-standard","has-post-thumbnail","hentry","category-article-entier"],"acf":[],"yoast_head":"<!-- This site is optimized with the Yoast SEO plugin v24.4 - https:\/\/yoast.com\/wordpress\/plugins\/seo\/ -->\n<title>RKW inaugure une nouvelle ligne d\u2019extrusion - Emballage Digest<\/title>\n<meta name=\"robots\" content=\"index, follow, max-snippet:-1, max-image-preview:large, max-video-preview:-1\" \/>\n<link rel=\"canonical\" href=\"https:\/\/www.emballagedigest.fr\/en\/rkw-inaugure-une-nouvelle-ligne-d-extrusion\/\" \/>\n<meta property=\"og:locale\" content=\"en_GB\" \/>\n<meta property=\"og:type\" content=\"article\" \/>\n<meta property=\"og:title\" content=\"RKW inaugure une nouvelle ligne d\u2019extrusion - Emballage Digest\" \/>\n<meta property=\"og:description\" content=\"Le groupe RKW agrandit son parc de machines en s\u2019\u00e9quipant d\u2019une nouvelle ligne d\u2019extrusion \u00e0 cinq couches sur son site bas\u00e9 \u00e0 Echte, en Allemagne.\" \/>\n<meta property=\"og:url\" content=\"https:\/\/www.emballagedigest.fr\/en\/rkw-inaugure-une-nouvelle-ligne-d-extrusion\/\" \/>\n<meta property=\"og:site_name\" content=\"Emballage Digest\" \/>\n<meta property=\"article:published_time\" content=\"2021-09-30T00:00:00+00:00\" \/>\n<meta property=\"article:modified_time\" content=\"2021-10-19T08:46:27+00:00\" \/>\n<meta name=\"author\" content=\"admin_thopel\" \/>\n<meta name=\"twitter:card\" content=\"summary_large_image\" \/>\n<meta name=\"twitter:label1\" content=\"Written by\" \/>\n\t<meta name=\"twitter:data1\" content=\"admin_thopel\" \/>\n\t<meta name=\"twitter:label2\" content=\"Estimated reading time\" \/>\n\t<meta name=\"twitter:data2\" content=\"1 minute\" \/>\n<script type=\"application\/ld+json\" class=\"yoast-schema-graph\">{\"@context\":\"https:\/\/schema.org\",\"@graph\":[{\"@type\":\"Article\",\"@id\":\"https:\/\/www.emballagedigest.fr\/rkw-inaugure-une-nouvelle-ligne-d-extrusion\/#article\",\"isPartOf\":{\"@id\":\"https:\/\/www.emballagedigest.fr\/rkw-inaugure-une-nouvelle-ligne-d-extrusion\/\"},\"author\":{\"name\":\"admin_thopel\",\"@id\":\"https:\/\/www.emballagedigest.fr\/#\/schema\/person\/d01fbac1f378e2f5e4096082cdf68ae5\"},\"headline\":\"RKW inaugure une nouvelle ligne d\u2019extrusion\",\"datePublished\":\"2021-09-30T00:00:00+00:00\",\"dateModified\":\"2021-10-19T08:46:27+00:00\",\"mainEntityOfPage\":{\"@id\":\"https:\/\/www.emballagedigest.fr\/rkw-inaugure-une-nouvelle-ligne-d-extrusion\/\"},\"wordCount\":246,\"publisher\":{\"@id\":\"https:\/\/www.emballagedigest.fr\/#organization\"},\"image\":{\"@id\":\"https:\/\/www.emballagedigest.fr\/rkw-inaugure-une-nouvelle-ligne-d-extrusion\/#primaryimage\"},\"thumbnailUrl\":\"https:\/\/www.emballagedigest.fr\/wp-content\/uploads\/dotclear\/images\/2021\/REVUE\/sep\/09_21_actu_mt4.jpg\",\"articleSection\":[\"Article entier\"],\"inLanguage\":\"en-GB\"},{\"@type\":\"WebPage\",\"@id\":\"https:\/\/www.emballagedigest.fr\/rkw-inaugure-une-nouvelle-ligne-d-extrusion\/\",\"url\":\"https:\/\/www.emballagedigest.fr\/rkw-inaugure-une-nouvelle-ligne-d-extrusion\/\",\"name\":\"RKW inaugure une nouvelle ligne d\u2019extrusion - Emballage Digest\",\"isPartOf\":{\"@id\":\"https:\/\/www.emballagedigest.fr\/#website\"},\"primaryImageOfPage\":{\"@id\":\"https:\/\/www.emballagedigest.fr\/rkw-inaugure-une-nouvelle-ligne-d-extrusion\/#primaryimage\"},\"image\":{\"@id\":\"https:\/\/www.emballagedigest.fr\/rkw-inaugure-une-nouvelle-ligne-d-extrusion\/#primaryimage\"},\"thumbnailUrl\":\"https:\/\/www.emballagedigest.fr\/wp-content\/uploads\/dotclear\/images\/2021\/REVUE\/sep\/09_21_actu_mt4.jpg\",\"datePublished\":\"2021-09-30T00:00:00+00:00\",\"dateModified\":\"2021-10-19T08:46:27+00:00\",\"breadcrumb\":{\"@id\":\"https:\/\/www.emballagedigest.fr\/rkw-inaugure-une-nouvelle-ligne-d-extrusion\/#breadcrumb\"},\"inLanguage\":\"en-GB\",\"potentialAction\":[{\"@type\":\"ReadAction\",\"target\":[\"https:\/\/www.emballagedigest.fr\/rkw-inaugure-une-nouvelle-ligne-d-extrusion\/\"]}]},{\"@type\":\"ImageObject\",\"inLanguage\":\"en-GB\",\"@id\":\"https:\/\/www.emballagedigest.fr\/rkw-inaugure-une-nouvelle-ligne-d-extrusion\/#primaryimage\",\"url\":\"https:\/\/www.emballagedigest.fr\/wp-content\/uploads\/dotclear\/images\/2021\/REVUE\/sep\/09_21_actu_mt4.jpg\",\"contentUrl\":\"https:\/\/www.emballagedigest.fr\/wp-content\/uploads\/dotclear\/images\/2021\/REVUE\/sep\/09_21_actu_mt4.jpg\"},{\"@type\":\"BreadcrumbList\",\"@id\":\"https:\/\/www.emballagedigest.fr\/rkw-inaugure-une-nouvelle-ligne-d-extrusion\/#breadcrumb\",\"itemListElement\":[{\"@type\":\"ListItem\",\"position\":1,\"name\":\"Accueil\",\"item\":\"https:\/\/www.emballagedigest.fr\/\"},{\"@type\":\"ListItem\",\"position\":2,\"name\":\"RKW inaugure une nouvelle ligne d\u2019extrusion\"}]},{\"@type\":\"WebSite\",\"@id\":\"https:\/\/www.emballagedigest.fr\/#website\",\"url\":\"https:\/\/www.emballagedigest.fr\/\",\"name\":\"Emballage Digest\",\"description\":\"Revue professionnelle sur les emballages\",\"publisher\":{\"@id\":\"https:\/\/www.emballagedigest.fr\/#organization\"},\"potentialAction\":[{\"@type\":\"SearchAction\",\"target\":{\"@type\":\"EntryPoint\",\"urlTemplate\":\"https:\/\/www.emballagedigest.fr\/?s={search_term_string}\"},\"query-input\":{\"@type\":\"PropertyValueSpecification\",\"valueRequired\":true,\"valueName\":\"search_term_string\"}}],\"inLanguage\":\"en-GB\"},{\"@type\":\"Organization\",\"@id\":\"https:\/\/www.emballagedigest.fr\/#organization\",\"name\":\"Emballage Digest\",\"url\":\"https:\/\/www.emballagedigest.fr\/\",\"logo\":{\"@type\":\"ImageObject\",\"inLanguage\":\"en-GB\",\"@id\":\"https:\/\/www.emballagedigest.fr\/#\/schema\/logo\/image\/\",\"url\":\"https:\/\/www.emballagedigest.fr\/wp-content\/uploads\/2022\/07\/logo-ed.png\",\"contentUrl\":\"https:\/\/www.emballagedigest.fr\/wp-content\/uploads\/2022\/07\/logo-ed.png\",\"width\":379,\"height\":75,\"caption\":\"Emballage Digest\"},\"image\":{\"@id\":\"https:\/\/www.emballagedigest.fr\/#\/schema\/logo\/image\/\"}},{\"@type\":\"Person\",\"@id\":\"https:\/\/www.emballagedigest.fr\/#\/schema\/person\/d01fbac1f378e2f5e4096082cdf68ae5\",\"name\":\"admin_thopel\",\"image\":{\"@type\":\"ImageObject\",\"inLanguage\":\"en-GB\",\"@id\":\"https:\/\/www.emballagedigest.fr\/#\/schema\/person\/image\/\",\"url\":\"https:\/\/secure.gravatar.com\/avatar\/6cf644f6475359b596b81b10a64f989df38f1238649f7e33f97f69519e42dfbf?s=96&d=mm&r=g\",\"contentUrl\":\"https:\/\/secure.gravatar.com\/avatar\/6cf644f6475359b596b81b10a64f989df38f1238649f7e33f97f69519e42dfbf?s=96&d=mm&r=g\",\"caption\":\"admin_thopel\"},\"sameAs\":[\"http:\/\/localhost:8787\/emballage_digest\"],\"url\":\"https:\/\/www.emballagedigest.fr\/en\/author\/admin_thopel\/\"}]}<\/script>\n<!-- \/ Yoast SEO plugin. -->","yoast_head_json":{"title":"RKW inaugure une nouvelle ligne d\u2019extrusion - Emballage Digest","robots":{"index":"index","follow":"follow","max-snippet":"max-snippet:-1","max-image-preview":"max-image-preview:large","max-video-preview":"max-video-preview:-1"},"canonical":"https:\/\/www.emballagedigest.fr\/en\/rkw-inaugure-une-nouvelle-ligne-d-extrusion\/","og_locale":"en_GB","og_type":"article","og_title":"RKW inaugure une nouvelle ligne d\u2019extrusion - Emballage Digest","og_description":"Le groupe RKW agrandit son parc de machines en s\u2019\u00e9quipant d\u2019une nouvelle ligne d\u2019extrusion \u00e0 cinq couches sur son site bas\u00e9 \u00e0 Echte, en Allemagne.","og_url":"https:\/\/www.emballagedigest.fr\/en\/rkw-inaugure-une-nouvelle-ligne-d-extrusion\/","og_site_name":"Emballage Digest","article_published_time":"2021-09-30T00:00:00+00:00","article_modified_time":"2021-10-19T08:46:27+00:00","author":"admin_thopel","twitter_card":"summary_large_image","twitter_misc":{"Written by":"admin_thopel","Estimated reading time":"1 minute"},"schema":{"@context":"https:\/\/schema.org","@graph":[{"@type":"Article","@id":"https:\/\/www.emballagedigest.fr\/rkw-inaugure-une-nouvelle-ligne-d-extrusion\/#article","isPartOf":{"@id":"https:\/\/www.emballagedigest.fr\/rkw-inaugure-une-nouvelle-ligne-d-extrusion\/"},"author":{"name":"admin_thopel","@id":"https:\/\/www.emballagedigest.fr\/#\/schema\/person\/d01fbac1f378e2f5e4096082cdf68ae5"},"headline":"RKW inaugure une nouvelle ligne d\u2019extrusion","datePublished":"2021-09-30T00:00:00+00:00","dateModified":"2021-10-19T08:46:27+00:00","mainEntityOfPage":{"@id":"https:\/\/www.emballagedigest.fr\/rkw-inaugure-une-nouvelle-ligne-d-extrusion\/"},"wordCount":246,"publisher":{"@id":"https:\/\/www.emballagedigest.fr\/#organization"},"image":{"@id":"https:\/\/www.emballagedigest.fr\/rkw-inaugure-une-nouvelle-ligne-d-extrusion\/#primaryimage"},"thumbnailUrl":"https:\/\/www.emballagedigest.fr\/wp-content\/uploads\/dotclear\/images\/2021\/REVUE\/sep\/09_21_actu_mt4.jpg","articleSection":["Article entier"],"inLanguage":"en-GB"},{"@type":"WebPage","@id":"https:\/\/www.emballagedigest.fr\/rkw-inaugure-une-nouvelle-ligne-d-extrusion\/","url":"https:\/\/www.emballagedigest.fr\/rkw-inaugure-une-nouvelle-ligne-d-extrusion\/","name":"RKW inaugure une nouvelle ligne d\u2019extrusion - Emballage Digest","isPartOf":{"@id":"https:\/\/www.emballagedigest.fr\/#website"},"primaryImageOfPage":{"@id":"https:\/\/www.emballagedigest.fr\/rkw-inaugure-une-nouvelle-ligne-d-extrusion\/#primaryimage"},"image":{"@id":"https:\/\/www.emballagedigest.fr\/rkw-inaugure-une-nouvelle-ligne-d-extrusion\/#primaryimage"},"thumbnailUrl":"https:\/\/www.emballagedigest.fr\/wp-content\/uploads\/dotclear\/images\/2021\/REVUE\/sep\/09_21_actu_mt4.jpg","datePublished":"2021-09-30T00:00:00+00:00","dateModified":"2021-10-19T08:46:27+00:00","breadcrumb":{"@id":"https:\/\/www.emballagedigest.fr\/rkw-inaugure-une-nouvelle-ligne-d-extrusion\/#breadcrumb"},"inLanguage":"en-GB","potentialAction":[{"@type":"ReadAction","target":["https:\/\/www.emballagedigest.fr\/rkw-inaugure-une-nouvelle-ligne-d-extrusion\/"]}]},{"@type":"ImageObject","inLanguage":"en-GB","@id":"https:\/\/www.emballagedigest.fr\/rkw-inaugure-une-nouvelle-ligne-d-extrusion\/#primaryimage","url":"https:\/\/www.emballagedigest.fr\/wp-content\/uploads\/dotclear\/images\/2021\/REVUE\/sep\/09_21_actu_mt4.jpg","contentUrl":"https:\/\/www.emballagedigest.fr\/wp-content\/uploads\/dotclear\/images\/2021\/REVUE\/sep\/09_21_actu_mt4.jpg"},{"@type":"BreadcrumbList","@id":"https:\/\/www.emballagedigest.fr\/rkw-inaugure-une-nouvelle-ligne-d-extrusion\/#breadcrumb","itemListElement":[{"@type":"ListItem","position":1,"name":"Accueil","item":"https:\/\/www.emballagedigest.fr\/"},{"@type":"ListItem","position":2,"name":"RKW inaugure une nouvelle ligne d\u2019extrusion"}]},{"@type":"WebSite","@id":"https:\/\/www.emballagedigest.fr\/#website","url":"https:\/\/www.emballagedigest.fr\/","name":"Emballage Digest","description":"Revue professionnelle sur les emballages","publisher":{"@id":"https:\/\/www.emballagedigest.fr\/#organization"},"potentialAction":[{"@type":"SearchAction","target":{"@type":"EntryPoint","urlTemplate":"https:\/\/www.emballagedigest.fr\/?s={search_term_string}"},"query-input":{"@type":"PropertyValueSpecification","valueRequired":true,"valueName":"search_term_string"}}],"inLanguage":"en-GB"},{"@type":"Organization","@id":"https:\/\/www.emballagedigest.fr\/#organization","name":"Emballage Digest","url":"https:\/\/www.emballagedigest.fr\/","logo":{"@type":"ImageObject","inLanguage":"en-GB","@id":"https:\/\/www.emballagedigest.fr\/#\/schema\/logo\/image\/","url":"https:\/\/www.emballagedigest.fr\/wp-content\/uploads\/2022\/07\/logo-ed.png","contentUrl":"https:\/\/www.emballagedigest.fr\/wp-content\/uploads\/2022\/07\/logo-ed.png","width":379,"height":75,"caption":"Emballage Digest"},"image":{"@id":"https:\/\/www.emballagedigest.fr\/#\/schema\/logo\/image\/"}},{"@type":"Person","@id":"https:\/\/www.emballagedigest.fr\/#\/schema\/person\/d01fbac1f378e2f5e4096082cdf68ae5","name":"admin_thopel","image":{"@type":"ImageObject","inLanguage":"en-GB","@id":"https:\/\/www.emballagedigest.fr\/#\/schema\/person\/image\/","url":"https:\/\/secure.gravatar.com\/avatar\/6cf644f6475359b596b81b10a64f989df38f1238649f7e33f97f69519e42dfbf?s=96&d=mm&r=g","contentUrl":"https:\/\/secure.gravatar.com\/avatar\/6cf644f6475359b596b81b10a64f989df38f1238649f7e33f97f69519e42dfbf?s=96&d=mm&r=g","caption":"admin_thopel"},"sameAs":["http:\/\/localhost:8787\/emballage_digest"],"url":"https:\/\/www.emballagedigest.fr\/en\/author\/admin_thopel\/"}]}},"_links":{"self":[{"href":"https:\/\/www.emballagedigest.fr\/en\/wp-json\/wp\/v2\/posts\/23427","targetHints":{"allow":["GET"]}}],"collection":[{"href":"https:\/\/www.emballagedigest.fr\/en\/wp-json\/wp\/v2\/posts"}],"about":[{"href":"https:\/\/www.emballagedigest.fr\/en\/wp-json\/wp\/v2\/types\/post"}],"author":[{"embeddable":true,"href":"https:\/\/www.emballagedigest.fr\/en\/wp-json\/wp\/v2\/users\/1"}],"replies":[{"embeddable":true,"href":"https:\/\/www.emballagedigest.fr\/en\/wp-json\/wp\/v2\/comments?post=23427"}],"version-history":[{"count":0,"href":"https:\/\/www.emballagedigest.fr\/en\/wp-json\/wp\/v2\/posts\/23427\/revisions"}],"wp:featuredmedia":[{"embeddable":true,"href":"https:\/\/www.emballagedigest.fr\/en\/wp-json\/wp\/v2\/media\/33427"}],"wp:attachment":[{"href":"https:\/\/www.emballagedigest.fr\/en\/wp-json\/wp\/v2\/media?parent=23427"}],"wp:term":[{"taxonomy":"category","embeddable":true,"href":"https:\/\/www.emballagedigest.fr\/en\/wp-json\/wp\/v2\/categories?post=23427"},{"taxonomy":"post_tag","embeddable":true,"href":"https:\/\/www.emballagedigest.fr\/en\/wp-json\/wp\/v2\/tags?post=23427"}],"curies":[{"name":"wp","href":"https:\/\/api.w.org\/{rel}","templated":true}]}}