{"id":23443,"date":"2021-10-21T08:18:24","date_gmt":"2021-10-21T08:18:24","guid":{"rendered":"https:\/\/www.emballagedigest.fr\/?p=23443"},"modified":"2021-10-20T21:18:36","modified_gmt":"2021-10-20T21:18:36","slug":"packaging-by-quadient-devient-sparck-technologies","status":"publish","type":"post","link":"https:\/\/www.emballagedigest.fr\/en\/packaging-by-quadient-devient-sparck-technologies\/","title":{"rendered":"Packaging by Quadient devient Sparck Technologies"},"content":{"rendered":"<p>Le groupe Packaging by Quadient \u2013 r\u00e9cemment repris par le fonds hollandais Standard Investment \u2013 change de nom pour devenir Sparck Technologies.<\/p>\n<p>Connu pour ses syst\u00e8mes d&#8217;emballage automatis\u00e9s sur-mesure CVP Everest et CVP Impack, le fabricant et son nouveau repreneur comptent continuer \u00e0 d\u00e9velopper des solutions d&#8217;emballage de pointe \u00e0 destination de ses clients \u00e0 travers le monde entier. <\/p>\n<p>Bas\u00e9 \u00e0 Drachten, aux Pays-Bas, le site de Sparck Technologies int\u00e8gre les services de R&amp;D, d&rsquo;ing\u00e9nierie, de marketing et de vente. La soci\u00e9t\u00e9 rayonne sur les march\u00e9s des \u00c9tats-Unis, de l&rsquo;Allemagne, de la France et du Royaume-Uni. <\/p>\n<p><img decoding=\"async\" src=\"https:\/\/www.emballagedigest.fr\/dotclear\/images\/2021\/BONUS\/oct\/sparck_article4.jpg\" alt=\"Texte Alternatif\" style=\"float:right; margin: 0 0 1em 1em;\" \/>\u00abNotre nouveau propri\u00e9taire, Standard Investment, est parfaitement positionn\u00e9 pour fournir les ressources n\u00e9cessaires pour accompagner l\u2019innovation et notre croissance. Nous pourrons nous d\u00e9velopper et perfectionner plus encore nos syst\u00e8mes d&#8217;emballage automatis\u00e9s, ainsi am\u00e9liorer nos services, les supports et les ventes sur les march\u00e9s internationaux en pleine expansion\u00bb, a comment\u00e9 Kees Oosting (photo), pdg de Sparck Technologies. <\/p>\n<p><img decoding=\"async\" src=\"https:\/\/www.emballagedigest.fr\/dotclear\/images\/2021\/BONUS\/oct\/sparck_article2.jpg\" alt=\"Texte Alternatif\" style=\"float:left; margin: 0 1em 1em 0;\" \/><\/p>\n<p>Avec les syst\u00e8mes d&#8217;emballage CVP Everest et CVP Impack, le fabricant propose des solutions d\u2019emballage fiables, rapides et pr\u00e9cises. Capables de concevoir sur-mesure jusqu&rsquo;\u00e0 1 100 emballages par heure, que ce soient des articles multiples ou uniques, ces syst\u00e8mes offrent des solutions automatis\u00e9es aux e-commer\u00e7ants qui sont confront\u00e9s \u00e0 l&rsquo;augmentation des volumes de commandes, \u00e0 la p\u00e9nurie de main-d&rsquo;\u0153uvre et \u00e0 la hausse des co\u00fbts d&rsquo;exp\u00e9dition. <\/p>\n<p><img decoding=\"async\" src=\"https:\/\/www.emballagedigest.fr\/dotclear\/images\/2021\/BONUS\/oct\/sparck_article3.jpg\" alt=\"Texte Alternatif\" style=\"float:left; margin: 0 1em 1em 0;\" \/><\/p>\n<p>Install\u00e9es dans plus de 13 pays, les solutions d&#8217;emballage automatis\u00e9es CVP con\u00e7oivent, remplissent, plient et \u00e9tiquettent sans effort chaque colis en un seul processus, ce qui permet de r\u00e9duire jusqu&rsquo;\u00e0 50 % le volume des colis, de diminuer de 30 % l&rsquo;utilisation de carton et d&rsquo;\u00e9viter le remplissage du vide. Les nouveaux propri\u00e9taires pr\u00e9voient d&rsquo;acc\u00e9l\u00e9rer le d\u00e9ploiement mondial de ces syst\u00e8mes d&#8217;emballage perfectionn\u00e9s en mettant l&rsquo;accent sur les march\u00e9s europ\u00e9ens et nord-am\u00e9ricain. <\/p>\n<p><em>Reproduction interdite sauf accord \u00e9crit d&rsquo;Emballage Digest ou mention du support<\/em><\/p>","protected":false},"excerpt":{"rendered":"<p>Le groupe Packaging by Quadient \u2013 r\u00e9cemment repris par le fonds hollandais Standard Investment \u2013 change de nom pour devenir Sparck Technologies.<\/p>","protected":false},"author":1,"featured_media":33443,"comment_status":"closed","ping_status":"closed","sticky":false,"template":"","format":"standard","meta":{"_acf_changed":false,"inline_featured_image":false,"iawp_total_views":1,"footnotes":""},"categories":[28],"tags":[],"class_list":["post-23443","post","type-post","status-publish","format-standard","has-post-thumbnail","hentry","category-article-entier"],"acf":[],"yoast_head":"<!-- This site is optimized with the Yoast SEO plugin v24.4 - https:\/\/yoast.com\/wordpress\/plugins\/seo\/ -->\n<title>Packaging by Quadient devient Sparck Technologies - Emballage Digest<\/title>\n<meta name=\"robots\" content=\"index, follow, max-snippet:-1, max-image-preview:large, max-video-preview:-1\" \/>\n<link rel=\"canonical\" href=\"https:\/\/www.emballagedigest.fr\/en\/packaging-by-quadient-devient-sparck-technologies\/\" \/>\n<meta property=\"og:locale\" content=\"en_GB\" \/>\n<meta property=\"og:type\" content=\"article\" \/>\n<meta property=\"og:title\" content=\"Packaging by Quadient devient Sparck Technologies - Emballage Digest\" \/>\n<meta property=\"og:description\" content=\"Le groupe Packaging by Quadient \u2013 r\u00e9cemment repris par le fonds hollandais Standard Investment \u2013 change de nom pour devenir Sparck Technologies.\" \/>\n<meta property=\"og:url\" content=\"https:\/\/www.emballagedigest.fr\/en\/packaging-by-quadient-devient-sparck-technologies\/\" \/>\n<meta property=\"og:site_name\" content=\"Emballage Digest\" \/>\n<meta property=\"article:published_time\" content=\"2021-10-21T08:18:24+00:00\" \/>\n<meta name=\"author\" content=\"admin_thopel\" \/>\n<meta name=\"twitter:card\" content=\"summary_large_image\" \/>\n<meta name=\"twitter:label1\" content=\"Written by\" \/>\n\t<meta name=\"twitter:data1\" content=\"admin_thopel\" \/>\n\t<meta name=\"twitter:label2\" content=\"Estimated reading time\" \/>\n\t<meta name=\"twitter:data2\" content=\"2 minutes\" \/>\n<script type=\"application\/ld+json\" class=\"yoast-schema-graph\">{\"@context\":\"https:\/\/schema.org\",\"@graph\":[{\"@type\":\"Article\",\"@id\":\"https:\/\/www.emballagedigest.fr\/packaging-by-quadient-devient-sparck-technologies\/#article\",\"isPartOf\":{\"@id\":\"https:\/\/www.emballagedigest.fr\/packaging-by-quadient-devient-sparck-technologies\/\"},\"author\":{\"name\":\"admin_thopel\",\"@id\":\"https:\/\/www.emballagedigest.fr\/#\/schema\/person\/d01fbac1f378e2f5e4096082cdf68ae5\"},\"headline\":\"Packaging by Quadient devient Sparck Technologies\",\"datePublished\":\"2021-10-21T08:18:24+00:00\",\"mainEntityOfPage\":{\"@id\":\"https:\/\/www.emballagedigest.fr\/packaging-by-quadient-devient-sparck-technologies\/\"},\"wordCount\":349,\"publisher\":{\"@id\":\"https:\/\/www.emballagedigest.fr\/#organization\"},\"image\":{\"@id\":\"https:\/\/www.emballagedigest.fr\/packaging-by-quadient-devient-sparck-technologies\/#primaryimage\"},\"thumbnailUrl\":\"https:\/\/www.emballagedigest.fr\/wp-content\/uploads\/dotclear\/images\/2021\/BONUS\/oct\/sparck_article1.jpg\",\"articleSection\":[\"Article entier\"],\"inLanguage\":\"en-GB\"},{\"@type\":\"WebPage\",\"@id\":\"https:\/\/www.emballagedigest.fr\/packaging-by-quadient-devient-sparck-technologies\/\",\"url\":\"https:\/\/www.emballagedigest.fr\/packaging-by-quadient-devient-sparck-technologies\/\",\"name\":\"Packaging by Quadient devient Sparck Technologies - Emballage Digest\",\"isPartOf\":{\"@id\":\"https:\/\/www.emballagedigest.fr\/#website\"},\"primaryImageOfPage\":{\"@id\":\"https:\/\/www.emballagedigest.fr\/packaging-by-quadient-devient-sparck-technologies\/#primaryimage\"},\"image\":{\"@id\":\"https:\/\/www.emballagedigest.fr\/packaging-by-quadient-devient-sparck-technologies\/#primaryimage\"},\"thumbnailUrl\":\"https:\/\/www.emballagedigest.fr\/wp-content\/uploads\/dotclear\/images\/2021\/BONUS\/oct\/sparck_article1.jpg\",\"datePublished\":\"2021-10-21T08:18:24+00:00\",\"breadcrumb\":{\"@id\":\"https:\/\/www.emballagedigest.fr\/packaging-by-quadient-devient-sparck-technologies\/#breadcrumb\"},\"inLanguage\":\"en-GB\",\"potentialAction\":[{\"@type\":\"ReadAction\",\"target\":[\"https:\/\/www.emballagedigest.fr\/packaging-by-quadient-devient-sparck-technologies\/\"]}]},{\"@type\":\"ImageObject\",\"inLanguage\":\"en-GB\",\"@id\":\"https:\/\/www.emballagedigest.fr\/packaging-by-quadient-devient-sparck-technologies\/#primaryimage\",\"url\":\"https:\/\/www.emballagedigest.fr\/wp-content\/uploads\/dotclear\/images\/2021\/BONUS\/oct\/sparck_article1.jpg\",\"contentUrl\":\"https:\/\/www.emballagedigest.fr\/wp-content\/uploads\/dotclear\/images\/2021\/BONUS\/oct\/sparck_article1.jpg\"},{\"@type\":\"BreadcrumbList\",\"@id\":\"https:\/\/www.emballagedigest.fr\/packaging-by-quadient-devient-sparck-technologies\/#breadcrumb\",\"itemListElement\":[{\"@type\":\"ListItem\",\"position\":1,\"name\":\"Accueil\",\"item\":\"https:\/\/www.emballagedigest.fr\/\"},{\"@type\":\"ListItem\",\"position\":2,\"name\":\"Packaging by Quadient devient Sparck Technologies\"}]},{\"@type\":\"WebSite\",\"@id\":\"https:\/\/www.emballagedigest.fr\/#website\",\"url\":\"https:\/\/www.emballagedigest.fr\/\",\"name\":\"Emballage Digest\",\"description\":\"Revue professionnelle sur les emballages\",\"publisher\":{\"@id\":\"https:\/\/www.emballagedigest.fr\/#organization\"},\"potentialAction\":[{\"@type\":\"SearchAction\",\"target\":{\"@type\":\"EntryPoint\",\"urlTemplate\":\"https:\/\/www.emballagedigest.fr\/?s={search_term_string}\"},\"query-input\":{\"@type\":\"PropertyValueSpecification\",\"valueRequired\":true,\"valueName\":\"search_term_string\"}}],\"inLanguage\":\"en-GB\"},{\"@type\":\"Organization\",\"@id\":\"https:\/\/www.emballagedigest.fr\/#organization\",\"name\":\"Emballage Digest\",\"url\":\"https:\/\/www.emballagedigest.fr\/\",\"logo\":{\"@type\":\"ImageObject\",\"inLanguage\":\"en-GB\",\"@id\":\"https:\/\/www.emballagedigest.fr\/#\/schema\/logo\/image\/\",\"url\":\"https:\/\/www.emballagedigest.fr\/wp-content\/uploads\/2022\/07\/logo-ed.png\",\"contentUrl\":\"https:\/\/www.emballagedigest.fr\/wp-content\/uploads\/2022\/07\/logo-ed.png\",\"width\":379,\"height\":75,\"caption\":\"Emballage Digest\"},\"image\":{\"@id\":\"https:\/\/www.emballagedigest.fr\/#\/schema\/logo\/image\/\"}},{\"@type\":\"Person\",\"@id\":\"https:\/\/www.emballagedigest.fr\/#\/schema\/person\/d01fbac1f378e2f5e4096082cdf68ae5\",\"name\":\"admin_thopel\",\"image\":{\"@type\":\"ImageObject\",\"inLanguage\":\"en-GB\",\"@id\":\"https:\/\/www.emballagedigest.fr\/#\/schema\/person\/image\/\",\"url\":\"https:\/\/secure.gravatar.com\/avatar\/6cf644f6475359b596b81b10a64f989df38f1238649f7e33f97f69519e42dfbf?s=96&d=mm&r=g\",\"contentUrl\":\"https:\/\/secure.gravatar.com\/avatar\/6cf644f6475359b596b81b10a64f989df38f1238649f7e33f97f69519e42dfbf?s=96&d=mm&r=g\",\"caption\":\"admin_thopel\"},\"sameAs\":[\"http:\/\/localhost:8787\/emballage_digest\"],\"url\":\"https:\/\/www.emballagedigest.fr\/en\/author\/admin_thopel\/\"}]}<\/script>\n<!-- \/ Yoast SEO plugin. -->","yoast_head_json":{"title":"Packaging by Quadient devient Sparck Technologies - Emballage Digest","robots":{"index":"index","follow":"follow","max-snippet":"max-snippet:-1","max-image-preview":"max-image-preview:large","max-video-preview":"max-video-preview:-1"},"canonical":"https:\/\/www.emballagedigest.fr\/en\/packaging-by-quadient-devient-sparck-technologies\/","og_locale":"en_GB","og_type":"article","og_title":"Packaging by Quadient devient Sparck Technologies - Emballage Digest","og_description":"Le groupe Packaging by Quadient \u2013 r\u00e9cemment repris par le fonds hollandais Standard Investment \u2013 change de nom pour devenir Sparck Technologies.","og_url":"https:\/\/www.emballagedigest.fr\/en\/packaging-by-quadient-devient-sparck-technologies\/","og_site_name":"Emballage Digest","article_published_time":"2021-10-21T08:18:24+00:00","author":"admin_thopel","twitter_card":"summary_large_image","twitter_misc":{"Written by":"admin_thopel","Estimated reading time":"2 minutes"},"schema":{"@context":"https:\/\/schema.org","@graph":[{"@type":"Article","@id":"https:\/\/www.emballagedigest.fr\/packaging-by-quadient-devient-sparck-technologies\/#article","isPartOf":{"@id":"https:\/\/www.emballagedigest.fr\/packaging-by-quadient-devient-sparck-technologies\/"},"author":{"name":"admin_thopel","@id":"https:\/\/www.emballagedigest.fr\/#\/schema\/person\/d01fbac1f378e2f5e4096082cdf68ae5"},"headline":"Packaging by Quadient devient Sparck Technologies","datePublished":"2021-10-21T08:18:24+00:00","mainEntityOfPage":{"@id":"https:\/\/www.emballagedigest.fr\/packaging-by-quadient-devient-sparck-technologies\/"},"wordCount":349,"publisher":{"@id":"https:\/\/www.emballagedigest.fr\/#organization"},"image":{"@id":"https:\/\/www.emballagedigest.fr\/packaging-by-quadient-devient-sparck-technologies\/#primaryimage"},"thumbnailUrl":"https:\/\/www.emballagedigest.fr\/wp-content\/uploads\/dotclear\/images\/2021\/BONUS\/oct\/sparck_article1.jpg","articleSection":["Article entier"],"inLanguage":"en-GB"},{"@type":"WebPage","@id":"https:\/\/www.emballagedigest.fr\/packaging-by-quadient-devient-sparck-technologies\/","url":"https:\/\/www.emballagedigest.fr\/packaging-by-quadient-devient-sparck-technologies\/","name":"Packaging by Quadient devient Sparck Technologies - Emballage Digest","isPartOf":{"@id":"https:\/\/www.emballagedigest.fr\/#website"},"primaryImageOfPage":{"@id":"https:\/\/www.emballagedigest.fr\/packaging-by-quadient-devient-sparck-technologies\/#primaryimage"},"image":{"@id":"https:\/\/www.emballagedigest.fr\/packaging-by-quadient-devient-sparck-technologies\/#primaryimage"},"thumbnailUrl":"https:\/\/www.emballagedigest.fr\/wp-content\/uploads\/dotclear\/images\/2021\/BONUS\/oct\/sparck_article1.jpg","datePublished":"2021-10-21T08:18:24+00:00","breadcrumb":{"@id":"https:\/\/www.emballagedigest.fr\/packaging-by-quadient-devient-sparck-technologies\/#breadcrumb"},"inLanguage":"en-GB","potentialAction":[{"@type":"ReadAction","target":["https:\/\/www.emballagedigest.fr\/packaging-by-quadient-devient-sparck-technologies\/"]}]},{"@type":"ImageObject","inLanguage":"en-GB","@id":"https:\/\/www.emballagedigest.fr\/packaging-by-quadient-devient-sparck-technologies\/#primaryimage","url":"https:\/\/www.emballagedigest.fr\/wp-content\/uploads\/dotclear\/images\/2021\/BONUS\/oct\/sparck_article1.jpg","contentUrl":"https:\/\/www.emballagedigest.fr\/wp-content\/uploads\/dotclear\/images\/2021\/BONUS\/oct\/sparck_article1.jpg"},{"@type":"BreadcrumbList","@id":"https:\/\/www.emballagedigest.fr\/packaging-by-quadient-devient-sparck-technologies\/#breadcrumb","itemListElement":[{"@type":"ListItem","position":1,"name":"Accueil","item":"https:\/\/www.emballagedigest.fr\/"},{"@type":"ListItem","position":2,"name":"Packaging by Quadient devient Sparck Technologies"}]},{"@type":"WebSite","@id":"https:\/\/www.emballagedigest.fr\/#website","url":"https:\/\/www.emballagedigest.fr\/","name":"Emballage Digest","description":"Revue professionnelle sur les emballages","publisher":{"@id":"https:\/\/www.emballagedigest.fr\/#organization"},"potentialAction":[{"@type":"SearchAction","target":{"@type":"EntryPoint","urlTemplate":"https:\/\/www.emballagedigest.fr\/?s={search_term_string}"},"query-input":{"@type":"PropertyValueSpecification","valueRequired":true,"valueName":"search_term_string"}}],"inLanguage":"en-GB"},{"@type":"Organization","@id":"https:\/\/www.emballagedigest.fr\/#organization","name":"Emballage Digest","url":"https:\/\/www.emballagedigest.fr\/","logo":{"@type":"ImageObject","inLanguage":"en-GB","@id":"https:\/\/www.emballagedigest.fr\/#\/schema\/logo\/image\/","url":"https:\/\/www.emballagedigest.fr\/wp-content\/uploads\/2022\/07\/logo-ed.png","contentUrl":"https:\/\/www.emballagedigest.fr\/wp-content\/uploads\/2022\/07\/logo-ed.png","width":379,"height":75,"caption":"Emballage Digest"},"image":{"@id":"https:\/\/www.emballagedigest.fr\/#\/schema\/logo\/image\/"}},{"@type":"Person","@id":"https:\/\/www.emballagedigest.fr\/#\/schema\/person\/d01fbac1f378e2f5e4096082cdf68ae5","name":"admin_thopel","image":{"@type":"ImageObject","inLanguage":"en-GB","@id":"https:\/\/www.emballagedigest.fr\/#\/schema\/person\/image\/","url":"https:\/\/secure.gravatar.com\/avatar\/6cf644f6475359b596b81b10a64f989df38f1238649f7e33f97f69519e42dfbf?s=96&d=mm&r=g","contentUrl":"https:\/\/secure.gravatar.com\/avatar\/6cf644f6475359b596b81b10a64f989df38f1238649f7e33f97f69519e42dfbf?s=96&d=mm&r=g","caption":"admin_thopel"},"sameAs":["http:\/\/localhost:8787\/emballage_digest"],"url":"https:\/\/www.emballagedigest.fr\/en\/author\/admin_thopel\/"}]}},"_links":{"self":[{"href":"https:\/\/www.emballagedigest.fr\/en\/wp-json\/wp\/v2\/posts\/23443","targetHints":{"allow":["GET"]}}],"collection":[{"href":"https:\/\/www.emballagedigest.fr\/en\/wp-json\/wp\/v2\/posts"}],"about":[{"href":"https:\/\/www.emballagedigest.fr\/en\/wp-json\/wp\/v2\/types\/post"}],"author":[{"embeddable":true,"href":"https:\/\/www.emballagedigest.fr\/en\/wp-json\/wp\/v2\/users\/1"}],"replies":[{"embeddable":true,"href":"https:\/\/www.emballagedigest.fr\/en\/wp-json\/wp\/v2\/comments?post=23443"}],"version-history":[{"count":0,"href":"https:\/\/www.emballagedigest.fr\/en\/wp-json\/wp\/v2\/posts\/23443\/revisions"}],"wp:featuredmedia":[{"embeddable":true,"href":"https:\/\/www.emballagedigest.fr\/en\/wp-json\/wp\/v2\/media\/33443"}],"wp:attachment":[{"href":"https:\/\/www.emballagedigest.fr\/en\/wp-json\/wp\/v2\/media?parent=23443"}],"wp:term":[{"taxonomy":"category","embeddable":true,"href":"https:\/\/www.emballagedigest.fr\/en\/wp-json\/wp\/v2\/categories?post=23443"},{"taxonomy":"post_tag","embeddable":true,"href":"https:\/\/www.emballagedigest.fr\/en\/wp-json\/wp\/v2\/tags?post=23443"}],"curies":[{"name":"wp","href":"https:\/\/api.w.org\/{rel}","templated":true}]}}