{"id":23623,"date":"2021-12-23T07:43:03","date_gmt":"2021-12-23T07:43:03","guid":{"rendered":"https:\/\/www.emballagedigest.fr\/?p=23623"},"modified":"2021-12-23T07:43:03","modified_gmt":"2021-12-23T07:43:03","slug":"verallia-france-equipe-son-usine-de-cognac-avec-deux-nouveaux-fours-electriques","status":"publish","type":"post","link":"https:\/\/www.emballagedigest.fr\/en\/verallia-france-equipe-son-usine-de-cognac-avec-deux-nouveaux-fours-electriques\/","title":{"rendered":"Verallia France \u00e9quipe son usine de Cognac avec deux nouveaux fours \u00e9lectriques"},"content":{"rendered":"<p>Verallia France, par la voix de son pr\u00e9sident, Olivier Rousseau, vient d\u2019annoncer le projet de remplacement du four N\u00b02 du site de Cognac, qui arrive en fin de vie d\u2019ici deux ans. En lieu et place de ce four, succ\u00e9deront deux fours 100% \u00e9lectriques dont la capacit\u00e9 de production totale sera \u00e9quivalente \u00e0 celle du four existant.<\/p>\n<p>Avec ce projet, Verallia lance un signe fort au secteur verrier&nbsp;: Cognac deviendrait le premier site en Europe et au sein du groupe \u00e0 produire des emballages en verre \u00e0 destination du march\u00e9 alimentaire avec des fours 100% \u00e9lectriques. Un investissement qui illustre \u00e9galement la d\u00e9termination de Verallia France d\u2019assurer la p\u00e9rennit\u00e9 du site. <\/p>\n<p><img decoding=\"async\" src=\"https:\/\/www.emballagedigest.fr\/dotclear\/images\/2021\/BONUS\/dec\/verallia_article2.jpg\" alt=\"Texte Alternatif\" style=\"float:right; margin: 0 0 1em 1em;\" \/>Le projet s\u2019inscrit dans les engagements environnementaux ambitieux pris au niveau du groupe, dans l\u2019optique de r\u00e9duire l\u2019empreinte carbone des bouteilles ainsi produites de pr\u00e8s de 50%. \u00abJe suis tr\u00e8s heureux d\u2019avoir annonc\u00e9 cette excellente nouvelle aux salari\u00e9s de notre site de Cognac qui a particuli\u00e8rement \u00e9t\u00e9 impact\u00e9 par notre projet de transformation l\u2019ann\u00e9e derni\u00e8re. Cette annonce illustre notre volont\u00e9 d\u2019assurer la p\u00e9rennit\u00e9 de nos sites de production tout en innovant afin d\u2019avoir un outil de production de pointe au service de nos clients dans la r\u00e9gion. Le projet de ces deux fours \u00e9lectriques nous permettrait \u00e9galement d\u2019avoir un impact positif sur l\u2019environnement. La forte adh\u00e9sion des salari\u00e9s et de l\u2019ensemble des parties prenantes sera essentielle \u00e0 la r\u00e9alisation de ce projet\u00bb, a comment\u00e9 Olivier Rousseau, pr\u00e9sident de Verallia France.<\/p>\n<p>Avec environ 10 000 collaborateurs et 32 usines verri\u00e8res dans 11 pays, Verallia produit plus de 16 milliards de bouteilles et pots en verre et a r\u00e9alis\u00e9 2,5 milliards d\u2019euros de chiffre d\u2019affaires en 2020.<\/p>\n<p><em>Reproduction interdite sauf accord \u00e9crit d&rsquo;Emballage Digest ou mention du support<\/em><\/p>","protected":false},"excerpt":{"rendered":"<p>Verallia France, par la voix de son pr\u00e9sident, Olivier Rousseau, vient d\u2019annoncer le projet de remplacement du four N\u00b02 du site de Cognac, qui arrive en fin de vie d\u2019ici deux ans. En lieu et place de ce four, succ\u00e9deront deux fours 100% \u00e9lectriques dont la capacit\u00e9 de production totale sera \u00e9quivalente \u00e0 celle du four existant.<\/p>","protected":false},"author":1,"featured_media":33623,"comment_status":"closed","ping_status":"closed","sticky":false,"template":"","format":"standard","meta":{"_acf_changed":false,"inline_featured_image":false,"iawp_total_views":0,"footnotes":""},"categories":[5,28],"tags":[],"class_list":["post-23623","post","type-post","status-publish","format-standard","has-post-thumbnail","hentry","category-alimentaire","category-article-entier"],"acf":[],"yoast_head":"<!-- This site is optimized with the Yoast SEO plugin v24.4 - https:\/\/yoast.com\/wordpress\/plugins\/seo\/ -->\n<title>Verallia France \u00e9quipe son usine de Cognac avec deux nouveaux fours \u00e9lectriques  - Emballage Digest<\/title>\n<meta name=\"robots\" content=\"index, follow, max-snippet:-1, max-image-preview:large, max-video-preview:-1\" \/>\n<link rel=\"canonical\" href=\"https:\/\/www.emballagedigest.fr\/en\/verallia-france-equipe-son-usine-de-cognac-avec-deux-nouveaux-fours-electriques\/\" \/>\n<meta property=\"og:locale\" content=\"en_GB\" \/>\n<meta property=\"og:type\" content=\"article\" \/>\n<meta property=\"og:title\" content=\"Verallia France \u00e9quipe son usine de Cognac avec deux nouveaux fours \u00e9lectriques  - Emballage Digest\" \/>\n<meta property=\"og:description\" content=\"Verallia France, par la voix de son pr\u00e9sident, Olivier Rousseau, vient d\u2019annoncer le projet de remplacement du four N\u00b02 du site de Cognac, qui arrive en fin de vie d\u2019ici deux ans. En lieu et place de ce four, succ\u00e9deront deux fours 100% \u00e9lectriques dont la capacit\u00e9 de production totale sera \u00e9quivalente \u00e0 celle du four existant.\" \/>\n<meta property=\"og:url\" content=\"https:\/\/www.emballagedigest.fr\/en\/verallia-france-equipe-son-usine-de-cognac-avec-deux-nouveaux-fours-electriques\/\" \/>\n<meta property=\"og:site_name\" content=\"Emballage Digest\" \/>\n<meta property=\"article:published_time\" content=\"2021-12-23T07:43:03+00:00\" \/>\n<meta name=\"author\" content=\"admin_thopel\" \/>\n<meta name=\"twitter:card\" content=\"summary_large_image\" \/>\n<meta name=\"twitter:label1\" content=\"Written by\" \/>\n\t<meta name=\"twitter:data1\" content=\"admin_thopel\" \/>\n\t<meta name=\"twitter:label2\" content=\"Estimated reading time\" \/>\n\t<meta name=\"twitter:data2\" content=\"2 minutes\" \/>\n<script type=\"application\/ld+json\" class=\"yoast-schema-graph\">{\"@context\":\"https:\/\/schema.org\",\"@graph\":[{\"@type\":\"Article\",\"@id\":\"https:\/\/www.emballagedigest.fr\/verallia-france-equipe-son-usine-de-cognac-avec-deux-nouveaux-fours-electriques\/#article\",\"isPartOf\":{\"@id\":\"https:\/\/www.emballagedigest.fr\/verallia-france-equipe-son-usine-de-cognac-avec-deux-nouveaux-fours-electriques\/\"},\"author\":{\"name\":\"admin_thopel\",\"@id\":\"https:\/\/www.emballagedigest.fr\/#\/schema\/person\/d01fbac1f378e2f5e4096082cdf68ae5\"},\"headline\":\"Verallia France \u00e9quipe son usine de Cognac avec deux nouveaux fours \u00e9lectriques\",\"datePublished\":\"2021-12-23T07:43:03+00:00\",\"mainEntityOfPage\":{\"@id\":\"https:\/\/www.emballagedigest.fr\/verallia-france-equipe-son-usine-de-cognac-avec-deux-nouveaux-fours-electriques\/\"},\"wordCount\":321,\"publisher\":{\"@id\":\"https:\/\/www.emballagedigest.fr\/#organization\"},\"image\":{\"@id\":\"https:\/\/www.emballagedigest.fr\/verallia-france-equipe-son-usine-de-cognac-avec-deux-nouveaux-fours-electriques\/#primaryimage\"},\"thumbnailUrl\":\"https:\/\/www.emballagedigest.fr\/wp-content\/uploads\/dotclear\/images\/2021\/BONUS\/dec\/verallia_article1.jpg\",\"articleSection\":[\"Alimentaire\",\"Article entier\"],\"inLanguage\":\"en-GB\"},{\"@type\":\"WebPage\",\"@id\":\"https:\/\/www.emballagedigest.fr\/verallia-france-equipe-son-usine-de-cognac-avec-deux-nouveaux-fours-electriques\/\",\"url\":\"https:\/\/www.emballagedigest.fr\/verallia-france-equipe-son-usine-de-cognac-avec-deux-nouveaux-fours-electriques\/\",\"name\":\"Verallia France \u00e9quipe son usine de Cognac avec deux nouveaux fours \u00e9lectriques - Emballage Digest\",\"isPartOf\":{\"@id\":\"https:\/\/www.emballagedigest.fr\/#website\"},\"primaryImageOfPage\":{\"@id\":\"https:\/\/www.emballagedigest.fr\/verallia-france-equipe-son-usine-de-cognac-avec-deux-nouveaux-fours-electriques\/#primaryimage\"},\"image\":{\"@id\":\"https:\/\/www.emballagedigest.fr\/verallia-france-equipe-son-usine-de-cognac-avec-deux-nouveaux-fours-electriques\/#primaryimage\"},\"thumbnailUrl\":\"https:\/\/www.emballagedigest.fr\/wp-content\/uploads\/dotclear\/images\/2021\/BONUS\/dec\/verallia_article1.jpg\",\"datePublished\":\"2021-12-23T07:43:03+00:00\",\"breadcrumb\":{\"@id\":\"https:\/\/www.emballagedigest.fr\/verallia-france-equipe-son-usine-de-cognac-avec-deux-nouveaux-fours-electriques\/#breadcrumb\"},\"inLanguage\":\"en-GB\",\"potentialAction\":[{\"@type\":\"ReadAction\",\"target\":[\"https:\/\/www.emballagedigest.fr\/verallia-france-equipe-son-usine-de-cognac-avec-deux-nouveaux-fours-electriques\/\"]}]},{\"@type\":\"ImageObject\",\"inLanguage\":\"en-GB\",\"@id\":\"https:\/\/www.emballagedigest.fr\/verallia-france-equipe-son-usine-de-cognac-avec-deux-nouveaux-fours-electriques\/#primaryimage\",\"url\":\"https:\/\/www.emballagedigest.fr\/wp-content\/uploads\/dotclear\/images\/2021\/BONUS\/dec\/verallia_article1.jpg\",\"contentUrl\":\"https:\/\/www.emballagedigest.fr\/wp-content\/uploads\/dotclear\/images\/2021\/BONUS\/dec\/verallia_article1.jpg\"},{\"@type\":\"BreadcrumbList\",\"@id\":\"https:\/\/www.emballagedigest.fr\/verallia-france-equipe-son-usine-de-cognac-avec-deux-nouveaux-fours-electriques\/#breadcrumb\",\"itemListElement\":[{\"@type\":\"ListItem\",\"position\":1,\"name\":\"Accueil\",\"item\":\"https:\/\/www.emballagedigest.fr\/\"},{\"@type\":\"ListItem\",\"position\":2,\"name\":\"Verallia France \u00e9quipe son usine de Cognac avec deux nouveaux fours \u00e9lectriques\"}]},{\"@type\":\"WebSite\",\"@id\":\"https:\/\/www.emballagedigest.fr\/#website\",\"url\":\"https:\/\/www.emballagedigest.fr\/\",\"name\":\"Emballage Digest\",\"description\":\"Revue professionnelle sur les emballages\",\"publisher\":{\"@id\":\"https:\/\/www.emballagedigest.fr\/#organization\"},\"potentialAction\":[{\"@type\":\"SearchAction\",\"target\":{\"@type\":\"EntryPoint\",\"urlTemplate\":\"https:\/\/www.emballagedigest.fr\/?s={search_term_string}\"},\"query-input\":{\"@type\":\"PropertyValueSpecification\",\"valueRequired\":true,\"valueName\":\"search_term_string\"}}],\"inLanguage\":\"en-GB\"},{\"@type\":\"Organization\",\"@id\":\"https:\/\/www.emballagedigest.fr\/#organization\",\"name\":\"Emballage Digest\",\"url\":\"https:\/\/www.emballagedigest.fr\/\",\"logo\":{\"@type\":\"ImageObject\",\"inLanguage\":\"en-GB\",\"@id\":\"https:\/\/www.emballagedigest.fr\/#\/schema\/logo\/image\/\",\"url\":\"https:\/\/www.emballagedigest.fr\/wp-content\/uploads\/2022\/07\/logo-ed.png\",\"contentUrl\":\"https:\/\/www.emballagedigest.fr\/wp-content\/uploads\/2022\/07\/logo-ed.png\",\"width\":379,\"height\":75,\"caption\":\"Emballage Digest\"},\"image\":{\"@id\":\"https:\/\/www.emballagedigest.fr\/#\/schema\/logo\/image\/\"}},{\"@type\":\"Person\",\"@id\":\"https:\/\/www.emballagedigest.fr\/#\/schema\/person\/d01fbac1f378e2f5e4096082cdf68ae5\",\"name\":\"admin_thopel\",\"image\":{\"@type\":\"ImageObject\",\"inLanguage\":\"en-GB\",\"@id\":\"https:\/\/www.emballagedigest.fr\/#\/schema\/person\/image\/\",\"url\":\"https:\/\/secure.gravatar.com\/avatar\/6cf644f6475359b596b81b10a64f989df38f1238649f7e33f97f69519e42dfbf?s=96&d=mm&r=g\",\"contentUrl\":\"https:\/\/secure.gravatar.com\/avatar\/6cf644f6475359b596b81b10a64f989df38f1238649f7e33f97f69519e42dfbf?s=96&d=mm&r=g\",\"caption\":\"admin_thopel\"},\"sameAs\":[\"http:\/\/localhost:8787\/emballage_digest\"],\"url\":\"https:\/\/www.emballagedigest.fr\/en\/author\/admin_thopel\/\"}]}<\/script>\n<!-- \/ Yoast SEO plugin. -->","yoast_head_json":{"title":"Verallia France \u00e9quipe son usine de Cognac avec deux nouveaux fours \u00e9lectriques  - Emballage Digest","robots":{"index":"index","follow":"follow","max-snippet":"max-snippet:-1","max-image-preview":"max-image-preview:large","max-video-preview":"max-video-preview:-1"},"canonical":"https:\/\/www.emballagedigest.fr\/en\/verallia-france-equipe-son-usine-de-cognac-avec-deux-nouveaux-fours-electriques\/","og_locale":"en_GB","og_type":"article","og_title":"Verallia France \u00e9quipe son usine de Cognac avec deux nouveaux fours \u00e9lectriques  - Emballage Digest","og_description":"Verallia France, par la voix de son pr\u00e9sident, Olivier Rousseau, vient d\u2019annoncer le projet de remplacement du four N\u00b02 du site de Cognac, qui arrive en fin de vie d\u2019ici deux ans. En lieu et place de ce four, succ\u00e9deront deux fours 100% \u00e9lectriques dont la capacit\u00e9 de production totale sera \u00e9quivalente \u00e0 celle du four existant.","og_url":"https:\/\/www.emballagedigest.fr\/en\/verallia-france-equipe-son-usine-de-cognac-avec-deux-nouveaux-fours-electriques\/","og_site_name":"Emballage Digest","article_published_time":"2021-12-23T07:43:03+00:00","author":"admin_thopel","twitter_card":"summary_large_image","twitter_misc":{"Written by":"admin_thopel","Estimated reading time":"2 minutes"},"schema":{"@context":"https:\/\/schema.org","@graph":[{"@type":"Article","@id":"https:\/\/www.emballagedigest.fr\/verallia-france-equipe-son-usine-de-cognac-avec-deux-nouveaux-fours-electriques\/#article","isPartOf":{"@id":"https:\/\/www.emballagedigest.fr\/verallia-france-equipe-son-usine-de-cognac-avec-deux-nouveaux-fours-electriques\/"},"author":{"name":"admin_thopel","@id":"https:\/\/www.emballagedigest.fr\/#\/schema\/person\/d01fbac1f378e2f5e4096082cdf68ae5"},"headline":"Verallia France \u00e9quipe son usine de Cognac avec deux nouveaux fours \u00e9lectriques","datePublished":"2021-12-23T07:43:03+00:00","mainEntityOfPage":{"@id":"https:\/\/www.emballagedigest.fr\/verallia-france-equipe-son-usine-de-cognac-avec-deux-nouveaux-fours-electriques\/"},"wordCount":321,"publisher":{"@id":"https:\/\/www.emballagedigest.fr\/#organization"},"image":{"@id":"https:\/\/www.emballagedigest.fr\/verallia-france-equipe-son-usine-de-cognac-avec-deux-nouveaux-fours-electriques\/#primaryimage"},"thumbnailUrl":"https:\/\/www.emballagedigest.fr\/wp-content\/uploads\/dotclear\/images\/2021\/BONUS\/dec\/verallia_article1.jpg","articleSection":["Alimentaire","Article entier"],"inLanguage":"en-GB"},{"@type":"WebPage","@id":"https:\/\/www.emballagedigest.fr\/verallia-france-equipe-son-usine-de-cognac-avec-deux-nouveaux-fours-electriques\/","url":"https:\/\/www.emballagedigest.fr\/verallia-france-equipe-son-usine-de-cognac-avec-deux-nouveaux-fours-electriques\/","name":"Verallia France \u00e9quipe son usine de Cognac avec deux nouveaux fours \u00e9lectriques - Emballage Digest","isPartOf":{"@id":"https:\/\/www.emballagedigest.fr\/#website"},"primaryImageOfPage":{"@id":"https:\/\/www.emballagedigest.fr\/verallia-france-equipe-son-usine-de-cognac-avec-deux-nouveaux-fours-electriques\/#primaryimage"},"image":{"@id":"https:\/\/www.emballagedigest.fr\/verallia-france-equipe-son-usine-de-cognac-avec-deux-nouveaux-fours-electriques\/#primaryimage"},"thumbnailUrl":"https:\/\/www.emballagedigest.fr\/wp-content\/uploads\/dotclear\/images\/2021\/BONUS\/dec\/verallia_article1.jpg","datePublished":"2021-12-23T07:43:03+00:00","breadcrumb":{"@id":"https:\/\/www.emballagedigest.fr\/verallia-france-equipe-son-usine-de-cognac-avec-deux-nouveaux-fours-electriques\/#breadcrumb"},"inLanguage":"en-GB","potentialAction":[{"@type":"ReadAction","target":["https:\/\/www.emballagedigest.fr\/verallia-france-equipe-son-usine-de-cognac-avec-deux-nouveaux-fours-electriques\/"]}]},{"@type":"ImageObject","inLanguage":"en-GB","@id":"https:\/\/www.emballagedigest.fr\/verallia-france-equipe-son-usine-de-cognac-avec-deux-nouveaux-fours-electriques\/#primaryimage","url":"https:\/\/www.emballagedigest.fr\/wp-content\/uploads\/dotclear\/images\/2021\/BONUS\/dec\/verallia_article1.jpg","contentUrl":"https:\/\/www.emballagedigest.fr\/wp-content\/uploads\/dotclear\/images\/2021\/BONUS\/dec\/verallia_article1.jpg"},{"@type":"BreadcrumbList","@id":"https:\/\/www.emballagedigest.fr\/verallia-france-equipe-son-usine-de-cognac-avec-deux-nouveaux-fours-electriques\/#breadcrumb","itemListElement":[{"@type":"ListItem","position":1,"name":"Accueil","item":"https:\/\/www.emballagedigest.fr\/"},{"@type":"ListItem","position":2,"name":"Verallia France \u00e9quipe son usine de Cognac avec deux nouveaux fours \u00e9lectriques"}]},{"@type":"WebSite","@id":"https:\/\/www.emballagedigest.fr\/#website","url":"https:\/\/www.emballagedigest.fr\/","name":"Emballage Digest","description":"Revue professionnelle sur les emballages","publisher":{"@id":"https:\/\/www.emballagedigest.fr\/#organization"},"potentialAction":[{"@type":"SearchAction","target":{"@type":"EntryPoint","urlTemplate":"https:\/\/www.emballagedigest.fr\/?s={search_term_string}"},"query-input":{"@type":"PropertyValueSpecification","valueRequired":true,"valueName":"search_term_string"}}],"inLanguage":"en-GB"},{"@type":"Organization","@id":"https:\/\/www.emballagedigest.fr\/#organization","name":"Emballage Digest","url":"https:\/\/www.emballagedigest.fr\/","logo":{"@type":"ImageObject","inLanguage":"en-GB","@id":"https:\/\/www.emballagedigest.fr\/#\/schema\/logo\/image\/","url":"https:\/\/www.emballagedigest.fr\/wp-content\/uploads\/2022\/07\/logo-ed.png","contentUrl":"https:\/\/www.emballagedigest.fr\/wp-content\/uploads\/2022\/07\/logo-ed.png","width":379,"height":75,"caption":"Emballage Digest"},"image":{"@id":"https:\/\/www.emballagedigest.fr\/#\/schema\/logo\/image\/"}},{"@type":"Person","@id":"https:\/\/www.emballagedigest.fr\/#\/schema\/person\/d01fbac1f378e2f5e4096082cdf68ae5","name":"admin_thopel","image":{"@type":"ImageObject","inLanguage":"en-GB","@id":"https:\/\/www.emballagedigest.fr\/#\/schema\/person\/image\/","url":"https:\/\/secure.gravatar.com\/avatar\/6cf644f6475359b596b81b10a64f989df38f1238649f7e33f97f69519e42dfbf?s=96&d=mm&r=g","contentUrl":"https:\/\/secure.gravatar.com\/avatar\/6cf644f6475359b596b81b10a64f989df38f1238649f7e33f97f69519e42dfbf?s=96&d=mm&r=g","caption":"admin_thopel"},"sameAs":["http:\/\/localhost:8787\/emballage_digest"],"url":"https:\/\/www.emballagedigest.fr\/en\/author\/admin_thopel\/"}]}},"_links":{"self":[{"href":"https:\/\/www.emballagedigest.fr\/en\/wp-json\/wp\/v2\/posts\/23623","targetHints":{"allow":["GET"]}}],"collection":[{"href":"https:\/\/www.emballagedigest.fr\/en\/wp-json\/wp\/v2\/posts"}],"about":[{"href":"https:\/\/www.emballagedigest.fr\/en\/wp-json\/wp\/v2\/types\/post"}],"author":[{"embeddable":true,"href":"https:\/\/www.emballagedigest.fr\/en\/wp-json\/wp\/v2\/users\/1"}],"replies":[{"embeddable":true,"href":"https:\/\/www.emballagedigest.fr\/en\/wp-json\/wp\/v2\/comments?post=23623"}],"version-history":[{"count":0,"href":"https:\/\/www.emballagedigest.fr\/en\/wp-json\/wp\/v2\/posts\/23623\/revisions"}],"wp:featuredmedia":[{"embeddable":true,"href":"https:\/\/www.emballagedigest.fr\/en\/wp-json\/wp\/v2\/media\/33623"}],"wp:attachment":[{"href":"https:\/\/www.emballagedigest.fr\/en\/wp-json\/wp\/v2\/media?parent=23623"}],"wp:term":[{"taxonomy":"category","embeddable":true,"href":"https:\/\/www.emballagedigest.fr\/en\/wp-json\/wp\/v2\/categories?post=23623"},{"taxonomy":"post_tag","embeddable":true,"href":"https:\/\/www.emballagedigest.fr\/en\/wp-json\/wp\/v2\/tags?post=23623"}],"curies":[{"name":"wp","href":"https:\/\/api.w.org\/{rel}","templated":true}]}}