{"id":23702,"date":"2022-01-31T00:00:00","date_gmt":"2022-01-31T00:00:00","guid":{"rendered":"https:\/\/www.emballagedigest.fr\/?p=23702"},"modified":"2022-02-01T10:33:50","modified_gmt":"2022-02-01T10:33:50","slug":"2022-demarre-dans-l-inquietude-par-doria-maiz-redactrice-en-chef","status":"publish","type":"post","link":"https:\/\/www.emballagedigest.fr\/en\/2022-demarre-dans-l-inquietude-par-doria-maiz-redactrice-en-chef\/","title":{"rendered":"2022 d\u00e9marre dans l\u2019inqui\u00e9tude &#8211; Par Doria Ma\u00efz, r\u00e9dactrice en chef"},"content":{"rendered":"<p>Si la p\u00e9riode devrait \u00eatre propice au partage de v\u0153ux charg\u00e9s d\u2019espoir en ce d\u00e9but d\u2019ann\u00e9e, elle n\u2019en reste pas moins teint\u00e9e d\u2019une r\u00e9elle inqui\u00e9tude quant aux mois \u00e0 venir.<br \/>\nA quelques jours du bouclage de ce num\u00e9ro, Elipso \u2013 association professionnelle des entreprises de l\u2019emballage plastique et souple \u2013 exprimait ainsi sa vive pr\u00e9occupation face \u00e0 la hausse des co\u00fbts de production de ses adh\u00e9rents, en raison d\u2019une explosion des tarifs de l\u2019\u00e9nergie.<\/p>\n<p>Un constat qui vient s\u2019ajouter \u00e0 plusieurs mois d\u2019augmentation des prix de mati\u00e8res premi\u00e8res. La situation devient de plus en plus intenable pour les industriels de la fili\u00e8re, indique le syndicat. Pour autant, les fabricants d\u2019emballages plastiques ne sont pas les seuls concern\u00e9s. La tension est palpable sur l\u2019ensemble des secteurs du packaging. Alors que les industriels esp\u00e9raient une accalmie de cette vertigineuse flamb\u00e9e des co\u00fbts fin 2021 et un retour \u00e0 des seuils \u00ab&nbsp;acceptables \u00bb, 2022 semble d\u00e9jouer tous les pronostics.<br \/>\nDans ce contexte, au risque de voir passer au second plan les investissements priv\u00e9s en faveur de nouvelles technologies d\u2019avenir, le gouvernement pr\u00e9cise les contours du plan France 2030 annonc\u00e9 par Emmanuel Macron.<\/p>\n<p>Ainsi, sur les 430 milliards d\u2019euros annonc\u00e9s par le pr\u00e9sident en octobre dernier, une enveloppe de 300 millions d\u2019euros de soutiens publics sera d\u00e9di\u00e9e \u00e0 la cha\u00eene de recyclage et d\u2019incorporation de mati\u00e8res plastiques. Un appel \u00e0 projet \u00ab&nbsp;Recyclage des mati\u00e8res plastiques \u00bb est depuis peu ouvert pour soutenir le d\u00e9veloppement de nouvelles capacit\u00e9s industrielles de recyclage chimique ou enzymatique des plastiques pour des applications \u00e0 plus haute valeur ajout\u00e9e notamment de contact alimentaire. Notons que cet axe se veut compl\u00e9mentaire au recyclage m\u00e9canique lorsqu\u2019il offre un bilan environnemental positif ou neutre vis-\u00e0-vis de ce premier, a pr\u00e9cis\u00e9 le gouvernement. Un second volet, au second semestre 2022, portera sur le recyclage m\u00e9canique des plastiques ainsi que sur la r\u00e9incorporation des mati\u00e8res premi\u00e8res issues du recyclage des plastiques. Des th\u00e8mes d\u2019ores et d\u00e9j\u00e0 soutenus par les mesures France Relance d\u00e9ploy\u00e9es par l\u2019Ademe.<\/p>\n<p>Une note d\u2019espoir dans ce marasme ambiant&nbsp;? L\u2019on peut donc souhaiter pour 2022 aux industriels du secteur des jours plus sereins sur le plan \u00e9conomique, afin de poursuivre leurs efforts pour une industrie Made in France toujours plus innovante et comp\u00e9titive. <\/p>\n<p><em>Extrait de la revue n\u00b0 664 &#8211; D\u00e9cembre 2021\/Janvier 2022. Reproduction interdite sauf accord \u00e9crit d&rsquo;Emballage Digest ou mention du support<\/em><\/p>","protected":false},"excerpt":{"rendered":"<p>Si la p\u00e9riode devrait \u00eatre propice au partage de v\u0153ux charg\u00e9s d\u2019espoir en ce d\u00e9but d\u2019ann\u00e9e, elle n\u2019en reste pas moins teint\u00e9e d\u2019une r\u00e9elle inqui\u00e9tude quant aux mois \u00e0 venir.<br \/>\nA quelques jours du bouclage de ce num\u00e9ro, Elipso \u2013 association professionnelle des entreprises de l\u2019emballage plastique et souple \u2013 exprimait ainsi sa vive pr\u00e9occupation face \u00e0 la hausse des co\u00fbts de production de ses adh\u00e9rents, en raison d\u2019une explosion des tarifs de l\u2019\u00e9nergie.<\/p>","protected":false},"author":1,"featured_media":0,"comment_status":"closed","ping_status":"closed","sticky":false,"template":"","format":"standard","meta":{"_acf_changed":false,"inline_featured_image":false,"iawp_total_views":1,"footnotes":""},"categories":[5,28,11],"tags":[],"class_list":["post-23702","post","type-post","status-publish","format-standard","hentry","category-alimentaire","category-article-entier","category-emballages"],"acf":[],"yoast_head":"<!-- This site is optimized with the Yoast SEO plugin v24.4 - https:\/\/yoast.com\/wordpress\/plugins\/seo\/ -->\n<title>2022 d\u00e9marre dans l\u2019inqui\u00e9tude - Par Doria Ma\u00efz, r\u00e9dactrice en chef - Emballage Digest<\/title>\n<meta name=\"robots\" content=\"index, follow, max-snippet:-1, max-image-preview:large, max-video-preview:-1\" \/>\n<link rel=\"canonical\" href=\"https:\/\/www.emballagedigest.fr\/en\/2022-demarre-dans-l-inquietude-par-doria-maiz-redactrice-en-chef\/\" \/>\n<meta property=\"og:locale\" content=\"en_GB\" \/>\n<meta property=\"og:type\" content=\"article\" \/>\n<meta property=\"og:title\" content=\"2022 d\u00e9marre dans l\u2019inqui\u00e9tude - Par Doria Ma\u00efz, r\u00e9dactrice en chef - Emballage Digest\" \/>\n<meta property=\"og:description\" content=\"Si la p\u00e9riode devrait \u00eatre propice au partage de v\u0153ux charg\u00e9s d\u2019espoir en ce d\u00e9but d\u2019ann\u00e9e, elle n\u2019en reste pas moins teint\u00e9e d\u2019une r\u00e9elle inqui\u00e9tude quant aux mois \u00e0 venir. A quelques jours du bouclage de ce num\u00e9ro, Elipso \u2013 association professionnelle des entreprises de l\u2019emballage plastique et souple \u2013 exprimait ainsi sa vive pr\u00e9occupation face \u00e0 la hausse des co\u00fbts de production de ses adh\u00e9rents, en raison d\u2019une explosion des tarifs de l\u2019\u00e9nergie.\" \/>\n<meta property=\"og:url\" content=\"https:\/\/www.emballagedigest.fr\/en\/2022-demarre-dans-l-inquietude-par-doria-maiz-redactrice-en-chef\/\" \/>\n<meta property=\"og:site_name\" content=\"Emballage Digest\" \/>\n<meta property=\"article:published_time\" content=\"2022-01-31T00:00:00+00:00\" \/>\n<meta property=\"article:modified_time\" content=\"2022-02-01T10:33:50+00:00\" \/>\n<meta name=\"author\" content=\"admin_thopel\" \/>\n<meta name=\"twitter:card\" content=\"summary_large_image\" \/>\n<meta name=\"twitter:label1\" content=\"Written by\" \/>\n\t<meta name=\"twitter:data1\" content=\"admin_thopel\" \/>\n\t<meta name=\"twitter:label2\" content=\"Estimated reading time\" \/>\n\t<meta name=\"twitter:data2\" content=\"2 minutes\" \/>\n<script type=\"application\/ld+json\" class=\"yoast-schema-graph\">{\"@context\":\"https:\/\/schema.org\",\"@graph\":[{\"@type\":\"Article\",\"@id\":\"https:\/\/www.emballagedigest.fr\/2022-demarre-dans-l-inquietude-par-doria-maiz-redactrice-en-chef\/#article\",\"isPartOf\":{\"@id\":\"https:\/\/www.emballagedigest.fr\/2022-demarre-dans-l-inquietude-par-doria-maiz-redactrice-en-chef\/\"},\"author\":{\"name\":\"admin_thopel\",\"@id\":\"https:\/\/www.emballagedigest.fr\/#\/schema\/person\/d01fbac1f378e2f5e4096082cdf68ae5\"},\"headline\":\"2022 d\u00e9marre dans l\u2019inqui\u00e9tude &#8211; Par Doria Ma\u00efz, r\u00e9dactrice en chef\",\"datePublished\":\"2022-01-31T00:00:00+00:00\",\"dateModified\":\"2022-02-01T10:33:50+00:00\",\"mainEntityOfPage\":{\"@id\":\"https:\/\/www.emballagedigest.fr\/2022-demarre-dans-l-inquietude-par-doria-maiz-redactrice-en-chef\/\"},\"wordCount\":457,\"publisher\":{\"@id\":\"https:\/\/www.emballagedigest.fr\/#organization\"},\"articleSection\":[\"Alimentaire\",\"Article entier\",\"Emballages\"],\"inLanguage\":\"en-GB\"},{\"@type\":\"WebPage\",\"@id\":\"https:\/\/www.emballagedigest.fr\/2022-demarre-dans-l-inquietude-par-doria-maiz-redactrice-en-chef\/\",\"url\":\"https:\/\/www.emballagedigest.fr\/2022-demarre-dans-l-inquietude-par-doria-maiz-redactrice-en-chef\/\",\"name\":\"2022 d\u00e9marre dans l\u2019inqui\u00e9tude - Par Doria Ma\u00efz, r\u00e9dactrice en chef - Emballage Digest\",\"isPartOf\":{\"@id\":\"https:\/\/www.emballagedigest.fr\/#website\"},\"datePublished\":\"2022-01-31T00:00:00+00:00\",\"dateModified\":\"2022-02-01T10:33:50+00:00\",\"breadcrumb\":{\"@id\":\"https:\/\/www.emballagedigest.fr\/2022-demarre-dans-l-inquietude-par-doria-maiz-redactrice-en-chef\/#breadcrumb\"},\"inLanguage\":\"en-GB\",\"potentialAction\":[{\"@type\":\"ReadAction\",\"target\":[\"https:\/\/www.emballagedigest.fr\/2022-demarre-dans-l-inquietude-par-doria-maiz-redactrice-en-chef\/\"]}]},{\"@type\":\"BreadcrumbList\",\"@id\":\"https:\/\/www.emballagedigest.fr\/2022-demarre-dans-l-inquietude-par-doria-maiz-redactrice-en-chef\/#breadcrumb\",\"itemListElement\":[{\"@type\":\"ListItem\",\"position\":1,\"name\":\"Accueil\",\"item\":\"https:\/\/www.emballagedigest.fr\/\"},{\"@type\":\"ListItem\",\"position\":2,\"name\":\"2022 d\u00e9marre dans l\u2019inqui\u00e9tude &#8211; Par Doria Ma\u00efz, r\u00e9dactrice en chef\"}]},{\"@type\":\"WebSite\",\"@id\":\"https:\/\/www.emballagedigest.fr\/#website\",\"url\":\"https:\/\/www.emballagedigest.fr\/\",\"name\":\"Emballage Digest\",\"description\":\"Revue professionnelle sur les emballages\",\"publisher\":{\"@id\":\"https:\/\/www.emballagedigest.fr\/#organization\"},\"potentialAction\":[{\"@type\":\"SearchAction\",\"target\":{\"@type\":\"EntryPoint\",\"urlTemplate\":\"https:\/\/www.emballagedigest.fr\/?s={search_term_string}\"},\"query-input\":{\"@type\":\"PropertyValueSpecification\",\"valueRequired\":true,\"valueName\":\"search_term_string\"}}],\"inLanguage\":\"en-GB\"},{\"@type\":\"Organization\",\"@id\":\"https:\/\/www.emballagedigest.fr\/#organization\",\"name\":\"Emballage Digest\",\"url\":\"https:\/\/www.emballagedigest.fr\/\",\"logo\":{\"@type\":\"ImageObject\",\"inLanguage\":\"en-GB\",\"@id\":\"https:\/\/www.emballagedigest.fr\/#\/schema\/logo\/image\/\",\"url\":\"https:\/\/www.emballagedigest.fr\/wp-content\/uploads\/2022\/07\/logo-ed.png\",\"contentUrl\":\"https:\/\/www.emballagedigest.fr\/wp-content\/uploads\/2022\/07\/logo-ed.png\",\"width\":379,\"height\":75,\"caption\":\"Emballage Digest\"},\"image\":{\"@id\":\"https:\/\/www.emballagedigest.fr\/#\/schema\/logo\/image\/\"}},{\"@type\":\"Person\",\"@id\":\"https:\/\/www.emballagedigest.fr\/#\/schema\/person\/d01fbac1f378e2f5e4096082cdf68ae5\",\"name\":\"admin_thopel\",\"image\":{\"@type\":\"ImageObject\",\"inLanguage\":\"en-GB\",\"@id\":\"https:\/\/www.emballagedigest.fr\/#\/schema\/person\/image\/\",\"url\":\"https:\/\/secure.gravatar.com\/avatar\/6cf644f6475359b596b81b10a64f989df38f1238649f7e33f97f69519e42dfbf?s=96&d=mm&r=g\",\"contentUrl\":\"https:\/\/secure.gravatar.com\/avatar\/6cf644f6475359b596b81b10a64f989df38f1238649f7e33f97f69519e42dfbf?s=96&d=mm&r=g\",\"caption\":\"admin_thopel\"},\"sameAs\":[\"http:\/\/localhost:8787\/emballage_digest\"],\"url\":\"https:\/\/www.emballagedigest.fr\/en\/author\/admin_thopel\/\"}]}<\/script>\n<!-- \/ Yoast SEO plugin. -->","yoast_head_json":{"title":"2022 d\u00e9marre dans l\u2019inqui\u00e9tude - Par Doria Ma\u00efz, r\u00e9dactrice en chef - Emballage Digest","robots":{"index":"index","follow":"follow","max-snippet":"max-snippet:-1","max-image-preview":"max-image-preview:large","max-video-preview":"max-video-preview:-1"},"canonical":"https:\/\/www.emballagedigest.fr\/en\/2022-demarre-dans-l-inquietude-par-doria-maiz-redactrice-en-chef\/","og_locale":"en_GB","og_type":"article","og_title":"2022 d\u00e9marre dans l\u2019inqui\u00e9tude - Par Doria Ma\u00efz, r\u00e9dactrice en chef - Emballage Digest","og_description":"Si la p\u00e9riode devrait \u00eatre propice au partage de v\u0153ux charg\u00e9s d\u2019espoir en ce d\u00e9but d\u2019ann\u00e9e, elle n\u2019en reste pas moins teint\u00e9e d\u2019une r\u00e9elle inqui\u00e9tude quant aux mois \u00e0 venir. A quelques jours du bouclage de ce num\u00e9ro, Elipso \u2013 association professionnelle des entreprises de l\u2019emballage plastique et souple \u2013 exprimait ainsi sa vive pr\u00e9occupation face \u00e0 la hausse des co\u00fbts de production de ses adh\u00e9rents, en raison d\u2019une explosion des tarifs de l\u2019\u00e9nergie.","og_url":"https:\/\/www.emballagedigest.fr\/en\/2022-demarre-dans-l-inquietude-par-doria-maiz-redactrice-en-chef\/","og_site_name":"Emballage Digest","article_published_time":"2022-01-31T00:00:00+00:00","article_modified_time":"2022-02-01T10:33:50+00:00","author":"admin_thopel","twitter_card":"summary_large_image","twitter_misc":{"Written by":"admin_thopel","Estimated reading time":"2 minutes"},"schema":{"@context":"https:\/\/schema.org","@graph":[{"@type":"Article","@id":"https:\/\/www.emballagedigest.fr\/2022-demarre-dans-l-inquietude-par-doria-maiz-redactrice-en-chef\/#article","isPartOf":{"@id":"https:\/\/www.emballagedigest.fr\/2022-demarre-dans-l-inquietude-par-doria-maiz-redactrice-en-chef\/"},"author":{"name":"admin_thopel","@id":"https:\/\/www.emballagedigest.fr\/#\/schema\/person\/d01fbac1f378e2f5e4096082cdf68ae5"},"headline":"2022 d\u00e9marre dans l\u2019inqui\u00e9tude &#8211; Par Doria Ma\u00efz, r\u00e9dactrice en chef","datePublished":"2022-01-31T00:00:00+00:00","dateModified":"2022-02-01T10:33:50+00:00","mainEntityOfPage":{"@id":"https:\/\/www.emballagedigest.fr\/2022-demarre-dans-l-inquietude-par-doria-maiz-redactrice-en-chef\/"},"wordCount":457,"publisher":{"@id":"https:\/\/www.emballagedigest.fr\/#organization"},"articleSection":["Alimentaire","Article entier","Emballages"],"inLanguage":"en-GB"},{"@type":"WebPage","@id":"https:\/\/www.emballagedigest.fr\/2022-demarre-dans-l-inquietude-par-doria-maiz-redactrice-en-chef\/","url":"https:\/\/www.emballagedigest.fr\/2022-demarre-dans-l-inquietude-par-doria-maiz-redactrice-en-chef\/","name":"2022 d\u00e9marre dans l\u2019inqui\u00e9tude - Par Doria Ma\u00efz, r\u00e9dactrice en chef - Emballage Digest","isPartOf":{"@id":"https:\/\/www.emballagedigest.fr\/#website"},"datePublished":"2022-01-31T00:00:00+00:00","dateModified":"2022-02-01T10:33:50+00:00","breadcrumb":{"@id":"https:\/\/www.emballagedigest.fr\/2022-demarre-dans-l-inquietude-par-doria-maiz-redactrice-en-chef\/#breadcrumb"},"inLanguage":"en-GB","potentialAction":[{"@type":"ReadAction","target":["https:\/\/www.emballagedigest.fr\/2022-demarre-dans-l-inquietude-par-doria-maiz-redactrice-en-chef\/"]}]},{"@type":"BreadcrumbList","@id":"https:\/\/www.emballagedigest.fr\/2022-demarre-dans-l-inquietude-par-doria-maiz-redactrice-en-chef\/#breadcrumb","itemListElement":[{"@type":"ListItem","position":1,"name":"Accueil","item":"https:\/\/www.emballagedigest.fr\/"},{"@type":"ListItem","position":2,"name":"2022 d\u00e9marre dans l\u2019inqui\u00e9tude &#8211; Par Doria Ma\u00efz, r\u00e9dactrice en chef"}]},{"@type":"WebSite","@id":"https:\/\/www.emballagedigest.fr\/#website","url":"https:\/\/www.emballagedigest.fr\/","name":"Emballage Digest","description":"Revue professionnelle sur les emballages","publisher":{"@id":"https:\/\/www.emballagedigest.fr\/#organization"},"potentialAction":[{"@type":"SearchAction","target":{"@type":"EntryPoint","urlTemplate":"https:\/\/www.emballagedigest.fr\/?s={search_term_string}"},"query-input":{"@type":"PropertyValueSpecification","valueRequired":true,"valueName":"search_term_string"}}],"inLanguage":"en-GB"},{"@type":"Organization","@id":"https:\/\/www.emballagedigest.fr\/#organization","name":"Emballage Digest","url":"https:\/\/www.emballagedigest.fr\/","logo":{"@type":"ImageObject","inLanguage":"en-GB","@id":"https:\/\/www.emballagedigest.fr\/#\/schema\/logo\/image\/","url":"https:\/\/www.emballagedigest.fr\/wp-content\/uploads\/2022\/07\/logo-ed.png","contentUrl":"https:\/\/www.emballagedigest.fr\/wp-content\/uploads\/2022\/07\/logo-ed.png","width":379,"height":75,"caption":"Emballage Digest"},"image":{"@id":"https:\/\/www.emballagedigest.fr\/#\/schema\/logo\/image\/"}},{"@type":"Person","@id":"https:\/\/www.emballagedigest.fr\/#\/schema\/person\/d01fbac1f378e2f5e4096082cdf68ae5","name":"admin_thopel","image":{"@type":"ImageObject","inLanguage":"en-GB","@id":"https:\/\/www.emballagedigest.fr\/#\/schema\/person\/image\/","url":"https:\/\/secure.gravatar.com\/avatar\/6cf644f6475359b596b81b10a64f989df38f1238649f7e33f97f69519e42dfbf?s=96&d=mm&r=g","contentUrl":"https:\/\/secure.gravatar.com\/avatar\/6cf644f6475359b596b81b10a64f989df38f1238649f7e33f97f69519e42dfbf?s=96&d=mm&r=g","caption":"admin_thopel"},"sameAs":["http:\/\/localhost:8787\/emballage_digest"],"url":"https:\/\/www.emballagedigest.fr\/en\/author\/admin_thopel\/"}]}},"_links":{"self":[{"href":"https:\/\/www.emballagedigest.fr\/en\/wp-json\/wp\/v2\/posts\/23702","targetHints":{"allow":["GET"]}}],"collection":[{"href":"https:\/\/www.emballagedigest.fr\/en\/wp-json\/wp\/v2\/posts"}],"about":[{"href":"https:\/\/www.emballagedigest.fr\/en\/wp-json\/wp\/v2\/types\/post"}],"author":[{"embeddable":true,"href":"https:\/\/www.emballagedigest.fr\/en\/wp-json\/wp\/v2\/users\/1"}],"replies":[{"embeddable":true,"href":"https:\/\/www.emballagedigest.fr\/en\/wp-json\/wp\/v2\/comments?post=23702"}],"version-history":[{"count":0,"href":"https:\/\/www.emballagedigest.fr\/en\/wp-json\/wp\/v2\/posts\/23702\/revisions"}],"wp:attachment":[{"href":"https:\/\/www.emballagedigest.fr\/en\/wp-json\/wp\/v2\/media?parent=23702"}],"wp:term":[{"taxonomy":"category","embeddable":true,"href":"https:\/\/www.emballagedigest.fr\/en\/wp-json\/wp\/v2\/categories?post=23702"},{"taxonomy":"post_tag","embeddable":true,"href":"https:\/\/www.emballagedigest.fr\/en\/wp-json\/wp\/v2\/tags?post=23702"}],"curies":[{"name":"wp","href":"https:\/\/api.w.org\/{rel}","templated":true}]}}