{"id":23714,"date":"2022-01-31T00:00:00","date_gmt":"2022-01-31T00:00:00","guid":{"rendered":"https:\/\/www.emballagedigest.fr\/?p=23714"},"modified":"2022-02-01T13:03:22","modified_gmt":"2022-02-01T13:03:22","slug":"tracabilite-une-solution-integree-contenu-contenant","status":"publish","type":"post","link":"https:\/\/www.emballagedigest.fr\/en\/tracabilite-une-solution-integree-contenu-contenant\/","title":{"rendered":"Tra\u00e7abilit\u00e9 : une solution int\u00e9gr\u00e9e contenu \/ contenant"},"content":{"rendered":"<p>Les \u00e9quipes Olnica et DNA Gensee ont mis leur expertise en commun pour le d\u00e9veloppement d\u2019une solution contenu \/ contenant permettant une tra\u00e7abilit\u00e9 totale des produits tout au long de leur cycle de vie.<\/p>\n<p>Ce service complet est int\u00e9grable \u00e0 chaque proc\u00e9d\u00e9 industriel et garantit une authentification incontestable de la mati\u00e8re premi\u00e8re au produit fini.<br \/>\nEn associant leurs technologies, les deux acteurs proposent aujourd\u2019hui une solution int\u00e9gr\u00e9e qui permet aux fournisseurs de mati\u00e8res premi\u00e8res v\u00e9g\u00e9tales et aux fabricants de produits cosm\u00e9tiques, nutraceutiques et agroalimentaires de prot\u00e9ger leur marque, du champ jusqu\u2019au consommateur. En effet, DNA Gensee ma\u00eetrise l\u2019analyse g\u00e9n\u00e9tique pour authentifier et tracer la mati\u00e8re premi\u00e8re v\u00e9g\u00e9tale d\u00e8s son sourcing.<\/p>\n<p><img decoding=\"async\" src=\"https:\/\/www.emballagedigest.fr\/dotclear\/images\/2022\/REVUE\/janv\/01_22_materiel2.jpg\" alt=\"Texte Alternatif\" style=\"float:right; margin: 0 0 1em 1em;\" \/>Sa technique de g\u00e9n\u00e9tique barcoding, \u00e9prouv\u00e9e depuis plusieurs ann\u00e9es, garantit \u00e0 ses clients une conformit\u00e9 de leurs lots de mati\u00e8res v\u00e9g\u00e9tales et algales. Parall\u00e8lement, le traceur mol\u00e9culaire \u00e0 code unique con\u00e7u par Olnica, invisible et infalsifiable, tr\u00e8s robuste et stable dans le temps, permet de marquer tous les contenants, en pleine mati\u00e8re ou en surface. La combinaison de ces deux technologies rend d\u00e9sormais possible la tra\u00e7abilit\u00e9 totale du produit tout au long de son cycle de vie gr\u00e2ce \u00e0 un identifiant unique et inviolable des contenus et contenants. \u00abGr\u00e2ce \u00e0 des pr\u00e9l\u00e8vements en amont et en aval de la production de mati\u00e8res premi\u00e8res v\u00e9g\u00e9tales, l\u2019analyse ADN permet de valider l\u2019esp\u00e8ce et sa puret\u00e9. Cette technologie, associ\u00e9e au traceur infalsifiable d\u2019Olnica, permet un contr\u00f4le fiable tout au long de la cha\u00eene d\u2019approvisionnement\u00bb, commente Nicole Giraud, pr\u00e9sidente et fondatrice de DNA Gensee. \u00abL\u2019alliance des expertises Olnica et DNA Gensee permet aux marques de tenir leur promesse en termes de transparence et de faire le lien entre les tra\u00e7abilit\u00e9s amont\/aval des produits\u00bb, d\u00e9clare St\u00e9phane Callo, pdg d\u2019Olnica. <\/p>\n<p><em>Extrait de la revue n\u00b0 664 &#8211; D\u00e9cembre 2021\/Janvier 2022. Reproduction interdite sauf accord \u00e9crit d&rsquo;Emballage Digest ou mention du support<\/em><\/p>","protected":false},"excerpt":{"rendered":"<p>Les \u00e9quipes Olnica et DNA Gensee ont mis leur expertise en commun pour le d\u00e9veloppement d\u2019une solution contenu \/ contenant permettant une tra\u00e7abilit\u00e9 totale des produits tout au long de leur cycle de vie.<\/p>","protected":false},"author":1,"featured_media":33714,"comment_status":"closed","ping_status":"closed","sticky":false,"template":"","format":"standard","meta":{"_acf_changed":false,"inline_featured_image":false,"iawp_total_views":0,"footnotes":""},"categories":[5,28,9],"tags":[],"class_list":["post-23714","post","type-post","status-publish","format-standard","has-post-thumbnail","hentry","category-alimentaire","category-article-entier","category-materiel"],"acf":[],"yoast_head":"<!-- This site is optimized with the Yoast SEO plugin v24.4 - https:\/\/yoast.com\/wordpress\/plugins\/seo\/ -->\n<title>Tra\u00e7abilit\u00e9 : une solution int\u00e9gr\u00e9e contenu \/ contenant - Emballage Digest<\/title>\n<meta name=\"robots\" content=\"index, follow, max-snippet:-1, max-image-preview:large, max-video-preview:-1\" \/>\n<link rel=\"canonical\" href=\"https:\/\/www.emballagedigest.fr\/en\/tracabilite-une-solution-integree-contenu-contenant\/\" \/>\n<meta property=\"og:locale\" content=\"en_GB\" \/>\n<meta property=\"og:type\" content=\"article\" \/>\n<meta property=\"og:title\" content=\"Tra\u00e7abilit\u00e9 : une solution int\u00e9gr\u00e9e contenu \/ contenant - Emballage Digest\" \/>\n<meta property=\"og:description\" content=\"Les \u00e9quipes Olnica et DNA Gensee ont mis leur expertise en commun pour le d\u00e9veloppement d\u2019une solution contenu \/ contenant permettant une tra\u00e7abilit\u00e9 totale des produits tout au long de leur cycle de vie.\" \/>\n<meta property=\"og:url\" content=\"https:\/\/www.emballagedigest.fr\/en\/tracabilite-une-solution-integree-contenu-contenant\/\" \/>\n<meta property=\"og:site_name\" content=\"Emballage Digest\" \/>\n<meta property=\"article:published_time\" content=\"2022-01-31T00:00:00+00:00\" \/>\n<meta property=\"article:modified_time\" content=\"2022-02-01T13:03:22+00:00\" \/>\n<meta name=\"author\" content=\"admin_thopel\" \/>\n<meta name=\"twitter:card\" content=\"summary_large_image\" \/>\n<meta name=\"twitter:label1\" content=\"Written by\" \/>\n\t<meta name=\"twitter:data1\" content=\"admin_thopel\" \/>\n\t<meta name=\"twitter:label2\" content=\"Estimated reading time\" \/>\n\t<meta name=\"twitter:data2\" content=\"2 minutes\" \/>\n<script type=\"application\/ld+json\" class=\"yoast-schema-graph\">{\"@context\":\"https:\/\/schema.org\",\"@graph\":[{\"@type\":\"Article\",\"@id\":\"https:\/\/www.emballagedigest.fr\/tracabilite-une-solution-integree-contenu-contenant\/#article\",\"isPartOf\":{\"@id\":\"https:\/\/www.emballagedigest.fr\/tracabilite-une-solution-integree-contenu-contenant\/\"},\"author\":{\"name\":\"admin_thopel\",\"@id\":\"https:\/\/www.emballagedigest.fr\/#\/schema\/person\/d01fbac1f378e2f5e4096082cdf68ae5\"},\"headline\":\"Tra\u00e7abilit\u00e9 : une solution int\u00e9gr\u00e9e contenu \/ contenant\",\"datePublished\":\"2022-01-31T00:00:00+00:00\",\"dateModified\":\"2022-02-01T13:03:22+00:00\",\"mainEntityOfPage\":{\"@id\":\"https:\/\/www.emballagedigest.fr\/tracabilite-une-solution-integree-contenu-contenant\/\"},\"wordCount\":372,\"publisher\":{\"@id\":\"https:\/\/www.emballagedigest.fr\/#organization\"},\"image\":{\"@id\":\"https:\/\/www.emballagedigest.fr\/tracabilite-une-solution-integree-contenu-contenant\/#primaryimage\"},\"thumbnailUrl\":\"https:\/\/www.emballagedigest.fr\/wp-content\/uploads\/dotclear\/images\/2022\/REVUE\/janv\/01_22_materiel1.jpg\",\"articleSection\":[\"Alimentaire\",\"Article entier\",\"Mat\u00e9riel\"],\"inLanguage\":\"en-GB\"},{\"@type\":\"WebPage\",\"@id\":\"https:\/\/www.emballagedigest.fr\/tracabilite-une-solution-integree-contenu-contenant\/\",\"url\":\"https:\/\/www.emballagedigest.fr\/tracabilite-une-solution-integree-contenu-contenant\/\",\"name\":\"Tra\u00e7abilit\u00e9 : une solution int\u00e9gr\u00e9e contenu \/ contenant - Emballage Digest\",\"isPartOf\":{\"@id\":\"https:\/\/www.emballagedigest.fr\/#website\"},\"primaryImageOfPage\":{\"@id\":\"https:\/\/www.emballagedigest.fr\/tracabilite-une-solution-integree-contenu-contenant\/#primaryimage\"},\"image\":{\"@id\":\"https:\/\/www.emballagedigest.fr\/tracabilite-une-solution-integree-contenu-contenant\/#primaryimage\"},\"thumbnailUrl\":\"https:\/\/www.emballagedigest.fr\/wp-content\/uploads\/dotclear\/images\/2022\/REVUE\/janv\/01_22_materiel1.jpg\",\"datePublished\":\"2022-01-31T00:00:00+00:00\",\"dateModified\":\"2022-02-01T13:03:22+00:00\",\"breadcrumb\":{\"@id\":\"https:\/\/www.emballagedigest.fr\/tracabilite-une-solution-integree-contenu-contenant\/#breadcrumb\"},\"inLanguage\":\"en-GB\",\"potentialAction\":[{\"@type\":\"ReadAction\",\"target\":[\"https:\/\/www.emballagedigest.fr\/tracabilite-une-solution-integree-contenu-contenant\/\"]}]},{\"@type\":\"ImageObject\",\"inLanguage\":\"en-GB\",\"@id\":\"https:\/\/www.emballagedigest.fr\/tracabilite-une-solution-integree-contenu-contenant\/#primaryimage\",\"url\":\"https:\/\/www.emballagedigest.fr\/wp-content\/uploads\/dotclear\/images\/2022\/REVUE\/janv\/01_22_materiel1.jpg\",\"contentUrl\":\"https:\/\/www.emballagedigest.fr\/wp-content\/uploads\/dotclear\/images\/2022\/REVUE\/janv\/01_22_materiel1.jpg\"},{\"@type\":\"BreadcrumbList\",\"@id\":\"https:\/\/www.emballagedigest.fr\/tracabilite-une-solution-integree-contenu-contenant\/#breadcrumb\",\"itemListElement\":[{\"@type\":\"ListItem\",\"position\":1,\"name\":\"Accueil\",\"item\":\"https:\/\/www.emballagedigest.fr\/\"},{\"@type\":\"ListItem\",\"position\":2,\"name\":\"Tra\u00e7abilit\u00e9 : une solution int\u00e9gr\u00e9e contenu \/ contenant\"}]},{\"@type\":\"WebSite\",\"@id\":\"https:\/\/www.emballagedigest.fr\/#website\",\"url\":\"https:\/\/www.emballagedigest.fr\/\",\"name\":\"Emballage Digest\",\"description\":\"Revue professionnelle sur les emballages\",\"publisher\":{\"@id\":\"https:\/\/www.emballagedigest.fr\/#organization\"},\"potentialAction\":[{\"@type\":\"SearchAction\",\"target\":{\"@type\":\"EntryPoint\",\"urlTemplate\":\"https:\/\/www.emballagedigest.fr\/?s={search_term_string}\"},\"query-input\":{\"@type\":\"PropertyValueSpecification\",\"valueRequired\":true,\"valueName\":\"search_term_string\"}}],\"inLanguage\":\"en-GB\"},{\"@type\":\"Organization\",\"@id\":\"https:\/\/www.emballagedigest.fr\/#organization\",\"name\":\"Emballage Digest\",\"url\":\"https:\/\/www.emballagedigest.fr\/\",\"logo\":{\"@type\":\"ImageObject\",\"inLanguage\":\"en-GB\",\"@id\":\"https:\/\/www.emballagedigest.fr\/#\/schema\/logo\/image\/\",\"url\":\"https:\/\/www.emballagedigest.fr\/wp-content\/uploads\/2022\/07\/logo-ed.png\",\"contentUrl\":\"https:\/\/www.emballagedigest.fr\/wp-content\/uploads\/2022\/07\/logo-ed.png\",\"width\":379,\"height\":75,\"caption\":\"Emballage Digest\"},\"image\":{\"@id\":\"https:\/\/www.emballagedigest.fr\/#\/schema\/logo\/image\/\"}},{\"@type\":\"Person\",\"@id\":\"https:\/\/www.emballagedigest.fr\/#\/schema\/person\/d01fbac1f378e2f5e4096082cdf68ae5\",\"name\":\"admin_thopel\",\"image\":{\"@type\":\"ImageObject\",\"inLanguage\":\"en-GB\",\"@id\":\"https:\/\/www.emballagedigest.fr\/#\/schema\/person\/image\/\",\"url\":\"https:\/\/secure.gravatar.com\/avatar\/6cf644f6475359b596b81b10a64f989df38f1238649f7e33f97f69519e42dfbf?s=96&d=mm&r=g\",\"contentUrl\":\"https:\/\/secure.gravatar.com\/avatar\/6cf644f6475359b596b81b10a64f989df38f1238649f7e33f97f69519e42dfbf?s=96&d=mm&r=g\",\"caption\":\"admin_thopel\"},\"sameAs\":[\"http:\/\/localhost:8787\/emballage_digest\"],\"url\":\"https:\/\/www.emballagedigest.fr\/en\/author\/admin_thopel\/\"}]}<\/script>\n<!-- \/ Yoast SEO plugin. -->","yoast_head_json":{"title":"Tra\u00e7abilit\u00e9 : une solution int\u00e9gr\u00e9e contenu \/ contenant - Emballage Digest","robots":{"index":"index","follow":"follow","max-snippet":"max-snippet:-1","max-image-preview":"max-image-preview:large","max-video-preview":"max-video-preview:-1"},"canonical":"https:\/\/www.emballagedigest.fr\/en\/tracabilite-une-solution-integree-contenu-contenant\/","og_locale":"en_GB","og_type":"article","og_title":"Tra\u00e7abilit\u00e9 : une solution int\u00e9gr\u00e9e contenu \/ contenant - Emballage Digest","og_description":"Les \u00e9quipes Olnica et DNA Gensee ont mis leur expertise en commun pour le d\u00e9veloppement d\u2019une solution contenu \/ contenant permettant une tra\u00e7abilit\u00e9 totale des produits tout au long de leur cycle de vie.","og_url":"https:\/\/www.emballagedigest.fr\/en\/tracabilite-une-solution-integree-contenu-contenant\/","og_site_name":"Emballage Digest","article_published_time":"2022-01-31T00:00:00+00:00","article_modified_time":"2022-02-01T13:03:22+00:00","author":"admin_thopel","twitter_card":"summary_large_image","twitter_misc":{"Written by":"admin_thopel","Estimated reading time":"2 minutes"},"schema":{"@context":"https:\/\/schema.org","@graph":[{"@type":"Article","@id":"https:\/\/www.emballagedigest.fr\/tracabilite-une-solution-integree-contenu-contenant\/#article","isPartOf":{"@id":"https:\/\/www.emballagedigest.fr\/tracabilite-une-solution-integree-contenu-contenant\/"},"author":{"name":"admin_thopel","@id":"https:\/\/www.emballagedigest.fr\/#\/schema\/person\/d01fbac1f378e2f5e4096082cdf68ae5"},"headline":"Tra\u00e7abilit\u00e9 : une solution int\u00e9gr\u00e9e contenu \/ contenant","datePublished":"2022-01-31T00:00:00+00:00","dateModified":"2022-02-01T13:03:22+00:00","mainEntityOfPage":{"@id":"https:\/\/www.emballagedigest.fr\/tracabilite-une-solution-integree-contenu-contenant\/"},"wordCount":372,"publisher":{"@id":"https:\/\/www.emballagedigest.fr\/#organization"},"image":{"@id":"https:\/\/www.emballagedigest.fr\/tracabilite-une-solution-integree-contenu-contenant\/#primaryimage"},"thumbnailUrl":"https:\/\/www.emballagedigest.fr\/wp-content\/uploads\/dotclear\/images\/2022\/REVUE\/janv\/01_22_materiel1.jpg","articleSection":["Alimentaire","Article entier","Mat\u00e9riel"],"inLanguage":"en-GB"},{"@type":"WebPage","@id":"https:\/\/www.emballagedigest.fr\/tracabilite-une-solution-integree-contenu-contenant\/","url":"https:\/\/www.emballagedigest.fr\/tracabilite-une-solution-integree-contenu-contenant\/","name":"Tra\u00e7abilit\u00e9 : une solution int\u00e9gr\u00e9e contenu \/ contenant - Emballage Digest","isPartOf":{"@id":"https:\/\/www.emballagedigest.fr\/#website"},"primaryImageOfPage":{"@id":"https:\/\/www.emballagedigest.fr\/tracabilite-une-solution-integree-contenu-contenant\/#primaryimage"},"image":{"@id":"https:\/\/www.emballagedigest.fr\/tracabilite-une-solution-integree-contenu-contenant\/#primaryimage"},"thumbnailUrl":"https:\/\/www.emballagedigest.fr\/wp-content\/uploads\/dotclear\/images\/2022\/REVUE\/janv\/01_22_materiel1.jpg","datePublished":"2022-01-31T00:00:00+00:00","dateModified":"2022-02-01T13:03:22+00:00","breadcrumb":{"@id":"https:\/\/www.emballagedigest.fr\/tracabilite-une-solution-integree-contenu-contenant\/#breadcrumb"},"inLanguage":"en-GB","potentialAction":[{"@type":"ReadAction","target":["https:\/\/www.emballagedigest.fr\/tracabilite-une-solution-integree-contenu-contenant\/"]}]},{"@type":"ImageObject","inLanguage":"en-GB","@id":"https:\/\/www.emballagedigest.fr\/tracabilite-une-solution-integree-contenu-contenant\/#primaryimage","url":"https:\/\/www.emballagedigest.fr\/wp-content\/uploads\/dotclear\/images\/2022\/REVUE\/janv\/01_22_materiel1.jpg","contentUrl":"https:\/\/www.emballagedigest.fr\/wp-content\/uploads\/dotclear\/images\/2022\/REVUE\/janv\/01_22_materiel1.jpg"},{"@type":"BreadcrumbList","@id":"https:\/\/www.emballagedigest.fr\/tracabilite-une-solution-integree-contenu-contenant\/#breadcrumb","itemListElement":[{"@type":"ListItem","position":1,"name":"Accueil","item":"https:\/\/www.emballagedigest.fr\/"},{"@type":"ListItem","position":2,"name":"Tra\u00e7abilit\u00e9 : une solution int\u00e9gr\u00e9e contenu \/ contenant"}]},{"@type":"WebSite","@id":"https:\/\/www.emballagedigest.fr\/#website","url":"https:\/\/www.emballagedigest.fr\/","name":"Emballage Digest","description":"Revue professionnelle sur les emballages","publisher":{"@id":"https:\/\/www.emballagedigest.fr\/#organization"},"potentialAction":[{"@type":"SearchAction","target":{"@type":"EntryPoint","urlTemplate":"https:\/\/www.emballagedigest.fr\/?s={search_term_string}"},"query-input":{"@type":"PropertyValueSpecification","valueRequired":true,"valueName":"search_term_string"}}],"inLanguage":"en-GB"},{"@type":"Organization","@id":"https:\/\/www.emballagedigest.fr\/#organization","name":"Emballage Digest","url":"https:\/\/www.emballagedigest.fr\/","logo":{"@type":"ImageObject","inLanguage":"en-GB","@id":"https:\/\/www.emballagedigest.fr\/#\/schema\/logo\/image\/","url":"https:\/\/www.emballagedigest.fr\/wp-content\/uploads\/2022\/07\/logo-ed.png","contentUrl":"https:\/\/www.emballagedigest.fr\/wp-content\/uploads\/2022\/07\/logo-ed.png","width":379,"height":75,"caption":"Emballage Digest"},"image":{"@id":"https:\/\/www.emballagedigest.fr\/#\/schema\/logo\/image\/"}},{"@type":"Person","@id":"https:\/\/www.emballagedigest.fr\/#\/schema\/person\/d01fbac1f378e2f5e4096082cdf68ae5","name":"admin_thopel","image":{"@type":"ImageObject","inLanguage":"en-GB","@id":"https:\/\/www.emballagedigest.fr\/#\/schema\/person\/image\/","url":"https:\/\/secure.gravatar.com\/avatar\/6cf644f6475359b596b81b10a64f989df38f1238649f7e33f97f69519e42dfbf?s=96&d=mm&r=g","contentUrl":"https:\/\/secure.gravatar.com\/avatar\/6cf644f6475359b596b81b10a64f989df38f1238649f7e33f97f69519e42dfbf?s=96&d=mm&r=g","caption":"admin_thopel"},"sameAs":["http:\/\/localhost:8787\/emballage_digest"],"url":"https:\/\/www.emballagedigest.fr\/en\/author\/admin_thopel\/"}]}},"_links":{"self":[{"href":"https:\/\/www.emballagedigest.fr\/en\/wp-json\/wp\/v2\/posts\/23714","targetHints":{"allow":["GET"]}}],"collection":[{"href":"https:\/\/www.emballagedigest.fr\/en\/wp-json\/wp\/v2\/posts"}],"about":[{"href":"https:\/\/www.emballagedigest.fr\/en\/wp-json\/wp\/v2\/types\/post"}],"author":[{"embeddable":true,"href":"https:\/\/www.emballagedigest.fr\/en\/wp-json\/wp\/v2\/users\/1"}],"replies":[{"embeddable":true,"href":"https:\/\/www.emballagedigest.fr\/en\/wp-json\/wp\/v2\/comments?post=23714"}],"version-history":[{"count":0,"href":"https:\/\/www.emballagedigest.fr\/en\/wp-json\/wp\/v2\/posts\/23714\/revisions"}],"wp:featuredmedia":[{"embeddable":true,"href":"https:\/\/www.emballagedigest.fr\/en\/wp-json\/wp\/v2\/media\/33714"}],"wp:attachment":[{"href":"https:\/\/www.emballagedigest.fr\/en\/wp-json\/wp\/v2\/media?parent=23714"}],"wp:term":[{"taxonomy":"category","embeddable":true,"href":"https:\/\/www.emballagedigest.fr\/en\/wp-json\/wp\/v2\/categories?post=23714"},{"taxonomy":"post_tag","embeddable":true,"href":"https:\/\/www.emballagedigest.fr\/en\/wp-json\/wp\/v2\/tags?post=23714"}],"curies":[{"name":"wp","href":"https:\/\/api.w.org\/{rel}","templated":true}]}}