{"id":23939,"date":"2022-04-29T07:32:55","date_gmt":"2022-04-29T07:32:55","guid":{"rendered":"https:\/\/www.emballagedigest.fr\/?p=23939"},"modified":"2022-04-29T06:49:26","modified_gmt":"2022-04-29T06:49:26","slug":"berlin-packaging-officialise-la-creation-de-sa-nouvelle-division-berlin-beauty-industries","status":"publish","type":"post","link":"https:\/\/www.emballagedigest.fr\/en\/berlin-packaging-officialise-la-creation-de-sa-nouvelle-division-berlin-beauty-industries\/","title":{"rendered":"Berlin Packaging officialise la cr\u00e9ation de sa nouvelle division Berlin Beauty Industries"},"content":{"rendered":"<p>En marge du salon Cosmoprof qui ouvrait ses portes hier \u00e0 Bologne, le groupe Berlin Packaging a confirm\u00e9 vouloir renforcer significativement ses activit\u00e9s dans le secteur cosm\u00e9tique avec la cr\u00e9ation de sa nouvelle division Berlin Beauty Industries. Une annonce qui fait logiquement suite \u00e0 l\u2019acquisition de l\u2019italien Premi trois mois plus t\u00f4t.<\/p>\n<p><img decoding=\"async\" src=\"https:\/\/www.emballagedigest.fr\/dotclear\/images\/2022\/BONUS\/av\/berlin_article2.jpg\" alt=\"Texte Alternatif\" style=\"float:right; margin: 0 0 1em 1em;\" \/>\u00abL\u2019acquisition de Premi Spa a marqu\u00e9 notre entr\u00e9e officielle dans le monde de la beaut\u00e9. Elle a \u00e9t\u00e9 pour nous le premier jalon d&rsquo;une grande infrastructure que nous sommes d\u00e9j\u00e0 en train de consolider pour nous positionner comme l&rsquo;une des entreprises les plus dynamiques et innovantes du secteur, capable de r\u00e9pondre \u00e0 tous les besoins des marques du monde de la beaut\u00e9\u00bb, d\u00e9clare Paolo Recrosio (photo), CEO de Berlin Packaging EMEA. <\/p>\n<p>Au travers de sa nouvelle entitr\u00e9, le distributeur entend accompagner les acteurs de la beaut\u00e9 de la conception \u00e0 la r\u00e9alisation du produit, en passant par l&#8217;emballage primaire, l&#8217;emballage secondaire, la d\u00e9coration et la formulation. Fort d\u2019un catalogue r\u00e9f\u00e9rences de 1500 produits, l\u2019offre couvre tous les besoins des soins de la peau au maquillage, mais \u00e9galement la parfumerie fine et d\u2019int\u00e9rieur. <\/p>\n<p>En compl\u00e9ment \u00e0 ce portefeuille d\u00e9j\u00e0 large, Berlin Packaging d\u00e9voilait sur son stand la collection Makeup in Glass, compos\u00e9e de solutions d&#8217;emballage en verre destin\u00e9es au maquillage, comme les flacons VIP avec col 13\/415, de 5 et 10 ml, \u00e0 combiner \u00e0 de multiples accessoires permettant de couvrir diff\u00e9rents domaines d&rsquo;application. Allant des produits sp\u00e9cifiques pour le visage et les l\u00e8vres avec applicateurs floqu\u00e9s, aux produits pour yeux et sourcils avec des applicateurs de mascara de diff\u00e9rentes formes et diff\u00e9rentes performances. Cette collection permet de cr\u00e9er des kits beaut\u00e9 au durables et recyclables, personnalisables par diff\u00e9rentes techniques de parach\u00e8vement&nbsp;: vernissage ext\u00e9rieur, m\u00e9tallisation, s\u00e9rigraphie, marquage \u00e0 chaud, gravures laser, jet d&rsquo;encre et jet d&rsquo;encre 3D.<\/p>\n<p>En parall\u00e8le, de nouvelles r\u00e9f\u00e9rences voient le jour. A l\u2019instar d\u2019Airglass Jar, un pot airless en verre d\u2019une capacit\u00e9 de 30 ou 50 ml. Alternative \u00e0 son homologue plastique, il est facilement rechargeable et recyclable, ses diff\u00e9rents composants se s\u00e9parant ais\u00e9ment par le consommateur pour un tri s\u00e9lectif optimis\u00e9. Autre nouveaut\u00e9, le Foamy, premier emballage en verre de 150 ml pour formules moussantes, disponible sur le march\u00e9 des soins de la peau, avec un rendu premium, recyclable et d\u00e9corable \u00e0 l\u2019envi.<\/p>\n<p><em>Reproduction interdite sauf accord \u00e9crit d&rsquo;Emballage Digest ou mention du support<\/em><\/p>","protected":false},"excerpt":{"rendered":"<p>En marge du salon Cosmoprof qui ouvrait ses portes hier \u00e0 Bologne, le groupe Berlin Packaging a confirm\u00e9 vouloir renforcer significativement ses activit\u00e9s dans le secteur cosm\u00e9tique avec la cr\u00e9ation de sa nouvelle division Berlin Beauty Industries. Une annonce qui fait logiquement suite \u00e0 l\u2019acquisition de l\u2019italien Premi trois mois plus t\u00f4t.<\/p>","protected":false},"author":1,"featured_media":33939,"comment_status":"closed","ping_status":"closed","sticky":false,"template":"","format":"standard","meta":{"_acf_changed":false,"inline_featured_image":false,"iawp_total_views":0,"footnotes":""},"categories":[28,6],"tags":[],"class_list":["post-23939","post","type-post","status-publish","format-standard","has-post-thumbnail","hentry","category-article-entier","category-parfumerie-cosmetique"],"acf":[],"yoast_head":"<!-- This site is optimized with the Yoast SEO plugin v24.4 - https:\/\/yoast.com\/wordpress\/plugins\/seo\/ -->\n<title>Berlin Packaging officialise la cr\u00e9ation de sa nouvelle division Berlin Beauty Industries - Emballage Digest<\/title>\n<meta name=\"robots\" content=\"index, follow, max-snippet:-1, max-image-preview:large, max-video-preview:-1\" \/>\n<link rel=\"canonical\" href=\"https:\/\/www.emballagedigest.fr\/en\/berlin-packaging-officialise-la-creation-de-sa-nouvelle-division-berlin-beauty-industries\/\" \/>\n<meta property=\"og:locale\" content=\"en_GB\" \/>\n<meta property=\"og:type\" content=\"article\" \/>\n<meta property=\"og:title\" content=\"Berlin Packaging officialise la cr\u00e9ation de sa nouvelle division Berlin Beauty Industries - Emballage Digest\" \/>\n<meta property=\"og:description\" content=\"En marge du salon Cosmoprof qui ouvrait ses portes hier \u00e0 Bologne, le groupe Berlin Packaging a confirm\u00e9 vouloir renforcer significativement ses activit\u00e9s dans le secteur cosm\u00e9tique avec la cr\u00e9ation de sa nouvelle division Berlin Beauty Industries. Une annonce qui fait logiquement suite \u00e0 l\u2019acquisition de l\u2019italien Premi trois mois plus t\u00f4t.\" \/>\n<meta property=\"og:url\" content=\"https:\/\/www.emballagedigest.fr\/en\/berlin-packaging-officialise-la-creation-de-sa-nouvelle-division-berlin-beauty-industries\/\" \/>\n<meta property=\"og:site_name\" content=\"Emballage Digest\" \/>\n<meta property=\"article:published_time\" content=\"2022-04-29T07:32:55+00:00\" \/>\n<meta name=\"author\" content=\"admin_thopel\" \/>\n<meta name=\"twitter:card\" content=\"summary_large_image\" \/>\n<meta name=\"twitter:label1\" content=\"Written by\" \/>\n\t<meta name=\"twitter:data1\" content=\"admin_thopel\" \/>\n\t<meta name=\"twitter:label2\" content=\"Estimated reading time\" \/>\n\t<meta name=\"twitter:data2\" content=\"2 minutes\" \/>\n<script type=\"application\/ld+json\" class=\"yoast-schema-graph\">{\"@context\":\"https:\/\/schema.org\",\"@graph\":[{\"@type\":\"Article\",\"@id\":\"https:\/\/www.emballagedigest.fr\/berlin-packaging-officialise-la-creation-de-sa-nouvelle-division-berlin-beauty-industries\/#article\",\"isPartOf\":{\"@id\":\"https:\/\/www.emballagedigest.fr\/berlin-packaging-officialise-la-creation-de-sa-nouvelle-division-berlin-beauty-industries\/\"},\"author\":{\"name\":\"admin_thopel\",\"@id\":\"https:\/\/www.emballagedigest.fr\/#\/schema\/person\/d01fbac1f378e2f5e4096082cdf68ae5\"},\"headline\":\"Berlin Packaging officialise la cr\u00e9ation de sa nouvelle division Berlin Beauty Industries\",\"datePublished\":\"2022-04-29T07:32:55+00:00\",\"mainEntityOfPage\":{\"@id\":\"https:\/\/www.emballagedigest.fr\/berlin-packaging-officialise-la-creation-de-sa-nouvelle-division-berlin-beauty-industries\/\"},\"wordCount\":444,\"publisher\":{\"@id\":\"https:\/\/www.emballagedigest.fr\/#organization\"},\"image\":{\"@id\":\"https:\/\/www.emballagedigest.fr\/berlin-packaging-officialise-la-creation-de-sa-nouvelle-division-berlin-beauty-industries\/#primaryimage\"},\"thumbnailUrl\":\"https:\/\/www.emballagedigest.fr\/wp-content\/uploads\/dotclear\/images\/2022\/BONUS\/av\/berlin_article1.jpg\",\"articleSection\":[\"Article entier\",\"Parfumerie &amp; Cosm\u00e9tique\"],\"inLanguage\":\"en-GB\"},{\"@type\":\"WebPage\",\"@id\":\"https:\/\/www.emballagedigest.fr\/berlin-packaging-officialise-la-creation-de-sa-nouvelle-division-berlin-beauty-industries\/\",\"url\":\"https:\/\/www.emballagedigest.fr\/berlin-packaging-officialise-la-creation-de-sa-nouvelle-division-berlin-beauty-industries\/\",\"name\":\"Berlin Packaging officialise la cr\u00e9ation de sa nouvelle division Berlin Beauty Industries - Emballage Digest\",\"isPartOf\":{\"@id\":\"https:\/\/www.emballagedigest.fr\/#website\"},\"primaryImageOfPage\":{\"@id\":\"https:\/\/www.emballagedigest.fr\/berlin-packaging-officialise-la-creation-de-sa-nouvelle-division-berlin-beauty-industries\/#primaryimage\"},\"image\":{\"@id\":\"https:\/\/www.emballagedigest.fr\/berlin-packaging-officialise-la-creation-de-sa-nouvelle-division-berlin-beauty-industries\/#primaryimage\"},\"thumbnailUrl\":\"https:\/\/www.emballagedigest.fr\/wp-content\/uploads\/dotclear\/images\/2022\/BONUS\/av\/berlin_article1.jpg\",\"datePublished\":\"2022-04-29T07:32:55+00:00\",\"breadcrumb\":{\"@id\":\"https:\/\/www.emballagedigest.fr\/berlin-packaging-officialise-la-creation-de-sa-nouvelle-division-berlin-beauty-industries\/#breadcrumb\"},\"inLanguage\":\"en-GB\",\"potentialAction\":[{\"@type\":\"ReadAction\",\"target\":[\"https:\/\/www.emballagedigest.fr\/berlin-packaging-officialise-la-creation-de-sa-nouvelle-division-berlin-beauty-industries\/\"]}]},{\"@type\":\"ImageObject\",\"inLanguage\":\"en-GB\",\"@id\":\"https:\/\/www.emballagedigest.fr\/berlin-packaging-officialise-la-creation-de-sa-nouvelle-division-berlin-beauty-industries\/#primaryimage\",\"url\":\"https:\/\/www.emballagedigest.fr\/wp-content\/uploads\/dotclear\/images\/2022\/BONUS\/av\/berlin_article1.jpg\",\"contentUrl\":\"https:\/\/www.emballagedigest.fr\/wp-content\/uploads\/dotclear\/images\/2022\/BONUS\/av\/berlin_article1.jpg\"},{\"@type\":\"BreadcrumbList\",\"@id\":\"https:\/\/www.emballagedigest.fr\/berlin-packaging-officialise-la-creation-de-sa-nouvelle-division-berlin-beauty-industries\/#breadcrumb\",\"itemListElement\":[{\"@type\":\"ListItem\",\"position\":1,\"name\":\"Accueil\",\"item\":\"https:\/\/www.emballagedigest.fr\/\"},{\"@type\":\"ListItem\",\"position\":2,\"name\":\"Berlin Packaging officialise la cr\u00e9ation de sa nouvelle division Berlin Beauty Industries\"}]},{\"@type\":\"WebSite\",\"@id\":\"https:\/\/www.emballagedigest.fr\/#website\",\"url\":\"https:\/\/www.emballagedigest.fr\/\",\"name\":\"Emballage Digest\",\"description\":\"Revue professionnelle sur les emballages\",\"publisher\":{\"@id\":\"https:\/\/www.emballagedigest.fr\/#organization\"},\"potentialAction\":[{\"@type\":\"SearchAction\",\"target\":{\"@type\":\"EntryPoint\",\"urlTemplate\":\"https:\/\/www.emballagedigest.fr\/?s={search_term_string}\"},\"query-input\":{\"@type\":\"PropertyValueSpecification\",\"valueRequired\":true,\"valueName\":\"search_term_string\"}}],\"inLanguage\":\"en-GB\"},{\"@type\":\"Organization\",\"@id\":\"https:\/\/www.emballagedigest.fr\/#organization\",\"name\":\"Emballage Digest\",\"url\":\"https:\/\/www.emballagedigest.fr\/\",\"logo\":{\"@type\":\"ImageObject\",\"inLanguage\":\"en-GB\",\"@id\":\"https:\/\/www.emballagedigest.fr\/#\/schema\/logo\/image\/\",\"url\":\"https:\/\/www.emballagedigest.fr\/wp-content\/uploads\/2022\/07\/logo-ed.png\",\"contentUrl\":\"https:\/\/www.emballagedigest.fr\/wp-content\/uploads\/2022\/07\/logo-ed.png\",\"width\":379,\"height\":75,\"caption\":\"Emballage Digest\"},\"image\":{\"@id\":\"https:\/\/www.emballagedigest.fr\/#\/schema\/logo\/image\/\"}},{\"@type\":\"Person\",\"@id\":\"https:\/\/www.emballagedigest.fr\/#\/schema\/person\/d01fbac1f378e2f5e4096082cdf68ae5\",\"name\":\"admin_thopel\",\"image\":{\"@type\":\"ImageObject\",\"inLanguage\":\"en-GB\",\"@id\":\"https:\/\/www.emballagedigest.fr\/#\/schema\/person\/image\/\",\"url\":\"https:\/\/secure.gravatar.com\/avatar\/6cf644f6475359b596b81b10a64f989df38f1238649f7e33f97f69519e42dfbf?s=96&d=mm&r=g\",\"contentUrl\":\"https:\/\/secure.gravatar.com\/avatar\/6cf644f6475359b596b81b10a64f989df38f1238649f7e33f97f69519e42dfbf?s=96&d=mm&r=g\",\"caption\":\"admin_thopel\"},\"sameAs\":[\"http:\/\/localhost:8787\/emballage_digest\"],\"url\":\"https:\/\/www.emballagedigest.fr\/en\/author\/admin_thopel\/\"}]}<\/script>\n<!-- \/ Yoast SEO plugin. -->","yoast_head_json":{"title":"Berlin Packaging officialise la cr\u00e9ation de sa nouvelle division Berlin Beauty Industries - Emballage Digest","robots":{"index":"index","follow":"follow","max-snippet":"max-snippet:-1","max-image-preview":"max-image-preview:large","max-video-preview":"max-video-preview:-1"},"canonical":"https:\/\/www.emballagedigest.fr\/en\/berlin-packaging-officialise-la-creation-de-sa-nouvelle-division-berlin-beauty-industries\/","og_locale":"en_GB","og_type":"article","og_title":"Berlin Packaging officialise la cr\u00e9ation de sa nouvelle division Berlin Beauty Industries - Emballage Digest","og_description":"En marge du salon Cosmoprof qui ouvrait ses portes hier \u00e0 Bologne, le groupe Berlin Packaging a confirm\u00e9 vouloir renforcer significativement ses activit\u00e9s dans le secteur cosm\u00e9tique avec la cr\u00e9ation de sa nouvelle division Berlin Beauty Industries. Une annonce qui fait logiquement suite \u00e0 l\u2019acquisition de l\u2019italien Premi trois mois plus t\u00f4t.","og_url":"https:\/\/www.emballagedigest.fr\/en\/berlin-packaging-officialise-la-creation-de-sa-nouvelle-division-berlin-beauty-industries\/","og_site_name":"Emballage Digest","article_published_time":"2022-04-29T07:32:55+00:00","author":"admin_thopel","twitter_card":"summary_large_image","twitter_misc":{"Written by":"admin_thopel","Estimated reading time":"2 minutes"},"schema":{"@context":"https:\/\/schema.org","@graph":[{"@type":"Article","@id":"https:\/\/www.emballagedigest.fr\/berlin-packaging-officialise-la-creation-de-sa-nouvelle-division-berlin-beauty-industries\/#article","isPartOf":{"@id":"https:\/\/www.emballagedigest.fr\/berlin-packaging-officialise-la-creation-de-sa-nouvelle-division-berlin-beauty-industries\/"},"author":{"name":"admin_thopel","@id":"https:\/\/www.emballagedigest.fr\/#\/schema\/person\/d01fbac1f378e2f5e4096082cdf68ae5"},"headline":"Berlin Packaging officialise la cr\u00e9ation de sa nouvelle division Berlin Beauty Industries","datePublished":"2022-04-29T07:32:55+00:00","mainEntityOfPage":{"@id":"https:\/\/www.emballagedigest.fr\/berlin-packaging-officialise-la-creation-de-sa-nouvelle-division-berlin-beauty-industries\/"},"wordCount":444,"publisher":{"@id":"https:\/\/www.emballagedigest.fr\/#organization"},"image":{"@id":"https:\/\/www.emballagedigest.fr\/berlin-packaging-officialise-la-creation-de-sa-nouvelle-division-berlin-beauty-industries\/#primaryimage"},"thumbnailUrl":"https:\/\/www.emballagedigest.fr\/wp-content\/uploads\/dotclear\/images\/2022\/BONUS\/av\/berlin_article1.jpg","articleSection":["Article entier","Parfumerie &amp; Cosm\u00e9tique"],"inLanguage":"en-GB"},{"@type":"WebPage","@id":"https:\/\/www.emballagedigest.fr\/berlin-packaging-officialise-la-creation-de-sa-nouvelle-division-berlin-beauty-industries\/","url":"https:\/\/www.emballagedigest.fr\/berlin-packaging-officialise-la-creation-de-sa-nouvelle-division-berlin-beauty-industries\/","name":"Berlin Packaging officialise la cr\u00e9ation de sa nouvelle division Berlin Beauty Industries - Emballage Digest","isPartOf":{"@id":"https:\/\/www.emballagedigest.fr\/#website"},"primaryImageOfPage":{"@id":"https:\/\/www.emballagedigest.fr\/berlin-packaging-officialise-la-creation-de-sa-nouvelle-division-berlin-beauty-industries\/#primaryimage"},"image":{"@id":"https:\/\/www.emballagedigest.fr\/berlin-packaging-officialise-la-creation-de-sa-nouvelle-division-berlin-beauty-industries\/#primaryimage"},"thumbnailUrl":"https:\/\/www.emballagedigest.fr\/wp-content\/uploads\/dotclear\/images\/2022\/BONUS\/av\/berlin_article1.jpg","datePublished":"2022-04-29T07:32:55+00:00","breadcrumb":{"@id":"https:\/\/www.emballagedigest.fr\/berlin-packaging-officialise-la-creation-de-sa-nouvelle-division-berlin-beauty-industries\/#breadcrumb"},"inLanguage":"en-GB","potentialAction":[{"@type":"ReadAction","target":["https:\/\/www.emballagedigest.fr\/berlin-packaging-officialise-la-creation-de-sa-nouvelle-division-berlin-beauty-industries\/"]}]},{"@type":"ImageObject","inLanguage":"en-GB","@id":"https:\/\/www.emballagedigest.fr\/berlin-packaging-officialise-la-creation-de-sa-nouvelle-division-berlin-beauty-industries\/#primaryimage","url":"https:\/\/www.emballagedigest.fr\/wp-content\/uploads\/dotclear\/images\/2022\/BONUS\/av\/berlin_article1.jpg","contentUrl":"https:\/\/www.emballagedigest.fr\/wp-content\/uploads\/dotclear\/images\/2022\/BONUS\/av\/berlin_article1.jpg"},{"@type":"BreadcrumbList","@id":"https:\/\/www.emballagedigest.fr\/berlin-packaging-officialise-la-creation-de-sa-nouvelle-division-berlin-beauty-industries\/#breadcrumb","itemListElement":[{"@type":"ListItem","position":1,"name":"Accueil","item":"https:\/\/www.emballagedigest.fr\/"},{"@type":"ListItem","position":2,"name":"Berlin Packaging officialise la cr\u00e9ation de sa nouvelle division Berlin Beauty Industries"}]},{"@type":"WebSite","@id":"https:\/\/www.emballagedigest.fr\/#website","url":"https:\/\/www.emballagedigest.fr\/","name":"Emballage Digest","description":"Revue professionnelle sur les emballages","publisher":{"@id":"https:\/\/www.emballagedigest.fr\/#organization"},"potentialAction":[{"@type":"SearchAction","target":{"@type":"EntryPoint","urlTemplate":"https:\/\/www.emballagedigest.fr\/?s={search_term_string}"},"query-input":{"@type":"PropertyValueSpecification","valueRequired":true,"valueName":"search_term_string"}}],"inLanguage":"en-GB"},{"@type":"Organization","@id":"https:\/\/www.emballagedigest.fr\/#organization","name":"Emballage Digest","url":"https:\/\/www.emballagedigest.fr\/","logo":{"@type":"ImageObject","inLanguage":"en-GB","@id":"https:\/\/www.emballagedigest.fr\/#\/schema\/logo\/image\/","url":"https:\/\/www.emballagedigest.fr\/wp-content\/uploads\/2022\/07\/logo-ed.png","contentUrl":"https:\/\/www.emballagedigest.fr\/wp-content\/uploads\/2022\/07\/logo-ed.png","width":379,"height":75,"caption":"Emballage Digest"},"image":{"@id":"https:\/\/www.emballagedigest.fr\/#\/schema\/logo\/image\/"}},{"@type":"Person","@id":"https:\/\/www.emballagedigest.fr\/#\/schema\/person\/d01fbac1f378e2f5e4096082cdf68ae5","name":"admin_thopel","image":{"@type":"ImageObject","inLanguage":"en-GB","@id":"https:\/\/www.emballagedigest.fr\/#\/schema\/person\/image\/","url":"https:\/\/secure.gravatar.com\/avatar\/6cf644f6475359b596b81b10a64f989df38f1238649f7e33f97f69519e42dfbf?s=96&d=mm&r=g","contentUrl":"https:\/\/secure.gravatar.com\/avatar\/6cf644f6475359b596b81b10a64f989df38f1238649f7e33f97f69519e42dfbf?s=96&d=mm&r=g","caption":"admin_thopel"},"sameAs":["http:\/\/localhost:8787\/emballage_digest"],"url":"https:\/\/www.emballagedigest.fr\/en\/author\/admin_thopel\/"}]}},"_links":{"self":[{"href":"https:\/\/www.emballagedigest.fr\/en\/wp-json\/wp\/v2\/posts\/23939","targetHints":{"allow":["GET"]}}],"collection":[{"href":"https:\/\/www.emballagedigest.fr\/en\/wp-json\/wp\/v2\/posts"}],"about":[{"href":"https:\/\/www.emballagedigest.fr\/en\/wp-json\/wp\/v2\/types\/post"}],"author":[{"embeddable":true,"href":"https:\/\/www.emballagedigest.fr\/en\/wp-json\/wp\/v2\/users\/1"}],"replies":[{"embeddable":true,"href":"https:\/\/www.emballagedigest.fr\/en\/wp-json\/wp\/v2\/comments?post=23939"}],"version-history":[{"count":0,"href":"https:\/\/www.emballagedigest.fr\/en\/wp-json\/wp\/v2\/posts\/23939\/revisions"}],"wp:featuredmedia":[{"embeddable":true,"href":"https:\/\/www.emballagedigest.fr\/en\/wp-json\/wp\/v2\/media\/33939"}],"wp:attachment":[{"href":"https:\/\/www.emballagedigest.fr\/en\/wp-json\/wp\/v2\/media?parent=23939"}],"wp:term":[{"taxonomy":"category","embeddable":true,"href":"https:\/\/www.emballagedigest.fr\/en\/wp-json\/wp\/v2\/categories?post=23939"},{"taxonomy":"post_tag","embeddable":true,"href":"https:\/\/www.emballagedigest.fr\/en\/wp-json\/wp\/v2\/tags?post=23939"}],"curies":[{"name":"wp","href":"https:\/\/api.w.org\/{rel}","templated":true}]}}