{"id":24035,"date":"2022-07-04T06:30:02","date_gmt":"2022-07-04T06:30:02","guid":{"rendered":"https:\/\/www.emballagedigest.fr\/?p=24035"},"modified":"2022-07-04T07:17:45","modified_gmt":"2022-07-04T07:17:45","slug":"albea-s-engage-sur-la-recyclabilite-de-100-de-ses-tubes-d-ici-a-2025-publi-communique","status":"publish","type":"post","link":"https:\/\/www.emballagedigest.fr\/en\/albea-s-engage-sur-la-recyclabilite-de-100-de-ses-tubes-d-ici-a-2025-publi-communique\/","title":{"rendered":"Alb\u00e9a s\u2019engage sur la recyclabilit\u00e9 de 100% de ses tubes d\u2019ici \u00e0 2025 (publi-communiqu\u00e9)"},"content":{"rendered":"<p>\nAlb\u00e9a, fournisseur mondial de solutions d\u2019emballage pour les march\u00e9s de la prescription et de l\u2019OTC\u00a0en a pleinement conscience.<\/p>\n<p>Le fournisseur, qui accompagne l\u2019industrie pharmaceutique depuis 50 ans pour tous ses besoins de protection de formules, d\u00e9veloppement de nouveaux gestes d\u2019application et d\u2019am\u00e9lioration des capacit\u00e9s graphiques de d\u00e9coration tout en assurant une performance op\u00e9rationnelle, a choisi de relever le d\u00e9fi d\u2019une recyclabilit\u00e9 \u00e0 100% de tous ses tubes d\u2019ici \u00e0 2025. \u00abNouvelles r\u00e9sines, mat\u00e9riaux alternatifs, mati\u00e8res recycl\u00e9es, all\u00e8gement des emballages &#8230;\u00a0nous travaillons sur tous les fronts\u00bb souligne Stewart Gove, expert D\u00e9veloppement de Nouveaux Produits march\u00e9 Pharmaceutique, chez Alb\u00e9a Tubes.<\/p>\n<p><strong>L\u2019industrie pharmaceutique\u00a0: un panel d\u2019exigences extr\u00eamement large<\/strong><br \/>\nAlors que dans l\u2019agroalimentaire la l\u00e9gislation est tr\u00e8s claire et les sp\u00e9cifications clients plut\u00f4t semblables, dans l\u2019industrie pharmaceutique elles peuvent \u00eatre propres \u00e0 chaque client. <br \/>\n\u00abDans le contexte actuel o\u00f9 la durabilit\u00e9 est un sujet pr\u00e9gnant sur le march\u00e9 du tube, la premi\u00e8re \u00e9tape cl\u00e9 de notre travail repose sur la juste compr\u00e9hension et l\u2019int\u00e9gration des exigences de nos clients, pour donner la bonne orientation \u00e0 nos d\u00e9veloppements\u00bb explique Stewart Gove.<br \/>\n\u00abIl nous faut d\u2019une part veiller \u00e0 ce que la formulation produit soit bien compatible avec un tube plus durable, pour cela Alb\u00e9a propose des tests, et d\u2019autre part s\u2019assurer de bien comprendre les exigences clients en mati\u00e8re de durabilit\u00e9 notamment pour les produits prescrits sur ordonnance et qui ne font pas l\u2019objet d\u2019un choix de la part du consommateur\u00bb.<\/p>\n<p><strong>De multiples alternatives de tubes durables<\/strong><br \/>\n\u00abIl est tout d\u2019abord important de pr\u00e9ciser qu\u2019Alb\u00e9a a \u00e9t\u00e9 un des premiers fournisseurs d\u2019emballages \u00e0 s\u2019engager dans la Nouvelle Economie des Plastiques en rejoignant la Fondation Ellen MacArthur en 2018\u00bb souligne Stewart Gove.<\/p>\n<p><img decoding=\"async\" src=\"https:\/\/www.emballagedigest.fr\/dotclear\/images\/2022\/BONUS\/juin\/albea_article1.jpg\" alt=\"Texte Alternatif\" style=\"float:right; margin: 0 0 1em 1em;\" \/>\u00abPour l\u2019heure, nous avons d\u2019ores et d\u00e9j\u00e0 am\u00e9lior\u00e9 la recyclabilit\u00e9 des tubes\u00a0avec des solutions mono-mat\u00e9riaux, des barri\u00e8res plastiques (Greenleaf) en remplacement de l\u2019aluminium, des bouchons en PEHD et un lamin\u00e9 PE m\u00e9tallis\u00e9 recyclable, Re(flex).<br \/>\nNous avons \u00e9galement travaill\u00e9 sur la r\u00e9duction du poids des bouchons (capuchon flip-top gamme \u2018SLIM\u2019 Albea), de l\u2019\u00e9paisseur du manchon et de la quantit\u00e9 de plastique dans le tube (paroi plus fine, tube en papier\u2026).  Le capuchon et la t\u00eate du tube ne forment plus qu\u2019un (Ecofusion). Et surtout, Le PCR (plastique\u00a0recycl\u00e9 post-consommation) a \u00e9galement fait son entr\u00e9e dans le tube (Tube Max, Beautiful, 100% Chemical PCR &#8230;). <br \/>\nEt pour les besoins sp\u00e9cifiques de nos clients de l\u2019industrie pharmaceutique, nous avons d\u00e9velopp\u00e9 une nouvelle version de notre PBL Greenleaf, un proc\u00e9d\u00e9 de production simplifi\u00e9 et brevet\u00e9 g\u00e9n\u00e9rant un tube 100% recyclable et conforme \u00e0 la r\u00e9glementation europ\u00e9enne de la Pharmacop\u00e9e\u00bb.<\/p>\n<p><strong>Des tubes qui n\u2019ont pas fini de surprendre<\/strong><br \/>\nAux yeux des consommateurs, les emballages se doivent certes d\u2019\u00eatre plus respectueux de l\u2019environnement mais la crise Covid et le d\u00e9veloppement des ventes en ligne ont \u00e9galement r\u00e9v\u00e9l\u00e9 une exigence de s\u00e9curit\u00e9 avec la demande d\u2019emballages inviolables attestant de leur premi\u00e8re ouverture**.<br \/>\nParmi les solutions propos\u00e9es par Alb\u00e9a la bande cassable TE sur bouchons flip-top, la gaine r\u00e9tractable TE, le joint sup\u00e9rieur pelable TE ou encore le label TE.<br \/>\nMais la preuve Tamper n\u2019est pas la solution la plus durable. Elle implique une pi\u00e8ce de plastique qui sera d\u00e9tach\u00e9e du tube puis jet\u00e9e. \u00abC\u2019est pourquoi nous travaillons sur une solution Tamper evident telle que le Tamper Evident Label qui coche toutes les cases de durabilit\u00e9, de conformit\u00e9 aux exigences d\u2019exp\u00e9dition et de s\u00e9curit\u00e9 pour l\u2019utilisateur final\u00bb. <\/p>\n<p>Avant-gardiste, Alb\u00e9a travaille \u00e9galement sur des technologies intelligentes (QR codes et filigrane num\u00e9rique) pour les futures g\u00e9n\u00e9rations de tubes !<\/p>\n<p><em>* Fiche Ma\u00eetresse du M\u00e9dicament. ** Tamper Evidence (TE).<\/em><\/p>\n<p><strong><a href=\"https:\/\/www.albea-group.com\/\">www.albea-group.com<\/a><\/strong><\/p>\n<p><img decoding=\"async\" src=\"https:\/\/www.emballagedigest.fr\/dotclear\/images\/2022\/BONUS\/juin\/albea_logo.jpg\" alt=\"Texte Alternatif\" style=\"float:left; margin: 0 1em 1em 0;\" \/><\/p>","protected":false},"excerpt":{"rendered":"<p>\nAlb\u00e9a, fournisseur mondial de solutions d\u2019emballage pour les march\u00e9s de la prescription et de l\u2019OTC\u00a0en a pleinement conscience.<\/p>","protected":false},"author":1,"featured_media":34035,"comment_status":"closed","ping_status":"closed","sticky":false,"template":"","format":"standard","meta":{"_acf_changed":false,"inline_featured_image":false,"iawp_total_views":0,"footnotes":""},"categories":[5,11],"tags":[],"class_list":["post-24035","post","type-post","status-publish","format-standard","has-post-thumbnail","hentry","category-alimentaire","category-emballages"],"acf":[],"yoast_head":"<!-- This site is optimized with the Yoast SEO plugin v24.4 - https:\/\/yoast.com\/wordpress\/plugins\/seo\/ -->\n<title>Alb\u00e9a s\u2019engage sur la recyclabilit\u00e9 de 100% de ses tubes d\u2019ici \u00e0 2025 (publi-communiqu\u00e9) - Emballage Digest<\/title>\n<meta name=\"robots\" content=\"index, follow, max-snippet:-1, max-image-preview:large, max-video-preview:-1\" \/>\n<link rel=\"canonical\" href=\"https:\/\/www.emballagedigest.fr\/en\/albea-s-engage-sur-la-recyclabilite-de-100-de-ses-tubes-d-ici-a-2025-publi-communique\/\" \/>\n<meta property=\"og:locale\" content=\"en_GB\" \/>\n<meta property=\"og:type\" content=\"article\" \/>\n<meta property=\"og:title\" content=\"Alb\u00e9a s\u2019engage sur la recyclabilit\u00e9 de 100% de ses tubes d\u2019ici \u00e0 2025 (publi-communiqu\u00e9) - Emballage Digest\" \/>\n<meta property=\"og:description\" content=\"Alb\u00e9a, fournisseur mondial de solutions d\u2019emballage pour les march\u00e9s de la prescription et de l\u2019OTC\u00a0en a pleinement conscience.\" \/>\n<meta property=\"og:url\" content=\"https:\/\/www.emballagedigest.fr\/en\/albea-s-engage-sur-la-recyclabilite-de-100-de-ses-tubes-d-ici-a-2025-publi-communique\/\" \/>\n<meta property=\"og:site_name\" content=\"Emballage Digest\" \/>\n<meta property=\"article:published_time\" content=\"2022-07-04T06:30:02+00:00\" \/>\n<meta property=\"article:modified_time\" content=\"2022-07-04T07:17:45+00:00\" \/>\n<meta name=\"author\" content=\"admin_thopel\" \/>\n<meta name=\"twitter:card\" content=\"summary_large_image\" \/>\n<meta name=\"twitter:label1\" content=\"Written by\" \/>\n\t<meta name=\"twitter:data1\" content=\"admin_thopel\" \/>\n\t<meta name=\"twitter:label2\" content=\"Estimated reading time\" \/>\n\t<meta name=\"twitter:data2\" content=\"3 minutes\" \/>\n<script type=\"application\/ld+json\" class=\"yoast-schema-graph\">{\"@context\":\"https:\/\/schema.org\",\"@graph\":[{\"@type\":\"Article\",\"@id\":\"https:\/\/www.emballagedigest.fr\/albea-s-engage-sur-la-recyclabilite-de-100-de-ses-tubes-d-ici-a-2025-publi-communique\/#article\",\"isPartOf\":{\"@id\":\"https:\/\/www.emballagedigest.fr\/albea-s-engage-sur-la-recyclabilite-de-100-de-ses-tubes-d-ici-a-2025-publi-communique\/\"},\"author\":{\"name\":\"admin_thopel\",\"@id\":\"https:\/\/www.emballagedigest.fr\/#\/schema\/person\/d01fbac1f378e2f5e4096082cdf68ae5\"},\"headline\":\"Alb\u00e9a s\u2019engage sur la recyclabilit\u00e9 de 100% de ses tubes d\u2019ici \u00e0 2025 (publi-communiqu\u00e9)\",\"datePublished\":\"2022-07-04T06:30:02+00:00\",\"dateModified\":\"2022-07-04T07:17:45+00:00\",\"mainEntityOfPage\":{\"@id\":\"https:\/\/www.emballagedigest.fr\/albea-s-engage-sur-la-recyclabilite-de-100-de-ses-tubes-d-ici-a-2025-publi-communique\/\"},\"wordCount\":688,\"publisher\":{\"@id\":\"https:\/\/www.emballagedigest.fr\/#organization\"},\"image\":{\"@id\":\"https:\/\/www.emballagedigest.fr\/albea-s-engage-sur-la-recyclabilite-de-100-de-ses-tubes-d-ici-a-2025-publi-communique\/#primaryimage\"},\"thumbnailUrl\":\"https:\/\/www.emballagedigest.fr\/wp-content\/uploads\/dotclear\/images\/2022\/BONUS\/juin\/albea_article2.jpg\",\"articleSection\":[\"Alimentaire\",\"Emballages\"],\"inLanguage\":\"en-GB\"},{\"@type\":\"WebPage\",\"@id\":\"https:\/\/www.emballagedigest.fr\/albea-s-engage-sur-la-recyclabilite-de-100-de-ses-tubes-d-ici-a-2025-publi-communique\/\",\"url\":\"https:\/\/www.emballagedigest.fr\/albea-s-engage-sur-la-recyclabilite-de-100-de-ses-tubes-d-ici-a-2025-publi-communique\/\",\"name\":\"Alb\u00e9a s\u2019engage sur la recyclabilit\u00e9 de 100% de ses tubes d\u2019ici \u00e0 2025 (publi-communiqu\u00e9) - Emballage Digest\",\"isPartOf\":{\"@id\":\"https:\/\/www.emballagedigest.fr\/#website\"},\"primaryImageOfPage\":{\"@id\":\"https:\/\/www.emballagedigest.fr\/albea-s-engage-sur-la-recyclabilite-de-100-de-ses-tubes-d-ici-a-2025-publi-communique\/#primaryimage\"},\"image\":{\"@id\":\"https:\/\/www.emballagedigest.fr\/albea-s-engage-sur-la-recyclabilite-de-100-de-ses-tubes-d-ici-a-2025-publi-communique\/#primaryimage\"},\"thumbnailUrl\":\"https:\/\/www.emballagedigest.fr\/wp-content\/uploads\/dotclear\/images\/2022\/BONUS\/juin\/albea_article2.jpg\",\"datePublished\":\"2022-07-04T06:30:02+00:00\",\"dateModified\":\"2022-07-04T07:17:45+00:00\",\"breadcrumb\":{\"@id\":\"https:\/\/www.emballagedigest.fr\/albea-s-engage-sur-la-recyclabilite-de-100-de-ses-tubes-d-ici-a-2025-publi-communique\/#breadcrumb\"},\"inLanguage\":\"en-GB\",\"potentialAction\":[{\"@type\":\"ReadAction\",\"target\":[\"https:\/\/www.emballagedigest.fr\/albea-s-engage-sur-la-recyclabilite-de-100-de-ses-tubes-d-ici-a-2025-publi-communique\/\"]}]},{\"@type\":\"ImageObject\",\"inLanguage\":\"en-GB\",\"@id\":\"https:\/\/www.emballagedigest.fr\/albea-s-engage-sur-la-recyclabilite-de-100-de-ses-tubes-d-ici-a-2025-publi-communique\/#primaryimage\",\"url\":\"https:\/\/www.emballagedigest.fr\/wp-content\/uploads\/dotclear\/images\/2022\/BONUS\/juin\/albea_article2.jpg\",\"contentUrl\":\"https:\/\/www.emballagedigest.fr\/wp-content\/uploads\/dotclear\/images\/2022\/BONUS\/juin\/albea_article2.jpg\"},{\"@type\":\"BreadcrumbList\",\"@id\":\"https:\/\/www.emballagedigest.fr\/albea-s-engage-sur-la-recyclabilite-de-100-de-ses-tubes-d-ici-a-2025-publi-communique\/#breadcrumb\",\"itemListElement\":[{\"@type\":\"ListItem\",\"position\":1,\"name\":\"Accueil\",\"item\":\"https:\/\/www.emballagedigest.fr\/\"},{\"@type\":\"ListItem\",\"position\":2,\"name\":\"Alb\u00e9a s\u2019engage sur la recyclabilit\u00e9 de 100% de ses tubes d\u2019ici \u00e0 2025 (publi-communiqu\u00e9)\"}]},{\"@type\":\"WebSite\",\"@id\":\"https:\/\/www.emballagedigest.fr\/#website\",\"url\":\"https:\/\/www.emballagedigest.fr\/\",\"name\":\"Emballage Digest\",\"description\":\"Revue professionnelle sur les emballages\",\"publisher\":{\"@id\":\"https:\/\/www.emballagedigest.fr\/#organization\"},\"potentialAction\":[{\"@type\":\"SearchAction\",\"target\":{\"@type\":\"EntryPoint\",\"urlTemplate\":\"https:\/\/www.emballagedigest.fr\/?s={search_term_string}\"},\"query-input\":{\"@type\":\"PropertyValueSpecification\",\"valueRequired\":true,\"valueName\":\"search_term_string\"}}],\"inLanguage\":\"en-GB\"},{\"@type\":\"Organization\",\"@id\":\"https:\/\/www.emballagedigest.fr\/#organization\",\"name\":\"Emballage Digest\",\"url\":\"https:\/\/www.emballagedigest.fr\/\",\"logo\":{\"@type\":\"ImageObject\",\"inLanguage\":\"en-GB\",\"@id\":\"https:\/\/www.emballagedigest.fr\/#\/schema\/logo\/image\/\",\"url\":\"https:\/\/www.emballagedigest.fr\/wp-content\/uploads\/2022\/07\/logo-ed.png\",\"contentUrl\":\"https:\/\/www.emballagedigest.fr\/wp-content\/uploads\/2022\/07\/logo-ed.png\",\"width\":379,\"height\":75,\"caption\":\"Emballage Digest\"},\"image\":{\"@id\":\"https:\/\/www.emballagedigest.fr\/#\/schema\/logo\/image\/\"}},{\"@type\":\"Person\",\"@id\":\"https:\/\/www.emballagedigest.fr\/#\/schema\/person\/d01fbac1f378e2f5e4096082cdf68ae5\",\"name\":\"admin_thopel\",\"image\":{\"@type\":\"ImageObject\",\"inLanguage\":\"en-GB\",\"@id\":\"https:\/\/www.emballagedigest.fr\/#\/schema\/person\/image\/\",\"url\":\"https:\/\/secure.gravatar.com\/avatar\/6cf644f6475359b596b81b10a64f989df38f1238649f7e33f97f69519e42dfbf?s=96&d=mm&r=g\",\"contentUrl\":\"https:\/\/secure.gravatar.com\/avatar\/6cf644f6475359b596b81b10a64f989df38f1238649f7e33f97f69519e42dfbf?s=96&d=mm&r=g\",\"caption\":\"admin_thopel\"},\"sameAs\":[\"http:\/\/localhost:8787\/emballage_digest\"],\"url\":\"https:\/\/www.emballagedigest.fr\/en\/author\/admin_thopel\/\"}]}<\/script>\n<!-- \/ Yoast SEO plugin. -->","yoast_head_json":{"title":"Alb\u00e9a s\u2019engage sur la recyclabilit\u00e9 de 100% de ses tubes d\u2019ici \u00e0 2025 (publi-communiqu\u00e9) - Emballage Digest","robots":{"index":"index","follow":"follow","max-snippet":"max-snippet:-1","max-image-preview":"max-image-preview:large","max-video-preview":"max-video-preview:-1"},"canonical":"https:\/\/www.emballagedigest.fr\/en\/albea-s-engage-sur-la-recyclabilite-de-100-de-ses-tubes-d-ici-a-2025-publi-communique\/","og_locale":"en_GB","og_type":"article","og_title":"Alb\u00e9a s\u2019engage sur la recyclabilit\u00e9 de 100% de ses tubes d\u2019ici \u00e0 2025 (publi-communiqu\u00e9) - Emballage Digest","og_description":"Alb\u00e9a, fournisseur mondial de solutions d\u2019emballage pour les march\u00e9s de la prescription et de l\u2019OTC\u00a0en a pleinement conscience.","og_url":"https:\/\/www.emballagedigest.fr\/en\/albea-s-engage-sur-la-recyclabilite-de-100-de-ses-tubes-d-ici-a-2025-publi-communique\/","og_site_name":"Emballage Digest","article_published_time":"2022-07-04T06:30:02+00:00","article_modified_time":"2022-07-04T07:17:45+00:00","author":"admin_thopel","twitter_card":"summary_large_image","twitter_misc":{"Written by":"admin_thopel","Estimated reading time":"3 minutes"},"schema":{"@context":"https:\/\/schema.org","@graph":[{"@type":"Article","@id":"https:\/\/www.emballagedigest.fr\/albea-s-engage-sur-la-recyclabilite-de-100-de-ses-tubes-d-ici-a-2025-publi-communique\/#article","isPartOf":{"@id":"https:\/\/www.emballagedigest.fr\/albea-s-engage-sur-la-recyclabilite-de-100-de-ses-tubes-d-ici-a-2025-publi-communique\/"},"author":{"name":"admin_thopel","@id":"https:\/\/www.emballagedigest.fr\/#\/schema\/person\/d01fbac1f378e2f5e4096082cdf68ae5"},"headline":"Alb\u00e9a s\u2019engage sur la recyclabilit\u00e9 de 100% de ses tubes d\u2019ici \u00e0 2025 (publi-communiqu\u00e9)","datePublished":"2022-07-04T06:30:02+00:00","dateModified":"2022-07-04T07:17:45+00:00","mainEntityOfPage":{"@id":"https:\/\/www.emballagedigest.fr\/albea-s-engage-sur-la-recyclabilite-de-100-de-ses-tubes-d-ici-a-2025-publi-communique\/"},"wordCount":688,"publisher":{"@id":"https:\/\/www.emballagedigest.fr\/#organization"},"image":{"@id":"https:\/\/www.emballagedigest.fr\/albea-s-engage-sur-la-recyclabilite-de-100-de-ses-tubes-d-ici-a-2025-publi-communique\/#primaryimage"},"thumbnailUrl":"https:\/\/www.emballagedigest.fr\/wp-content\/uploads\/dotclear\/images\/2022\/BONUS\/juin\/albea_article2.jpg","articleSection":["Alimentaire","Emballages"],"inLanguage":"en-GB"},{"@type":"WebPage","@id":"https:\/\/www.emballagedigest.fr\/albea-s-engage-sur-la-recyclabilite-de-100-de-ses-tubes-d-ici-a-2025-publi-communique\/","url":"https:\/\/www.emballagedigest.fr\/albea-s-engage-sur-la-recyclabilite-de-100-de-ses-tubes-d-ici-a-2025-publi-communique\/","name":"Alb\u00e9a s\u2019engage sur la recyclabilit\u00e9 de 100% de ses tubes d\u2019ici \u00e0 2025 (publi-communiqu\u00e9) - Emballage Digest","isPartOf":{"@id":"https:\/\/www.emballagedigest.fr\/#website"},"primaryImageOfPage":{"@id":"https:\/\/www.emballagedigest.fr\/albea-s-engage-sur-la-recyclabilite-de-100-de-ses-tubes-d-ici-a-2025-publi-communique\/#primaryimage"},"image":{"@id":"https:\/\/www.emballagedigest.fr\/albea-s-engage-sur-la-recyclabilite-de-100-de-ses-tubes-d-ici-a-2025-publi-communique\/#primaryimage"},"thumbnailUrl":"https:\/\/www.emballagedigest.fr\/wp-content\/uploads\/dotclear\/images\/2022\/BONUS\/juin\/albea_article2.jpg","datePublished":"2022-07-04T06:30:02+00:00","dateModified":"2022-07-04T07:17:45+00:00","breadcrumb":{"@id":"https:\/\/www.emballagedigest.fr\/albea-s-engage-sur-la-recyclabilite-de-100-de-ses-tubes-d-ici-a-2025-publi-communique\/#breadcrumb"},"inLanguage":"en-GB","potentialAction":[{"@type":"ReadAction","target":["https:\/\/www.emballagedigest.fr\/albea-s-engage-sur-la-recyclabilite-de-100-de-ses-tubes-d-ici-a-2025-publi-communique\/"]}]},{"@type":"ImageObject","inLanguage":"en-GB","@id":"https:\/\/www.emballagedigest.fr\/albea-s-engage-sur-la-recyclabilite-de-100-de-ses-tubes-d-ici-a-2025-publi-communique\/#primaryimage","url":"https:\/\/www.emballagedigest.fr\/wp-content\/uploads\/dotclear\/images\/2022\/BONUS\/juin\/albea_article2.jpg","contentUrl":"https:\/\/www.emballagedigest.fr\/wp-content\/uploads\/dotclear\/images\/2022\/BONUS\/juin\/albea_article2.jpg"},{"@type":"BreadcrumbList","@id":"https:\/\/www.emballagedigest.fr\/albea-s-engage-sur-la-recyclabilite-de-100-de-ses-tubes-d-ici-a-2025-publi-communique\/#breadcrumb","itemListElement":[{"@type":"ListItem","position":1,"name":"Accueil","item":"https:\/\/www.emballagedigest.fr\/"},{"@type":"ListItem","position":2,"name":"Alb\u00e9a s\u2019engage sur la recyclabilit\u00e9 de 100% de ses tubes d\u2019ici \u00e0 2025 (publi-communiqu\u00e9)"}]},{"@type":"WebSite","@id":"https:\/\/www.emballagedigest.fr\/#website","url":"https:\/\/www.emballagedigest.fr\/","name":"Emballage Digest","description":"Revue professionnelle sur les emballages","publisher":{"@id":"https:\/\/www.emballagedigest.fr\/#organization"},"potentialAction":[{"@type":"SearchAction","target":{"@type":"EntryPoint","urlTemplate":"https:\/\/www.emballagedigest.fr\/?s={search_term_string}"},"query-input":{"@type":"PropertyValueSpecification","valueRequired":true,"valueName":"search_term_string"}}],"inLanguage":"en-GB"},{"@type":"Organization","@id":"https:\/\/www.emballagedigest.fr\/#organization","name":"Emballage Digest","url":"https:\/\/www.emballagedigest.fr\/","logo":{"@type":"ImageObject","inLanguage":"en-GB","@id":"https:\/\/www.emballagedigest.fr\/#\/schema\/logo\/image\/","url":"https:\/\/www.emballagedigest.fr\/wp-content\/uploads\/2022\/07\/logo-ed.png","contentUrl":"https:\/\/www.emballagedigest.fr\/wp-content\/uploads\/2022\/07\/logo-ed.png","width":379,"height":75,"caption":"Emballage Digest"},"image":{"@id":"https:\/\/www.emballagedigest.fr\/#\/schema\/logo\/image\/"}},{"@type":"Person","@id":"https:\/\/www.emballagedigest.fr\/#\/schema\/person\/d01fbac1f378e2f5e4096082cdf68ae5","name":"admin_thopel","image":{"@type":"ImageObject","inLanguage":"en-GB","@id":"https:\/\/www.emballagedigest.fr\/#\/schema\/person\/image\/","url":"https:\/\/secure.gravatar.com\/avatar\/6cf644f6475359b596b81b10a64f989df38f1238649f7e33f97f69519e42dfbf?s=96&d=mm&r=g","contentUrl":"https:\/\/secure.gravatar.com\/avatar\/6cf644f6475359b596b81b10a64f989df38f1238649f7e33f97f69519e42dfbf?s=96&d=mm&r=g","caption":"admin_thopel"},"sameAs":["http:\/\/localhost:8787\/emballage_digest"],"url":"https:\/\/www.emballagedigest.fr\/en\/author\/admin_thopel\/"}]}},"_links":{"self":[{"href":"https:\/\/www.emballagedigest.fr\/en\/wp-json\/wp\/v2\/posts\/24035","targetHints":{"allow":["GET"]}}],"collection":[{"href":"https:\/\/www.emballagedigest.fr\/en\/wp-json\/wp\/v2\/posts"}],"about":[{"href":"https:\/\/www.emballagedigest.fr\/en\/wp-json\/wp\/v2\/types\/post"}],"author":[{"embeddable":true,"href":"https:\/\/www.emballagedigest.fr\/en\/wp-json\/wp\/v2\/users\/1"}],"replies":[{"embeddable":true,"href":"https:\/\/www.emballagedigest.fr\/en\/wp-json\/wp\/v2\/comments?post=24035"}],"version-history":[{"count":0,"href":"https:\/\/www.emballagedigest.fr\/en\/wp-json\/wp\/v2\/posts\/24035\/revisions"}],"wp:featuredmedia":[{"embeddable":true,"href":"https:\/\/www.emballagedigest.fr\/en\/wp-json\/wp\/v2\/media\/34035"}],"wp:attachment":[{"href":"https:\/\/www.emballagedigest.fr\/en\/wp-json\/wp\/v2\/media?parent=24035"}],"wp:term":[{"taxonomy":"category","embeddable":true,"href":"https:\/\/www.emballagedigest.fr\/en\/wp-json\/wp\/v2\/categories?post=24035"},{"taxonomy":"post_tag","embeddable":true,"href":"https:\/\/www.emballagedigest.fr\/en\/wp-json\/wp\/v2\/tags?post=24035"}],"curies":[{"name":"wp","href":"https:\/\/api.w.org\/{rel}","templated":true}]}}